{"id":139145,"date":"2023-01-30T09:22:08","date_gmt":"2023-01-30T14:22:08","guid":{"rendered":"https:\/\/news.canadamotorjobs.com\/?p=139145"},"modified":"2023-01-30T11:37:53","modified_gmt":"2023-01-30T16:37:53","slug":"ford-augmente-la-production-du-mustang-mach-e-et-reduit-son-prix","status":"publish","type":"post","link":"https:\/\/news.canadamotorjobs.com\/fr\/ford-augmente-la-production-du-mustang-mach-e-et-reduit-son-prix\/","title":{"rendered":"Ford augmente la production du Mustang Mach-e et r\u00e9duit son prix"},"content":{"rendered":"<p>Avec la mise en place de sa nouvelle cha\u00eene d&#8217;approvisionnement en V\u00c9, Ford augmente consid\u00e9rablement la production de la Mustang Mach-E cette ann\u00e9e afin de r\u00e9duire les temps d&#8217;attente des clients et de profiter de la rationalisation des co\u00fbts pour r\u00e9duire les prix.<\/p>\n<h3>La p\u00e9nurie tire \u00e0 sa fin<\/h3>\n<p>Ford r\u00e9pond \u00e0 sa mani\u00e8re \u00e0 tesla qui a r\u00e9duit ses prix, il y a quelques semaines.<\/p>\n<p>&#8220;Nous n&#8217;allons pas c\u00e9der du terrain \u00e0 qui que ce soit. Nous produisons davantage de VE afin de r\u00e9duire les temps d&#8217;attente des clients, nous proposons des prix comp\u00e9titifs et nous nous effor\u00e7ons de cr\u00e9er une exp\u00e9rience de propri\u00e9t\u00e9 in\u00e9gal\u00e9e &#8220;, a d\u00e9clar\u00e9 Marin Gjaja, la CCO des mod\u00e8le e chez Ford<\/p>\n<h3>Voici la liste des nouveaux prix<\/h3>\n<table style=\"height: 377px\" width=\"534\">\n<tbody>\n<tr>\n<td width=\"300\"><strong>2023 Mustang Mach-E<\/strong><\/td>\n<td width=\"79\"><strong>Ancien prix<br \/>\n<\/strong><\/td>\n<td width=\"81\"><strong>Nouveau prix<br \/>\n<\/strong><\/td>\n<td width=\"71\"><\/td>\n<\/tr>\n<tr>\n<td width=\"300\">California Route 1 eAWD Extended Range<\/p>\n<p>Premium RWD Standard Range<\/p>\n<p>Premium eAWD Standard Range<\/p>\n<p>Premium RWD Extended Range<\/p>\n<p>Premium eAWD Extended Range<\/p>\n<p>GT Performance Edition Extended Range<\/td>\n<td width=\"79\">$ 85,925<\/p>\n<p>$ 71,995<\/p>\n<p>$ 75,745<\/p>\n<p>$ 84,995<\/p>\n<p>$ 88,745<\/p>\n<p>$ 97,495<\/td>\n<td width=\"81\">$ 79,120<\/p>\n<p>$ 64,995<\/p>\n<p>$ 67,245<\/p>\n<p>$ 77,995<\/p>\n<p>$ 80,245<\/p>\n<p>$ 92,745<\/td>\n<td><\/td>\n<\/tr>\n<\/tbody>\n<\/table>\n<p>Les clients actuels de la Mustang Mach-E qui attendent la livraison de leur v\u00e9hicule recevront automatiquement le prix ajust\u00e9 et les clients dont la date de vente est post\u00e9rieure au 1er janvier 2023 et qui poss\u00e8dent d\u00e9j\u00e0 leur Mustang Mach-E recevront une offre de Ford.<\/p>\n<p>Le texte <a rel=\"nofollow\" href=\"https:\/\/annuelauto.ca\/ford-augmente-la-production-du-mustang-mach-e-et-reduit-son-prix\/\">Ford augmente la production du Mustang Mach-e et r\u00e9duit son prix<\/a> provient de <a rel=\"nofollow\" href=\"https:\/\/annuelauto.ca\">L&#8217;annuel de l&#8217;automobile &#8211; Actualit\u00e9 automobile<\/a><\/p>\n","protected":false},"excerpt":{"rendered":"<p>Avec la mise en place de sa nouvelle cha\u00eene d&#8217;approvisionnement en V\u00c9, Ford augmente consid\u00e9rablement la production de la Mustang Mach-E cette ann\u00e9e afin de r\u00e9duire les temps d&#8217;attente des clients et de profiter de la rationalisation des co\u00fbts pour r\u00e9duire les prix. La p\u00e9nurie tire \u00e0 sa fin Ford r\u00e9pond \u00e0 sa mani\u00e8re \u00e0 [&hellip;]<\/p>\n","protected":false},"author":8,"featured_media":139147,"comment_status":"close","ping_status":"closed","sticky":false,"template":"","format":"standard","meta":{"_monsterinsights_skip_tracking":false,"_monsterinsights_sitenote_active":false,"_monsterinsights_sitenote_note":"","_monsterinsights_sitenote_category":0,"footnotes":""},"categories":[101],"tags":[131],"yoast_head":"<!-- This site is optimized with the Yoast SEO plugin v23.2 - https:\/\/yoast.com\/wordpress\/plugins\/seo\/ -->\n<title>Ford augmente la production du Mustang Mach-e et r\u00e9duit son prix - CanadaMotorJobs.com<\/title>\n<meta name=\"description\" content=\"Ford augmente la production du Mustang Mach-e et r\u00e9duit son prix - Benoit Charette - Annuel automobile - CanadaMotorJobs.com.\" \/>\n<meta name=\"robots\" content=\"index, follow, max-snippet:-1, max-image-preview:large, max-video-preview:-1\" \/>\n<meta property=\"og:locale\" content=\"fr_CA\" \/>\n<meta property=\"og:type\" content=\"article\" \/>\n<meta property=\"og:title\" content=\"Ford augmente la production du Mustang Mach-e et r\u00e9duit son prix - CanadaMotorJobs.com\" \/>\n<meta property=\"og:description\" content=\"Ford augmente la production du Mustang Mach-e et r\u00e9duit son prix - Benoit Charette - Annuel automobile - CanadaMotorJobs.com.\" \/>\n<meta property=\"og:url\" content=\"https:\/\/news.canadamotorjobs.com\/fr\/ford-augmente-la-production-du-mustang-mach-e-et-reduit-son-prix\/\" \/>\n<meta property=\"og:site_name\" content=\"CanadaMotorJobs.com\" \/>\n<meta property=\"article:publisher\" content=\"https:\/\/www.facebook.com\/canadamotorjobs\/\" \/>\n<meta property=\"article:published_time\" content=\"2023-01-30T14:22:08+00:00\" \/>\n<meta property=\"article:modified_time\" content=\"2023-01-30T16:37:53+00:00\" \/>\n<meta property=\"og:image\" content=\"https:\/\/news.canadamotorjobs.com\/wp-content\/uploads\/2023\/01\/IMG_3800.jpg\" \/>\n\t<meta property=\"og:image:width\" content=\"1333\" \/>\n\t<meta property=\"og:image:height\" content=\"1000\" \/>\n\t<meta property=\"og:image:type\" content=\"image\/jpeg\" \/>\n<meta name=\"author\" content=\"Benoit Charette\" \/>\n<meta name=\"twitter:card\" content=\"summary_large_image\" \/>\n<meta name=\"twitter:creator\" content=\"@canadamotorjobs\" \/>\n<meta name=\"twitter:site\" content=\"@canadamotorjobs\" \/>\n<meta name=\"twitter:label1\" content=\"\u00c9crit par\" \/>\n\t<meta name=\"twitter:data1\" content=\"Benoit Charette\" \/>\n\t<meta name=\"twitter:label2\" content=\"Estimation du temps de lecture\" \/>\n\t<meta name=\"twitter:data2\" content=\"2 minutes\" \/>\n<!-- \/ Yoast SEO plugin. -->","yoast_head_json":{"title":"Ford augmente la production du Mustang Mach-e et r\u00e9duit son prix - CanadaMotorJobs.com","description":"Ford augmente la production du Mustang Mach-e et r\u00e9duit son prix - Benoit Charette - Annuel automobile - CanadaMotorJobs.com.","robots":{"index":"index","follow":"follow","max-snippet":"max-snippet:-1","max-image-preview":"max-image-preview:large","max-video-preview":"max-video-preview:-1"},"og_locale":"fr_CA","og_type":"article","og_title":"Ford augmente la production du Mustang Mach-e et r\u00e9duit son prix - CanadaMotorJobs.com","og_description":"Ford augmente la production du Mustang Mach-e et r\u00e9duit son prix - Benoit Charette - Annuel automobile - CanadaMotorJobs.com.","og_url":"https:\/\/news.canadamotorjobs.com\/fr\/ford-augmente-la-production-du-mustang-mach-e-et-reduit-son-prix\/","og_site_name":"CanadaMotorJobs.com","article_publisher":"https:\/\/www.facebook.com\/canadamotorjobs\/","article_published_time":"2023-01-30T14:22:08+00:00","article_modified_time":"2023-01-30T16:37:53+00:00","og_image":[{"width":1333,"height":1000,"url":"https:\/\/news.canadamotorjobs.com\/wp-content\/uploads\/2023\/01\/IMG_3800.jpg","type":"image\/jpeg"}],"author":"Benoit Charette","twitter_card":"summary_large_image","twitter_creator":"@canadamotorjobs","twitter_site":"@canadamotorjobs","twitter_misc":{"\u00c9crit par":"Benoit Charette","Estimation du temps de lecture":"2 minutes"},"schema":{"@context":"https:\/\/schema.org","@graph":[{"@type":"Article","@id":"https:\/\/news.canadamotorjobs.com\/fr\/ford-augmente-la-production-du-mustang-mach-e-et-reduit-son-prix\/#article","isPartOf":{"@id":"https:\/\/news.canadamotorjobs.com\/fr\/ford-augmente-la-production-du-mustang-mach-e-et-reduit-son-prix\/"},"author":{"name":"Benoit Charette","@id":"https:\/\/news.canadamotorjobs.com\/#\/schema\/person\/51793d1f87d44011d7bcc2ed99269a90"},"headline":"Ford augmente la production du Mustang Mach-e et r\u00e9duit son prix","datePublished":"2023-01-30T14:22:08+00:00","dateModified":"2023-01-30T16:37:53+00:00","mainEntityOfPage":{"@id":"https:\/\/news.canadamotorjobs.com\/fr\/ford-augmente-la-production-du-mustang-mach-e-et-reduit-son-prix\/"},"wordCount":260,"publisher":{"@id":"https:\/\/news.canadamotorjobs.com\/#organization"},"image":{"@id":"https:\/\/news.canadamotorjobs.com\/fr\/ford-augmente-la-production-du-mustang-mach-e-et-reduit-son-prix\/#primaryimage"},"thumbnailUrl":"https:\/\/news.canadamotorjobs.com\/wp-content\/uploads\/2023\/01\/IMG_3800.jpg","keywords":["Newsletter"],"articleSection":["Annuel automobile"],"inLanguage":"fr-CA"},{"@type":"WebPage","@id":"https:\/\/news.canadamotorjobs.com\/fr\/ford-augmente-la-production-du-mustang-mach-e-et-reduit-son-prix\/","url":"https:\/\/news.canadamotorjobs.com\/fr\/ford-augmente-la-production-du-mustang-mach-e-et-reduit-son-prix\/","name":"Ford augmente la production du Mustang Mach-e et r\u00e9duit son prix - CanadaMotorJobs.com","isPartOf":{"@id":"https:\/\/news.canadamotorjobs.com\/#website"},"primaryImageOfPage":{"@id":"https:\/\/news.canadamotorjobs.com\/fr\/ford-augmente-la-production-du-mustang-mach-e-et-reduit-son-prix\/#primaryimage"},"image":{"@id":"https:\/\/news.canadamotorjobs.com\/fr\/ford-augmente-la-production-du-mustang-mach-e-et-reduit-son-prix\/#primaryimage"},"thumbnailUrl":"https:\/\/news.canadamotorjobs.com\/wp-content\/uploads\/2023\/01\/IMG_3800.jpg","datePublished":"2023-01-30T14:22:08+00:00","dateModified":"2023-01-30T16:37:53+00:00","description":"Ford augmente la production du Mustang Mach-e et r\u00e9duit son prix - Benoit Charette - Annuel automobile - CanadaMotorJobs.com.","breadcrumb":{"@id":"https:\/\/news.canadamotorjobs.com\/fr\/ford-augmente-la-production-du-mustang-mach-e-et-reduit-son-prix\/#breadcrumb"},"inLanguage":"fr-CA","potentialAction":[{"@type":"ReadAction","target":["https:\/\/news.canadamotorjobs.com\/fr\/ford-augmente-la-production-du-mustang-mach-e-et-reduit-son-prix\/"]}]},{"@type":"ImageObject","inLanguage":"fr-CA","@id":"https:\/\/news.canadamotorjobs.com\/fr\/ford-augmente-la-production-du-mustang-mach-e-et-reduit-son-prix\/#primaryimage","url":"https:\/\/news.canadamotorjobs.com\/wp-content\/uploads\/2023\/01\/IMG_3800.jpg","contentUrl":"https:\/\/news.canadamotorjobs.com\/wp-content\/uploads\/2023\/01\/IMG_3800.jpg","width":1333,"height":1000},{"@type":"BreadcrumbList","@id":"https:\/\/news.canadamotorjobs.com\/fr\/ford-augmente-la-production-du-mustang-mach-e-et-reduit-son-prix\/#breadcrumb","itemListElement":[{"@type":"ListItem","position":1,"name":"Home","item":"https:\/\/news.canadamotorjobs.com\/fr\/blog\/"},{"@type":"ListItem","position":2,"name":"Ford augmente la production du Mustang Mach-e et r\u00e9duit son prix"}]},{"@type":"WebSite","@id":"https:\/\/news.canadamotorjobs.com\/#website","url":"https:\/\/news.canadamotorjobs.com\/","name":"CanadaMotorJobs.com","description":"Automotive Jobs","publisher":{"@id":"https:\/\/news.canadamotorjobs.com\/#organization"},"potentialAction":[{"@type":"SearchAction","target":{"@type":"EntryPoint","urlTemplate":"https:\/\/news.canadamotorjobs.com\/?s={search_term_string}"},"query-input":"required name=search_term_string"}],"inLanguage":"fr-CA"},{"@type":"Organization","@id":"https:\/\/news.canadamotorjobs.com\/#organization","name":"Canada Motor Jobs","url":"https:\/\/news.canadamotorjobs.com\/","logo":{"@type":"ImageObject","inLanguage":"fr-CA","@id":"https:\/\/news.canadamotorjobs.com\/#\/schema\/logo\/image\/","url":"https:\/\/news.canadamotorjobs.com\/wp-content\/uploads\/2022\/10\/logo-canada-motor-jobs-1.png","contentUrl":"https:\/\/news.canadamotorjobs.com\/wp-content\/uploads\/2022\/10\/logo-canada-motor-jobs-1.png","width":800,"height":400,"caption":"Canada Motor Jobs"},"image":{"@id":"https:\/\/news.canadamotorjobs.com\/#\/schema\/logo\/image\/"},"sameAs":["https:\/\/www.facebook.com\/canadamotorjobs\/","https:\/\/x.com\/canadamotorjobs","https:\/\/www.instagram.com\/canadamotorjobs\/","https:\/\/www.linkedin.com\/company\/canadamotorjobs"]},{"@type":"Person","@id":"https:\/\/news.canadamotorjobs.com\/#\/schema\/person\/51793d1f87d44011d7bcc2ed99269a90","name":"Benoit Charette","image":{"@type":"ImageObject","inLanguage":"fr-CA","@id":"https:\/\/news.canadamotorjobs.com\/#\/schema\/person\/image\/","url":"https:\/\/secure.gravatar.com\/avatar\/45f3d2eebcccd909668d7ce7ea7267b6?s=96&d=mm&r=g","contentUrl":"https:\/\/secure.gravatar.com\/avatar\/45f3d2eebcccd909668d7ce7ea7267b6?s=96&d=mm&r=g","caption":"Benoit Charette"},"description":"Benoit Charette \/ Propri\u00e9taire et r\u00e9dacteur en chef Benoit Charette pratique le journalisme automobile depuis bient\u00f4t 30 ans. Il a fait ses classes au c\u00f4t\u00e9 de Daniel H\u00e9raud et au Carnet de route de 1992 \u00e0 2001. Il est fondateur, copropri\u00e9taire et r\u00e9dacteur en chef de L\u2019Annuel de l\u2019automobile, qu\u2019il publie depuis 2001. Il a anim\u00e9 les \u00e9missions RPM et RPM+ sur V et les L\u00e9gendes de la route sur Historia. \u00c0 la radio depuis 1986, il reprend l\u2019antenne cette ann\u00e9e sur les ondes de Cogeco et participe pour la deuxi\u00e8me ann\u00e9e \u00e0 l\u2019\u00e9mission Passion Auto sur RDS en plus de mettre en ligne le site Web officiel de L\u2019Annuel de l\u2019automobile sur annuelauto.ca.","sameAs":["https:\/\/annuelauto.ca\/"],"url":"https:\/\/news.canadamotorjobs.com\/fr\/author\/benoit-charette\/"}]}},"_links":{"self":[{"href":"https:\/\/news.canadamotorjobs.com\/fr\/wp-json\/wp\/v2\/posts\/139145"}],"collection":[{"href":"https:\/\/news.canadamotorjobs.com\/fr\/wp-json\/wp\/v2\/posts"}],"about":[{"href":"https:\/\/news.canadamotorjobs.com\/fr\/wp-json\/wp\/v2\/types\/post"}],"author":[{"embeddable":true,"href":"https:\/\/news.canadamotorjobs.com\/fr\/wp-json\/wp\/v2\/users\/8"}],"replies":[{"embeddable":true,"href":"https:\/\/news.canadamotorjobs.com\/fr\/wp-json\/wp\/v2\/comments?post=139145"}],"version-history":[{"count":3,"href":"https:\/\/news.canadamotorjobs.com\/fr\/wp-json\/wp\/v2\/posts\/139145\/revisions"}],"predecessor-version":[{"id":139168,"href":"https:\/\/news.canadamotorjobs.com\/fr\/wp-json\/wp\/v2\/posts\/139145\/revisions\/139168"}],"wp:featuredmedia":[{"embeddable":true,"href":"https:\/\/news.canadamotorjobs.com\/fr\/wp-json\/wp\/v2\/media\/139147"}],"wp:attachment":[{"href":"https:\/\/news.canadamotorjobs.com\/fr\/wp-json\/wp\/v2\/media?parent=139145"}],"wp:term":[{"taxonomy":"category","embeddable":true,"href":"https:\/\/news.canadamotorjobs.com\/fr\/wp-json\/wp\/v2\/categories?post=139145"},{"taxonomy":"post_tag","embeddable":true,"href":"https:\/\/news.canadamotorjobs.com\/fr\/wp-json\/wp\/v2\/tags?post=139145"}],"curies":[{"name":"wp","href":"https:\/\/api.w.org\/{rel}","templated":true}]}}