{"id":139095,"date":"2023-01-30T07:09:11","date_gmt":"2023-01-30T12:09:11","guid":{"rendered":"https:\/\/news.canadamotorjobs.com\/?p=139095"},"modified":"2023-01-30T11:56:02","modified_gmt":"2023-01-30T16:56:02","slug":"le-quebec-nest-plus-dans-la-course-pour-une-usine-de-batteries-de-volkswagen","status":"publish","type":"post","link":"https:\/\/news.canadamotorjobs.com\/fr\/le-quebec-nest-plus-dans-la-course-pour-une-usine-de-batteries-de-volkswagen\/","title":{"rendered":"Le Qu\u00e9bec n\u2019est plus dans la course pour une usine de batteries de Volkswagen"},"content":{"rendered":"<\/p>\n<p>Volkswagen et le gouvernement du Qu\u00e9bec ont entam\u00e9 un dialogue sur les possibilit\u00e9s futures, mais la premi\u00e8re usine de batteries du constructeur automobile &#8220;n\u2019est pas dans les plans du Qu\u00e9bec. C\u2019est ce qu\u2019a laiss\u00e9 entendre Pierre Fitzgibbon, ministre de l&#8217;\u00e9conomie, de l&#8217;innovation et de l&#8217;\u00e9nergie au magasine Automotive News Canada.<\/p>\n<h3>Les discussions se poursuivent<\/h3>\n<p>\nLe constructeur automobile allemand et le gouvernement du Qu\u00e9bec entretiennent un dialogue permanent sur d&#8217;autres possibilit\u00e9s futures, a d\u00e9clar\u00e9 M. Fitzgibbon, mais l&#8217;usine initiale de fabrication de cellules de batterie de Volkswagen &#8220;n&#8217;est pas sur notre radar pour le moment&#8221;. Volkswagen a annonc\u00e9 le 1er d\u00e9cembre qu&#8217;elle cherchait des emplacements pour son investissement majeur en Am\u00e9rique du Nord, en d\u00e9signant le Canada comme &#8221; une option logique &#8221; pour l&#8217;usine qui fabriquera des cellules de batterie pour les v\u00e9hicules \u00e9lectriques du constructeur automobile fabriqu\u00e9s en Am\u00e9rique du Nord.<\/p>\n<h3>En Ontario sans doute<\/h3>\n<p>\nVolkswagen n&#8217;a pas r\u00e9v\u00e9l\u00e9 o\u00f9 elle cherchait dans le pays, mais l&#8217;Ontario, avec ses racines automobiles et sa cha\u00eene d&#8217;approvisionnement en batteries en rapide coalescence, ainsi que le Qu\u00e9bec, qui accueillera bient\u00f4t une s\u00e9rie d&#8217;usines de mat\u00e9riaux pour batteries et la seule mine de lithium op\u00e9rationnelle au Canada, \u00e9taient consid\u00e9r\u00e9s comme des candidats potentiels. Le Canada \u00e9tait le seul pays que Volkswagen a r\u00e9v\u00e9l\u00e9 publiquement en d\u00e9cembre comme \u00e9tant sur la liste restreinte pour son usine de cellules nord-am\u00e9ricaine pr\u00e9vue, mais il a dit que &#8220;d&#8217;autres options&#8221; \u00e9taient \u00e9galement envisag\u00e9es.<\/p>\n<h3>D\u2019autres projets pour le Qu\u00e9bec<\/h3>\n<p>\nLaurie Bouchard, porte-parole du minist\u00e8re f\u00e9d\u00e9ral de l&#8217;innovation, des sciences et du d\u00e9veloppement \u00e9conomique, a confirm\u00e9 qu&#8217;Ottawa est toujours en discussion avec Volkswagen.\u00a0 Le Qu\u00e9bec, quant \u00e0 lui, n&#8217;abandonne pas sa qu\u00eate d&#8217;autres fabricants de cellules. Actuellement, selon M. Fitzgibbon, la province a deux usines potentielles dans son pipeline. B\u00e9cancour est sur le point d&#8217;accueillir une s\u00e9rie d&#8217;usines de mat\u00e9riaux pour batteries. Des transformateurs de lithium, de nickel et de cobalt envisagent des investissements, tandis que Nouveau Monde Graphite Inc. a d\u00e9j\u00e0 commenc\u00e9 la construction d&#8217;une usine dans la ville.<\/p>\n<p>Deux usines de mat\u00e9riaux actifs de cathode (CAM) sont \u00e9galement en projet. En mars 2022, General Motors et Posco Chemical ont annonc\u00e9 leur intention de construire une usine de CAM de 500 millions de dollars dans la ville. L&#8217;entreprise chimique allemande BASF a achet\u00e9 un terrain \u00e0 B\u00e9cancour pour sa propre usine le m\u00eame mois.<\/p>\n<p>\u00a0<\/p>\n<p>Avec des renseignements d&#8217;Automotive News Canada<\/p>\n<p>\u00a0<\/p>\n<p>\u00a0<\/p>\n<p>Le texte <a rel=\"nofollow\" href=\"https:\/\/annuelauto.ca\/le-quebec-nest-plus-dans-la-course-pour-une-usine-de-batteries-de-volkswagen\/\">Le Qu\u00e9bec n\u2019est plus dans la course pour une usine de batteries de Volkswagen<\/a> provient de <a rel=\"nofollow\" href=\"https:\/\/annuelauto.ca\">L&#8217;annuel de l&#8217;automobile &#8211; Actualit\u00e9 automobile<\/a><\/p>\n<p><\/p>\n","protected":false},"excerpt":{"rendered":"<p>Volkswagen et le gouvernement du Qu\u00e9bec ont entam\u00e9 un dialogue sur les possibilit\u00e9s futures, mais la premi\u00e8re usine de batteries du constructeur automobile &#8220;n\u2019est pas dans les plans du Qu\u00e9bec. C\u2019est ce qu\u2019a laiss\u00e9 entendre Pierre Fitzgibbon, ministre de l&#8217;\u00e9conomie, de l&#8217;innovation et de l&#8217;\u00e9nergie au magasine Automotive News Canada. Les discussions se poursuivent Le [&hellip;]<\/p>\n","protected":false},"author":8,"featured_media":139097,"comment_status":"closed","ping_status":"closed","sticky":false,"template":"","format":"standard","meta":{"_monsterinsights_skip_tracking":false,"_monsterinsights_sitenote_active":false,"_monsterinsights_sitenote_note":"","_monsterinsights_sitenote_category":0,"footnotes":""},"categories":[101],"tags":[131],"yoast_head":"<!-- This site is optimized with the Yoast SEO plugin v23.2 - https:\/\/yoast.com\/wordpress\/plugins\/seo\/ -->\n<title>Le Qu\u00e9bec n\u2019est plus dans la course pour une usine de batteries de Volkswagen - CanadaMotorJobs.com<\/title>\n<meta name=\"description\" content=\"Le Qu\u00e9bec n\u2019est plus dans la course pour une usine de batteries de Volkswagen - Benoit Charette - Annuel automobile - CanadaMotorJobs.com.\" \/>\n<meta name=\"robots\" content=\"index, follow, max-snippet:-1, max-image-preview:large, max-video-preview:-1\" \/>\n<meta property=\"og:locale\" content=\"fr_CA\" \/>\n<meta property=\"og:type\" content=\"article\" \/>\n<meta property=\"og:title\" content=\"Le Qu\u00e9bec n\u2019est plus dans la course pour une usine de batteries de Volkswagen - CanadaMotorJobs.com\" \/>\n<meta property=\"og:description\" content=\"Le Qu\u00e9bec n\u2019est plus dans la course pour une usine de batteries de Volkswagen - Benoit Charette - Annuel automobile - CanadaMotorJobs.com.\" \/>\n<meta property=\"og:url\" content=\"https:\/\/news.canadamotorjobs.com\/fr\/le-quebec-nest-plus-dans-la-course-pour-une-usine-de-batteries-de-volkswagen\/\" \/>\n<meta property=\"og:site_name\" content=\"CanadaMotorJobs.com\" \/>\n<meta property=\"article:publisher\" content=\"https:\/\/www.facebook.com\/canadamotorjobs\/\" \/>\n<meta property=\"article:published_time\" content=\"2023-01-30T12:09:11+00:00\" \/>\n<meta property=\"article:modified_time\" content=\"2023-01-30T16:56:02+00:00\" \/>\n<meta property=\"og:image\" content=\"https:\/\/news.canadamotorjobs.com\/wp-content\/uploads\/2023\/01\/unnamed.jpg\" \/>\n\t<meta property=\"og:image:width\" content=\"1500\" \/>\n\t<meta property=\"og:image:height\" content=\"1500\" \/>\n\t<meta property=\"og:image:type\" content=\"image\/jpeg\" \/>\n<meta name=\"author\" content=\"Benoit Charette\" \/>\n<meta name=\"twitter:card\" content=\"summary_large_image\" \/>\n<meta name=\"twitter:creator\" content=\"@canadamotorjobs\" \/>\n<meta name=\"twitter:site\" content=\"@canadamotorjobs\" \/>\n<meta name=\"twitter:label1\" content=\"\u00c9crit par\" \/>\n\t<meta name=\"twitter:data1\" content=\"Benoit Charette\" \/>\n\t<meta name=\"twitter:label2\" content=\"Estimation du temps de lecture\" \/>\n\t<meta name=\"twitter:data2\" content=\"2 minutes\" \/>\n<!-- \/ Yoast SEO plugin. -->","yoast_head_json":{"title":"Le Qu\u00e9bec n\u2019est plus dans la course pour une usine de batteries de Volkswagen - CanadaMotorJobs.com","description":"Le Qu\u00e9bec n\u2019est plus dans la course pour une usine de batteries de Volkswagen - Benoit Charette - Annuel automobile - CanadaMotorJobs.com.","robots":{"index":"index","follow":"follow","max-snippet":"max-snippet:-1","max-image-preview":"max-image-preview:large","max-video-preview":"max-video-preview:-1"},"og_locale":"fr_CA","og_type":"article","og_title":"Le Qu\u00e9bec n\u2019est plus dans la course pour une usine de batteries de Volkswagen - CanadaMotorJobs.com","og_description":"Le Qu\u00e9bec n\u2019est plus dans la course pour une usine de batteries de Volkswagen - Benoit Charette - Annuel automobile - CanadaMotorJobs.com.","og_url":"https:\/\/news.canadamotorjobs.com\/fr\/le-quebec-nest-plus-dans-la-course-pour-une-usine-de-batteries-de-volkswagen\/","og_site_name":"CanadaMotorJobs.com","article_publisher":"https:\/\/www.facebook.com\/canadamotorjobs\/","article_published_time":"2023-01-30T12:09:11+00:00","article_modified_time":"2023-01-30T16:56:02+00:00","og_image":[{"width":1500,"height":1500,"url":"https:\/\/news.canadamotorjobs.com\/wp-content\/uploads\/2023\/01\/unnamed.jpg","type":"image\/jpeg"}],"author":"Benoit Charette","twitter_card":"summary_large_image","twitter_creator":"@canadamotorjobs","twitter_site":"@canadamotorjobs","twitter_misc":{"\u00c9crit par":"Benoit Charette","Estimation du temps de lecture":"2 minutes"},"schema":{"@context":"https:\/\/schema.org","@graph":[{"@type":"Article","@id":"https:\/\/news.canadamotorjobs.com\/fr\/le-quebec-nest-plus-dans-la-course-pour-une-usine-de-batteries-de-volkswagen\/#article","isPartOf":{"@id":"https:\/\/news.canadamotorjobs.com\/fr\/le-quebec-nest-plus-dans-la-course-pour-une-usine-de-batteries-de-volkswagen\/"},"author":{"name":"Benoit Charette","@id":"https:\/\/news.canadamotorjobs.com\/#\/schema\/person\/51793d1f87d44011d7bcc2ed99269a90"},"headline":"Le Qu\u00e9bec n\u2019est plus dans la course pour une usine de batteries de Volkswagen","datePublished":"2023-01-30T12:09:11+00:00","dateModified":"2023-01-30T16:56:02+00:00","mainEntityOfPage":{"@id":"https:\/\/news.canadamotorjobs.com\/fr\/le-quebec-nest-plus-dans-la-course-pour-une-usine-de-batteries-de-volkswagen\/"},"wordCount":499,"publisher":{"@id":"https:\/\/news.canadamotorjobs.com\/#organization"},"image":{"@id":"https:\/\/news.canadamotorjobs.com\/fr\/le-quebec-nest-plus-dans-la-course-pour-une-usine-de-batteries-de-volkswagen\/#primaryimage"},"thumbnailUrl":"https:\/\/news.canadamotorjobs.com\/wp-content\/uploads\/2023\/01\/unnamed.jpg","keywords":["Newsletter"],"articleSection":["Annuel automobile"],"inLanguage":"fr-CA"},{"@type":"WebPage","@id":"https:\/\/news.canadamotorjobs.com\/fr\/le-quebec-nest-plus-dans-la-course-pour-une-usine-de-batteries-de-volkswagen\/","url":"https:\/\/news.canadamotorjobs.com\/fr\/le-quebec-nest-plus-dans-la-course-pour-une-usine-de-batteries-de-volkswagen\/","name":"Le Qu\u00e9bec n\u2019est plus dans la course pour une usine de batteries de Volkswagen - CanadaMotorJobs.com","isPartOf":{"@id":"https:\/\/news.canadamotorjobs.com\/#website"},"primaryImageOfPage":{"@id":"https:\/\/news.canadamotorjobs.com\/fr\/le-quebec-nest-plus-dans-la-course-pour-une-usine-de-batteries-de-volkswagen\/#primaryimage"},"image":{"@id":"https:\/\/news.canadamotorjobs.com\/fr\/le-quebec-nest-plus-dans-la-course-pour-une-usine-de-batteries-de-volkswagen\/#primaryimage"},"thumbnailUrl":"https:\/\/news.canadamotorjobs.com\/wp-content\/uploads\/2023\/01\/unnamed.jpg","datePublished":"2023-01-30T12:09:11+00:00","dateModified":"2023-01-30T16:56:02+00:00","description":"Le Qu\u00e9bec n\u2019est plus dans la course pour une usine de batteries de Volkswagen - Benoit Charette - Annuel automobile - CanadaMotorJobs.com.","breadcrumb":{"@id":"https:\/\/news.canadamotorjobs.com\/fr\/le-quebec-nest-plus-dans-la-course-pour-une-usine-de-batteries-de-volkswagen\/#breadcrumb"},"inLanguage":"fr-CA","potentialAction":[{"@type":"ReadAction","target":["https:\/\/news.canadamotorjobs.com\/fr\/le-quebec-nest-plus-dans-la-course-pour-une-usine-de-batteries-de-volkswagen\/"]}]},{"@type":"ImageObject","inLanguage":"fr-CA","@id":"https:\/\/news.canadamotorjobs.com\/fr\/le-quebec-nest-plus-dans-la-course-pour-une-usine-de-batteries-de-volkswagen\/#primaryimage","url":"https:\/\/news.canadamotorjobs.com\/wp-content\/uploads\/2023\/01\/unnamed.jpg","contentUrl":"https:\/\/news.canadamotorjobs.com\/wp-content\/uploads\/2023\/01\/unnamed.jpg","width":1500,"height":1500},{"@type":"BreadcrumbList","@id":"https:\/\/news.canadamotorjobs.com\/fr\/le-quebec-nest-plus-dans-la-course-pour-une-usine-de-batteries-de-volkswagen\/#breadcrumb","itemListElement":[{"@type":"ListItem","position":1,"name":"Home","item":"https:\/\/news.canadamotorjobs.com\/fr\/blog\/"},{"@type":"ListItem","position":2,"name":"Le Qu\u00e9bec n\u2019est plus dans la course pour une usine de batteries de Volkswagen"}]},{"@type":"WebSite","@id":"https:\/\/news.canadamotorjobs.com\/#website","url":"https:\/\/news.canadamotorjobs.com\/","name":"CanadaMotorJobs.com","description":"Automotive Jobs","publisher":{"@id":"https:\/\/news.canadamotorjobs.com\/#organization"},"potentialAction":[{"@type":"SearchAction","target":{"@type":"EntryPoint","urlTemplate":"https:\/\/news.canadamotorjobs.com\/?s={search_term_string}"},"query-input":"required name=search_term_string"}],"inLanguage":"fr-CA"},{"@type":"Organization","@id":"https:\/\/news.canadamotorjobs.com\/#organization","name":"Canada Motor Jobs","url":"https:\/\/news.canadamotorjobs.com\/","logo":{"@type":"ImageObject","inLanguage":"fr-CA","@id":"https:\/\/news.canadamotorjobs.com\/#\/schema\/logo\/image\/","url":"https:\/\/news.canadamotorjobs.com\/wp-content\/uploads\/2022\/10\/logo-canada-motor-jobs-1.png","contentUrl":"https:\/\/news.canadamotorjobs.com\/wp-content\/uploads\/2022\/10\/logo-canada-motor-jobs-1.png","width":800,"height":400,"caption":"Canada Motor Jobs"},"image":{"@id":"https:\/\/news.canadamotorjobs.com\/#\/schema\/logo\/image\/"},"sameAs":["https:\/\/www.facebook.com\/canadamotorjobs\/","https:\/\/x.com\/canadamotorjobs","https:\/\/www.instagram.com\/canadamotorjobs\/","https:\/\/www.linkedin.com\/company\/canadamotorjobs"]},{"@type":"Person","@id":"https:\/\/news.canadamotorjobs.com\/#\/schema\/person\/51793d1f87d44011d7bcc2ed99269a90","name":"Benoit Charette","image":{"@type":"ImageObject","inLanguage":"fr-CA","@id":"https:\/\/news.canadamotorjobs.com\/#\/schema\/person\/image\/","url":"https:\/\/secure.gravatar.com\/avatar\/45f3d2eebcccd909668d7ce7ea7267b6?s=96&d=mm&r=g","contentUrl":"https:\/\/secure.gravatar.com\/avatar\/45f3d2eebcccd909668d7ce7ea7267b6?s=96&d=mm&r=g","caption":"Benoit Charette"},"description":"Benoit Charette \/ Propri\u00e9taire et r\u00e9dacteur en chef Benoit Charette pratique le journalisme automobile depuis bient\u00f4t 30 ans. Il a fait ses classes au c\u00f4t\u00e9 de Daniel H\u00e9raud et au Carnet de route de 1992 \u00e0 2001. Il est fondateur, copropri\u00e9taire et r\u00e9dacteur en chef de L\u2019Annuel de l\u2019automobile, qu\u2019il publie depuis 2001. Il a anim\u00e9 les \u00e9missions RPM et RPM+ sur V et les L\u00e9gendes de la route sur Historia. \u00c0 la radio depuis 1986, il reprend l\u2019antenne cette ann\u00e9e sur les ondes de Cogeco et participe pour la deuxi\u00e8me ann\u00e9e \u00e0 l\u2019\u00e9mission Passion Auto sur RDS en plus de mettre en ligne le site Web officiel de L\u2019Annuel de l\u2019automobile sur annuelauto.ca.","sameAs":["https:\/\/annuelauto.ca\/"],"url":"https:\/\/news.canadamotorjobs.com\/fr\/author\/benoit-charette\/"}]}},"_links":{"self":[{"href":"https:\/\/news.canadamotorjobs.com\/fr\/wp-json\/wp\/v2\/posts\/139095"}],"collection":[{"href":"https:\/\/news.canadamotorjobs.com\/fr\/wp-json\/wp\/v2\/posts"}],"about":[{"href":"https:\/\/news.canadamotorjobs.com\/fr\/wp-json\/wp\/v2\/types\/post"}],"author":[{"embeddable":true,"href":"https:\/\/news.canadamotorjobs.com\/fr\/wp-json\/wp\/v2\/users\/8"}],"replies":[{"embeddable":true,"href":"https:\/\/news.canadamotorjobs.com\/fr\/wp-json\/wp\/v2\/comments?post=139095"}],"version-history":[{"count":2,"href":"https:\/\/news.canadamotorjobs.com\/fr\/wp-json\/wp\/v2\/posts\/139095\/revisions"}],"predecessor-version":[{"id":139099,"href":"https:\/\/news.canadamotorjobs.com\/fr\/wp-json\/wp\/v2\/posts\/139095\/revisions\/139099"}],"wp:featuredmedia":[{"embeddable":true,"href":"https:\/\/news.canadamotorjobs.com\/fr\/wp-json\/wp\/v2\/media\/139097"}],"wp:attachment":[{"href":"https:\/\/news.canadamotorjobs.com\/fr\/wp-json\/wp\/v2\/media?parent=139095"}],"wp:term":[{"taxonomy":"category","embeddable":true,"href":"https:\/\/news.canadamotorjobs.com\/fr\/wp-json\/wp\/v2\/categories?post=139095"},{"taxonomy":"post_tag","embeddable":true,"href":"https:\/\/news.canadamotorjobs.com\/fr\/wp-json\/wp\/v2\/tags?post=139095"}],"curies":[{"name":"wp","href":"https:\/\/api.w.org\/{rel}","templated":true}]}}