{"id":139049,"date":"2023-01-29T08:34:10","date_gmt":"2023-01-29T13:34:10","guid":{"rendered":"https:\/\/news.canadamotorjobs.com\/?p=139049"},"modified":"2023-01-30T15:36:41","modified_gmt":"2023-01-30T20:36:41","slug":"vinfast-va-regrouper-ses-operations-canadiennes-et-americaines-sous-le-meme-toit","status":"publish","type":"post","link":"https:\/\/news.canadamotorjobs.com\/fr\/vinfast-va-regrouper-ses-operations-canadiennes-et-americaines-sous-le-meme-toit\/","title":{"rendered":"Vinfast va regrouper ses op\u00e9rations canadiennes et am\u00e9ricaines sous le m\u00eame toit"},"content":{"rendered":"<p>VinFast a annonc\u00e9 son intention de combiner ses op\u00e9rations am\u00e9ricaines et canadiennes dans le but d&#8217;accro\u00eetre son efficacit\u00e9. La nouvelle entit\u00e9 VinFast North America sera bas\u00e9e au si\u00e8ge am\u00e9ricain actuel de VinFast \u00e0 Los Angeles.<\/p>\n<h3>Une croissance rapide<\/h3>\n<p>Bien que VinFast n&#8217;ait \u00e9t\u00e9 fond\u00e9 qu&#8217;en 2017, le constructeur conna\u00eet d\u00e9j\u00e0 un grand succ\u00e8s en Asie. Cela est d\u00fb en partie \u00e0 la richesse des ressources de VinFast. VinFast fait partie du de Vingroup, un conglom\u00e9rat de plusieurs milliards de dollars avec des filiales dans l&#8217;immobilier commercial, la technologie, la sant\u00e9 et m\u00eame l&#8217;\u00e9ducation. VinFast propose actuellement deux V\u00c9 au Canada, le VF8 et le VF9. Ces deux VUS \u00e0 traction int\u00e9grale avec des prix de 64&nbsp;990 pour le VF8 et 79 990 dollars pour le VF9 (incluant la batterie). Le VF8 est aliment\u00e9 par une batterie de 87 kWh qui produit entre 348 et 402 ch selon que vous optez pour la version Eco ou Plus.<\/p>\n<p>La VF8 peut accueillir 5 personnes et dispose d&#8217;une autonomie de 292 miles selon VinFast. Le VF9, plus grand et pouvant accueillir 7 personnes, est \u00e9quip\u00e9 d&#8217;une batterie de 123 kWh. Le VF9 a jusqu&#8217;\u00e0 435 km d&#8217;autonomie et d\u00e9veloppe 402 cv. Des mod\u00e8les VF6 et VF7 sont aussi pr\u00e9vus pour l\u2019an prochain. Ces deux mod\u00e8les seront des plus petits VUS qui rivaliseront avec les mod\u00e8les Tesla Model Y et VW ID.4.<\/p>\n<p>Avec des renseignements de Inside ev\u2019s<\/p>\n<p>Le texte <a rel=\"nofollow\" href=\"https:\/\/annuelauto.ca\/vinfast-va-regrouper-ses-operations-canadiennes-et-americaines-sous-le-meme-toit\/\">Vinfast va regrouper ses op\u00e9rations canadiennes et am\u00e9ricaines sous le m\u00eame toit<\/a> provient de <a rel=\"nofollow\" href=\"https:\/\/annuelauto.ca\">L&#8217;annuel de l&#8217;automobile &#8211; Actualit\u00e9 automobile<\/a><\/p>\n","protected":false},"excerpt":{"rendered":"<p>VinFast a annonc\u00e9 son intention de combiner ses op\u00e9rations am\u00e9ricaines et canadiennes dans le but d&#8217;accro\u00eetre son efficacit\u00e9. La nouvelle entit\u00e9 VinFast North America sera bas\u00e9e au si\u00e8ge am\u00e9ricain actuel de VinFast \u00e0 Los Angeles. Une croissance rapide Bien que VinFast n&#8217;ait \u00e9t\u00e9 fond\u00e9 qu&#8217;en 2017, le constructeur conna\u00eet d\u00e9j\u00e0 un grand succ\u00e8s en Asie. [&hellip;]<\/p>\n","protected":false},"author":8,"featured_media":139051,"comment_status":"close","ping_status":"closed","sticky":false,"template":"","format":"standard","meta":{"_monsterinsights_skip_tracking":false,"_monsterinsights_sitenote_active":false,"_monsterinsights_sitenote_note":"","_monsterinsights_sitenote_category":0,"footnotes":""},"categories":[101],"tags":[131],"yoast_head":"<!-- This site is optimized with the Yoast SEO plugin v23.2 - https:\/\/yoast.com\/wordpress\/plugins\/seo\/ -->\n<title>Vinfast va regrouper ses op\u00e9rations canadiennes et am\u00e9ricaines sous le m\u00eame toit - CanadaMotorJobs.com<\/title>\n<meta name=\"description\" content=\"Vinfast va regrouper ses op\u00e9rations canadiennes et am\u00e9ricaines sous le m\u00eame toit - Benoit Charette - Annuel automobile - CanadaMotorJobs.com.\" \/>\n<meta name=\"robots\" content=\"index, follow, max-snippet:-1, max-image-preview:large, max-video-preview:-1\" \/>\n<meta property=\"og:locale\" content=\"fr_CA\" \/>\n<meta property=\"og:type\" content=\"article\" \/>\n<meta property=\"og:title\" content=\"Vinfast va regrouper ses op\u00e9rations canadiennes et am\u00e9ricaines sous le m\u00eame toit - CanadaMotorJobs.com\" \/>\n<meta property=\"og:description\" content=\"Vinfast va regrouper ses op\u00e9rations canadiennes et am\u00e9ricaines sous le m\u00eame toit - Benoit Charette - Annuel automobile - CanadaMotorJobs.com.\" \/>\n<meta property=\"og:url\" content=\"https:\/\/news.canadamotorjobs.com\/fr\/vinfast-va-regrouper-ses-operations-canadiennes-et-americaines-sous-le-meme-toit\/\" \/>\n<meta property=\"og:site_name\" content=\"CanadaMotorJobs.com\" \/>\n<meta property=\"article:publisher\" content=\"https:\/\/www.facebook.com\/canadamotorjobs\/\" \/>\n<meta property=\"article:published_time\" content=\"2023-01-29T13:34:10+00:00\" \/>\n<meta property=\"article:modified_time\" content=\"2023-01-30T20:36:41+00:00\" \/>\n<meta property=\"og:image\" content=\"https:\/\/news.canadamotorjobs.com\/wp-content\/uploads\/2023\/01\/IMG_5299.jpg\" \/>\n\t<meta property=\"og:image:width\" content=\"1333\" \/>\n\t<meta property=\"og:image:height\" content=\"1000\" \/>\n\t<meta property=\"og:image:type\" content=\"image\/jpeg\" \/>\n<meta name=\"author\" content=\"Benoit Charette\" \/>\n<meta name=\"twitter:card\" content=\"summary_large_image\" \/>\n<meta name=\"twitter:creator\" content=\"@canadamotorjobs\" \/>\n<meta name=\"twitter:site\" content=\"@canadamotorjobs\" \/>\n<meta name=\"twitter:label1\" content=\"\u00c9crit par\" \/>\n\t<meta name=\"twitter:data1\" content=\"Benoit Charette\" \/>\n\t<meta name=\"twitter:label2\" content=\"Estimation du temps de lecture\" \/>\n\t<meta name=\"twitter:data2\" content=\"2 minutes\" \/>\n<!-- \/ Yoast SEO plugin. -->","yoast_head_json":{"title":"Vinfast va regrouper ses op\u00e9rations canadiennes et am\u00e9ricaines sous le m\u00eame toit - CanadaMotorJobs.com","description":"Vinfast va regrouper ses op\u00e9rations canadiennes et am\u00e9ricaines sous le m\u00eame toit - Benoit Charette - Annuel automobile - CanadaMotorJobs.com.","robots":{"index":"index","follow":"follow","max-snippet":"max-snippet:-1","max-image-preview":"max-image-preview:large","max-video-preview":"max-video-preview:-1"},"og_locale":"fr_CA","og_type":"article","og_title":"Vinfast va regrouper ses op\u00e9rations canadiennes et am\u00e9ricaines sous le m\u00eame toit - CanadaMotorJobs.com","og_description":"Vinfast va regrouper ses op\u00e9rations canadiennes et am\u00e9ricaines sous le m\u00eame toit - Benoit Charette - Annuel automobile - CanadaMotorJobs.com.","og_url":"https:\/\/news.canadamotorjobs.com\/fr\/vinfast-va-regrouper-ses-operations-canadiennes-et-americaines-sous-le-meme-toit\/","og_site_name":"CanadaMotorJobs.com","article_publisher":"https:\/\/www.facebook.com\/canadamotorjobs\/","article_published_time":"2023-01-29T13:34:10+00:00","article_modified_time":"2023-01-30T20:36:41+00:00","og_image":[{"width":1333,"height":1000,"url":"https:\/\/news.canadamotorjobs.com\/wp-content\/uploads\/2023\/01\/IMG_5299.jpg","type":"image\/jpeg"}],"author":"Benoit Charette","twitter_card":"summary_large_image","twitter_creator":"@canadamotorjobs","twitter_site":"@canadamotorjobs","twitter_misc":{"\u00c9crit par":"Benoit Charette","Estimation du temps de lecture":"2 minutes"},"schema":{"@context":"https:\/\/schema.org","@graph":[{"@type":"Article","@id":"https:\/\/news.canadamotorjobs.com\/fr\/vinfast-va-regrouper-ses-operations-canadiennes-et-americaines-sous-le-meme-toit\/#article","isPartOf":{"@id":"https:\/\/news.canadamotorjobs.com\/fr\/vinfast-va-regrouper-ses-operations-canadiennes-et-americaines-sous-le-meme-toit\/"},"author":{"name":"Benoit Charette","@id":"https:\/\/news.canadamotorjobs.com\/#\/schema\/person\/51793d1f87d44011d7bcc2ed99269a90"},"headline":"Vinfast va regrouper ses op\u00e9rations canadiennes et am\u00e9ricaines sous le m\u00eame toit","datePublished":"2023-01-29T13:34:10+00:00","dateModified":"2023-01-30T20:36:41+00:00","mainEntityOfPage":{"@id":"https:\/\/news.canadamotorjobs.com\/fr\/vinfast-va-regrouper-ses-operations-canadiennes-et-americaines-sous-le-meme-toit\/"},"wordCount":288,"publisher":{"@id":"https:\/\/news.canadamotorjobs.com\/#organization"},"image":{"@id":"https:\/\/news.canadamotorjobs.com\/fr\/vinfast-va-regrouper-ses-operations-canadiennes-et-americaines-sous-le-meme-toit\/#primaryimage"},"thumbnailUrl":"https:\/\/news.canadamotorjobs.com\/wp-content\/uploads\/2023\/01\/IMG_5299.jpg","keywords":["Newsletter"],"articleSection":["Annuel automobile"],"inLanguage":"fr-CA"},{"@type":"WebPage","@id":"https:\/\/news.canadamotorjobs.com\/fr\/vinfast-va-regrouper-ses-operations-canadiennes-et-americaines-sous-le-meme-toit\/","url":"https:\/\/news.canadamotorjobs.com\/fr\/vinfast-va-regrouper-ses-operations-canadiennes-et-americaines-sous-le-meme-toit\/","name":"Vinfast va regrouper ses op\u00e9rations canadiennes et am\u00e9ricaines sous le m\u00eame toit - CanadaMotorJobs.com","isPartOf":{"@id":"https:\/\/news.canadamotorjobs.com\/#website"},"primaryImageOfPage":{"@id":"https:\/\/news.canadamotorjobs.com\/fr\/vinfast-va-regrouper-ses-operations-canadiennes-et-americaines-sous-le-meme-toit\/#primaryimage"},"image":{"@id":"https:\/\/news.canadamotorjobs.com\/fr\/vinfast-va-regrouper-ses-operations-canadiennes-et-americaines-sous-le-meme-toit\/#primaryimage"},"thumbnailUrl":"https:\/\/news.canadamotorjobs.com\/wp-content\/uploads\/2023\/01\/IMG_5299.jpg","datePublished":"2023-01-29T13:34:10+00:00","dateModified":"2023-01-30T20:36:41+00:00","description":"Vinfast va regrouper ses op\u00e9rations canadiennes et am\u00e9ricaines sous le m\u00eame toit - Benoit Charette - Annuel automobile - CanadaMotorJobs.com.","breadcrumb":{"@id":"https:\/\/news.canadamotorjobs.com\/fr\/vinfast-va-regrouper-ses-operations-canadiennes-et-americaines-sous-le-meme-toit\/#breadcrumb"},"inLanguage":"fr-CA","potentialAction":[{"@type":"ReadAction","target":["https:\/\/news.canadamotorjobs.com\/fr\/vinfast-va-regrouper-ses-operations-canadiennes-et-americaines-sous-le-meme-toit\/"]}]},{"@type":"ImageObject","inLanguage":"fr-CA","@id":"https:\/\/news.canadamotorjobs.com\/fr\/vinfast-va-regrouper-ses-operations-canadiennes-et-americaines-sous-le-meme-toit\/#primaryimage","url":"https:\/\/news.canadamotorjobs.com\/wp-content\/uploads\/2023\/01\/IMG_5299.jpg","contentUrl":"https:\/\/news.canadamotorjobs.com\/wp-content\/uploads\/2023\/01\/IMG_5299.jpg","width":1333,"height":1000},{"@type":"BreadcrumbList","@id":"https:\/\/news.canadamotorjobs.com\/fr\/vinfast-va-regrouper-ses-operations-canadiennes-et-americaines-sous-le-meme-toit\/#breadcrumb","itemListElement":[{"@type":"ListItem","position":1,"name":"Home","item":"https:\/\/news.canadamotorjobs.com\/fr\/blog\/"},{"@type":"ListItem","position":2,"name":"Vinfast va regrouper ses op\u00e9rations canadiennes et am\u00e9ricaines sous le m\u00eame toit"}]},{"@type":"WebSite","@id":"https:\/\/news.canadamotorjobs.com\/#website","url":"https:\/\/news.canadamotorjobs.com\/","name":"CanadaMotorJobs.com","description":"Automotive Jobs","publisher":{"@id":"https:\/\/news.canadamotorjobs.com\/#organization"},"potentialAction":[{"@type":"SearchAction","target":{"@type":"EntryPoint","urlTemplate":"https:\/\/news.canadamotorjobs.com\/?s={search_term_string}"},"query-input":"required name=search_term_string"}],"inLanguage":"fr-CA"},{"@type":"Organization","@id":"https:\/\/news.canadamotorjobs.com\/#organization","name":"Canada Motor Jobs","url":"https:\/\/news.canadamotorjobs.com\/","logo":{"@type":"ImageObject","inLanguage":"fr-CA","@id":"https:\/\/news.canadamotorjobs.com\/#\/schema\/logo\/image\/","url":"https:\/\/news.canadamotorjobs.com\/wp-content\/uploads\/2022\/10\/logo-canada-motor-jobs-1.png","contentUrl":"https:\/\/news.canadamotorjobs.com\/wp-content\/uploads\/2022\/10\/logo-canada-motor-jobs-1.png","width":800,"height":400,"caption":"Canada Motor Jobs"},"image":{"@id":"https:\/\/news.canadamotorjobs.com\/#\/schema\/logo\/image\/"},"sameAs":["https:\/\/www.facebook.com\/canadamotorjobs\/","https:\/\/x.com\/canadamotorjobs","https:\/\/www.instagram.com\/canadamotorjobs\/","https:\/\/www.linkedin.com\/company\/canadamotorjobs"]},{"@type":"Person","@id":"https:\/\/news.canadamotorjobs.com\/#\/schema\/person\/51793d1f87d44011d7bcc2ed99269a90","name":"Benoit Charette","image":{"@type":"ImageObject","inLanguage":"fr-CA","@id":"https:\/\/news.canadamotorjobs.com\/#\/schema\/person\/image\/","url":"https:\/\/secure.gravatar.com\/avatar\/45f3d2eebcccd909668d7ce7ea7267b6?s=96&d=mm&r=g","contentUrl":"https:\/\/secure.gravatar.com\/avatar\/45f3d2eebcccd909668d7ce7ea7267b6?s=96&d=mm&r=g","caption":"Benoit Charette"},"description":"Benoit Charette \/ Propri\u00e9taire et r\u00e9dacteur en chef Benoit Charette pratique le journalisme automobile depuis bient\u00f4t 30 ans. Il a fait ses classes au c\u00f4t\u00e9 de Daniel H\u00e9raud et au Carnet de route de 1992 \u00e0 2001. Il est fondateur, copropri\u00e9taire et r\u00e9dacteur en chef de L\u2019Annuel de l\u2019automobile, qu\u2019il publie depuis 2001. Il a anim\u00e9 les \u00e9missions RPM et RPM+ sur V et les L\u00e9gendes de la route sur Historia. \u00c0 la radio depuis 1986, il reprend l\u2019antenne cette ann\u00e9e sur les ondes de Cogeco et participe pour la deuxi\u00e8me ann\u00e9e \u00e0 l\u2019\u00e9mission Passion Auto sur RDS en plus de mettre en ligne le site Web officiel de L\u2019Annuel de l\u2019automobile sur annuelauto.ca.","sameAs":["https:\/\/annuelauto.ca\/"],"url":"https:\/\/news.canadamotorjobs.com\/fr\/author\/benoit-charette\/"}]}},"_links":{"self":[{"href":"https:\/\/news.canadamotorjobs.com\/fr\/wp-json\/wp\/v2\/posts\/139049"}],"collection":[{"href":"https:\/\/news.canadamotorjobs.com\/fr\/wp-json\/wp\/v2\/posts"}],"about":[{"href":"https:\/\/news.canadamotorjobs.com\/fr\/wp-json\/wp\/v2\/types\/post"}],"author":[{"embeddable":true,"href":"https:\/\/news.canadamotorjobs.com\/fr\/wp-json\/wp\/v2\/users\/8"}],"replies":[{"embeddable":true,"href":"https:\/\/news.canadamotorjobs.com\/fr\/wp-json\/wp\/v2\/comments?post=139049"}],"version-history":[{"count":3,"href":"https:\/\/news.canadamotorjobs.com\/fr\/wp-json\/wp\/v2\/posts\/139049\/revisions"}],"predecessor-version":[{"id":139169,"href":"https:\/\/news.canadamotorjobs.com\/fr\/wp-json\/wp\/v2\/posts\/139049\/revisions\/139169"}],"wp:featuredmedia":[{"embeddable":true,"href":"https:\/\/news.canadamotorjobs.com\/fr\/wp-json\/wp\/v2\/media\/139051"}],"wp:attachment":[{"href":"https:\/\/news.canadamotorjobs.com\/fr\/wp-json\/wp\/v2\/media?parent=139049"}],"wp:term":[{"taxonomy":"category","embeddable":true,"href":"https:\/\/news.canadamotorjobs.com\/fr\/wp-json\/wp\/v2\/categories?post=139049"},{"taxonomy":"post_tag","embeddable":true,"href":"https:\/\/news.canadamotorjobs.com\/fr\/wp-json\/wp\/v2\/tags?post=139049"}],"curies":[{"name":"wp","href":"https:\/\/api.w.org\/{rel}","templated":true}]}}