{"id":139026,"date":"2023-01-29T08:08:42","date_gmt":"2023-01-29T13:08:42","guid":{"rendered":"https:\/\/news.canadamotorjobs.com\/?p=139026"},"modified":"2023-01-29T08:13:57","modified_gmt":"2023-01-29T13:13:57","slug":"un-rappel-de-plus-de-100-000-vehicules-volvo-pour-des-problemes-de-freins","status":"publish","type":"post","link":"https:\/\/news.canadamotorjobs.com\/fr\/un-rappel-de-plus-de-100-000-vehicules-volvo-pour-des-problemes-de-freins\/","title":{"rendered":"Un rappel de plus de 100\u00a0000 v\u00e9hicules Volvo pour des probl\u00e8mes de freins"},"content":{"rendered":"<\/p>\n<p>Volvo rappelle 106 900 voitures dans le monde en raison d&#8217;un dysfonctionnement potentiel du syst\u00e8me de freinage. Les voitures concern\u00e9es sont des exemplaires de l&#8217;ann\u00e9e mod\u00e8le 2023 des mod\u00e8les C40, XC40, S60, V60, XC60, V90 Cross Country et XC90.<\/p>\n<h3>Un probl\u00e8me \u00e9lectronique<\/h3>\n<p>\nSelon la National Highway Traffic Safety Administration, une erreur de diagnostic du module de contr\u00f4le des freins (BCM2) peut entra\u00eener une perte de l&#8217;ABS, du contr\u00f4le de la traction et du contr\u00f4le \u00e9lectronique de la stabilit\u00e9. L&#8217;organisme affirme qu&#8217;une r\u00e9duction des fonctions d&#8217;assistance au freinage peut augmenter le risque d&#8217;accident.&#8221;<br \/>\nSelon Volvo Cars, aucun cas de blessure, de d\u00e9c\u00e8s ou d&#8217;accident n&#8217;a \u00e9t\u00e9 signal\u00e9 en rapport avec ce rappel.<\/p>\n<h3>Ce qui devra \u00eatre fait<\/h3>\n<p>\nLes concessionnaires devront effectuer une mise \u00e0 jour du logiciel BCM2 par voie a\u00e9rienne (OTA). Cette derni\u00e8re sera disponible gratuitement pour les propri\u00e9taires concern\u00e9s. Cette mise \u00e0 jour sera effectu\u00e9e le 20 f\u00e9vrier et sera disponible au d\u00e9but du mois de mars. Les lettres de notification aux propri\u00e9taires seront envoy\u00e9es d&#8217;ici le 15 mars 2023, et les propri\u00e9taires peuvent contacter le service \u00e0 la client\u00e8le pour plus de d\u00e9tails. Le num\u00e9ro de rappel officiel de Volvo pour ce probl\u00e8me est R10217.<\/p>\n<h3>Des petits bobos qui se poursuivent pour Volvo<\/h3>\n<p>\nEn 2020, Volvo a lanc\u00e9 le plus grand rappel de son histoire. 2,2 millions de voitures ont \u00e9t\u00e9 rappel\u00e9es pour des c\u00e2bles de ceintures de s\u00e9curit\u00e9 d\u00e9fectueux, qui pouvaient se rompre avec le temps en raison de la fatigue. En 2021, un autre probl\u00e8me de ceinture de s\u00e9curit\u00e9 a touch\u00e9 un lot de voitures beaucoup plus petit, et en octobre 2021, Volvo a \u00e9t\u00e9 contraint de rappeler 460\u00a0769 v\u00e9hicules en raison de coussins gonflables susceptibles d&#8217;exploser, provoquant des \u00e9clats d&#8217;obus qui transperceraient le visage du conducteur.<\/p>\n<p>\u00a0<\/p>\n<p>Avec des renseignements de Carbuzz<\/p>\n<p>Le texte <a rel=\"nofollow\" href=\"https:\/\/annuelauto.ca\/un-rappel-de-plus-de-100-000-vehicules-volvo-pour-des-problemes-de-freins\/\">Un rappel de plus de 100\u00a0000 v\u00e9hicules Volvo pour des probl\u00e8mes de freins<\/a> provient de <a rel=\"nofollow\" href=\"https:\/\/annuelauto.ca\">L&#8217;annuel de l&#8217;automobile &#8211; Actualit\u00e9 automobile<\/a><\/p>\n<p><\/p>\n","protected":false},"excerpt":{"rendered":"<p>Volvo rappelle 106 900 voitures dans le monde en raison d&#8217;un dysfonctionnement potentiel du syst\u00e8me de freinage. Les voitures concern\u00e9es sont des exemplaires de l&#8217;ann\u00e9e mod\u00e8le 2023 des mod\u00e8les C40, XC40, S60, V60, XC60, V90 Cross Country et XC90. Un probl\u00e8me \u00e9lectronique Selon la National Highway Traffic Safety Administration, une erreur de diagnostic du module [&hellip;]<\/p>\n","protected":false},"author":8,"featured_media":139028,"comment_status":"close","ping_status":"closed","sticky":false,"template":"","format":"standard","meta":{"_monsterinsights_skip_tracking":false,"_monsterinsights_sitenote_active":false,"_monsterinsights_sitenote_note":"","_monsterinsights_sitenote_category":0,"footnotes":""},"categories":[101],"tags":[],"yoast_head":"<!-- This site is optimized with the Yoast SEO plugin v23.2 - https:\/\/yoast.com\/wordpress\/plugins\/seo\/ -->\n<title>Un rappel de plus de 100\u00a0000 v\u00e9hicules Volvo pour des probl\u00e8mes de freins - CanadaMotorJobs.com<\/title>\n<meta name=\"description\" content=\"Un rappel de plus de 100\u00a0000 v\u00e9hicules Volvo pour des probl\u00e8mes de freins - Benoit Charette - Annuel automobile - CanadaMotorJobs.com.\" \/>\n<meta name=\"robots\" content=\"index, follow, max-snippet:-1, max-image-preview:large, max-video-preview:-1\" \/>\n<meta property=\"og:locale\" content=\"fr_CA\" \/>\n<meta property=\"og:type\" content=\"article\" \/>\n<meta property=\"og:title\" content=\"Un rappel de plus de 100\u00a0000 v\u00e9hicules Volvo pour des probl\u00e8mes de freins - CanadaMotorJobs.com\" \/>\n<meta property=\"og:description\" content=\"Un rappel de plus de 100\u00a0000 v\u00e9hicules Volvo pour des probl\u00e8mes de freins - Benoit Charette - Annuel automobile - CanadaMotorJobs.com.\" \/>\n<meta property=\"og:url\" content=\"https:\/\/news.canadamotorjobs.com\/fr\/un-rappel-de-plus-de-100-000-vehicules-volvo-pour-des-problemes-de-freins\/\" \/>\n<meta property=\"og:site_name\" content=\"CanadaMotorJobs.com\" \/>\n<meta property=\"article:publisher\" content=\"https:\/\/www.facebook.com\/canadamotorjobs\/\" \/>\n<meta property=\"article:published_time\" content=\"2023-01-29T13:08:42+00:00\" \/>\n<meta property=\"article:modified_time\" content=\"2023-01-29T13:13:57+00:00\" \/>\n<meta property=\"og:image\" content=\"https:\/\/news.canadamotorjobs.com\/wp-content\/uploads\/2023\/01\/IMG_3483.jpg\" \/>\n\t<meta property=\"og:image:width\" content=\"1333\" \/>\n\t<meta property=\"og:image:height\" content=\"1000\" \/>\n\t<meta property=\"og:image:type\" content=\"image\/jpeg\" \/>\n<meta name=\"author\" content=\"Benoit Charette\" \/>\n<meta name=\"twitter:card\" content=\"summary_large_image\" \/>\n<meta name=\"twitter:creator\" content=\"@canadamotorjobs\" \/>\n<meta name=\"twitter:site\" content=\"@canadamotorjobs\" \/>\n<meta name=\"twitter:label1\" content=\"\u00c9crit par\" \/>\n\t<meta name=\"twitter:data1\" content=\"Benoit Charette\" \/>\n\t<meta name=\"twitter:label2\" content=\"Estimation du temps de lecture\" \/>\n\t<meta name=\"twitter:data2\" content=\"2 minutes\" \/>\n<!-- \/ Yoast SEO plugin. -->","yoast_head_json":{"title":"Un rappel de plus de 100\u00a0000 v\u00e9hicules Volvo pour des probl\u00e8mes de freins - CanadaMotorJobs.com","description":"Un rappel de plus de 100\u00a0000 v\u00e9hicules Volvo pour des probl\u00e8mes de freins - Benoit Charette - Annuel automobile - CanadaMotorJobs.com.","robots":{"index":"index","follow":"follow","max-snippet":"max-snippet:-1","max-image-preview":"max-image-preview:large","max-video-preview":"max-video-preview:-1"},"og_locale":"fr_CA","og_type":"article","og_title":"Un rappel de plus de 100\u00a0000 v\u00e9hicules Volvo pour des probl\u00e8mes de freins - CanadaMotorJobs.com","og_description":"Un rappel de plus de 100\u00a0000 v\u00e9hicules Volvo pour des probl\u00e8mes de freins - Benoit Charette - Annuel automobile - CanadaMotorJobs.com.","og_url":"https:\/\/news.canadamotorjobs.com\/fr\/un-rappel-de-plus-de-100-000-vehicules-volvo-pour-des-problemes-de-freins\/","og_site_name":"CanadaMotorJobs.com","article_publisher":"https:\/\/www.facebook.com\/canadamotorjobs\/","article_published_time":"2023-01-29T13:08:42+00:00","article_modified_time":"2023-01-29T13:13:57+00:00","og_image":[{"width":1333,"height":1000,"url":"https:\/\/news.canadamotorjobs.com\/wp-content\/uploads\/2023\/01\/IMG_3483.jpg","type":"image\/jpeg"}],"author":"Benoit Charette","twitter_card":"summary_large_image","twitter_creator":"@canadamotorjobs","twitter_site":"@canadamotorjobs","twitter_misc":{"\u00c9crit par":"Benoit Charette","Estimation du temps de lecture":"2 minutes"},"schema":{"@context":"https:\/\/schema.org","@graph":[{"@type":"Article","@id":"https:\/\/news.canadamotorjobs.com\/fr\/un-rappel-de-plus-de-100-000-vehicules-volvo-pour-des-problemes-de-freins\/#article","isPartOf":{"@id":"https:\/\/news.canadamotorjobs.com\/fr\/un-rappel-de-plus-de-100-000-vehicules-volvo-pour-des-problemes-de-freins\/"},"author":{"name":"Benoit Charette","@id":"https:\/\/news.canadamotorjobs.com\/#\/schema\/person\/51793d1f87d44011d7bcc2ed99269a90"},"headline":"Un rappel de plus de 100\u00a0000 v\u00e9hicules Volvo pour des probl\u00e8mes de freins","datePublished":"2023-01-29T13:08:42+00:00","dateModified":"2023-01-29T13:13:57+00:00","mainEntityOfPage":{"@id":"https:\/\/news.canadamotorjobs.com\/fr\/un-rappel-de-plus-de-100-000-vehicules-volvo-pour-des-problemes-de-freins\/"},"wordCount":367,"publisher":{"@id":"https:\/\/news.canadamotorjobs.com\/#organization"},"image":{"@id":"https:\/\/news.canadamotorjobs.com\/fr\/un-rappel-de-plus-de-100-000-vehicules-volvo-pour-des-problemes-de-freins\/#primaryimage"},"thumbnailUrl":"https:\/\/news.canadamotorjobs.com\/wp-content\/uploads\/2023\/01\/IMG_3483.jpg","articleSection":["Annuel automobile"],"inLanguage":"fr-CA"},{"@type":"WebPage","@id":"https:\/\/news.canadamotorjobs.com\/fr\/un-rappel-de-plus-de-100-000-vehicules-volvo-pour-des-problemes-de-freins\/","url":"https:\/\/news.canadamotorjobs.com\/fr\/un-rappel-de-plus-de-100-000-vehicules-volvo-pour-des-problemes-de-freins\/","name":"Un rappel de plus de 100\u00a0000 v\u00e9hicules Volvo pour des probl\u00e8mes de freins - CanadaMotorJobs.com","isPartOf":{"@id":"https:\/\/news.canadamotorjobs.com\/#website"},"primaryImageOfPage":{"@id":"https:\/\/news.canadamotorjobs.com\/fr\/un-rappel-de-plus-de-100-000-vehicules-volvo-pour-des-problemes-de-freins\/#primaryimage"},"image":{"@id":"https:\/\/news.canadamotorjobs.com\/fr\/un-rappel-de-plus-de-100-000-vehicules-volvo-pour-des-problemes-de-freins\/#primaryimage"},"thumbnailUrl":"https:\/\/news.canadamotorjobs.com\/wp-content\/uploads\/2023\/01\/IMG_3483.jpg","datePublished":"2023-01-29T13:08:42+00:00","dateModified":"2023-01-29T13:13:57+00:00","description":"Un rappel de plus de 100\u00a0000 v\u00e9hicules Volvo pour des probl\u00e8mes de freins - Benoit Charette - Annuel automobile - CanadaMotorJobs.com.","breadcrumb":{"@id":"https:\/\/news.canadamotorjobs.com\/fr\/un-rappel-de-plus-de-100-000-vehicules-volvo-pour-des-problemes-de-freins\/#breadcrumb"},"inLanguage":"fr-CA","potentialAction":[{"@type":"ReadAction","target":["https:\/\/news.canadamotorjobs.com\/fr\/un-rappel-de-plus-de-100-000-vehicules-volvo-pour-des-problemes-de-freins\/"]}]},{"@type":"ImageObject","inLanguage":"fr-CA","@id":"https:\/\/news.canadamotorjobs.com\/fr\/un-rappel-de-plus-de-100-000-vehicules-volvo-pour-des-problemes-de-freins\/#primaryimage","url":"https:\/\/news.canadamotorjobs.com\/wp-content\/uploads\/2023\/01\/IMG_3483.jpg","contentUrl":"https:\/\/news.canadamotorjobs.com\/wp-content\/uploads\/2023\/01\/IMG_3483.jpg","width":1333,"height":1000},{"@type":"BreadcrumbList","@id":"https:\/\/news.canadamotorjobs.com\/fr\/un-rappel-de-plus-de-100-000-vehicules-volvo-pour-des-problemes-de-freins\/#breadcrumb","itemListElement":[{"@type":"ListItem","position":1,"name":"Home","item":"https:\/\/news.canadamotorjobs.com\/fr\/blog\/"},{"@type":"ListItem","position":2,"name":"Un rappel de plus de 100\u00a0000 v\u00e9hicules Volvo pour des probl\u00e8mes de freins"}]},{"@type":"WebSite","@id":"https:\/\/news.canadamotorjobs.com\/#website","url":"https:\/\/news.canadamotorjobs.com\/","name":"CanadaMotorJobs.com","description":"Automotive Jobs","publisher":{"@id":"https:\/\/news.canadamotorjobs.com\/#organization"},"potentialAction":[{"@type":"SearchAction","target":{"@type":"EntryPoint","urlTemplate":"https:\/\/news.canadamotorjobs.com\/?s={search_term_string}"},"query-input":"required name=search_term_string"}],"inLanguage":"fr-CA"},{"@type":"Organization","@id":"https:\/\/news.canadamotorjobs.com\/#organization","name":"Canada Motor Jobs","url":"https:\/\/news.canadamotorjobs.com\/","logo":{"@type":"ImageObject","inLanguage":"fr-CA","@id":"https:\/\/news.canadamotorjobs.com\/#\/schema\/logo\/image\/","url":"https:\/\/news.canadamotorjobs.com\/wp-content\/uploads\/2022\/10\/logo-canada-motor-jobs-1.png","contentUrl":"https:\/\/news.canadamotorjobs.com\/wp-content\/uploads\/2022\/10\/logo-canada-motor-jobs-1.png","width":800,"height":400,"caption":"Canada Motor Jobs"},"image":{"@id":"https:\/\/news.canadamotorjobs.com\/#\/schema\/logo\/image\/"},"sameAs":["https:\/\/www.facebook.com\/canadamotorjobs\/","https:\/\/x.com\/canadamotorjobs","https:\/\/www.instagram.com\/canadamotorjobs\/","https:\/\/www.linkedin.com\/company\/canadamotorjobs"]},{"@type":"Person","@id":"https:\/\/news.canadamotorjobs.com\/#\/schema\/person\/51793d1f87d44011d7bcc2ed99269a90","name":"Benoit Charette","image":{"@type":"ImageObject","inLanguage":"fr-CA","@id":"https:\/\/news.canadamotorjobs.com\/#\/schema\/person\/image\/","url":"https:\/\/secure.gravatar.com\/avatar\/45f3d2eebcccd909668d7ce7ea7267b6?s=96&d=mm&r=g","contentUrl":"https:\/\/secure.gravatar.com\/avatar\/45f3d2eebcccd909668d7ce7ea7267b6?s=96&d=mm&r=g","caption":"Benoit Charette"},"description":"Benoit Charette \/ Propri\u00e9taire et r\u00e9dacteur en chef Benoit Charette pratique le journalisme automobile depuis bient\u00f4t 30 ans. Il a fait ses classes au c\u00f4t\u00e9 de Daniel H\u00e9raud et au Carnet de route de 1992 \u00e0 2001. Il est fondateur, copropri\u00e9taire et r\u00e9dacteur en chef de L\u2019Annuel de l\u2019automobile, qu\u2019il publie depuis 2001. Il a anim\u00e9 les \u00e9missions RPM et RPM+ sur V et les L\u00e9gendes de la route sur Historia. \u00c0 la radio depuis 1986, il reprend l\u2019antenne cette ann\u00e9e sur les ondes de Cogeco et participe pour la deuxi\u00e8me ann\u00e9e \u00e0 l\u2019\u00e9mission Passion Auto sur RDS en plus de mettre en ligne le site Web officiel de L\u2019Annuel de l\u2019automobile sur annuelauto.ca.","sameAs":["https:\/\/annuelauto.ca\/"],"url":"https:\/\/news.canadamotorjobs.com\/fr\/author\/benoit-charette\/"}]}},"_links":{"self":[{"href":"https:\/\/news.canadamotorjobs.com\/fr\/wp-json\/wp\/v2\/posts\/139026"}],"collection":[{"href":"https:\/\/news.canadamotorjobs.com\/fr\/wp-json\/wp\/v2\/posts"}],"about":[{"href":"https:\/\/news.canadamotorjobs.com\/fr\/wp-json\/wp\/v2\/types\/post"}],"author":[{"embeddable":true,"href":"https:\/\/news.canadamotorjobs.com\/fr\/wp-json\/wp\/v2\/users\/8"}],"replies":[{"embeddable":true,"href":"https:\/\/news.canadamotorjobs.com\/fr\/wp-json\/wp\/v2\/comments?post=139026"}],"version-history":[{"count":2,"href":"https:\/\/news.canadamotorjobs.com\/fr\/wp-json\/wp\/v2\/posts\/139026\/revisions"}],"predecessor-version":[{"id":139030,"href":"https:\/\/news.canadamotorjobs.com\/fr\/wp-json\/wp\/v2\/posts\/139026\/revisions\/139030"}],"wp:featuredmedia":[{"embeddable":true,"href":"https:\/\/news.canadamotorjobs.com\/fr\/wp-json\/wp\/v2\/media\/139028"}],"wp:attachment":[{"href":"https:\/\/news.canadamotorjobs.com\/fr\/wp-json\/wp\/v2\/media?parent=139026"}],"wp:term":[{"taxonomy":"category","embeddable":true,"href":"https:\/\/news.canadamotorjobs.com\/fr\/wp-json\/wp\/v2\/categories?post=139026"},{"taxonomy":"post_tag","embeddable":true,"href":"https:\/\/news.canadamotorjobs.com\/fr\/wp-json\/wp\/v2\/tags?post=139026"}],"curies":[{"name":"wp","href":"https:\/\/api.w.org\/{rel}","templated":true}]}}