{"id":138972,"date":"2023-01-28T08:57:12","date_gmt":"2023-01-28T13:57:12","guid":{"rendered":"https:\/\/news.canadamotorjobs.com\/?p=138972"},"modified":"2023-01-28T09:00:38","modified_gmt":"2023-01-28T14:00:38","slug":"genesis-donne-le-feu-vert-a-la-fabrication-dun-cabriolet-de-300-000","status":"publish","type":"post","link":"https:\/\/news.canadamotorjobs.com\/fr\/genesis-donne-le-feu-vert-a-la-fabrication-dun-cabriolet-de-300-000\/","title":{"rendered":"Genesis donne le feu vert \u00e0 la fabrication d\u2019un cabriolet de 300 000\u00a0$"},"content":{"rendered":"<\/p>\n<p>La division\u00a0 de luxe de Hyundai va commercialiser un cabriolet fortement inspir\u00e9 du Concept X. Un mod\u00e8le qui deviendra le vaisseau amiral de marque et va se vendre aussi cher qu\u2019une Bentley. Aucune date de production n\u2019a encore \u00e9t\u00e9 annonc\u00e9e.<\/p>\n<h3>Un g\u00e9nie cr\u00e9atif aux commandes<\/h3>\n<p>\nLe directeur de la cr\u00e9ation de Genesis, Luc Donckerwolke, sera le responsable du projet. Ce dernier poss\u00e8de une feuille de route bien garnie et sait faire en mati\u00e8re de luxe. Apr\u00e8s avoir \u0153uvr\u00e9 successivement pour Audi et Skoda, il passe chez Lamborghini et c\u2019est lui l\u2019homme derri\u00e8re la Gallardo et la Murci\u00e9lago. Il arrive ensuite chez Volkswagen en 2011 pour ensuite \u00eatre nomm\u00e9 \u00e0 la t\u00eate du design chez Bentley. Il quitte le groupe Volkswagen en 2016 pour int\u00e9grer Hyundai.<\/p>\n<h3>Peu de d\u00e9tails encore<\/h3>\n<p>\nOn ne sait pas grand-chose d&#8217;autre sur les plans de la soci\u00e9t\u00e9 \u00e0 ce stade.\u00a0 Les responsables de la marque ont laiss\u00e9 entendre que le mod\u00e8le va se vendre entre 200 000\u00a0$ et 300 000\u00a0$ US. Le concept X d\u00e9capotable a \u00e9t\u00e9 d\u00e9voil\u00e9 en novembre dernier. Il pr\u00e9sentait un design saisissant et un toit rigide r\u00e9tractable avec un ciel de toit transparent au-dessus des si\u00e8ges avant.\u00a0 Cela promettait de donner une sensation d&#8217;ouverture m\u00eame lorsque le toit \u00e9tait ferm\u00e9. Genesis n&#8217;a pas fourni beaucoup de d\u00e9tails sur le concept, mais le cabriolet \u00e9lectrique pr\u00e9sentait un int\u00e9rieur \u00e0 quatre places avec un groupe d&#8217;instruments num\u00e9riques qui se fondait dans un syst\u00e8me d&#8217;infodivertissement vertical.\u00a0 L&#8217;habitacle \u00e9tait \u00e9galement dot\u00e9 de si\u00e8ges en cuir et d&#8217;une sellerie en laine.<\/p>\n<p>\u00a0<\/p>\n<p>Avec des renseignements d\u2019Autoblog<\/p>\n<p>\u00a0<\/p>\n<p>\u00a0<\/p>\n<p>Le texte <a rel=\"nofollow\" href=\"https:\/\/annuelauto.ca\/genesis-donne-le-feu-vert-a-la-fabrication-dun-cabriolet-de-300-000\/\">Genesis donne le feu vert \u00e0 la fabrication d\u2019un cabriolet de 300 000\u00a0$<\/a> provient de <a rel=\"nofollow\" href=\"https:\/\/annuelauto.ca\">L&#8217;annuel de l&#8217;automobile &#8211; Actualit\u00e9 automobile<\/a><\/p>\n<p><\/p>\n","protected":false},"excerpt":{"rendered":"<p>La division\u00a0 de luxe de Hyundai va commercialiser un cabriolet fortement inspir\u00e9 du Concept X. Un mod\u00e8le qui deviendra le vaisseau amiral de marque et va se vendre aussi cher qu\u2019une Bentley. Aucune date de production n\u2019a encore \u00e9t\u00e9 annonc\u00e9e. Un g\u00e9nie cr\u00e9atif aux commandes Le directeur de la cr\u00e9ation de Genesis, Luc Donckerwolke, sera [&hellip;]<\/p>\n","protected":false},"author":8,"featured_media":138974,"comment_status":"close","ping_status":"closed","sticky":false,"template":"","format":"standard","meta":{"_monsterinsights_skip_tracking":false,"_monsterinsights_sitenote_active":false,"_monsterinsights_sitenote_note":"","_monsterinsights_sitenote_category":0,"footnotes":""},"categories":[101],"tags":[],"yoast_head":"<!-- This site is optimized with the Yoast SEO plugin v23.2 - https:\/\/yoast.com\/wordpress\/plugins\/seo\/ -->\n<title>Genesis donne le feu vert \u00e0 la fabrication d\u2019un cabriolet de 300 000\u00a0$ - CanadaMotorJobs.com<\/title>\n<meta name=\"description\" content=\"Genesis donne le feu vert \u00e0 la fabrication d\u2019un cabriolet de 300 000\u00a0$ - Benoit Charette - Annuel automobile - CanadaMotorJobs.com.\" \/>\n<meta name=\"robots\" content=\"index, follow, max-snippet:-1, max-image-preview:large, max-video-preview:-1\" \/>\n<meta property=\"og:locale\" content=\"fr_CA\" \/>\n<meta property=\"og:type\" content=\"article\" \/>\n<meta property=\"og:title\" content=\"Genesis donne le feu vert \u00e0 la fabrication d\u2019un cabriolet de 300 000\u00a0$ - CanadaMotorJobs.com\" \/>\n<meta property=\"og:description\" content=\"Genesis donne le feu vert \u00e0 la fabrication d\u2019un cabriolet de 300 000\u00a0$ - Benoit Charette - Annuel automobile - CanadaMotorJobs.com.\" \/>\n<meta property=\"og:url\" content=\"https:\/\/news.canadamotorjobs.com\/fr\/genesis-donne-le-feu-vert-a-la-fabrication-dun-cabriolet-de-300-000\/\" \/>\n<meta property=\"og:site_name\" content=\"CanadaMotorJobs.com\" \/>\n<meta property=\"article:publisher\" content=\"https:\/\/www.facebook.com\/canadamotorjobs\/\" \/>\n<meta property=\"article:published_time\" content=\"2023-01-28T13:57:12+00:00\" \/>\n<meta property=\"article:modified_time\" content=\"2023-01-28T14:00:38+00:00\" \/>\n<meta property=\"og:image\" content=\"https:\/\/news.canadamotorjobs.com\/wp-content\/uploads\/2023\/01\/628543.jpg\" \/>\n\t<meta property=\"og:image:width\" content=\"2015\" \/>\n\t<meta property=\"og:image:height\" content=\"1000\" \/>\n\t<meta property=\"og:image:type\" content=\"image\/jpeg\" \/>\n<meta name=\"author\" content=\"Benoit Charette\" \/>\n<meta name=\"twitter:card\" content=\"summary_large_image\" \/>\n<meta name=\"twitter:creator\" content=\"@canadamotorjobs\" \/>\n<meta name=\"twitter:site\" content=\"@canadamotorjobs\" \/>\n<meta name=\"twitter:label1\" content=\"\u00c9crit par\" \/>\n\t<meta name=\"twitter:data1\" content=\"Benoit Charette\" \/>\n\t<meta name=\"twitter:label2\" content=\"Estimation du temps de lecture\" \/>\n\t<meta name=\"twitter:data2\" content=\"2 minutes\" \/>\n<!-- \/ Yoast SEO plugin. -->","yoast_head_json":{"title":"Genesis donne le feu vert \u00e0 la fabrication d\u2019un cabriolet de 300 000\u00a0$ - CanadaMotorJobs.com","description":"Genesis donne le feu vert \u00e0 la fabrication d\u2019un cabriolet de 300 000\u00a0$ - Benoit Charette - Annuel automobile - CanadaMotorJobs.com.","robots":{"index":"index","follow":"follow","max-snippet":"max-snippet:-1","max-image-preview":"max-image-preview:large","max-video-preview":"max-video-preview:-1"},"og_locale":"fr_CA","og_type":"article","og_title":"Genesis donne le feu vert \u00e0 la fabrication d\u2019un cabriolet de 300 000\u00a0$ - CanadaMotorJobs.com","og_description":"Genesis donne le feu vert \u00e0 la fabrication d\u2019un cabriolet de 300 000\u00a0$ - Benoit Charette - Annuel automobile - CanadaMotorJobs.com.","og_url":"https:\/\/news.canadamotorjobs.com\/fr\/genesis-donne-le-feu-vert-a-la-fabrication-dun-cabriolet-de-300-000\/","og_site_name":"CanadaMotorJobs.com","article_publisher":"https:\/\/www.facebook.com\/canadamotorjobs\/","article_published_time":"2023-01-28T13:57:12+00:00","article_modified_time":"2023-01-28T14:00:38+00:00","og_image":[{"width":2015,"height":1000,"url":"https:\/\/news.canadamotorjobs.com\/wp-content\/uploads\/2023\/01\/628543.jpg","type":"image\/jpeg"}],"author":"Benoit Charette","twitter_card":"summary_large_image","twitter_creator":"@canadamotorjobs","twitter_site":"@canadamotorjobs","twitter_misc":{"\u00c9crit par":"Benoit Charette","Estimation du temps de lecture":"2 minutes"},"schema":{"@context":"https:\/\/schema.org","@graph":[{"@type":"Article","@id":"https:\/\/news.canadamotorjobs.com\/fr\/genesis-donne-le-feu-vert-a-la-fabrication-dun-cabriolet-de-300-000\/#article","isPartOf":{"@id":"https:\/\/news.canadamotorjobs.com\/fr\/genesis-donne-le-feu-vert-a-la-fabrication-dun-cabriolet-de-300-000\/"},"author":{"name":"Benoit Charette","@id":"https:\/\/news.canadamotorjobs.com\/#\/schema\/person\/51793d1f87d44011d7bcc2ed99269a90"},"headline":"Genesis donne le feu vert \u00e0 la fabrication d\u2019un cabriolet de 300 000\u00a0$","datePublished":"2023-01-28T13:57:12+00:00","dateModified":"2023-01-28T14:00:38+00:00","mainEntityOfPage":{"@id":"https:\/\/news.canadamotorjobs.com\/fr\/genesis-donne-le-feu-vert-a-la-fabrication-dun-cabriolet-de-300-000\/"},"wordCount":322,"publisher":{"@id":"https:\/\/news.canadamotorjobs.com\/#organization"},"image":{"@id":"https:\/\/news.canadamotorjobs.com\/fr\/genesis-donne-le-feu-vert-a-la-fabrication-dun-cabriolet-de-300-000\/#primaryimage"},"thumbnailUrl":"https:\/\/news.canadamotorjobs.com\/wp-content\/uploads\/2023\/01\/628543.jpg","articleSection":["Annuel automobile"],"inLanguage":"fr-CA"},{"@type":"WebPage","@id":"https:\/\/news.canadamotorjobs.com\/fr\/genesis-donne-le-feu-vert-a-la-fabrication-dun-cabriolet-de-300-000\/","url":"https:\/\/news.canadamotorjobs.com\/fr\/genesis-donne-le-feu-vert-a-la-fabrication-dun-cabriolet-de-300-000\/","name":"Genesis donne le feu vert \u00e0 la fabrication d\u2019un cabriolet de 300 000\u00a0$ - CanadaMotorJobs.com","isPartOf":{"@id":"https:\/\/news.canadamotorjobs.com\/#website"},"primaryImageOfPage":{"@id":"https:\/\/news.canadamotorjobs.com\/fr\/genesis-donne-le-feu-vert-a-la-fabrication-dun-cabriolet-de-300-000\/#primaryimage"},"image":{"@id":"https:\/\/news.canadamotorjobs.com\/fr\/genesis-donne-le-feu-vert-a-la-fabrication-dun-cabriolet-de-300-000\/#primaryimage"},"thumbnailUrl":"https:\/\/news.canadamotorjobs.com\/wp-content\/uploads\/2023\/01\/628543.jpg","datePublished":"2023-01-28T13:57:12+00:00","dateModified":"2023-01-28T14:00:38+00:00","description":"Genesis donne le feu vert \u00e0 la fabrication d\u2019un cabriolet de 300 000\u00a0$ - Benoit Charette - Annuel automobile - CanadaMotorJobs.com.","breadcrumb":{"@id":"https:\/\/news.canadamotorjobs.com\/fr\/genesis-donne-le-feu-vert-a-la-fabrication-dun-cabriolet-de-300-000\/#breadcrumb"},"inLanguage":"fr-CA","potentialAction":[{"@type":"ReadAction","target":["https:\/\/news.canadamotorjobs.com\/fr\/genesis-donne-le-feu-vert-a-la-fabrication-dun-cabriolet-de-300-000\/"]}]},{"@type":"ImageObject","inLanguage":"fr-CA","@id":"https:\/\/news.canadamotorjobs.com\/fr\/genesis-donne-le-feu-vert-a-la-fabrication-dun-cabriolet-de-300-000\/#primaryimage","url":"https:\/\/news.canadamotorjobs.com\/wp-content\/uploads\/2023\/01\/628543.jpg","contentUrl":"https:\/\/news.canadamotorjobs.com\/wp-content\/uploads\/2023\/01\/628543.jpg","width":2015,"height":1000},{"@type":"BreadcrumbList","@id":"https:\/\/news.canadamotorjobs.com\/fr\/genesis-donne-le-feu-vert-a-la-fabrication-dun-cabriolet-de-300-000\/#breadcrumb","itemListElement":[{"@type":"ListItem","position":1,"name":"Home","item":"https:\/\/news.canadamotorjobs.com\/fr\/blog\/"},{"@type":"ListItem","position":2,"name":"Genesis donne le feu vert \u00e0 la fabrication d\u2019un cabriolet de 300 000\u00a0$"}]},{"@type":"WebSite","@id":"https:\/\/news.canadamotorjobs.com\/#website","url":"https:\/\/news.canadamotorjobs.com\/","name":"CanadaMotorJobs.com","description":"Automotive Jobs","publisher":{"@id":"https:\/\/news.canadamotorjobs.com\/#organization"},"potentialAction":[{"@type":"SearchAction","target":{"@type":"EntryPoint","urlTemplate":"https:\/\/news.canadamotorjobs.com\/?s={search_term_string}"},"query-input":"required name=search_term_string"}],"inLanguage":"fr-CA"},{"@type":"Organization","@id":"https:\/\/news.canadamotorjobs.com\/#organization","name":"Canada Motor Jobs","url":"https:\/\/news.canadamotorjobs.com\/","logo":{"@type":"ImageObject","inLanguage":"fr-CA","@id":"https:\/\/news.canadamotorjobs.com\/#\/schema\/logo\/image\/","url":"https:\/\/news.canadamotorjobs.com\/wp-content\/uploads\/2022\/10\/logo-canada-motor-jobs-1.png","contentUrl":"https:\/\/news.canadamotorjobs.com\/wp-content\/uploads\/2022\/10\/logo-canada-motor-jobs-1.png","width":800,"height":400,"caption":"Canada Motor Jobs"},"image":{"@id":"https:\/\/news.canadamotorjobs.com\/#\/schema\/logo\/image\/"},"sameAs":["https:\/\/www.facebook.com\/canadamotorjobs\/","https:\/\/x.com\/canadamotorjobs","https:\/\/www.instagram.com\/canadamotorjobs\/","https:\/\/www.linkedin.com\/company\/canadamotorjobs"]},{"@type":"Person","@id":"https:\/\/news.canadamotorjobs.com\/#\/schema\/person\/51793d1f87d44011d7bcc2ed99269a90","name":"Benoit Charette","image":{"@type":"ImageObject","inLanguage":"fr-CA","@id":"https:\/\/news.canadamotorjobs.com\/#\/schema\/person\/image\/","url":"https:\/\/secure.gravatar.com\/avatar\/45f3d2eebcccd909668d7ce7ea7267b6?s=96&d=mm&r=g","contentUrl":"https:\/\/secure.gravatar.com\/avatar\/45f3d2eebcccd909668d7ce7ea7267b6?s=96&d=mm&r=g","caption":"Benoit Charette"},"description":"Benoit Charette \/ Propri\u00e9taire et r\u00e9dacteur en chef Benoit Charette pratique le journalisme automobile depuis bient\u00f4t 30 ans. Il a fait ses classes au c\u00f4t\u00e9 de Daniel H\u00e9raud et au Carnet de route de 1992 \u00e0 2001. Il est fondateur, copropri\u00e9taire et r\u00e9dacteur en chef de L\u2019Annuel de l\u2019automobile, qu\u2019il publie depuis 2001. Il a anim\u00e9 les \u00e9missions RPM et RPM+ sur V et les L\u00e9gendes de la route sur Historia. \u00c0 la radio depuis 1986, il reprend l\u2019antenne cette ann\u00e9e sur les ondes de Cogeco et participe pour la deuxi\u00e8me ann\u00e9e \u00e0 l\u2019\u00e9mission Passion Auto sur RDS en plus de mettre en ligne le site Web officiel de L\u2019Annuel de l\u2019automobile sur annuelauto.ca.","sameAs":["https:\/\/annuelauto.ca\/"],"url":"https:\/\/news.canadamotorjobs.com\/fr\/author\/benoit-charette\/"}]}},"_links":{"self":[{"href":"https:\/\/news.canadamotorjobs.com\/fr\/wp-json\/wp\/v2\/posts\/138972"}],"collection":[{"href":"https:\/\/news.canadamotorjobs.com\/fr\/wp-json\/wp\/v2\/posts"}],"about":[{"href":"https:\/\/news.canadamotorjobs.com\/fr\/wp-json\/wp\/v2\/types\/post"}],"author":[{"embeddable":true,"href":"https:\/\/news.canadamotorjobs.com\/fr\/wp-json\/wp\/v2\/users\/8"}],"replies":[{"embeddable":true,"href":"https:\/\/news.canadamotorjobs.com\/fr\/wp-json\/wp\/v2\/comments?post=138972"}],"version-history":[{"count":2,"href":"https:\/\/news.canadamotorjobs.com\/fr\/wp-json\/wp\/v2\/posts\/138972\/revisions"}],"predecessor-version":[{"id":138976,"href":"https:\/\/news.canadamotorjobs.com\/fr\/wp-json\/wp\/v2\/posts\/138972\/revisions\/138976"}],"wp:featuredmedia":[{"embeddable":true,"href":"https:\/\/news.canadamotorjobs.com\/fr\/wp-json\/wp\/v2\/media\/138974"}],"wp:attachment":[{"href":"https:\/\/news.canadamotorjobs.com\/fr\/wp-json\/wp\/v2\/media?parent=138972"}],"wp:term":[{"taxonomy":"category","embeddable":true,"href":"https:\/\/news.canadamotorjobs.com\/fr\/wp-json\/wp\/v2\/categories?post=138972"},{"taxonomy":"post_tag","embeddable":true,"href":"https:\/\/news.canadamotorjobs.com\/fr\/wp-json\/wp\/v2\/tags?post=138972"}],"curies":[{"name":"wp","href":"https:\/\/api.w.org\/{rel}","templated":true}]}}