{"id":138953,"date":"2023-01-28T08:17:38","date_gmt":"2023-01-28T13:17:38","guid":{"rendered":"https:\/\/news.canadamotorjobs.com\/?p=138953"},"modified":"2023-01-28T08:30:19","modified_gmt":"2023-01-28T13:30:19","slug":"nbc-met-fin-au-contrat-de-jay-leno","status":"publish","type":"post","link":"https:\/\/news.canadamotorjobs.com\/fr\/nbc-met-fin-au-contrat-de-jay-leno\/","title":{"rendered":"NBC met fin au contrat de Jay Leno"},"content":{"rendered":"<\/p>\n<p>L\u2019\u00c9mission Jay Leno\u2019s Garage ne reviendra pas pour une autre saison. Le diffuseur NBC a mis fin au contrat du c\u00e9l\u00e8bre artiste et grand collectionneur de voiture, Jay Leno.<\/p>\n<h3>Faire place \u00e0 des \u00e9missions plus populaires<\/h3>\n<p>\nS&#8217;appuyant sur des sources anonymes au sein de CNBC, The Hollywood Reporter indique que l&#8217;annulation de Jay Leno&#8217;s Garage s&#8217;inscrit dans le cadre d&#8217;un &#8220;changement de grille plus important&#8221; au sein de la cha\u00eene, qui verra les cr\u00e9neaux de grandes heures d\u2019\u00e9coute occup\u00e9s par des rediffusions d&#8217;\u00e9missions de t\u00e9l\u00e9r\u00e9alit\u00e9 plus populaires comme Shark Tank et Undercover Boss, ainsi que par des documentaires \u00e9conomiques originaux.<\/p>\n<h3>\u00c0 propos de YouTube<\/h3>\n<p>\nLe Hollywood Reporter ne pr\u00e9cise pas si l&#8217;annulation de l&#8217;\u00e9mission de t\u00e9l\u00e9vision de Leno affectera la cha\u00eene YouTube du m\u00eame nom, qui suit un format plus simple comprenant g\u00e9n\u00e9ralement une voiture que Jay pr\u00e9sente. Rien n&#8217;indique que le format de publication hebdomadaire de la cha\u00eene va changer. Depuis des ann\u00e9es, Jay Leno, en plus de pr\u00e9senter son immense collection de voitures accueillait des invit\u00e9s c\u00e9l\u00e8bres comme le pr\u00e9sident Joe Biden et le PDG de Tesla Elon Musk. L&#8217;\u00e9mission proposait \u00e9galement des cascades comme des courses de dragster pour divertir le public.<\/p>\n<p>La nouvelle de l&#8217;annulation de l&#8217;\u00e9mission survient une semaine apr\u00e8s que Leno, 72 ans, ait subi de multiples fractures dans un accident de moto. En novembre dernier, Leno avait subi de graves br\u00fblures au visage et aux bras alors qu&#8217;il travaillait sur une voiture \u00e0 vapeur, et avait d\u00fb \u00eatre admis \u00e0 l&#8217;h\u00f4pital, mais il s&#8217;\u00e9tait compl\u00e8tement r\u00e9tabli.<\/p>\n<p>\u00a0<\/p>\n<p>Avec des renseignements de Road and Track<\/p>\n<p>Le texte <a rel=\"nofollow\" href=\"https:\/\/annuelauto.ca\/nbc-met-fin-au-contrat-de-jay-leno\/\">NBC met fin au contrat de Jay Leno<\/a> provient de <a rel=\"nofollow\" href=\"https:\/\/annuelauto.ca\">L&#8217;annuel de l&#8217;automobile &#8211; Actualit\u00e9 automobile<\/a><\/p>\n<p><\/p>\n","protected":false},"excerpt":{"rendered":"<p>L\u2019\u00c9mission Jay Leno\u2019s Garage ne reviendra pas pour une autre saison. Le diffuseur NBC a mis fin au contrat du c\u00e9l\u00e8bre artiste et grand collectionneur de voiture, Jay Leno. Faire place \u00e0 des \u00e9missions plus populaires S&#8217;appuyant sur des sources anonymes au sein de CNBC, The Hollywood Reporter indique que l&#8217;annulation de Jay Leno&#8217;s Garage [&hellip;]<\/p>\n","protected":false},"author":8,"featured_media":138955,"comment_status":"close","ping_status":"closed","sticky":false,"template":"","format":"standard","meta":{"_monsterinsights_skip_tracking":false,"_monsterinsights_sitenote_active":false,"_monsterinsights_sitenote_note":"","_monsterinsights_sitenote_category":0,"footnotes":""},"categories":[101],"tags":[],"yoast_head":"<!-- This site is optimized with the Yoast SEO plugin v23.2 - https:\/\/yoast.com\/wordpress\/plugins\/seo\/ -->\n<title>NBC met fin au contrat de Jay Leno - CanadaMotorJobs.com<\/title>\n<meta name=\"description\" content=\"NBC met fin au contrat de Jay Leno - Benoit Charette - Annuel automobile - CanadaMotorJobs.com.\" \/>\n<meta name=\"robots\" content=\"index, follow, max-snippet:-1, max-image-preview:large, max-video-preview:-1\" \/>\n<meta property=\"og:locale\" content=\"fr_CA\" \/>\n<meta property=\"og:type\" content=\"article\" \/>\n<meta property=\"og:title\" content=\"NBC met fin au contrat de Jay Leno - CanadaMotorJobs.com\" \/>\n<meta property=\"og:description\" content=\"NBC met fin au contrat de Jay Leno - Benoit Charette - Annuel automobile - CanadaMotorJobs.com.\" \/>\n<meta property=\"og:url\" content=\"https:\/\/news.canadamotorjobs.com\/fr\/nbc-met-fin-au-contrat-de-jay-leno\/\" \/>\n<meta property=\"og:site_name\" content=\"CanadaMotorJobs.com\" \/>\n<meta property=\"article:publisher\" content=\"https:\/\/www.facebook.com\/canadamotorjobs\/\" \/>\n<meta property=\"article:published_time\" content=\"2023-01-28T13:17:38+00:00\" \/>\n<meta property=\"article:modified_time\" content=\"2023-01-28T13:30:19+00:00\" \/>\n<meta property=\"og:image\" content=\"https:\/\/news.canadamotorjobs.com\/wp-content\/uploads\/2023\/01\/jay-leno-garage-1024x555-1.jpg\" \/>\n\t<meta property=\"og:image:width\" content=\"1024\" \/>\n\t<meta property=\"og:image:height\" content=\"555\" \/>\n\t<meta property=\"og:image:type\" content=\"image\/jpeg\" \/>\n<meta name=\"author\" content=\"Benoit Charette\" \/>\n<meta name=\"twitter:card\" content=\"summary_large_image\" \/>\n<meta name=\"twitter:creator\" content=\"@canadamotorjobs\" \/>\n<meta name=\"twitter:site\" content=\"@canadamotorjobs\" \/>\n<meta name=\"twitter:label1\" content=\"\u00c9crit par\" \/>\n\t<meta name=\"twitter:data1\" content=\"Benoit Charette\" \/>\n\t<meta name=\"twitter:label2\" content=\"Estimation du temps de lecture\" \/>\n\t<meta name=\"twitter:data2\" content=\"2 minutes\" \/>\n<!-- \/ Yoast SEO plugin. -->","yoast_head_json":{"title":"NBC met fin au contrat de Jay Leno - CanadaMotorJobs.com","description":"NBC met fin au contrat de Jay Leno - Benoit Charette - Annuel automobile - CanadaMotorJobs.com.","robots":{"index":"index","follow":"follow","max-snippet":"max-snippet:-1","max-image-preview":"max-image-preview:large","max-video-preview":"max-video-preview:-1"},"og_locale":"fr_CA","og_type":"article","og_title":"NBC met fin au contrat de Jay Leno - CanadaMotorJobs.com","og_description":"NBC met fin au contrat de Jay Leno - Benoit Charette - Annuel automobile - CanadaMotorJobs.com.","og_url":"https:\/\/news.canadamotorjobs.com\/fr\/nbc-met-fin-au-contrat-de-jay-leno\/","og_site_name":"CanadaMotorJobs.com","article_publisher":"https:\/\/www.facebook.com\/canadamotorjobs\/","article_published_time":"2023-01-28T13:17:38+00:00","article_modified_time":"2023-01-28T13:30:19+00:00","og_image":[{"width":1024,"height":555,"url":"https:\/\/news.canadamotorjobs.com\/wp-content\/uploads\/2023\/01\/jay-leno-garage-1024x555-1.jpg","type":"image\/jpeg"}],"author":"Benoit Charette","twitter_card":"summary_large_image","twitter_creator":"@canadamotorjobs","twitter_site":"@canadamotorjobs","twitter_misc":{"\u00c9crit par":"Benoit Charette","Estimation du temps de lecture":"2 minutes"},"schema":{"@context":"https:\/\/schema.org","@graph":[{"@type":"Article","@id":"https:\/\/news.canadamotorjobs.com\/fr\/nbc-met-fin-au-contrat-de-jay-leno\/#article","isPartOf":{"@id":"https:\/\/news.canadamotorjobs.com\/fr\/nbc-met-fin-au-contrat-de-jay-leno\/"},"author":{"name":"Benoit Charette","@id":"https:\/\/news.canadamotorjobs.com\/#\/schema\/person\/51793d1f87d44011d7bcc2ed99269a90"},"headline":"NBC met fin au contrat de Jay Leno","datePublished":"2023-01-28T13:17:38+00:00","dateModified":"2023-01-28T13:30:19+00:00","mainEntityOfPage":{"@id":"https:\/\/news.canadamotorjobs.com\/fr\/nbc-met-fin-au-contrat-de-jay-leno\/"},"wordCount":328,"publisher":{"@id":"https:\/\/news.canadamotorjobs.com\/#organization"},"image":{"@id":"https:\/\/news.canadamotorjobs.com\/fr\/nbc-met-fin-au-contrat-de-jay-leno\/#primaryimage"},"thumbnailUrl":"https:\/\/news.canadamotorjobs.com\/wp-content\/uploads\/2023\/01\/jay-leno-garage-1024x555-1.jpg","articleSection":["Annuel automobile"],"inLanguage":"fr-CA"},{"@type":"WebPage","@id":"https:\/\/news.canadamotorjobs.com\/fr\/nbc-met-fin-au-contrat-de-jay-leno\/","url":"https:\/\/news.canadamotorjobs.com\/fr\/nbc-met-fin-au-contrat-de-jay-leno\/","name":"NBC met fin au contrat de Jay Leno - CanadaMotorJobs.com","isPartOf":{"@id":"https:\/\/news.canadamotorjobs.com\/#website"},"primaryImageOfPage":{"@id":"https:\/\/news.canadamotorjobs.com\/fr\/nbc-met-fin-au-contrat-de-jay-leno\/#primaryimage"},"image":{"@id":"https:\/\/news.canadamotorjobs.com\/fr\/nbc-met-fin-au-contrat-de-jay-leno\/#primaryimage"},"thumbnailUrl":"https:\/\/news.canadamotorjobs.com\/wp-content\/uploads\/2023\/01\/jay-leno-garage-1024x555-1.jpg","datePublished":"2023-01-28T13:17:38+00:00","dateModified":"2023-01-28T13:30:19+00:00","description":"NBC met fin au contrat de Jay Leno - Benoit Charette - Annuel automobile - CanadaMotorJobs.com.","breadcrumb":{"@id":"https:\/\/news.canadamotorjobs.com\/fr\/nbc-met-fin-au-contrat-de-jay-leno\/#breadcrumb"},"inLanguage":"fr-CA","potentialAction":[{"@type":"ReadAction","target":["https:\/\/news.canadamotorjobs.com\/fr\/nbc-met-fin-au-contrat-de-jay-leno\/"]}]},{"@type":"ImageObject","inLanguage":"fr-CA","@id":"https:\/\/news.canadamotorjobs.com\/fr\/nbc-met-fin-au-contrat-de-jay-leno\/#primaryimage","url":"https:\/\/news.canadamotorjobs.com\/wp-content\/uploads\/2023\/01\/jay-leno-garage-1024x555-1.jpg","contentUrl":"https:\/\/news.canadamotorjobs.com\/wp-content\/uploads\/2023\/01\/jay-leno-garage-1024x555-1.jpg","width":1024,"height":555},{"@type":"BreadcrumbList","@id":"https:\/\/news.canadamotorjobs.com\/fr\/nbc-met-fin-au-contrat-de-jay-leno\/#breadcrumb","itemListElement":[{"@type":"ListItem","position":1,"name":"Home","item":"https:\/\/news.canadamotorjobs.com\/fr\/blog\/"},{"@type":"ListItem","position":2,"name":"NBC met fin au contrat de Jay Leno"}]},{"@type":"WebSite","@id":"https:\/\/news.canadamotorjobs.com\/#website","url":"https:\/\/news.canadamotorjobs.com\/","name":"CanadaMotorJobs.com","description":"Automotive Jobs","publisher":{"@id":"https:\/\/news.canadamotorjobs.com\/#organization"},"potentialAction":[{"@type":"SearchAction","target":{"@type":"EntryPoint","urlTemplate":"https:\/\/news.canadamotorjobs.com\/?s={search_term_string}"},"query-input":"required name=search_term_string"}],"inLanguage":"fr-CA"},{"@type":"Organization","@id":"https:\/\/news.canadamotorjobs.com\/#organization","name":"Canada Motor Jobs","url":"https:\/\/news.canadamotorjobs.com\/","logo":{"@type":"ImageObject","inLanguage":"fr-CA","@id":"https:\/\/news.canadamotorjobs.com\/#\/schema\/logo\/image\/","url":"https:\/\/news.canadamotorjobs.com\/wp-content\/uploads\/2022\/10\/logo-canada-motor-jobs-1.png","contentUrl":"https:\/\/news.canadamotorjobs.com\/wp-content\/uploads\/2022\/10\/logo-canada-motor-jobs-1.png","width":800,"height":400,"caption":"Canada Motor Jobs"},"image":{"@id":"https:\/\/news.canadamotorjobs.com\/#\/schema\/logo\/image\/"},"sameAs":["https:\/\/www.facebook.com\/canadamotorjobs\/","https:\/\/x.com\/canadamotorjobs","https:\/\/www.instagram.com\/canadamotorjobs\/","https:\/\/www.linkedin.com\/company\/canadamotorjobs"]},{"@type":"Person","@id":"https:\/\/news.canadamotorjobs.com\/#\/schema\/person\/51793d1f87d44011d7bcc2ed99269a90","name":"Benoit Charette","image":{"@type":"ImageObject","inLanguage":"fr-CA","@id":"https:\/\/news.canadamotorjobs.com\/#\/schema\/person\/image\/","url":"https:\/\/secure.gravatar.com\/avatar\/45f3d2eebcccd909668d7ce7ea7267b6?s=96&d=mm&r=g","contentUrl":"https:\/\/secure.gravatar.com\/avatar\/45f3d2eebcccd909668d7ce7ea7267b6?s=96&d=mm&r=g","caption":"Benoit Charette"},"description":"Benoit Charette \/ Propri\u00e9taire et r\u00e9dacteur en chef Benoit Charette pratique le journalisme automobile depuis bient\u00f4t 30 ans. Il a fait ses classes au c\u00f4t\u00e9 de Daniel H\u00e9raud et au Carnet de route de 1992 \u00e0 2001. Il est fondateur, copropri\u00e9taire et r\u00e9dacteur en chef de L\u2019Annuel de l\u2019automobile, qu\u2019il publie depuis 2001. Il a anim\u00e9 les \u00e9missions RPM et RPM+ sur V et les L\u00e9gendes de la route sur Historia. \u00c0 la radio depuis 1986, il reprend l\u2019antenne cette ann\u00e9e sur les ondes de Cogeco et participe pour la deuxi\u00e8me ann\u00e9e \u00e0 l\u2019\u00e9mission Passion Auto sur RDS en plus de mettre en ligne le site Web officiel de L\u2019Annuel de l\u2019automobile sur annuelauto.ca.","sameAs":["https:\/\/annuelauto.ca\/"],"url":"https:\/\/news.canadamotorjobs.com\/fr\/author\/benoit-charette\/"}]}},"_links":{"self":[{"href":"https:\/\/news.canadamotorjobs.com\/fr\/wp-json\/wp\/v2\/posts\/138953"}],"collection":[{"href":"https:\/\/news.canadamotorjobs.com\/fr\/wp-json\/wp\/v2\/posts"}],"about":[{"href":"https:\/\/news.canadamotorjobs.com\/fr\/wp-json\/wp\/v2\/types\/post"}],"author":[{"embeddable":true,"href":"https:\/\/news.canadamotorjobs.com\/fr\/wp-json\/wp\/v2\/users\/8"}],"replies":[{"embeddable":true,"href":"https:\/\/news.canadamotorjobs.com\/fr\/wp-json\/wp\/v2\/comments?post=138953"}],"version-history":[{"count":2,"href":"https:\/\/news.canadamotorjobs.com\/fr\/wp-json\/wp\/v2\/posts\/138953\/revisions"}],"predecessor-version":[{"id":138957,"href":"https:\/\/news.canadamotorjobs.com\/fr\/wp-json\/wp\/v2\/posts\/138953\/revisions\/138957"}],"wp:featuredmedia":[{"embeddable":true,"href":"https:\/\/news.canadamotorjobs.com\/fr\/wp-json\/wp\/v2\/media\/138955"}],"wp:attachment":[{"href":"https:\/\/news.canadamotorjobs.com\/fr\/wp-json\/wp\/v2\/media?parent=138953"}],"wp:term":[{"taxonomy":"category","embeddable":true,"href":"https:\/\/news.canadamotorjobs.com\/fr\/wp-json\/wp\/v2\/categories?post=138953"},{"taxonomy":"post_tag","embeddable":true,"href":"https:\/\/news.canadamotorjobs.com\/fr\/wp-json\/wp\/v2\/tags?post=138953"}],"curies":[{"name":"wp","href":"https:\/\/api.w.org\/{rel}","templated":true}]}}