{"id":138930,"date":"2023-01-27T12:57:32","date_gmt":"2023-01-27T17:57:32","guid":{"rendered":"https:\/\/news.canadamotorjobs.com\/?p=138930"},"modified":"2023-01-27T13:14:25","modified_gmt":"2023-01-27T18:14:25","slug":"france-toyota-offrira-des-septembre-des-velos-cargos-chez-ses-concessionnaires","status":"publish","type":"post","link":"https:\/\/news.canadamotorjobs.com\/fr\/france-toyota-offrira-des-septembre-des-velos-cargos-chez-ses-concessionnaires\/","title":{"rendered":"France : Toyota offrira d\u00e8s septembre des v\u00e9los-cargos chez ses concessionnaires"},"content":{"rendered":"<\/p>\n<p>Un constructeur qui offre des v\u00e9los, ce n\u2019est plus nouveau. Par contre, un constructeur qui offre un v\u00e9lo-cargo en guise de moyen de transport pour les \u00ab\u00a0livraisons du <a href=\"https:\/\/annuelauto.ca\/airwheel-se3-s-la-valise-qui-se-prend-pour-un-scooter\/\" target=\"_blank\" rel=\"noopener noreferrer\">dernier kilom\u00e8tre<\/a>\u00a0\u00bb, c\u2019est inusit\u00e9. En juillet 2022, la filiale fran\u00e7aise de <a href=\"https:\/\/annuelauto.ca\/le-grand-patron-de-toyota-prend-sa-retraite\/\" target=\"_blank\" rel=\"noopener noreferrer\">Toyota<\/a> avait conclu une entente avec Douze\u00a0Cycles, un fabricant local, pour en offrir un chez ses concessionnaires. Or, il y a quelques jours, les premi\u00e8res photos de ce v\u00e9lo ont \u00e9t\u00e9 diffus\u00e9es.<\/p>\n<p>On l\u2019appelle le \u00ab\u00a0Douze\u00a0Cycles\u00a0x\u00a0La\u00a0mobilit\u00e9\u00a0Toyota\u00a0\u00bb (DCxLMT). Il sera vendu chez les 300\u00a0concessions du r\u00e9seau de Toyota France d\u00e8s le mois de septembre 2023.<span class=\"Apple-converted-space\">\u00a0<\/span><\/p>\n<p>Cette nouveaut\u00e9 doit contribuer \u00e0 aider le constructeur japonais Toyota \u00e0 devenir un leader de la mobilit\u00e9 \u00ab\u00a0z\u00e9ro \u00e9mission\u00a0\u00bb. Une d\u00e9marche qui implique, naturellement, l\u2019\u00e9lectrification de sa gamme de v\u00e9hicules, mais aussi la conception et la mise en place des formules compl\u00e9mentaires de micromobilit\u00e9.<\/p>\n<h3><b>Une solution pour le \u00ab\u00a0dernier kilom\u00e8tre\u00a0\u00bb<\/b><\/h3>\n<p>\nSelon Toyota, le v\u00e9lo peut \u00eatre une de ces solutions contribuant \u00e0 d\u00e9carboner les centres-villes, en devenant le compl\u00e9ment efficace d\u2019un v\u00e9hicule \u00e9lectrifi\u00e9 pour parcourir ce \u00ab\u00a0<a href=\"https:\/\/annuelauto.ca\/hyundai-met-a-lessai-des-robots-livreurs-qui-ressemblent-a-r2d2-en-coree-du-sud\/\" target=\"_blank\" rel=\"noopener noreferrer\">dernier kilom\u00e8tre<\/a>\u00a0\u00bb, pour un particulier comme un livreur.<span class=\"Apple-converted-space\">\u00a0<\/span><\/p>\n<p>Le nouveau v\u00e9lo-cargo biporteur (dot\u00e9 d\u2019un espace de chargement devant le conducteur) qu\u2019offrira <a href=\"https:\/\/annuelauto.ca\/la-toyota-corolla-est-la-nouvelle-voiture-la-plus-vendue-au-canada\/\" target=\"_blank\" rel=\"noopener noreferrer\">Toyota<\/a> en France est bas\u00e9 sur un nouveau mod\u00e8le \u00e0 assistance \u00e9lectrique de Douze Cycles appel\u00e9 H\u00eata. Depuis dix ans, cette entreprise de Ladoix-Serrigny, une petite commune de 2\u00a0000\u00a0habitants situ\u00e9e \u00e0 trois heures de route au sud-est de Paris, se sp\u00e9cialise dans la conception et la fabrication de v\u00e9lo-cargos, un concept n\u00e9 aux Pays-Bas.<span class=\"Apple-converted-space\">\u00a0<\/span><\/p>\n<h3><b>L\u2019alternative d\u2019un fourgon<span class=\"Apple-converted-space\">\u00a0<\/span><\/b><\/h3>\n<p>\nLe DCxLMT a un robuste cadre en aluminium moul\u00e9 et une plateforme de chargement dot\u00e9e de points d\u2019arrimage. Longue de 850\u00a0mm, cette plateforme peut transporter des charges encombrantes et lourdes pesant jusqu\u2019\u00e0 100\u00a0kg. On peut les poser directement sur le plancher de la plateforme ou dans une grande caisse con\u00e7ue par Douze\u00a0Cycles et dont le volume utile atteint 300\u00a0L. Cette caisse est fabriqu\u00e9e en polypropyl\u00e8ne expans\u00e9 et dot\u00e9e d\u2019une armature en aluminium.<span class=\"Apple-converted-space\">\u00a0<\/span><\/p>\n<p>Ce v\u00e9lo-cargo a deux freins \u00e0 disque \u00e0 commande hydraulique \u00e0 quatre pistons Tektro M750 et des pneus Schwalbe Pick-Up con\u00e7us pour l\u2019utilisation anticip\u00e9e.<\/p>\n<p>Pour faciliter les d\u00e9placements, surtout \u00e0 pleine charge, le DCxLMT est livr\u00e9 avec un moteur \u00e9lectrique Yamaha d\u00e9veloppant une puissance nominale de 250\u00a0watts (0,3\u00a0ch). Il est aliment\u00e9 par une batterie de 500\u00a0Wh amovible. Rechargeable en quatre heures, elle permet de parcourir jusqu\u2019\u00e0 100\u00a0kilom\u00e8tres, affirme Toyota.<span class=\"Apple-converted-space\">\u00a0<\/span><\/p>\n<p>\u00c0 l\u2019arr\u00eat, une b\u00e9quille assure la stabilit\u00e9 et facilite la manutention des colis. Une fois repli\u00e9e, cette b\u00e9quille s\u2019efface compl\u00e8tement dans l\u2019\u00e9paisseur de la plateforme, permettant de franchir sans accroc les trottoirs et passages sur\u00e9lev\u00e9s.<span class=\"Apple-converted-space\">\u00a0<\/span><\/p>\n<p>En outre, il suffit de quelques minutes pour s\u00e9parer les deux parties principales de ce v\u00e9lo-cargo\u00a0: le cadre avant et le cadre arri\u00e8re. Cette modularit\u00e9 permet de le ranger plus facilement. De plus, pour faciliter sa r\u00e9paration, ce v\u00e9lo-cargo est constitu\u00e9 de 17\u00a0parties principales qui sont ind\u00e9pendantes et interchangeables.<span class=\"Apple-converted-space\">\u00a0<\/span><\/p>\n<h3><b>Pr\u00eat pour les passagers<\/b><\/h3>\n<p>\nDans un environnement qui s\u2019y pr\u00eate, la caisse peut aussi servir \u00e0 transporter jusqu\u2019\u00e0 trois jeunes enfants ou un adulte. Pour leur confort et leur s\u00e9curit\u00e9, Douze\u00a0Cycles a pr\u00e9vu des si\u00e8ges \u00e0 dossier et assise en tissu ajour\u00e9, des ceintures-harnais \u00e0 boucle magn\u00e9tique r\u00e9glables en hauteur et un marchepied pour faciliter l\u2019embarquement.<span class=\"Apple-converted-space\">\u00a0<\/span><\/p>\n<p>Aucun prix n\u2019a \u00e9t\u00e9 annonc\u00e9. Cependant, en se basant sur le prix du v\u00e9lo-cargo biporteur V2\u00a0Bafang\u00a0M500, qui figure d\u00e9j\u00e0 au catalogue de Douze Cycles, on peut situer le prix d\u2019un DCxLMT entre 6\u00a0500 et 7\u00a0000\u00a0euros (environ 9\u00a0500\u00a0$ \u00e0 10\u00a0200\u00a0$) selon la configuration choisie par l\u2019acheteur.<span class=\"Apple-converted-space\">\u00a0<\/span><\/p>\n<p>Verra-t-on un jour des v\u00e9los-cargos du genre chez nos concessionnaires Toyota du Canada, qui seront achet\u00e9s par des \u00ab\u00a0pigistes\u00a0\u00bb d\u2019Uber pour sillonner les rues de nos grandes villes\u00a0?<span class=\"Apple-converted-space\">\u00a0<\/span><\/p>\n<p><i>Photos : Toyota et Douze\u00a0Cycles<\/i><\/p>\n<p>Le texte <a rel=\"nofollow\" href=\"https:\/\/annuelauto.ca\/france-toyota-offrira-des-septembre-des-velos-cargos-chez-ses-concessionnaires\/\">France : Toyota offrira d\u00e8s septembre des v\u00e9los-cargos chez ses concessionnaires<\/a> provient de <a rel=\"nofollow\" href=\"https:\/\/annuelauto.ca\">L&#8217;annuel de l&#8217;automobile &#8211; Actualit\u00e9 automobile<\/a><\/p>\n<p><\/p>\n","protected":false},"excerpt":{"rendered":"<p>Un constructeur qui offre des v\u00e9los, ce n\u2019est plus nouveau. Par contre, un constructeur qui offre un v\u00e9lo-cargo en guise de moyen de transport pour les \u00ab\u00a0livraisons du dernier kilom\u00e8tre\u00a0\u00bb, c\u2019est inusit\u00e9. En juillet 2022, la filiale fran\u00e7aise de Toyota avait conclu une entente avec Douze\u00a0Cycles, un fabricant local, pour en offrir un chez ses [&hellip;]<\/p>\n","protected":false},"author":8,"featured_media":138932,"comment_status":"close","ping_status":"closed","sticky":false,"template":"","format":"standard","meta":{"_monsterinsights_skip_tracking":false,"_monsterinsights_sitenote_active":false,"_monsterinsights_sitenote_note":"","_monsterinsights_sitenote_category":0,"footnotes":""},"categories":[101],"tags":[],"yoast_head":"<!-- This site is optimized with the Yoast SEO plugin v23.2 - https:\/\/yoast.com\/wordpress\/plugins\/seo\/ -->\n<title>France : Toyota offrira d\u00e8s septembre des v\u00e9los-cargos chez ses concessionnaires - CanadaMotorJobs.com<\/title>\n<meta name=\"description\" content=\"France : Toyota offrira d\u00e8s septembre des v\u00e9los-cargos chez ses concessionnaires - Benoit Charette - Annuel automobile - CanadaMotorJobs.com.\" \/>\n<meta name=\"robots\" content=\"index, follow, max-snippet:-1, max-image-preview:large, max-video-preview:-1\" \/>\n<meta property=\"og:locale\" content=\"fr_CA\" \/>\n<meta property=\"og:type\" content=\"article\" \/>\n<meta property=\"og:title\" content=\"France : Toyota offrira d\u00e8s septembre des v\u00e9los-cargos chez ses concessionnaires - CanadaMotorJobs.com\" \/>\n<meta property=\"og:description\" content=\"France : Toyota offrira d\u00e8s septembre des v\u00e9los-cargos chez ses concessionnaires - Benoit Charette - Annuel automobile - CanadaMotorJobs.com.\" \/>\n<meta property=\"og:url\" content=\"https:\/\/news.canadamotorjobs.com\/fr\/france-toyota-offrira-des-septembre-des-velos-cargos-chez-ses-concessionnaires\/\" \/>\n<meta property=\"og:site_name\" content=\"CanadaMotorJobs.com\" \/>\n<meta property=\"article:publisher\" content=\"https:\/\/www.facebook.com\/canadamotorjobs\/\" \/>\n<meta property=\"article:published_time\" content=\"2023-01-27T17:57:32+00:00\" \/>\n<meta property=\"article:modified_time\" content=\"2023-01-27T18:14:25+00:00\" \/>\n<meta property=\"og:image\" content=\"https:\/\/news.canadamotorjobs.com\/wp-content\/uploads\/2023\/01\/Toyota-Douze-Cycles-velo-cargo-4.jpg\" \/>\n\t<meta property=\"og:image:width\" content=\"1500\" \/>\n\t<meta property=\"og:image:height\" content=\"1000\" \/>\n\t<meta property=\"og:image:type\" content=\"image\/jpeg\" \/>\n<meta name=\"author\" content=\"Benoit Charette\" \/>\n<meta name=\"twitter:card\" content=\"summary_large_image\" \/>\n<meta name=\"twitter:creator\" content=\"@canadamotorjobs\" \/>\n<meta name=\"twitter:site\" content=\"@canadamotorjobs\" \/>\n<meta name=\"twitter:label1\" content=\"\u00c9crit par\" \/>\n\t<meta name=\"twitter:data1\" content=\"Benoit Charette\" \/>\n\t<meta name=\"twitter:label2\" content=\"Estimation du temps de lecture\" \/>\n\t<meta name=\"twitter:data2\" content=\"3 minutes\" \/>\n<!-- \/ Yoast SEO plugin. -->","yoast_head_json":{"title":"France : Toyota offrira d\u00e8s septembre des v\u00e9los-cargos chez ses concessionnaires - CanadaMotorJobs.com","description":"France : Toyota offrira d\u00e8s septembre des v\u00e9los-cargos chez ses concessionnaires - Benoit Charette - Annuel automobile - CanadaMotorJobs.com.","robots":{"index":"index","follow":"follow","max-snippet":"max-snippet:-1","max-image-preview":"max-image-preview:large","max-video-preview":"max-video-preview:-1"},"og_locale":"fr_CA","og_type":"article","og_title":"France : Toyota offrira d\u00e8s septembre des v\u00e9los-cargos chez ses concessionnaires - CanadaMotorJobs.com","og_description":"France : Toyota offrira d\u00e8s septembre des v\u00e9los-cargos chez ses concessionnaires - Benoit Charette - Annuel automobile - CanadaMotorJobs.com.","og_url":"https:\/\/news.canadamotorjobs.com\/fr\/france-toyota-offrira-des-septembre-des-velos-cargos-chez-ses-concessionnaires\/","og_site_name":"CanadaMotorJobs.com","article_publisher":"https:\/\/www.facebook.com\/canadamotorjobs\/","article_published_time":"2023-01-27T17:57:32+00:00","article_modified_time":"2023-01-27T18:14:25+00:00","og_image":[{"width":1500,"height":1000,"url":"https:\/\/news.canadamotorjobs.com\/wp-content\/uploads\/2023\/01\/Toyota-Douze-Cycles-velo-cargo-4.jpg","type":"image\/jpeg"}],"author":"Benoit Charette","twitter_card":"summary_large_image","twitter_creator":"@canadamotorjobs","twitter_site":"@canadamotorjobs","twitter_misc":{"\u00c9crit par":"Benoit Charette","Estimation du temps de lecture":"3 minutes"},"schema":{"@context":"https:\/\/schema.org","@graph":[{"@type":"Article","@id":"https:\/\/news.canadamotorjobs.com\/fr\/france-toyota-offrira-des-septembre-des-velos-cargos-chez-ses-concessionnaires\/#article","isPartOf":{"@id":"https:\/\/news.canadamotorjobs.com\/fr\/france-toyota-offrira-des-septembre-des-velos-cargos-chez-ses-concessionnaires\/"},"author":{"name":"Benoit Charette","@id":"https:\/\/news.canadamotorjobs.com\/#\/schema\/person\/51793d1f87d44011d7bcc2ed99269a90"},"headline":"France : Toyota offrira d\u00e8s septembre des v\u00e9los-cargos chez ses concessionnaires","datePublished":"2023-01-27T17:57:32+00:00","dateModified":"2023-01-27T18:14:25+00:00","mainEntityOfPage":{"@id":"https:\/\/news.canadamotorjobs.com\/fr\/france-toyota-offrira-des-septembre-des-velos-cargos-chez-ses-concessionnaires\/"},"wordCount":714,"publisher":{"@id":"https:\/\/news.canadamotorjobs.com\/#organization"},"image":{"@id":"https:\/\/news.canadamotorjobs.com\/fr\/france-toyota-offrira-des-septembre-des-velos-cargos-chez-ses-concessionnaires\/#primaryimage"},"thumbnailUrl":"https:\/\/news.canadamotorjobs.com\/wp-content\/uploads\/2023\/01\/Toyota-Douze-Cycles-velo-cargo-4.jpg","articleSection":["Annuel automobile"],"inLanguage":"fr-CA"},{"@type":"WebPage","@id":"https:\/\/news.canadamotorjobs.com\/fr\/france-toyota-offrira-des-septembre-des-velos-cargos-chez-ses-concessionnaires\/","url":"https:\/\/news.canadamotorjobs.com\/fr\/france-toyota-offrira-des-septembre-des-velos-cargos-chez-ses-concessionnaires\/","name":"France : Toyota offrira d\u00e8s septembre des v\u00e9los-cargos chez ses concessionnaires - CanadaMotorJobs.com","isPartOf":{"@id":"https:\/\/news.canadamotorjobs.com\/#website"},"primaryImageOfPage":{"@id":"https:\/\/news.canadamotorjobs.com\/fr\/france-toyota-offrira-des-septembre-des-velos-cargos-chez-ses-concessionnaires\/#primaryimage"},"image":{"@id":"https:\/\/news.canadamotorjobs.com\/fr\/france-toyota-offrira-des-septembre-des-velos-cargos-chez-ses-concessionnaires\/#primaryimage"},"thumbnailUrl":"https:\/\/news.canadamotorjobs.com\/wp-content\/uploads\/2023\/01\/Toyota-Douze-Cycles-velo-cargo-4.jpg","datePublished":"2023-01-27T17:57:32+00:00","dateModified":"2023-01-27T18:14:25+00:00","description":"France : Toyota offrira d\u00e8s septembre des v\u00e9los-cargos chez ses concessionnaires - Benoit Charette - Annuel automobile - CanadaMotorJobs.com.","breadcrumb":{"@id":"https:\/\/news.canadamotorjobs.com\/fr\/france-toyota-offrira-des-septembre-des-velos-cargos-chez-ses-concessionnaires\/#breadcrumb"},"inLanguage":"fr-CA","potentialAction":[{"@type":"ReadAction","target":["https:\/\/news.canadamotorjobs.com\/fr\/france-toyota-offrira-des-septembre-des-velos-cargos-chez-ses-concessionnaires\/"]}]},{"@type":"ImageObject","inLanguage":"fr-CA","@id":"https:\/\/news.canadamotorjobs.com\/fr\/france-toyota-offrira-des-septembre-des-velos-cargos-chez-ses-concessionnaires\/#primaryimage","url":"https:\/\/news.canadamotorjobs.com\/wp-content\/uploads\/2023\/01\/Toyota-Douze-Cycles-velo-cargo-4.jpg","contentUrl":"https:\/\/news.canadamotorjobs.com\/wp-content\/uploads\/2023\/01\/Toyota-Douze-Cycles-velo-cargo-4.jpg","width":1500,"height":1000},{"@type":"BreadcrumbList","@id":"https:\/\/news.canadamotorjobs.com\/fr\/france-toyota-offrira-des-septembre-des-velos-cargos-chez-ses-concessionnaires\/#breadcrumb","itemListElement":[{"@type":"ListItem","position":1,"name":"Home","item":"https:\/\/news.canadamotorjobs.com\/fr\/blog\/"},{"@type":"ListItem","position":2,"name":"France : Toyota offrira d\u00e8s septembre des v\u00e9los-cargos chez ses concessionnaires"}]},{"@type":"WebSite","@id":"https:\/\/news.canadamotorjobs.com\/#website","url":"https:\/\/news.canadamotorjobs.com\/","name":"CanadaMotorJobs.com","description":"Automotive Jobs","publisher":{"@id":"https:\/\/news.canadamotorjobs.com\/#organization"},"potentialAction":[{"@type":"SearchAction","target":{"@type":"EntryPoint","urlTemplate":"https:\/\/news.canadamotorjobs.com\/?s={search_term_string}"},"query-input":"required name=search_term_string"}],"inLanguage":"fr-CA"},{"@type":"Organization","@id":"https:\/\/news.canadamotorjobs.com\/#organization","name":"Canada Motor Jobs","url":"https:\/\/news.canadamotorjobs.com\/","logo":{"@type":"ImageObject","inLanguage":"fr-CA","@id":"https:\/\/news.canadamotorjobs.com\/#\/schema\/logo\/image\/","url":"https:\/\/news.canadamotorjobs.com\/wp-content\/uploads\/2022\/10\/logo-canada-motor-jobs-1.png","contentUrl":"https:\/\/news.canadamotorjobs.com\/wp-content\/uploads\/2022\/10\/logo-canada-motor-jobs-1.png","width":800,"height":400,"caption":"Canada Motor Jobs"},"image":{"@id":"https:\/\/news.canadamotorjobs.com\/#\/schema\/logo\/image\/"},"sameAs":["https:\/\/www.facebook.com\/canadamotorjobs\/","https:\/\/x.com\/canadamotorjobs","https:\/\/www.instagram.com\/canadamotorjobs\/","https:\/\/www.linkedin.com\/company\/canadamotorjobs"]},{"@type":"Person","@id":"https:\/\/news.canadamotorjobs.com\/#\/schema\/person\/51793d1f87d44011d7bcc2ed99269a90","name":"Benoit Charette","image":{"@type":"ImageObject","inLanguage":"fr-CA","@id":"https:\/\/news.canadamotorjobs.com\/#\/schema\/person\/image\/","url":"https:\/\/secure.gravatar.com\/avatar\/45f3d2eebcccd909668d7ce7ea7267b6?s=96&d=mm&r=g","contentUrl":"https:\/\/secure.gravatar.com\/avatar\/45f3d2eebcccd909668d7ce7ea7267b6?s=96&d=mm&r=g","caption":"Benoit Charette"},"description":"Benoit Charette \/ Propri\u00e9taire et r\u00e9dacteur en chef Benoit Charette pratique le journalisme automobile depuis bient\u00f4t 30 ans. Il a fait ses classes au c\u00f4t\u00e9 de Daniel H\u00e9raud et au Carnet de route de 1992 \u00e0 2001. Il est fondateur, copropri\u00e9taire et r\u00e9dacteur en chef de L\u2019Annuel de l\u2019automobile, qu\u2019il publie depuis 2001. Il a anim\u00e9 les \u00e9missions RPM et RPM+ sur V et les L\u00e9gendes de la route sur Historia. \u00c0 la radio depuis 1986, il reprend l\u2019antenne cette ann\u00e9e sur les ondes de Cogeco et participe pour la deuxi\u00e8me ann\u00e9e \u00e0 l\u2019\u00e9mission Passion Auto sur RDS en plus de mettre en ligne le site Web officiel de L\u2019Annuel de l\u2019automobile sur annuelauto.ca.","sameAs":["https:\/\/annuelauto.ca\/"],"url":"https:\/\/news.canadamotorjobs.com\/fr\/author\/benoit-charette\/"}]}},"_links":{"self":[{"href":"https:\/\/news.canadamotorjobs.com\/fr\/wp-json\/wp\/v2\/posts\/138930"}],"collection":[{"href":"https:\/\/news.canadamotorjobs.com\/fr\/wp-json\/wp\/v2\/posts"}],"about":[{"href":"https:\/\/news.canadamotorjobs.com\/fr\/wp-json\/wp\/v2\/types\/post"}],"author":[{"embeddable":true,"href":"https:\/\/news.canadamotorjobs.com\/fr\/wp-json\/wp\/v2\/users\/8"}],"replies":[{"embeddable":true,"href":"https:\/\/news.canadamotorjobs.com\/fr\/wp-json\/wp\/v2\/comments?post=138930"}],"version-history":[{"count":2,"href":"https:\/\/news.canadamotorjobs.com\/fr\/wp-json\/wp\/v2\/posts\/138930\/revisions"}],"predecessor-version":[{"id":138934,"href":"https:\/\/news.canadamotorjobs.com\/fr\/wp-json\/wp\/v2\/posts\/138930\/revisions\/138934"}],"wp:featuredmedia":[{"embeddable":true,"href":"https:\/\/news.canadamotorjobs.com\/fr\/wp-json\/wp\/v2\/media\/138932"}],"wp:attachment":[{"href":"https:\/\/news.canadamotorjobs.com\/fr\/wp-json\/wp\/v2\/media?parent=138930"}],"wp:term":[{"taxonomy":"category","embeddable":true,"href":"https:\/\/news.canadamotorjobs.com\/fr\/wp-json\/wp\/v2\/categories?post=138930"},{"taxonomy":"post_tag","embeddable":true,"href":"https:\/\/news.canadamotorjobs.com\/fr\/wp-json\/wp\/v2\/tags?post=138930"}],"curies":[{"name":"wp","href":"https:\/\/api.w.org\/{rel}","templated":true}]}}