{"id":138907,"date":"2023-01-27T10:11:51","date_gmt":"2023-01-27T15:11:51","guid":{"rendered":"https:\/\/news.canadamotorjobs.com\/?p=138907"},"modified":"2023-01-27T10:14:32","modified_gmt":"2023-01-27T15:14:32","slug":"les-immatriculations-de-vze-en-hausse-au-canada","status":"publish","type":"post","link":"https:\/\/news.canadamotorjobs.com\/fr\/les-immatriculations-de-vze-en-hausse-au-canada\/","title":{"rendered":"Les immatriculations de VZE en hausse au Canada"},"content":{"rendered":"<\/p>\n<p>Les nouvelles immatriculations VZE ont atteint un autre record au troisi\u00e8me trimestre de 2022, les v\u00e9hicules \u00e9lectriques \u00e0 batterie (VEB) et les v\u00e9hicules hybrides rechargeables (VHR) repr\u00e9sentant pr\u00e8s d&#8217;un nouveau v\u00e9hicule sur dix sur les routes canadiennes, selon les derni\u00e8res donn\u00e9es de Statistique Canada.<\/p>\n<h3>Pr\u00e8s de 35\u00a0000 v\u00e9hicules<\/h3>\n<p>\nLes Canadiens ont immatricul\u00e9 34\u00a0313 nouveaux v\u00e9hicules \u00e9lectriques rechargeables entre juillet et septembre, a indiqu\u00e9 l&#8217;organisme f\u00e9d\u00e9ral le 24 janvier. Ce chiffre repr\u00e9sente 8,7\u00a0% des 394\u00a0348 nouveaux v\u00e9hicules immatricul\u00e9s. Cette cat\u00e9gorie repr\u00e9sentait 6,9\u00a0% des immatriculations totales au deuxi\u00e8me trimestre de 2022, et 5,4\u00a0% au troisi\u00e8me trimestre de 2021.<\/p>\n<h3>La Colombie-Britannique en t\u00eate<\/h3>\n<p>\n\u00c0 l&#8217;\u00e9chelle provinciale, la Colombie-Britannique continue d&#8217;\u00eatre le chef de file en mati\u00e8re d&#8217;adoption de V\u00c9Z ; 17,6\u00a0% des nouveaux v\u00e9hicules immatricul\u00e9s au cours de la p\u00e9riode de trois mois \u00e9taient des V\u00c9B ou des VHR. Le Qu\u00e9bec et l&#8217;Ontario suivent, les immatriculations de V\u00c9Z repr\u00e9sentant 12,5\u00a0p. 100 et 7,2\u00a0p. 100 des immatriculations de v\u00e9hicules neufs de chaque province au troisi\u00e8me trimestre. Les trois provinces ont enregistr\u00e9 91,8\u00a0p. 100 des immatriculations de V\u00c9Z au Canada, ce qui correspond \u00e0 peu pr\u00e8s aux taux d&#8217;adoption pr\u00e9c\u00e9dents dans l&#8217;ensemble du pays.<\/p>\n<p>Les immatriculations de v\u00e9hicules 100\u00a0% \u00e9lectriques repr\u00e9sentent 85,6\u00a0% du segment, les v\u00e9hicules rechargeables constituant les 14,4\u00a0% restants.<\/p>\n<p>\u00a0<\/p>\n<p>Avec des renseignements d\u2019Automotive News Canada<\/p>\n<p>\u00a0<\/p>\n<p>Le texte <a rel=\"nofollow\" href=\"https:\/\/annuelauto.ca\/les-immatriculations-de-vze-en-hausse-au-canada\/\">Les immatriculations de VZE en hausse au Canada<\/a> provient de <a rel=\"nofollow\" href=\"https:\/\/annuelauto.ca\">L&#8217;annuel de l&#8217;automobile &#8211; Actualit\u00e9 automobile<\/a><\/p>\n<p><\/p>\n","protected":false},"excerpt":{"rendered":"<p>Les nouvelles immatriculations VZE ont atteint un autre record au troisi\u00e8me trimestre de 2022, les v\u00e9hicules \u00e9lectriques \u00e0 batterie (VEB) et les v\u00e9hicules hybrides rechargeables (VHR) repr\u00e9sentant pr\u00e8s d&#8217;un nouveau v\u00e9hicule sur dix sur les routes canadiennes, selon les derni\u00e8res donn\u00e9es de Statistique Canada. Pr\u00e8s de 35\u00a0000 v\u00e9hicules Les Canadiens ont immatricul\u00e9 34\u00a0313 nouveaux v\u00e9hicules [&hellip;]<\/p>\n","protected":false},"author":8,"featured_media":138909,"comment_status":"close","ping_status":"closed","sticky":false,"template":"","format":"standard","meta":{"_monsterinsights_skip_tracking":false,"_monsterinsights_sitenote_active":false,"_monsterinsights_sitenote_note":"","_monsterinsights_sitenote_category":0,"footnotes":""},"categories":[101],"tags":[],"yoast_head":"<!-- This site is optimized with the Yoast SEO plugin v23.2 - https:\/\/yoast.com\/wordpress\/plugins\/seo\/ -->\n<title>Les immatriculations de VZE en hausse au Canada - CanadaMotorJobs.com<\/title>\n<meta name=\"description\" content=\"Les immatriculations de VZE en hausse au Canada - Benoit Charette - Annuel automobile - CanadaMotorJobs.com.\" \/>\n<meta name=\"robots\" content=\"index, follow, max-snippet:-1, max-image-preview:large, max-video-preview:-1\" \/>\n<meta property=\"og:locale\" content=\"fr_CA\" \/>\n<meta property=\"og:type\" content=\"article\" \/>\n<meta property=\"og:title\" content=\"Les immatriculations de VZE en hausse au Canada - CanadaMotorJobs.com\" \/>\n<meta property=\"og:description\" content=\"Les immatriculations de VZE en hausse au Canada - Benoit Charette - Annuel automobile - CanadaMotorJobs.com.\" \/>\n<meta property=\"og:url\" content=\"https:\/\/news.canadamotorjobs.com\/fr\/les-immatriculations-de-vze-en-hausse-au-canada\/\" \/>\n<meta property=\"og:site_name\" content=\"CanadaMotorJobs.com\" \/>\n<meta property=\"article:publisher\" content=\"https:\/\/www.facebook.com\/canadamotorjobs\/\" \/>\n<meta property=\"article:published_time\" content=\"2023-01-27T15:11:51+00:00\" \/>\n<meta property=\"article:modified_time\" content=\"2023-01-27T15:14:32+00:00\" \/>\n<meta property=\"og:image\" content=\"https:\/\/news.canadamotorjobs.com\/wp-content\/uploads\/2023\/01\/2021-Volkswagen-ID.4-blue-side-view-charging-at-home_o.jpg\" \/>\n\t<meta property=\"og:image:width\" content=\"1038\" \/>\n\t<meta property=\"og:image:height\" content=\"400\" \/>\n\t<meta property=\"og:image:type\" content=\"image\/jpeg\" \/>\n<meta name=\"author\" content=\"Benoit Charette\" \/>\n<meta name=\"twitter:card\" content=\"summary_large_image\" \/>\n<meta name=\"twitter:creator\" content=\"@canadamotorjobs\" \/>\n<meta name=\"twitter:site\" content=\"@canadamotorjobs\" \/>\n<meta name=\"twitter:label1\" content=\"\u00c9crit par\" \/>\n\t<meta name=\"twitter:data1\" content=\"Benoit Charette\" \/>\n\t<meta name=\"twitter:label2\" content=\"Estimation du temps de lecture\" \/>\n\t<meta name=\"twitter:data2\" content=\"1 minute\" \/>\n<!-- \/ Yoast SEO plugin. -->","yoast_head_json":{"title":"Les immatriculations de VZE en hausse au Canada - CanadaMotorJobs.com","description":"Les immatriculations de VZE en hausse au Canada - Benoit Charette - Annuel automobile - CanadaMotorJobs.com.","robots":{"index":"index","follow":"follow","max-snippet":"max-snippet:-1","max-image-preview":"max-image-preview:large","max-video-preview":"max-video-preview:-1"},"og_locale":"fr_CA","og_type":"article","og_title":"Les immatriculations de VZE en hausse au Canada - CanadaMotorJobs.com","og_description":"Les immatriculations de VZE en hausse au Canada - Benoit Charette - Annuel automobile - CanadaMotorJobs.com.","og_url":"https:\/\/news.canadamotorjobs.com\/fr\/les-immatriculations-de-vze-en-hausse-au-canada\/","og_site_name":"CanadaMotorJobs.com","article_publisher":"https:\/\/www.facebook.com\/canadamotorjobs\/","article_published_time":"2023-01-27T15:11:51+00:00","article_modified_time":"2023-01-27T15:14:32+00:00","og_image":[{"width":1038,"height":400,"url":"https:\/\/news.canadamotorjobs.com\/wp-content\/uploads\/2023\/01\/2021-Volkswagen-ID.4-blue-side-view-charging-at-home_o.jpg","type":"image\/jpeg"}],"author":"Benoit Charette","twitter_card":"summary_large_image","twitter_creator":"@canadamotorjobs","twitter_site":"@canadamotorjobs","twitter_misc":{"\u00c9crit par":"Benoit Charette","Estimation du temps de lecture":"1 minute"},"schema":{"@context":"https:\/\/schema.org","@graph":[{"@type":"Article","@id":"https:\/\/news.canadamotorjobs.com\/fr\/les-immatriculations-de-vze-en-hausse-au-canada\/#article","isPartOf":{"@id":"https:\/\/news.canadamotorjobs.com\/fr\/les-immatriculations-de-vze-en-hausse-au-canada\/"},"author":{"name":"Benoit Charette","@id":"https:\/\/news.canadamotorjobs.com\/#\/schema\/person\/51793d1f87d44011d7bcc2ed99269a90"},"headline":"Les immatriculations de VZE en hausse au Canada","datePublished":"2023-01-27T15:11:51+00:00","dateModified":"2023-01-27T15:14:32+00:00","mainEntityOfPage":{"@id":"https:\/\/news.canadamotorjobs.com\/fr\/les-immatriculations-de-vze-en-hausse-au-canada\/"},"wordCount":267,"publisher":{"@id":"https:\/\/news.canadamotorjobs.com\/#organization"},"image":{"@id":"https:\/\/news.canadamotorjobs.com\/fr\/les-immatriculations-de-vze-en-hausse-au-canada\/#primaryimage"},"thumbnailUrl":"https:\/\/news.canadamotorjobs.com\/wp-content\/uploads\/2023\/01\/2021-Volkswagen-ID.4-blue-side-view-charging-at-home_o.jpg","articleSection":["Annuel automobile"],"inLanguage":"fr-CA"},{"@type":"WebPage","@id":"https:\/\/news.canadamotorjobs.com\/fr\/les-immatriculations-de-vze-en-hausse-au-canada\/","url":"https:\/\/news.canadamotorjobs.com\/fr\/les-immatriculations-de-vze-en-hausse-au-canada\/","name":"Les immatriculations de VZE en hausse au Canada - CanadaMotorJobs.com","isPartOf":{"@id":"https:\/\/news.canadamotorjobs.com\/#website"},"primaryImageOfPage":{"@id":"https:\/\/news.canadamotorjobs.com\/fr\/les-immatriculations-de-vze-en-hausse-au-canada\/#primaryimage"},"image":{"@id":"https:\/\/news.canadamotorjobs.com\/fr\/les-immatriculations-de-vze-en-hausse-au-canada\/#primaryimage"},"thumbnailUrl":"https:\/\/news.canadamotorjobs.com\/wp-content\/uploads\/2023\/01\/2021-Volkswagen-ID.4-blue-side-view-charging-at-home_o.jpg","datePublished":"2023-01-27T15:11:51+00:00","dateModified":"2023-01-27T15:14:32+00:00","description":"Les immatriculations de VZE en hausse au Canada - Benoit Charette - Annuel automobile - CanadaMotorJobs.com.","breadcrumb":{"@id":"https:\/\/news.canadamotorjobs.com\/fr\/les-immatriculations-de-vze-en-hausse-au-canada\/#breadcrumb"},"inLanguage":"fr-CA","potentialAction":[{"@type":"ReadAction","target":["https:\/\/news.canadamotorjobs.com\/fr\/les-immatriculations-de-vze-en-hausse-au-canada\/"]}]},{"@type":"ImageObject","inLanguage":"fr-CA","@id":"https:\/\/news.canadamotorjobs.com\/fr\/les-immatriculations-de-vze-en-hausse-au-canada\/#primaryimage","url":"https:\/\/news.canadamotorjobs.com\/wp-content\/uploads\/2023\/01\/2021-Volkswagen-ID.4-blue-side-view-charging-at-home_o.jpg","contentUrl":"https:\/\/news.canadamotorjobs.com\/wp-content\/uploads\/2023\/01\/2021-Volkswagen-ID.4-blue-side-view-charging-at-home_o.jpg","width":1038,"height":400},{"@type":"BreadcrumbList","@id":"https:\/\/news.canadamotorjobs.com\/fr\/les-immatriculations-de-vze-en-hausse-au-canada\/#breadcrumb","itemListElement":[{"@type":"ListItem","position":1,"name":"Home","item":"https:\/\/news.canadamotorjobs.com\/fr\/blog\/"},{"@type":"ListItem","position":2,"name":"Les immatriculations de VZE en hausse au Canada"}]},{"@type":"WebSite","@id":"https:\/\/news.canadamotorjobs.com\/#website","url":"https:\/\/news.canadamotorjobs.com\/","name":"CanadaMotorJobs.com","description":"Automotive Jobs","publisher":{"@id":"https:\/\/news.canadamotorjobs.com\/#organization"},"potentialAction":[{"@type":"SearchAction","target":{"@type":"EntryPoint","urlTemplate":"https:\/\/news.canadamotorjobs.com\/?s={search_term_string}"},"query-input":"required name=search_term_string"}],"inLanguage":"fr-CA"},{"@type":"Organization","@id":"https:\/\/news.canadamotorjobs.com\/#organization","name":"Canada Motor Jobs","url":"https:\/\/news.canadamotorjobs.com\/","logo":{"@type":"ImageObject","inLanguage":"fr-CA","@id":"https:\/\/news.canadamotorjobs.com\/#\/schema\/logo\/image\/","url":"https:\/\/news.canadamotorjobs.com\/wp-content\/uploads\/2022\/10\/logo-canada-motor-jobs-1.png","contentUrl":"https:\/\/news.canadamotorjobs.com\/wp-content\/uploads\/2022\/10\/logo-canada-motor-jobs-1.png","width":800,"height":400,"caption":"Canada Motor Jobs"},"image":{"@id":"https:\/\/news.canadamotorjobs.com\/#\/schema\/logo\/image\/"},"sameAs":["https:\/\/www.facebook.com\/canadamotorjobs\/","https:\/\/x.com\/canadamotorjobs","https:\/\/www.instagram.com\/canadamotorjobs\/","https:\/\/www.linkedin.com\/company\/canadamotorjobs"]},{"@type":"Person","@id":"https:\/\/news.canadamotorjobs.com\/#\/schema\/person\/51793d1f87d44011d7bcc2ed99269a90","name":"Benoit Charette","image":{"@type":"ImageObject","inLanguage":"fr-CA","@id":"https:\/\/news.canadamotorjobs.com\/#\/schema\/person\/image\/","url":"https:\/\/secure.gravatar.com\/avatar\/45f3d2eebcccd909668d7ce7ea7267b6?s=96&d=mm&r=g","contentUrl":"https:\/\/secure.gravatar.com\/avatar\/45f3d2eebcccd909668d7ce7ea7267b6?s=96&d=mm&r=g","caption":"Benoit Charette"},"description":"Benoit Charette \/ Propri\u00e9taire et r\u00e9dacteur en chef Benoit Charette pratique le journalisme automobile depuis bient\u00f4t 30 ans. Il a fait ses classes au c\u00f4t\u00e9 de Daniel H\u00e9raud et au Carnet de route de 1992 \u00e0 2001. Il est fondateur, copropri\u00e9taire et r\u00e9dacteur en chef de L\u2019Annuel de l\u2019automobile, qu\u2019il publie depuis 2001. Il a anim\u00e9 les \u00e9missions RPM et RPM+ sur V et les L\u00e9gendes de la route sur Historia. \u00c0 la radio depuis 1986, il reprend l\u2019antenne cette ann\u00e9e sur les ondes de Cogeco et participe pour la deuxi\u00e8me ann\u00e9e \u00e0 l\u2019\u00e9mission Passion Auto sur RDS en plus de mettre en ligne le site Web officiel de L\u2019Annuel de l\u2019automobile sur annuelauto.ca.","sameAs":["https:\/\/annuelauto.ca\/"],"url":"https:\/\/news.canadamotorjobs.com\/fr\/author\/benoit-charette\/"}]}},"_links":{"self":[{"href":"https:\/\/news.canadamotorjobs.com\/fr\/wp-json\/wp\/v2\/posts\/138907"}],"collection":[{"href":"https:\/\/news.canadamotorjobs.com\/fr\/wp-json\/wp\/v2\/posts"}],"about":[{"href":"https:\/\/news.canadamotorjobs.com\/fr\/wp-json\/wp\/v2\/types\/post"}],"author":[{"embeddable":true,"href":"https:\/\/news.canadamotorjobs.com\/fr\/wp-json\/wp\/v2\/users\/8"}],"replies":[{"embeddable":true,"href":"https:\/\/news.canadamotorjobs.com\/fr\/wp-json\/wp\/v2\/comments?post=138907"}],"version-history":[{"count":2,"href":"https:\/\/news.canadamotorjobs.com\/fr\/wp-json\/wp\/v2\/posts\/138907\/revisions"}],"predecessor-version":[{"id":138911,"href":"https:\/\/news.canadamotorjobs.com\/fr\/wp-json\/wp\/v2\/posts\/138907\/revisions\/138911"}],"wp:featuredmedia":[{"embeddable":true,"href":"https:\/\/news.canadamotorjobs.com\/fr\/wp-json\/wp\/v2\/media\/138909"}],"wp:attachment":[{"href":"https:\/\/news.canadamotorjobs.com\/fr\/wp-json\/wp\/v2\/media?parent=138907"}],"wp:term":[{"taxonomy":"category","embeddable":true,"href":"https:\/\/news.canadamotorjobs.com\/fr\/wp-json\/wp\/v2\/categories?post=138907"},{"taxonomy":"post_tag","embeddable":true,"href":"https:\/\/news.canadamotorjobs.com\/fr\/wp-json\/wp\/v2\/tags?post=138907"}],"curies":[{"name":"wp","href":"https:\/\/api.w.org\/{rel}","templated":true}]}}