{"id":138876,"date":"2023-01-27T08:29:57","date_gmt":"2023-01-27T13:29:57","guid":{"rendered":"https:\/\/news.canadamotorjobs.com\/?p=138876"},"modified":"2023-01-27T08:44:48","modified_gmt":"2023-01-27T13:44:48","slug":"ford-rappelle-462-000-vehicules-pour-une-camera-de-recul-qui-fait-defaut","status":"publish","type":"post","link":"https:\/\/news.canadamotorjobs.com\/fr\/ford-rappelle-462-000-vehicules-pour-une-camera-de-recul-qui-fait-defaut\/","title":{"rendered":"Ford rappelle 462 000 v\u00e9hicules pour une cam\u00e9ra de recul qui fait d\u00e9faut"},"content":{"rendered":"<\/p>\n<p>Ford rappelle plus de 462 000 v\u00e9hicules dans le monde pour des cam\u00e9ras de recul qui pourraient ne pas afficher les images. Le rappel concerne les mod\u00e8les Explorer et Lincoln Aviator de 2020\u00e0 2023 et les Lincoln Corsair de 2020\u00e0 2022, tous \u00e9quip\u00e9s d&#8217;une cam\u00e9ra \u00e0 360 degr\u00e9s. Il concerne pr\u00e8s de 383 000 v\u00e9hicules aux \u00c9tats-Unis, plus de 39 000 au Canada et plus de 5 000 au Mexique.<\/p>\n<h3>17 accidents mineurs<\/h3>\n<p>\nFord a d\u00e9clar\u00e9 aux autorit\u00e9s am\u00e9ricaines charg\u00e9es de la s\u00e9curit\u00e9 automobile qu&#8217;elle avait connaissance de 17 accidents mineurs qui auraient \u00e9t\u00e9 caus\u00e9s par ce d\u00e9faut. La sortie vid\u00e9o des v\u00e9hicules rappel\u00e9s peut tomber en panne, emp\u00eachant l&#8217;image de la cam\u00e9ra de recul de s&#8217;afficher et augmentant le risque d&#8217;accident en marche arri\u00e8re, selon un rapport de rappel soumis lundi \u00e0 la NHTSA. Le probl\u00e8me est intermittent et peut se r\u00e9tablir lors du red\u00e9marrage du v\u00e9hicule. Une fois pr\u00e9sent, le probl\u00e8me se reproduira probablement sur la ou les m\u00eames cam\u00e9ras de fa\u00e7on intermittente. Au 30 novembre dernier, il y avait 2 115 rapports de garantie all\u00e9guant une image bleue sur l&#8217;\u00e9cran de la cam\u00e9ra arri\u00e8re.<\/p>\n<h3>La solution<\/h3>\n<p>\nPour r\u00e9soudre ce probl\u00e8me, les concessionnaires mettront \u00e0 jour le logiciel du module de traitement des images. Les concessionnaires seront inform\u00e9s \u00e0 partir du 31 janvier. Les propri\u00e9taires seront inform\u00e9s \u00e0 partir du 20 f\u00e9vrier.<\/p>\n<p>Avec des renseignements d\u2019Automotive News<\/p>\n<p>Le texte <a rel=\"nofollow\" href=\"https:\/\/annuelauto.ca\/ford-rappelle-462-000-vehicules-pour-une-camera-de-recul-qui-fait-defaut\/\">Ford rappelle 462 000 v\u00e9hicules pour une cam\u00e9ra de recul qui fait d\u00e9faut<\/a> provient de <a rel=\"nofollow\" href=\"https:\/\/annuelauto.ca\">L&#8217;annuel de l&#8217;automobile &#8211; Actualit\u00e9 automobile<\/a><\/p>\n<p><\/p>\n","protected":false},"excerpt":{"rendered":"<p>Ford rappelle plus de 462 000 v\u00e9hicules dans le monde pour des cam\u00e9ras de recul qui pourraient ne pas afficher les images. Le rappel concerne les mod\u00e8les Explorer et Lincoln Aviator de 2020\u00e0 2023 et les Lincoln Corsair de 2020\u00e0 2022, tous \u00e9quip\u00e9s d&#8217;une cam\u00e9ra \u00e0 360 degr\u00e9s. Il concerne pr\u00e8s de 383 000 v\u00e9hicules [&hellip;]<\/p>\n","protected":false},"author":8,"featured_media":138878,"comment_status":"close","ping_status":"closed","sticky":false,"template":"","format":"standard","meta":{"_monsterinsights_skip_tracking":false,"_monsterinsights_sitenote_active":false,"_monsterinsights_sitenote_note":"","_monsterinsights_sitenote_category":0,"footnotes":""},"categories":[101],"tags":[],"yoast_head":"<!-- This site is optimized with the Yoast SEO plugin v23.2 - https:\/\/yoast.com\/wordpress\/plugins\/seo\/ -->\n<title>Ford rappelle 462 000 v\u00e9hicules pour une cam\u00e9ra de recul qui fait d\u00e9faut - CanadaMotorJobs.com<\/title>\n<meta name=\"description\" content=\"Ford rappelle 462 000 v\u00e9hicules pour une cam\u00e9ra de recul qui fait d\u00e9faut - Benoit Charette - Annuel automobile - CanadaMotorJobs.com.\" \/>\n<meta name=\"robots\" content=\"index, follow, max-snippet:-1, max-image-preview:large, max-video-preview:-1\" \/>\n<meta property=\"og:locale\" content=\"fr_CA\" \/>\n<meta property=\"og:type\" content=\"article\" \/>\n<meta property=\"og:title\" content=\"Ford rappelle 462 000 v\u00e9hicules pour une cam\u00e9ra de recul qui fait d\u00e9faut - CanadaMotorJobs.com\" \/>\n<meta property=\"og:description\" content=\"Ford rappelle 462 000 v\u00e9hicules pour une cam\u00e9ra de recul qui fait d\u00e9faut - Benoit Charette - Annuel automobile - CanadaMotorJobs.com.\" \/>\n<meta property=\"og:url\" content=\"https:\/\/news.canadamotorjobs.com\/fr\/ford-rappelle-462-000-vehicules-pour-une-camera-de-recul-qui-fait-defaut\/\" \/>\n<meta property=\"og:site_name\" content=\"CanadaMotorJobs.com\" \/>\n<meta property=\"article:publisher\" content=\"https:\/\/www.facebook.com\/canadamotorjobs\/\" \/>\n<meta property=\"article:published_time\" content=\"2023-01-27T13:29:57+00:00\" \/>\n<meta property=\"article:modified_time\" content=\"2023-01-27T13:44:48+00:00\" \/>\n<meta property=\"og:image\" content=\"https:\/\/news.canadamotorjobs.com\/wp-content\/uploads\/2023\/01\/2022-Explorer-ST_Line_02.jpg\" \/>\n\t<meta property=\"og:image:width\" content=\"2501\" \/>\n\t<meta property=\"og:image:height\" content=\"1667\" \/>\n\t<meta property=\"og:image:type\" content=\"image\/jpeg\" \/>\n<meta name=\"author\" content=\"Benoit Charette\" \/>\n<meta name=\"twitter:card\" content=\"summary_large_image\" \/>\n<meta name=\"twitter:creator\" content=\"@canadamotorjobs\" \/>\n<meta name=\"twitter:site\" content=\"@canadamotorjobs\" \/>\n<meta name=\"twitter:label1\" content=\"\u00c9crit par\" \/>\n\t<meta name=\"twitter:data1\" content=\"Benoit Charette\" \/>\n\t<meta name=\"twitter:label2\" content=\"Estimation du temps de lecture\" \/>\n\t<meta name=\"twitter:data2\" content=\"1 minute\" \/>\n<!-- \/ Yoast SEO plugin. -->","yoast_head_json":{"title":"Ford rappelle 462 000 v\u00e9hicules pour une cam\u00e9ra de recul qui fait d\u00e9faut - CanadaMotorJobs.com","description":"Ford rappelle 462 000 v\u00e9hicules pour une cam\u00e9ra de recul qui fait d\u00e9faut - Benoit Charette - Annuel automobile - CanadaMotorJobs.com.","robots":{"index":"index","follow":"follow","max-snippet":"max-snippet:-1","max-image-preview":"max-image-preview:large","max-video-preview":"max-video-preview:-1"},"og_locale":"fr_CA","og_type":"article","og_title":"Ford rappelle 462 000 v\u00e9hicules pour une cam\u00e9ra de recul qui fait d\u00e9faut - CanadaMotorJobs.com","og_description":"Ford rappelle 462 000 v\u00e9hicules pour une cam\u00e9ra de recul qui fait d\u00e9faut - Benoit Charette - Annuel automobile - CanadaMotorJobs.com.","og_url":"https:\/\/news.canadamotorjobs.com\/fr\/ford-rappelle-462-000-vehicules-pour-une-camera-de-recul-qui-fait-defaut\/","og_site_name":"CanadaMotorJobs.com","article_publisher":"https:\/\/www.facebook.com\/canadamotorjobs\/","article_published_time":"2023-01-27T13:29:57+00:00","article_modified_time":"2023-01-27T13:44:48+00:00","og_image":[{"width":2501,"height":1667,"url":"https:\/\/news.canadamotorjobs.com\/wp-content\/uploads\/2023\/01\/2022-Explorer-ST_Line_02.jpg","type":"image\/jpeg"}],"author":"Benoit Charette","twitter_card":"summary_large_image","twitter_creator":"@canadamotorjobs","twitter_site":"@canadamotorjobs","twitter_misc":{"\u00c9crit par":"Benoit Charette","Estimation du temps de lecture":"1 minute"},"schema":{"@context":"https:\/\/schema.org","@graph":[{"@type":"Article","@id":"https:\/\/news.canadamotorjobs.com\/fr\/ford-rappelle-462-000-vehicules-pour-une-camera-de-recul-qui-fait-defaut\/#article","isPartOf":{"@id":"https:\/\/news.canadamotorjobs.com\/fr\/ford-rappelle-462-000-vehicules-pour-une-camera-de-recul-qui-fait-defaut\/"},"author":{"name":"Benoit Charette","@id":"https:\/\/news.canadamotorjobs.com\/#\/schema\/person\/51793d1f87d44011d7bcc2ed99269a90"},"headline":"Ford rappelle 462 000 v\u00e9hicules pour une cam\u00e9ra de recul qui fait d\u00e9faut","datePublished":"2023-01-27T13:29:57+00:00","dateModified":"2023-01-27T13:44:48+00:00","mainEntityOfPage":{"@id":"https:\/\/news.canadamotorjobs.com\/fr\/ford-rappelle-462-000-vehicules-pour-une-camera-de-recul-qui-fait-defaut\/"},"wordCount":289,"publisher":{"@id":"https:\/\/news.canadamotorjobs.com\/#organization"},"image":{"@id":"https:\/\/news.canadamotorjobs.com\/fr\/ford-rappelle-462-000-vehicules-pour-une-camera-de-recul-qui-fait-defaut\/#primaryimage"},"thumbnailUrl":"https:\/\/news.canadamotorjobs.com\/wp-content\/uploads\/2023\/01\/2022-Explorer-ST_Line_02.jpg","articleSection":["Annuel automobile"],"inLanguage":"fr-CA"},{"@type":"WebPage","@id":"https:\/\/news.canadamotorjobs.com\/fr\/ford-rappelle-462-000-vehicules-pour-une-camera-de-recul-qui-fait-defaut\/","url":"https:\/\/news.canadamotorjobs.com\/fr\/ford-rappelle-462-000-vehicules-pour-une-camera-de-recul-qui-fait-defaut\/","name":"Ford rappelle 462 000 v\u00e9hicules pour une cam\u00e9ra de recul qui fait d\u00e9faut - CanadaMotorJobs.com","isPartOf":{"@id":"https:\/\/news.canadamotorjobs.com\/#website"},"primaryImageOfPage":{"@id":"https:\/\/news.canadamotorjobs.com\/fr\/ford-rappelle-462-000-vehicules-pour-une-camera-de-recul-qui-fait-defaut\/#primaryimage"},"image":{"@id":"https:\/\/news.canadamotorjobs.com\/fr\/ford-rappelle-462-000-vehicules-pour-une-camera-de-recul-qui-fait-defaut\/#primaryimage"},"thumbnailUrl":"https:\/\/news.canadamotorjobs.com\/wp-content\/uploads\/2023\/01\/2022-Explorer-ST_Line_02.jpg","datePublished":"2023-01-27T13:29:57+00:00","dateModified":"2023-01-27T13:44:48+00:00","description":"Ford rappelle 462 000 v\u00e9hicules pour une cam\u00e9ra de recul qui fait d\u00e9faut - Benoit Charette - Annuel automobile - CanadaMotorJobs.com.","breadcrumb":{"@id":"https:\/\/news.canadamotorjobs.com\/fr\/ford-rappelle-462-000-vehicules-pour-une-camera-de-recul-qui-fait-defaut\/#breadcrumb"},"inLanguage":"fr-CA","potentialAction":[{"@type":"ReadAction","target":["https:\/\/news.canadamotorjobs.com\/fr\/ford-rappelle-462-000-vehicules-pour-une-camera-de-recul-qui-fait-defaut\/"]}]},{"@type":"ImageObject","inLanguage":"fr-CA","@id":"https:\/\/news.canadamotorjobs.com\/fr\/ford-rappelle-462-000-vehicules-pour-une-camera-de-recul-qui-fait-defaut\/#primaryimage","url":"https:\/\/news.canadamotorjobs.com\/wp-content\/uploads\/2023\/01\/2022-Explorer-ST_Line_02.jpg","contentUrl":"https:\/\/news.canadamotorjobs.com\/wp-content\/uploads\/2023\/01\/2022-Explorer-ST_Line_02.jpg","width":2501,"height":1667},{"@type":"BreadcrumbList","@id":"https:\/\/news.canadamotorjobs.com\/fr\/ford-rappelle-462-000-vehicules-pour-une-camera-de-recul-qui-fait-defaut\/#breadcrumb","itemListElement":[{"@type":"ListItem","position":1,"name":"Home","item":"https:\/\/news.canadamotorjobs.com\/fr\/blog\/"},{"@type":"ListItem","position":2,"name":"Ford rappelle 462 000 v\u00e9hicules pour une cam\u00e9ra de recul qui fait d\u00e9faut"}]},{"@type":"WebSite","@id":"https:\/\/news.canadamotorjobs.com\/#website","url":"https:\/\/news.canadamotorjobs.com\/","name":"CanadaMotorJobs.com","description":"Automotive Jobs","publisher":{"@id":"https:\/\/news.canadamotorjobs.com\/#organization"},"potentialAction":[{"@type":"SearchAction","target":{"@type":"EntryPoint","urlTemplate":"https:\/\/news.canadamotorjobs.com\/?s={search_term_string}"},"query-input":"required name=search_term_string"}],"inLanguage":"fr-CA"},{"@type":"Organization","@id":"https:\/\/news.canadamotorjobs.com\/#organization","name":"Canada Motor Jobs","url":"https:\/\/news.canadamotorjobs.com\/","logo":{"@type":"ImageObject","inLanguage":"fr-CA","@id":"https:\/\/news.canadamotorjobs.com\/#\/schema\/logo\/image\/","url":"https:\/\/news.canadamotorjobs.com\/wp-content\/uploads\/2022\/10\/logo-canada-motor-jobs-1.png","contentUrl":"https:\/\/news.canadamotorjobs.com\/wp-content\/uploads\/2022\/10\/logo-canada-motor-jobs-1.png","width":800,"height":400,"caption":"Canada Motor Jobs"},"image":{"@id":"https:\/\/news.canadamotorjobs.com\/#\/schema\/logo\/image\/"},"sameAs":["https:\/\/www.facebook.com\/canadamotorjobs\/","https:\/\/x.com\/canadamotorjobs","https:\/\/www.instagram.com\/canadamotorjobs\/","https:\/\/www.linkedin.com\/company\/canadamotorjobs"]},{"@type":"Person","@id":"https:\/\/news.canadamotorjobs.com\/#\/schema\/person\/51793d1f87d44011d7bcc2ed99269a90","name":"Benoit Charette","image":{"@type":"ImageObject","inLanguage":"fr-CA","@id":"https:\/\/news.canadamotorjobs.com\/#\/schema\/person\/image\/","url":"https:\/\/secure.gravatar.com\/avatar\/45f3d2eebcccd909668d7ce7ea7267b6?s=96&d=mm&r=g","contentUrl":"https:\/\/secure.gravatar.com\/avatar\/45f3d2eebcccd909668d7ce7ea7267b6?s=96&d=mm&r=g","caption":"Benoit Charette"},"description":"Benoit Charette \/ Propri\u00e9taire et r\u00e9dacteur en chef Benoit Charette pratique le journalisme automobile depuis bient\u00f4t 30 ans. Il a fait ses classes au c\u00f4t\u00e9 de Daniel H\u00e9raud et au Carnet de route de 1992 \u00e0 2001. Il est fondateur, copropri\u00e9taire et r\u00e9dacteur en chef de L\u2019Annuel de l\u2019automobile, qu\u2019il publie depuis 2001. Il a anim\u00e9 les \u00e9missions RPM et RPM+ sur V et les L\u00e9gendes de la route sur Historia. \u00c0 la radio depuis 1986, il reprend l\u2019antenne cette ann\u00e9e sur les ondes de Cogeco et participe pour la deuxi\u00e8me ann\u00e9e \u00e0 l\u2019\u00e9mission Passion Auto sur RDS en plus de mettre en ligne le site Web officiel de L\u2019Annuel de l\u2019automobile sur annuelauto.ca.","sameAs":["https:\/\/annuelauto.ca\/"],"url":"https:\/\/news.canadamotorjobs.com\/fr\/author\/benoit-charette\/"}]}},"_links":{"self":[{"href":"https:\/\/news.canadamotorjobs.com\/fr\/wp-json\/wp\/v2\/posts\/138876"}],"collection":[{"href":"https:\/\/news.canadamotorjobs.com\/fr\/wp-json\/wp\/v2\/posts"}],"about":[{"href":"https:\/\/news.canadamotorjobs.com\/fr\/wp-json\/wp\/v2\/types\/post"}],"author":[{"embeddable":true,"href":"https:\/\/news.canadamotorjobs.com\/fr\/wp-json\/wp\/v2\/users\/8"}],"replies":[{"embeddable":true,"href":"https:\/\/news.canadamotorjobs.com\/fr\/wp-json\/wp\/v2\/comments?post=138876"}],"version-history":[{"count":2,"href":"https:\/\/news.canadamotorjobs.com\/fr\/wp-json\/wp\/v2\/posts\/138876\/revisions"}],"predecessor-version":[{"id":138880,"href":"https:\/\/news.canadamotorjobs.com\/fr\/wp-json\/wp\/v2\/posts\/138876\/revisions\/138880"}],"wp:featuredmedia":[{"embeddable":true,"href":"https:\/\/news.canadamotorjobs.com\/fr\/wp-json\/wp\/v2\/media\/138878"}],"wp:attachment":[{"href":"https:\/\/news.canadamotorjobs.com\/fr\/wp-json\/wp\/v2\/media?parent=138876"}],"wp:term":[{"taxonomy":"category","embeddable":true,"href":"https:\/\/news.canadamotorjobs.com\/fr\/wp-json\/wp\/v2\/categories?post=138876"},{"taxonomy":"post_tag","embeddable":true,"href":"https:\/\/news.canadamotorjobs.com\/fr\/wp-json\/wp\/v2\/tags?post=138876"}],"curies":[{"name":"wp","href":"https:\/\/api.w.org\/{rel}","templated":true}]}}