{"id":138849,"date":"2023-01-27T08:17:18","date_gmt":"2023-01-27T13:17:18","guid":{"rendered":"https:\/\/news.canadamotorjobs.com\/?p=138849"},"modified":"2023-01-27T08:29:22","modified_gmt":"2023-01-27T13:29:22","slug":"voici-laudi-activesphere","status":"publish","type":"post","link":"https:\/\/news.canadamotorjobs.com\/fr\/voici-laudi-activesphere\/","title":{"rendered":"Voici l\u2019Audi ActiveSphere"},"content":{"rendered":"<\/p>\n<p>Combien connaissez-vous de v\u00e9hicules qui offrent les portes comme celles de la McLaren Senna sur un mod\u00e8le berline qui se transforme en pick-up. Voil\u00e0 en deux mots \u00e0 quoi ressemble le concept ActiveSphere qu\u2019a pr\u00e9sent\u00e9 Audi hier.<\/p>\n<h3>Le dernier-n\u00e9 de la famille Sphere<\/h3>\n<p>\nLa skysphere \u00e9tait un roadster, la grandsphere \u00e9tait une berline et l&#8217;urbansphere \u00e9tait une sorte de fourgonnette. Dans cette optique, il est logique que le concept final soit un grand v\u00e9hicule de luxe, mais celui-ci ne ressemble \u00e0 aucun VUS que nous ayons vu auparavant, avec la possibilit\u00e9 de se transformer d&#8217;un coup\u00e9 quatre portes en pick-up par simple pression sur un bouton. En outre, le concept est d\u00e9j\u00e0 pr\u00eat pour un avenir autonome et pr\u00e9sente une technologie innovante de r\u00e9alit\u00e9 mixte et augment\u00e9e.<\/p>\n<h3>N\u00e9 en Californie<\/h3>\n<p>\nGael Buzyn, le directeur du studio de design d&#8217;Audi \u00e0 Malibu explique que ce mod\u00e8le est un nouveau type de Multisegment qui combine intelligemment l&#8217;\u00e9l\u00e9gance d&#8217;une Audi Sportback, l&#8217;aspect pratique d&#8217;un VUS et de v\u00e9ritables capacit\u00e9s tout-terrain.&#8221;<\/p>\n<h3>Tout \u00e9lectrique<\/h3>\n<p>\nLe concept s&#8217;appuie sur la Premium Platform Electric (PPE), qui, selon Audi, \u00e9quipera les premiers mod\u00e8les de s\u00e9rie avant la fin de l&#8217;ann\u00e9e. L&#8217;architecture 800 volts et sa batterie de 100\u00a0kWh promettent une autonomie de pr\u00e8s de 600\u00a0km et la possibilit\u00e9 de recharger de 5 \u00e0 80\u00a0% en moins de 25 minutes. En outre, une autonomie de 300\u00a0km peut \u00eatre r\u00e9cup\u00e9r\u00e9e en seulement 10 minutes. Comme de nombreux autres concepts de conduite autonome, l&#8217;activesphere est con\u00e7ue pour d\u00e9tendre et divertir les occupants gr\u00e2ce \u00e0 la technologie et \u00e0 une utilisation intelligente de l&#8217;espace. Avec des moteurs \u00e9lectriques sur les deux essieux, le concept tout \u00e9lectrique produit 435 chevaux et 531\u00a0lb-pi de couple. Les amortisseurs adaptatifs font partie du syst\u00e8me de suspension adaptative, qui peut faire passer la garde au sol de 8,2 pouces \u00e0 9,7 pouces. L&#8217;angle d&#8217;approche est \u00e9valu\u00e9 \u00e0 18,9 degr\u00e9s, tandis que l&#8217;angle de d\u00e9part est de 28,1 degr\u00e9s, aid\u00e9s en partie par des roues de 22 pouces. En mode tout-terrain, les jupes lat\u00e9rales d\u00e9ploient des \u00e9l\u00e9ments clout\u00e9s pour donner au v\u00e9hicule un aspect plus robuste.<\/p>\n<h3>Un style unique<\/h3>\n<p>\nLa lunette arri\u00e8re de style Sportback peut coulisser presque au ras du toit du v\u00e9hicule, tandis que la section verticale du hayon se replie horizontalement pour cr\u00e9er un lit de chargement avec des supports pour les articles d&#8217;aventure comme les v\u00e9los \u00e9lectriques. Les piliers C ne bougent pas, mais une cloison motoris\u00e9e se d\u00e9ploie \u00e0 l&#8217;arri\u00e8re des si\u00e8ges arri\u00e8re pour isoler l&#8217;habitacle du lit ouvert. En outre, un porte-skis a \u00e9t\u00e9 int\u00e9gr\u00e9 de mani\u00e8re presque invisible au milieu du toit. Gr\u00e2ce \u00e0 ce design unique, l&#8217;activephere allie le style d&#8217;un coup\u00e9 au c\u00f4t\u00e9 pratique d&#8217;un pick-up, combinant ainsi efficacement les avantages de plusieurs v\u00e9hicules en une seule cr\u00e9ation passionnante. Comme pour le concept de la grande sph\u00e8re, il n&#8217;y a pas de pilier B entre les portes-suicides \u00e0 contreouverture, ce qui renforce encore la sensation d&#8217;espace. Quatre si\u00e8ges individuels avec accoudoirs int\u00e9rieurs int\u00e9gr\u00e9s sont reli\u00e9s \u00e0 la console centrale en rouge lave, tandis que le noir, l&#8217;anthracite et le gris fonc\u00e9 sont \u00e9galement pr\u00e9sents dans l&#8217;habitacle. Puisqu&#8217;il n&#8217;y a pas besoin d&#8217;arbre de transmission dans le VE, la console centrale fait office d&#8217;unit\u00e9 de stockage embarqu\u00e9e et de bar chauffant ou refroidissant avec un couvercle transparent.<\/p>\n<h3>Une conduite autonome<\/h3>\n<p>\nEn mode autonome, le volant, les p\u00e9dales et m\u00eame le tableau de bord disparaissent, ce qui permet d&#8217;augmenter l&#8217;espace pour les jambes des occupants avant. Dans ce cas, les occupants peuvent voir l&#8217;\u00e9l\u00e9ment de la calandre avant. Vous avez aussi des casques de r\u00e9alit\u00e9 augment\u00e9e qui superposent des \u00e9l\u00e9ments num\u00e9riques \u00e0 une vue du monde r\u00e9el, le syst\u00e8me \u00e9tant contr\u00f4l\u00e9 par le suivi des yeux et des gestes. Par exemple, lorsqu&#8217;un utilisateur regarde le haut-parleur le plus proche, les commandes pour les m\u00e9dias et le volume apparaissent. Il en va de m\u00eame pour les commandes des bouches d&#8217;a\u00e9ration. En outre, Audi pr\u00e9voit que cette technologie puisse projeter une topographie 3D haute r\u00e9solution sur le paysage r\u00e9el, en ajoutant des informations de navigation. C&#8217;est utile en tout-terrain, mais le syst\u00e8me pourrait aussi afficher des informations sur le trafic, comme les embouteillages, les routes glissantes ou d&#8217;autres dangers. Chaque utilisateur peut \u00e9galement contr\u00f4ler la temp\u00e9rature et l&#8217;air ambiant, acc\u00e9der au web, etc. Les casques ont m\u00eame des avantages potentiels en dehors du v\u00e9hicule, par exemple pour aider \u00e0 naviguer sur une piste cyclable ou une piste de ski. Selon Audi, les informations sur lesquelles vos yeux se fixent s&#8217;agrandissent automatiquement pour fournir plus de d\u00e9tails.<\/p>\n<p>Le texte <a rel=\"nofollow\" href=\"https:\/\/annuelauto.ca\/voici-laudi-activesphere\/\">Voici l\u2019Audi ActiveSphere<\/a> provient de <a rel=\"nofollow\" href=\"https:\/\/annuelauto.ca\">L&#8217;annuel de l&#8217;automobile &#8211; Actualit\u00e9 automobile<\/a><\/p>\n<p><\/p>\n","protected":false},"excerpt":{"rendered":"<p>Combien connaissez-vous de v\u00e9hicules qui offrent les portes comme celles de la McLaren Senna sur un mod\u00e8le berline qui se transforme en pick-up. Voil\u00e0 en deux mots \u00e0 quoi ressemble le concept ActiveSphere qu\u2019a pr\u00e9sent\u00e9 Audi hier. Le dernier-n\u00e9 de la famille Sphere La skysphere \u00e9tait un roadster, la grandsphere \u00e9tait une berline et l&#8217;urbansphere [&hellip;]<\/p>\n","protected":false},"author":8,"featured_media":138851,"comment_status":"close","ping_status":"closed","sticky":false,"template":"","format":"standard","meta":{"_monsterinsights_skip_tracking":false,"_monsterinsights_sitenote_active":false,"_monsterinsights_sitenote_note":"","_monsterinsights_sitenote_category":0,"footnotes":""},"categories":[101],"tags":[],"yoast_head":"<!-- This site is optimized with the Yoast SEO plugin v23.2 - https:\/\/yoast.com\/wordpress\/plugins\/seo\/ -->\n<title>Voici l\u2019Audi ActiveSphere - CanadaMotorJobs.com<\/title>\n<meta name=\"description\" content=\"Voici l\u2019Audi ActiveSphere - Benoit Charette - Annuel automobile - CanadaMotorJobs.com.\" \/>\n<meta name=\"robots\" content=\"index, follow, max-snippet:-1, max-image-preview:large, max-video-preview:-1\" \/>\n<meta property=\"og:locale\" content=\"fr_CA\" \/>\n<meta property=\"og:type\" content=\"article\" \/>\n<meta property=\"og:title\" content=\"Voici l\u2019Audi ActiveSphere - CanadaMotorJobs.com\" \/>\n<meta property=\"og:description\" content=\"Voici l\u2019Audi ActiveSphere - Benoit Charette - Annuel automobile - CanadaMotorJobs.com.\" \/>\n<meta property=\"og:url\" content=\"https:\/\/news.canadamotorjobs.com\/fr\/voici-laudi-activesphere\/\" \/>\n<meta property=\"og:site_name\" content=\"CanadaMotorJobs.com\" \/>\n<meta property=\"article:publisher\" content=\"https:\/\/www.facebook.com\/canadamotorjobs\/\" \/>\n<meta property=\"article:published_time\" content=\"2023-01-27T13:17:18+00:00\" \/>\n<meta property=\"article:modified_time\" content=\"2023-01-27T13:29:22+00:00\" \/>\n<meta property=\"og:image\" content=\"https:\/\/news.canadamotorjobs.com\/wp-content\/uploads\/2023\/01\/A230559_large.jpeg\" \/>\n\t<meta property=\"og:image:width\" content=\"1561\" \/>\n\t<meta property=\"og:image:height\" content=\"1000\" \/>\n\t<meta property=\"og:image:type\" content=\"image\/jpeg\" \/>\n<meta name=\"author\" content=\"Benoit Charette\" \/>\n<meta name=\"twitter:card\" content=\"summary_large_image\" \/>\n<meta name=\"twitter:creator\" content=\"@canadamotorjobs\" \/>\n<meta name=\"twitter:site\" content=\"@canadamotorjobs\" \/>\n<meta name=\"twitter:label1\" content=\"\u00c9crit par\" \/>\n\t<meta name=\"twitter:data1\" content=\"Benoit Charette\" \/>\n\t<meta name=\"twitter:label2\" content=\"Estimation du temps de lecture\" \/>\n\t<meta name=\"twitter:data2\" content=\"4 minutes\" \/>\n<!-- \/ Yoast SEO plugin. -->","yoast_head_json":{"title":"Voici l\u2019Audi ActiveSphere - CanadaMotorJobs.com","description":"Voici l\u2019Audi ActiveSphere - Benoit Charette - Annuel automobile - CanadaMotorJobs.com.","robots":{"index":"index","follow":"follow","max-snippet":"max-snippet:-1","max-image-preview":"max-image-preview:large","max-video-preview":"max-video-preview:-1"},"og_locale":"fr_CA","og_type":"article","og_title":"Voici l\u2019Audi ActiveSphere - CanadaMotorJobs.com","og_description":"Voici l\u2019Audi ActiveSphere - Benoit Charette - Annuel automobile - CanadaMotorJobs.com.","og_url":"https:\/\/news.canadamotorjobs.com\/fr\/voici-laudi-activesphere\/","og_site_name":"CanadaMotorJobs.com","article_publisher":"https:\/\/www.facebook.com\/canadamotorjobs\/","article_published_time":"2023-01-27T13:17:18+00:00","article_modified_time":"2023-01-27T13:29:22+00:00","og_image":[{"width":1561,"height":1000,"url":"https:\/\/news.canadamotorjobs.com\/wp-content\/uploads\/2023\/01\/A230559_large.jpeg","type":"image\/jpeg"}],"author":"Benoit Charette","twitter_card":"summary_large_image","twitter_creator":"@canadamotorjobs","twitter_site":"@canadamotorjobs","twitter_misc":{"\u00c9crit par":"Benoit Charette","Estimation du temps de lecture":"4 minutes"},"schema":{"@context":"https:\/\/schema.org","@graph":[{"@type":"Article","@id":"https:\/\/news.canadamotorjobs.com\/fr\/voici-laudi-activesphere\/#article","isPartOf":{"@id":"https:\/\/news.canadamotorjobs.com\/fr\/voici-laudi-activesphere\/"},"author":{"name":"Benoit Charette","@id":"https:\/\/news.canadamotorjobs.com\/#\/schema\/person\/51793d1f87d44011d7bcc2ed99269a90"},"headline":"Voici l\u2019Audi ActiveSphere","datePublished":"2023-01-27T13:17:18+00:00","dateModified":"2023-01-27T13:29:22+00:00","mainEntityOfPage":{"@id":"https:\/\/news.canadamotorjobs.com\/fr\/voici-laudi-activesphere\/"},"wordCount":866,"publisher":{"@id":"https:\/\/news.canadamotorjobs.com\/#organization"},"image":{"@id":"https:\/\/news.canadamotorjobs.com\/fr\/voici-laudi-activesphere\/#primaryimage"},"thumbnailUrl":"https:\/\/news.canadamotorjobs.com\/wp-content\/uploads\/2023\/01\/A230559_large.jpeg","articleSection":["Annuel automobile"],"inLanguage":"fr-CA"},{"@type":"WebPage","@id":"https:\/\/news.canadamotorjobs.com\/fr\/voici-laudi-activesphere\/","url":"https:\/\/news.canadamotorjobs.com\/fr\/voici-laudi-activesphere\/","name":"Voici l\u2019Audi ActiveSphere - CanadaMotorJobs.com","isPartOf":{"@id":"https:\/\/news.canadamotorjobs.com\/#website"},"primaryImageOfPage":{"@id":"https:\/\/news.canadamotorjobs.com\/fr\/voici-laudi-activesphere\/#primaryimage"},"image":{"@id":"https:\/\/news.canadamotorjobs.com\/fr\/voici-laudi-activesphere\/#primaryimage"},"thumbnailUrl":"https:\/\/news.canadamotorjobs.com\/wp-content\/uploads\/2023\/01\/A230559_large.jpeg","datePublished":"2023-01-27T13:17:18+00:00","dateModified":"2023-01-27T13:29:22+00:00","description":"Voici l\u2019Audi ActiveSphere - Benoit Charette - Annuel automobile - CanadaMotorJobs.com.","breadcrumb":{"@id":"https:\/\/news.canadamotorjobs.com\/fr\/voici-laudi-activesphere\/#breadcrumb"},"inLanguage":"fr-CA","potentialAction":[{"@type":"ReadAction","target":["https:\/\/news.canadamotorjobs.com\/fr\/voici-laudi-activesphere\/"]}]},{"@type":"ImageObject","inLanguage":"fr-CA","@id":"https:\/\/news.canadamotorjobs.com\/fr\/voici-laudi-activesphere\/#primaryimage","url":"https:\/\/news.canadamotorjobs.com\/wp-content\/uploads\/2023\/01\/A230559_large.jpeg","contentUrl":"https:\/\/news.canadamotorjobs.com\/wp-content\/uploads\/2023\/01\/A230559_large.jpeg","width":1561,"height":1000},{"@type":"BreadcrumbList","@id":"https:\/\/news.canadamotorjobs.com\/fr\/voici-laudi-activesphere\/#breadcrumb","itemListElement":[{"@type":"ListItem","position":1,"name":"Home","item":"https:\/\/news.canadamotorjobs.com\/fr\/blog\/"},{"@type":"ListItem","position":2,"name":"Voici l\u2019Audi ActiveSphere"}]},{"@type":"WebSite","@id":"https:\/\/news.canadamotorjobs.com\/#website","url":"https:\/\/news.canadamotorjobs.com\/","name":"CanadaMotorJobs.com","description":"Automotive Jobs","publisher":{"@id":"https:\/\/news.canadamotorjobs.com\/#organization"},"potentialAction":[{"@type":"SearchAction","target":{"@type":"EntryPoint","urlTemplate":"https:\/\/news.canadamotorjobs.com\/?s={search_term_string}"},"query-input":"required name=search_term_string"}],"inLanguage":"fr-CA"},{"@type":"Organization","@id":"https:\/\/news.canadamotorjobs.com\/#organization","name":"Canada Motor Jobs","url":"https:\/\/news.canadamotorjobs.com\/","logo":{"@type":"ImageObject","inLanguage":"fr-CA","@id":"https:\/\/news.canadamotorjobs.com\/#\/schema\/logo\/image\/","url":"https:\/\/news.canadamotorjobs.com\/wp-content\/uploads\/2022\/10\/logo-canada-motor-jobs-1.png","contentUrl":"https:\/\/news.canadamotorjobs.com\/wp-content\/uploads\/2022\/10\/logo-canada-motor-jobs-1.png","width":800,"height":400,"caption":"Canada Motor Jobs"},"image":{"@id":"https:\/\/news.canadamotorjobs.com\/#\/schema\/logo\/image\/"},"sameAs":["https:\/\/www.facebook.com\/canadamotorjobs\/","https:\/\/x.com\/canadamotorjobs","https:\/\/www.instagram.com\/canadamotorjobs\/","https:\/\/www.linkedin.com\/company\/canadamotorjobs"]},{"@type":"Person","@id":"https:\/\/news.canadamotorjobs.com\/#\/schema\/person\/51793d1f87d44011d7bcc2ed99269a90","name":"Benoit Charette","image":{"@type":"ImageObject","inLanguage":"fr-CA","@id":"https:\/\/news.canadamotorjobs.com\/#\/schema\/person\/image\/","url":"https:\/\/secure.gravatar.com\/avatar\/45f3d2eebcccd909668d7ce7ea7267b6?s=96&d=mm&r=g","contentUrl":"https:\/\/secure.gravatar.com\/avatar\/45f3d2eebcccd909668d7ce7ea7267b6?s=96&d=mm&r=g","caption":"Benoit Charette"},"description":"Benoit Charette \/ Propri\u00e9taire et r\u00e9dacteur en chef Benoit Charette pratique le journalisme automobile depuis bient\u00f4t 30 ans. Il a fait ses classes au c\u00f4t\u00e9 de Daniel H\u00e9raud et au Carnet de route de 1992 \u00e0 2001. Il est fondateur, copropri\u00e9taire et r\u00e9dacteur en chef de L\u2019Annuel de l\u2019automobile, qu\u2019il publie depuis 2001. Il a anim\u00e9 les \u00e9missions RPM et RPM+ sur V et les L\u00e9gendes de la route sur Historia. \u00c0 la radio depuis 1986, il reprend l\u2019antenne cette ann\u00e9e sur les ondes de Cogeco et participe pour la deuxi\u00e8me ann\u00e9e \u00e0 l\u2019\u00e9mission Passion Auto sur RDS en plus de mettre en ligne le site Web officiel de L\u2019Annuel de l\u2019automobile sur annuelauto.ca.","sameAs":["https:\/\/annuelauto.ca\/"],"url":"https:\/\/news.canadamotorjobs.com\/fr\/author\/benoit-charette\/"}]}},"_links":{"self":[{"href":"https:\/\/news.canadamotorjobs.com\/fr\/wp-json\/wp\/v2\/posts\/138849"}],"collection":[{"href":"https:\/\/news.canadamotorjobs.com\/fr\/wp-json\/wp\/v2\/posts"}],"about":[{"href":"https:\/\/news.canadamotorjobs.com\/fr\/wp-json\/wp\/v2\/types\/post"}],"author":[{"embeddable":true,"href":"https:\/\/news.canadamotorjobs.com\/fr\/wp-json\/wp\/v2\/users\/8"}],"replies":[{"embeddable":true,"href":"https:\/\/news.canadamotorjobs.com\/fr\/wp-json\/wp\/v2\/comments?post=138849"}],"version-history":[{"count":2,"href":"https:\/\/news.canadamotorjobs.com\/fr\/wp-json\/wp\/v2\/posts\/138849\/revisions"}],"predecessor-version":[{"id":138853,"href":"https:\/\/news.canadamotorjobs.com\/fr\/wp-json\/wp\/v2\/posts\/138849\/revisions\/138853"}],"wp:featuredmedia":[{"embeddable":true,"href":"https:\/\/news.canadamotorjobs.com\/fr\/wp-json\/wp\/v2\/media\/138851"}],"wp:attachment":[{"href":"https:\/\/news.canadamotorjobs.com\/fr\/wp-json\/wp\/v2\/media?parent=138849"}],"wp:term":[{"taxonomy":"category","embeddable":true,"href":"https:\/\/news.canadamotorjobs.com\/fr\/wp-json\/wp\/v2\/categories?post=138849"},{"taxonomy":"post_tag","embeddable":true,"href":"https:\/\/news.canadamotorjobs.com\/fr\/wp-json\/wp\/v2\/tags?post=138849"}],"curies":[{"name":"wp","href":"https:\/\/api.w.org\/{rel}","templated":true}]}}