{"id":138825,"date":"2023-01-26T15:16:58","date_gmt":"2023-01-26T20:16:58","guid":{"rendered":"https:\/\/news.canadamotorjobs.com\/?p=138825"},"modified":"2023-01-26T15:29:08","modified_gmt":"2023-01-26T20:29:08","slug":"bmw-x7-xdrive40i","status":"publish","type":"post","link":"https:\/\/news.canadamotorjobs.com\/fr\/bmw-x7-xdrive40i\/","title":{"rendered":"BMW X7 xDrive40i"},"content":{"rendered":"<\/p>\n<p>Le plus gros des v\u00e9hicules fabriqu\u00e9s par BMW revient transform\u00e9 en 2023 et honn\u00eatement, on doit f\u00e9liciter les ing\u00e9nieurs du constructeur bavarois d\u2019avoir r\u00e9ussi \u00e0 cr\u00e9er un VUS aussi gros et qui consomme aussi peu, sans r\u00e9ellement mise sur une \u00e9lectrification plus substantielle.<\/p>\n<p>\u00c9videmment, ce que \u00e7a veut aussi dire, c\u2019est que le X7 2023 a beau ne pas consommer beaucoup plus de carburant qu\u2019un BMW X3, \u00e7a reste un v\u00e9hicule \u00e0 essence qui est soumis aux fluctuations du prix de l\u2019essence \u00e0 la station-service et dont l\u2019empreinte environnementale demeure assez importante.<\/p>\n<p>Mais commen\u00e7ons par le d\u00e9but\u00a0: le X7, il est gros. C\u2019est un VUS pleine grandeur qui est livr\u00e9 avec deux banquettes, \u00e0 l\u2019arri\u00e8re. Celles-l\u00e0 sont \u00e9lectrifi\u00e9es\u00a0: des commandes log\u00e9es pr\u00e8s du hayon dans le coffre permettent de les rabattre si vous voulez charger les nombreuses bo\u00eetes de produits achet\u00e9s au Costco de votre r\u00e9gion. D\u00e9tail int\u00e9ressant, le X7 est un de ces rares VUS dont le hayon (lui aussi \u00e9lectrique) s\u2019ouvre en deux sections, dont un hayon inf\u00e9rieur, au bas du coffre, qui agit comme barri\u00e8re pour le chargement et qui est assez utile.<\/p>\n<p>Les deux banquettes sont assez spacieuses, mais disons que les places six et sept, dans le fond, ciblent des passagers de plus petite taille, comme des enfants. On trouve des ports USB-C partout pour leurs iPhone ou leurs Nintendo Switch.<\/p>\n<p>Il y a aussi beaucoup de techno \u00e0 l\u2019avant. Il y a des \u00e9crans panoramiques derri\u00e8re le volant et au haut de la console centrale qui sont tr\u00e8s agr\u00e9ables \u00e0 regarder et qui peuvent \u00eatre personnalis\u00e9s \u00e0 souhait. C\u2019est int\u00e9ressant. \u00c7a donne vie \u00e0 l\u2019interface iDrive 8 de BMW, qui n\u2019est pas magique, mais qui s\u2019am\u00e9liore d\u2019une g\u00e9n\u00e9ration \u00e0 l\u2019autre. Bravo pour \u00e7a, mais on a surtout h\u00e2te de voir CarPlay 3 l\u00e0-dessus, \u00e9tant donn\u00e9 que c\u2019est \u00e9crit dans le ciel que cette interface sign\u00e9e Apple s\u2019en vient d\u00e8s cet automne \u00e0 bord de ce v\u00e9hicule, probablement via une mise \u00e0 jour logicielle.<\/p>\n<p>Toujours dans le rayon des technologies, notons l\u2019aide \u00e0 la conduite avanc\u00e9e int\u00e9gr\u00e9e au v\u00e9hicule qui conduit \u00e0 votre place, mais qui oblige de tenir le volant en tout temps. Une bonne id\u00e9e, car la hauteur \u00e9lev\u00e9e de la caisse du X7 fait qu\u2019on voit mal ce qui est \u00e0 proximit\u00e9 du v\u00e9hicule, alors quand le pilote semi-automatique d\u00e9croche, il faut \u00eatre aux aguets sur-le-champ.<\/p>\n<p>Comme le X7 est un gros VUS, on n\u2019attend pas une performance d\u00e9brid\u00e9e de sa m\u00e9canique, mais son comportement est \u00e9tonnamment bien ficel\u00e9. On a dans la version de base une puissance de 375 chevaux sous l\u2019acc\u00e9l\u00e9rateur, et un couple de 383 livres-pied. \u00c7a suffit \u00e0 produire une bonne acc\u00e9l\u00e9ration, peu importe les conditions. Il y a un V8 en option, mais \u00e0 notre avis, le six cylindres biturbo de 3 litres est le meilleur choix.<\/p>\n<p>Il a droit \u00e0 un accumulateur permet de l\u2019\u00e9teindre aux feux rouges. Et dans l\u2019ensemble, on a obtenu une consommation moyenne de 11,6 litres aux 100 kilom\u00e8tres, ce qui est exceptionnel pour un VUS gros comme celui-l\u00e0. Dans cette cat\u00e9gorie la moyenne est sup\u00e9rieure \u00e0 15 litres aux 100\u00a0km\u2026<\/p>\n<p>Difficile, donc, de trouver des d\u00e9fauts au X7 mill\u00e9sim\u00e9 2023\u2026 si ce n\u2019est qu\u2019on lui pr\u00e9f\u00e8re quand m\u00eame le iX tout \u00e9lectrique, y compris le iX M60, sa version plus haut de gamme.<\/p>\n<p>Surtout que pour son prix de d\u00e9tail qui varie entre 108\u00a0000 et 129 000\u00a0$, et qui grimpe \u00e0 171 000\u00a0$ en version Alpina, on trouve des VUS \u00e9lectriques pas mal plus sophistiqu\u00e9s\u2026<\/p>\n<p>Le texte <a rel=\"nofollow\" href=\"https:\/\/annuelauto.ca\/bmw-x7-xdrive40i\/\">BMW X7 xDrive40i<\/a> provient de <a rel=\"nofollow\" href=\"https:\/\/annuelauto.ca\">L&#8217;annuel de l&#8217;automobile &#8211; Actualit\u00e9 automobile<\/a><\/p>\n<p><\/p>\n","protected":false},"excerpt":{"rendered":"<p>Le plus gros des v\u00e9hicules fabriqu\u00e9s par BMW revient transform\u00e9 en 2023 et honn\u00eatement, on doit f\u00e9liciter les ing\u00e9nieurs du constructeur bavarois d\u2019avoir r\u00e9ussi \u00e0 cr\u00e9er un VUS aussi gros et qui consomme aussi peu, sans r\u00e9ellement mise sur une \u00e9lectrification plus substantielle. \u00c9videmment, ce que \u00e7a veut aussi dire, c\u2019est que le X7 2023 [&hellip;]<\/p>\n","protected":false},"author":8,"featured_media":138827,"comment_status":"close","ping_status":"closed","sticky":false,"template":"","format":"standard","meta":{"_monsterinsights_skip_tracking":false,"_monsterinsights_sitenote_active":false,"_monsterinsights_sitenote_note":"","_monsterinsights_sitenote_category":0,"footnotes":""},"categories":[101],"tags":[],"yoast_head":"<!-- This site is optimized with the Yoast SEO plugin v23.2 - https:\/\/yoast.com\/wordpress\/plugins\/seo\/ -->\n<title>BMW X7 xDrive40i - CanadaMotorJobs.com<\/title>\n<meta name=\"description\" content=\"BMW X7 xDrive40i - Benoit Charette - Annuel automobile - CanadaMotorJobs.com.\" \/>\n<meta name=\"robots\" content=\"index, follow, max-snippet:-1, max-image-preview:large, max-video-preview:-1\" \/>\n<meta property=\"og:locale\" content=\"fr_CA\" \/>\n<meta property=\"og:type\" content=\"article\" \/>\n<meta property=\"og:title\" content=\"BMW X7 xDrive40i - CanadaMotorJobs.com\" \/>\n<meta property=\"og:description\" content=\"BMW X7 xDrive40i - Benoit Charette - Annuel automobile - CanadaMotorJobs.com.\" \/>\n<meta property=\"og:url\" content=\"https:\/\/news.canadamotorjobs.com\/fr\/bmw-x7-xdrive40i\/\" \/>\n<meta property=\"og:site_name\" content=\"CanadaMotorJobs.com\" \/>\n<meta property=\"article:publisher\" content=\"https:\/\/www.facebook.com\/canadamotorjobs\/\" \/>\n<meta property=\"article:published_time\" content=\"2023-01-26T20:16:58+00:00\" \/>\n<meta property=\"article:modified_time\" content=\"2023-01-26T20:29:08+00:00\" \/>\n<meta property=\"og:image\" content=\"https:\/\/news.canadamotorjobs.com\/wp-content\/uploads\/2023\/01\/P90486426_highRes_the-new-bmw-x7-on-lo.jpg\" \/>\n\t<meta property=\"og:image:width\" content=\"1500\" \/>\n\t<meta property=\"og:image:height\" content=\"1000\" \/>\n\t<meta property=\"og:image:type\" content=\"image\/jpeg\" \/>\n<meta name=\"author\" content=\"Benoit Charette\" \/>\n<meta name=\"twitter:card\" content=\"summary_large_image\" \/>\n<meta name=\"twitter:creator\" content=\"@canadamotorjobs\" \/>\n<meta name=\"twitter:site\" content=\"@canadamotorjobs\" \/>\n<meta name=\"twitter:label1\" content=\"\u00c9crit par\" \/>\n\t<meta name=\"twitter:data1\" content=\"Benoit Charette\" \/>\n\t<meta name=\"twitter:label2\" content=\"Estimation du temps de lecture\" \/>\n\t<meta name=\"twitter:data2\" content=\"3 minutes\" \/>\n<!-- \/ Yoast SEO plugin. -->","yoast_head_json":{"title":"BMW X7 xDrive40i - CanadaMotorJobs.com","description":"BMW X7 xDrive40i - Benoit Charette - Annuel automobile - CanadaMotorJobs.com.","robots":{"index":"index","follow":"follow","max-snippet":"max-snippet:-1","max-image-preview":"max-image-preview:large","max-video-preview":"max-video-preview:-1"},"og_locale":"fr_CA","og_type":"article","og_title":"BMW X7 xDrive40i - CanadaMotorJobs.com","og_description":"BMW X7 xDrive40i - Benoit Charette - Annuel automobile - CanadaMotorJobs.com.","og_url":"https:\/\/news.canadamotorjobs.com\/fr\/bmw-x7-xdrive40i\/","og_site_name":"CanadaMotorJobs.com","article_publisher":"https:\/\/www.facebook.com\/canadamotorjobs\/","article_published_time":"2023-01-26T20:16:58+00:00","article_modified_time":"2023-01-26T20:29:08+00:00","og_image":[{"width":1500,"height":1000,"url":"https:\/\/news.canadamotorjobs.com\/wp-content\/uploads\/2023\/01\/P90486426_highRes_the-new-bmw-x7-on-lo.jpg","type":"image\/jpeg"}],"author":"Benoit Charette","twitter_card":"summary_large_image","twitter_creator":"@canadamotorjobs","twitter_site":"@canadamotorjobs","twitter_misc":{"\u00c9crit par":"Benoit Charette","Estimation du temps de lecture":"3 minutes"},"schema":{"@context":"https:\/\/schema.org","@graph":[{"@type":"Article","@id":"https:\/\/news.canadamotorjobs.com\/fr\/bmw-x7-xdrive40i\/#article","isPartOf":{"@id":"https:\/\/news.canadamotorjobs.com\/fr\/bmw-x7-xdrive40i\/"},"author":{"name":"Benoit Charette","@id":"https:\/\/news.canadamotorjobs.com\/#\/schema\/person\/51793d1f87d44011d7bcc2ed99269a90"},"headline":"BMW X7 xDrive40i","datePublished":"2023-01-26T20:16:58+00:00","dateModified":"2023-01-26T20:29:08+00:00","mainEntityOfPage":{"@id":"https:\/\/news.canadamotorjobs.com\/fr\/bmw-x7-xdrive40i\/"},"wordCount":654,"publisher":{"@id":"https:\/\/news.canadamotorjobs.com\/#organization"},"image":{"@id":"https:\/\/news.canadamotorjobs.com\/fr\/bmw-x7-xdrive40i\/#primaryimage"},"thumbnailUrl":"https:\/\/news.canadamotorjobs.com\/wp-content\/uploads\/2023\/01\/P90486426_highRes_the-new-bmw-x7-on-lo.jpg","articleSection":["Annuel automobile"],"inLanguage":"fr-CA"},{"@type":"WebPage","@id":"https:\/\/news.canadamotorjobs.com\/fr\/bmw-x7-xdrive40i\/","url":"https:\/\/news.canadamotorjobs.com\/fr\/bmw-x7-xdrive40i\/","name":"BMW X7 xDrive40i - CanadaMotorJobs.com","isPartOf":{"@id":"https:\/\/news.canadamotorjobs.com\/#website"},"primaryImageOfPage":{"@id":"https:\/\/news.canadamotorjobs.com\/fr\/bmw-x7-xdrive40i\/#primaryimage"},"image":{"@id":"https:\/\/news.canadamotorjobs.com\/fr\/bmw-x7-xdrive40i\/#primaryimage"},"thumbnailUrl":"https:\/\/news.canadamotorjobs.com\/wp-content\/uploads\/2023\/01\/P90486426_highRes_the-new-bmw-x7-on-lo.jpg","datePublished":"2023-01-26T20:16:58+00:00","dateModified":"2023-01-26T20:29:08+00:00","description":"BMW X7 xDrive40i - Benoit Charette - Annuel automobile - CanadaMotorJobs.com.","breadcrumb":{"@id":"https:\/\/news.canadamotorjobs.com\/fr\/bmw-x7-xdrive40i\/#breadcrumb"},"inLanguage":"fr-CA","potentialAction":[{"@type":"ReadAction","target":["https:\/\/news.canadamotorjobs.com\/fr\/bmw-x7-xdrive40i\/"]}]},{"@type":"ImageObject","inLanguage":"fr-CA","@id":"https:\/\/news.canadamotorjobs.com\/fr\/bmw-x7-xdrive40i\/#primaryimage","url":"https:\/\/news.canadamotorjobs.com\/wp-content\/uploads\/2023\/01\/P90486426_highRes_the-new-bmw-x7-on-lo.jpg","contentUrl":"https:\/\/news.canadamotorjobs.com\/wp-content\/uploads\/2023\/01\/P90486426_highRes_the-new-bmw-x7-on-lo.jpg","width":1500,"height":1000},{"@type":"BreadcrumbList","@id":"https:\/\/news.canadamotorjobs.com\/fr\/bmw-x7-xdrive40i\/#breadcrumb","itemListElement":[{"@type":"ListItem","position":1,"name":"Home","item":"https:\/\/news.canadamotorjobs.com\/fr\/blog\/"},{"@type":"ListItem","position":2,"name":"BMW X7 xDrive40i"}]},{"@type":"WebSite","@id":"https:\/\/news.canadamotorjobs.com\/#website","url":"https:\/\/news.canadamotorjobs.com\/","name":"CanadaMotorJobs.com","description":"Automotive Jobs","publisher":{"@id":"https:\/\/news.canadamotorjobs.com\/#organization"},"potentialAction":[{"@type":"SearchAction","target":{"@type":"EntryPoint","urlTemplate":"https:\/\/news.canadamotorjobs.com\/?s={search_term_string}"},"query-input":"required name=search_term_string"}],"inLanguage":"fr-CA"},{"@type":"Organization","@id":"https:\/\/news.canadamotorjobs.com\/#organization","name":"Canada Motor Jobs","url":"https:\/\/news.canadamotorjobs.com\/","logo":{"@type":"ImageObject","inLanguage":"fr-CA","@id":"https:\/\/news.canadamotorjobs.com\/#\/schema\/logo\/image\/","url":"https:\/\/news.canadamotorjobs.com\/wp-content\/uploads\/2022\/10\/logo-canada-motor-jobs-1.png","contentUrl":"https:\/\/news.canadamotorjobs.com\/wp-content\/uploads\/2022\/10\/logo-canada-motor-jobs-1.png","width":800,"height":400,"caption":"Canada Motor Jobs"},"image":{"@id":"https:\/\/news.canadamotorjobs.com\/#\/schema\/logo\/image\/"},"sameAs":["https:\/\/www.facebook.com\/canadamotorjobs\/","https:\/\/x.com\/canadamotorjobs","https:\/\/www.instagram.com\/canadamotorjobs\/","https:\/\/www.linkedin.com\/company\/canadamotorjobs"]},{"@type":"Person","@id":"https:\/\/news.canadamotorjobs.com\/#\/schema\/person\/51793d1f87d44011d7bcc2ed99269a90","name":"Benoit Charette","image":{"@type":"ImageObject","inLanguage":"fr-CA","@id":"https:\/\/news.canadamotorjobs.com\/#\/schema\/person\/image\/","url":"https:\/\/secure.gravatar.com\/avatar\/45f3d2eebcccd909668d7ce7ea7267b6?s=96&d=mm&r=g","contentUrl":"https:\/\/secure.gravatar.com\/avatar\/45f3d2eebcccd909668d7ce7ea7267b6?s=96&d=mm&r=g","caption":"Benoit Charette"},"description":"Benoit Charette \/ Propri\u00e9taire et r\u00e9dacteur en chef Benoit Charette pratique le journalisme automobile depuis bient\u00f4t 30 ans. Il a fait ses classes au c\u00f4t\u00e9 de Daniel H\u00e9raud et au Carnet de route de 1992 \u00e0 2001. Il est fondateur, copropri\u00e9taire et r\u00e9dacteur en chef de L\u2019Annuel de l\u2019automobile, qu\u2019il publie depuis 2001. Il a anim\u00e9 les \u00e9missions RPM et RPM+ sur V et les L\u00e9gendes de la route sur Historia. \u00c0 la radio depuis 1986, il reprend l\u2019antenne cette ann\u00e9e sur les ondes de Cogeco et participe pour la deuxi\u00e8me ann\u00e9e \u00e0 l\u2019\u00e9mission Passion Auto sur RDS en plus de mettre en ligne le site Web officiel de L\u2019Annuel de l\u2019automobile sur annuelauto.ca.","sameAs":["https:\/\/annuelauto.ca\/"],"url":"https:\/\/news.canadamotorjobs.com\/fr\/author\/benoit-charette\/"}]}},"_links":{"self":[{"href":"https:\/\/news.canadamotorjobs.com\/fr\/wp-json\/wp\/v2\/posts\/138825"}],"collection":[{"href":"https:\/\/news.canadamotorjobs.com\/fr\/wp-json\/wp\/v2\/posts"}],"about":[{"href":"https:\/\/news.canadamotorjobs.com\/fr\/wp-json\/wp\/v2\/types\/post"}],"author":[{"embeddable":true,"href":"https:\/\/news.canadamotorjobs.com\/fr\/wp-json\/wp\/v2\/users\/8"}],"replies":[{"embeddable":true,"href":"https:\/\/news.canadamotorjobs.com\/fr\/wp-json\/wp\/v2\/comments?post=138825"}],"version-history":[{"count":2,"href":"https:\/\/news.canadamotorjobs.com\/fr\/wp-json\/wp\/v2\/posts\/138825\/revisions"}],"predecessor-version":[{"id":138829,"href":"https:\/\/news.canadamotorjobs.com\/fr\/wp-json\/wp\/v2\/posts\/138825\/revisions\/138829"}],"wp:featuredmedia":[{"embeddable":true,"href":"https:\/\/news.canadamotorjobs.com\/fr\/wp-json\/wp\/v2\/media\/138827"}],"wp:attachment":[{"href":"https:\/\/news.canadamotorjobs.com\/fr\/wp-json\/wp\/v2\/media?parent=138825"}],"wp:term":[{"taxonomy":"category","embeddable":true,"href":"https:\/\/news.canadamotorjobs.com\/fr\/wp-json\/wp\/v2\/categories?post=138825"},{"taxonomy":"post_tag","embeddable":true,"href":"https:\/\/news.canadamotorjobs.com\/fr\/wp-json\/wp\/v2\/tags?post=138825"}],"curies":[{"name":"wp","href":"https:\/\/api.w.org\/{rel}","templated":true}]}}