{"id":138797,"date":"2023-01-24T15:24:57","date_gmt":"2023-01-24T20:24:57","guid":{"rendered":"https:\/\/news.canadamotorjobs.com\/?p=138797"},"modified":"2023-01-26T09:59:20","modified_gmt":"2023-01-26T14:59:20","slug":"winnebago-laisse-entrevoir-un-futur-electrifie-avec-son-concept-erv2","status":"publish","type":"post","link":"https:\/\/news.canadamotorjobs.com\/fr\/winnebago-laisse-entrevoir-un-futur-electrifie-avec-son-concept-erv2\/","title":{"rendered":"Winnebago laisse entrevoir un futur \u00e9lectrifi\u00e9 avec son concept eRV2"},"content":{"rendered":"<\/p>\n<p>Le constructeur de v\u00e9hicules r\u00e9cr\u00e9atifs Winnebago a d\u00e9voil\u00e9 son deuxi\u00e8me concept <a href=\"https:\/\/annuelauto.ca\/une-autocaravane-ford-modele-t-1914-pour-les-nostalgiques-des-voyages-dantan\/\" target=\"_blank\" rel=\"noopener noreferrer\">d&#8217;autocaravane<\/a> \u00e0 motorisation \u00e9lectrique, l\u2019eRV2, au Florida\u00a0RV\u00a0Supershow, un salon de la <a href=\"https:\/\/www.frvta.org\" target=\"_blank\" rel=\"noopener noreferrer\">FRVTA (Florida RV Trade Association)<\/a> pr\u00e9sent\u00e9 \u00e0 Tampa du 18 au 23 janvier. Les visiteurs \u00e9taient m\u00eame convi\u00e9s \u00e0 en faire l\u2019essai pour partager leurs commentaires et \u00e9clairer ses concepteurs qui s\u2019affairent \u00e0 d\u00e9velopper un <a href=\"https:\/\/annuelauto.ca\/voici-le-vr-quil-faut-pour-aller-jusquau-bout-du-monde\/\" target=\"_blank\" rel=\"noopener noreferrer\">VR<\/a> \u00e9lectrique de s\u00e9rie, \u00e9voque le constructeur, mai pour un avenir qui reste ind\u00e9fini.<\/p>\n<p> \u00ab\u00a0L\u2019objectif premier de l\u2019eRV2 est d\u2019aider ses utilisateurs \u00e0 explorer le monde qui les entoure confortablement et avec le moins d\u2019impact possible sur l\u2019environnement. (&#8230;) L\u2019eRV2 incarne \u00e9galement notre engagement \u00e0 \u00e9voluer en permanence avec les besoins changeants des consommateurs et du monde que nous partageons\u00a0\u00bb, affirme Huw Bower, pr\u00e9sident de Winnebago, dans un communiqu\u00e9 publi\u00e9 \u00e0 cette occasion.<br \/> Des cotes de prototypes\u00a0<br \/> L\u2019eRV2 succ\u00e8de \u00e0 <a href=\"https:\/\/annuelauto.ca\/le-winnebago-e-rv-le-concept-electrique-pour-les-petites-escapades\/\" target=\"_blank\" rel=\"noopener noreferrer\">l\u2019e-RV<\/a>, le premier VR \u00e9lectrique (VR\u00c9) exp\u00e9rimental de Winnebago, qui a \u00e9t\u00e9 pr\u00e9sent\u00e9 dans le cadre du m\u00eame \u00e9v\u00e9nement il y a un an. Construit sur la base d\u2019un Ford Transit, duquel Lightning eMotors avait remplac\u00e9 le moteur \u00e0 essence par un de ses moteurs \u00e9lectriques, ce prototype \u00e9tait aliment\u00e9 par une batterie au lithium-ion de 86\u00a0kWh lui permettant de parcourir environ 200\u00a0km.<\/p>\n<p> Pour son nouveau prototype, Winnebago a opt\u00e9 pour un <a href=\"https:\/\/annuelauto.ca\/ford-recoit-10-000-commandes-pour-son-fourgon-e-transit\/\" target=\"_blank\" rel=\"noopener noreferrer\">Ford E-Transit<\/a>. Avec la batterie de 68\u00a0kWh de ce fourgon, l&#8217;autonomie de l\u2019eRV2 a naturellement chut\u00e9 \u00e0 environ 175\u00a0km (l\u2019autonomie d\u2019un E-Transit). Dans le communiqu\u00e9 \u00e9mis lors du lancement, le constructeur pr\u00e9cise cependant qu\u2019un futur VR\u00c9 aura une autonomie<\/p>\n","protected":false},"excerpt":{"rendered":"<p>Le constructeur de v\u00e9hicules r\u00e9cr\u00e9atifs Winnebago a d\u00e9voil\u00e9 son deuxi\u00e8me concept d&#8217;autocaravane \u00e0 motorisation \u00e9lectrique, l\u2019eRV2, au Florida\u00a0RV\u00a0Supershow, un salon de la FRVTA (Florida RV Trade Association) pr\u00e9sent\u00e9 \u00e0 Tampa du 18 au 23 janvier. Les visiteurs \u00e9taient m\u00eame convi\u00e9s \u00e0 en faire l\u2019essai pour partager leurs commentaires et \u00e9clairer ses concepteurs qui s\u2019affairent \u00e0 [&hellip;]<\/p>\n","protected":false},"author":8,"featured_media":138799,"comment_status":"close","ping_status":"closed","sticky":false,"template":"","format":"standard","meta":{"_monsterinsights_skip_tracking":false,"_monsterinsights_sitenote_active":false,"_monsterinsights_sitenote_note":"","_monsterinsights_sitenote_category":0,"footnotes":""},"categories":[101],"tags":[],"yoast_head":"<!-- This site is optimized with the Yoast SEO plugin v23.2 - https:\/\/yoast.com\/wordpress\/plugins\/seo\/ -->\n<title>Winnebago laisse entrevoir un futur \u00e9lectrifi\u00e9 avec son concept eRV2 - CanadaMotorJobs.com<\/title>\n<meta name=\"description\" content=\"Winnebago laisse entrevoir un futur \u00e9lectrifi\u00e9 avec son concept eRV2 - Benoit Charette - Annuel automobile - CanadaMotorJobs.com.\" \/>\n<meta name=\"robots\" content=\"index, follow, max-snippet:-1, max-image-preview:large, max-video-preview:-1\" \/>\n<meta property=\"og:locale\" content=\"fr_CA\" \/>\n<meta property=\"og:type\" content=\"article\" \/>\n<meta property=\"og:title\" content=\"Winnebago laisse entrevoir un futur \u00e9lectrifi\u00e9 avec son concept eRV2 - CanadaMotorJobs.com\" \/>\n<meta property=\"og:description\" content=\"Winnebago laisse entrevoir un futur \u00e9lectrifi\u00e9 avec son concept eRV2 - Benoit Charette - Annuel automobile - CanadaMotorJobs.com.\" \/>\n<meta property=\"og:url\" content=\"https:\/\/news.canadamotorjobs.com\/fr\/winnebago-laisse-entrevoir-un-futur-electrifie-avec-son-concept-erv2\/\" \/>\n<meta property=\"og:site_name\" content=\"CanadaMotorJobs.com\" \/>\n<meta property=\"article:publisher\" content=\"https:\/\/www.facebook.com\/canadamotorjobs\/\" \/>\n<meta property=\"article:published_time\" content=\"2023-01-24T20:24:57+00:00\" \/>\n<meta property=\"article:modified_time\" content=\"2023-01-26T14:59:20+00:00\" \/>\n<meta property=\"og:image\" content=\"https:\/\/news.canadamotorjobs.com\/wp-content\/uploads\/2023\/01\/Winnebago-eRV2-Concept-6.jpg\" \/>\n\t<meta property=\"og:image:width\" content=\"1500\" \/>\n\t<meta property=\"og:image:height\" content=\"1000\" \/>\n\t<meta property=\"og:image:type\" content=\"image\/jpeg\" \/>\n<meta name=\"author\" content=\"Benoit Charette\" \/>\n<meta name=\"twitter:card\" content=\"summary_large_image\" \/>\n<meta name=\"twitter:creator\" content=\"@canadamotorjobs\" \/>\n<meta name=\"twitter:site\" content=\"@canadamotorjobs\" \/>\n<meta name=\"twitter:label1\" content=\"\u00c9crit par\" \/>\n\t<meta name=\"twitter:data1\" content=\"Benoit Charette\" \/>\n\t<meta name=\"twitter:label2\" content=\"Estimation du temps de lecture\" \/>\n\t<meta name=\"twitter:data2\" content=\"1 minute\" \/>\n<!-- \/ Yoast SEO plugin. -->","yoast_head_json":{"title":"Winnebago laisse entrevoir un futur \u00e9lectrifi\u00e9 avec son concept eRV2 - CanadaMotorJobs.com","description":"Winnebago laisse entrevoir un futur \u00e9lectrifi\u00e9 avec son concept eRV2 - Benoit Charette - Annuel automobile - CanadaMotorJobs.com.","robots":{"index":"index","follow":"follow","max-snippet":"max-snippet:-1","max-image-preview":"max-image-preview:large","max-video-preview":"max-video-preview:-1"},"og_locale":"fr_CA","og_type":"article","og_title":"Winnebago laisse entrevoir un futur \u00e9lectrifi\u00e9 avec son concept eRV2 - CanadaMotorJobs.com","og_description":"Winnebago laisse entrevoir un futur \u00e9lectrifi\u00e9 avec son concept eRV2 - Benoit Charette - Annuel automobile - CanadaMotorJobs.com.","og_url":"https:\/\/news.canadamotorjobs.com\/fr\/winnebago-laisse-entrevoir-un-futur-electrifie-avec-son-concept-erv2\/","og_site_name":"CanadaMotorJobs.com","article_publisher":"https:\/\/www.facebook.com\/canadamotorjobs\/","article_published_time":"2023-01-24T20:24:57+00:00","article_modified_time":"2023-01-26T14:59:20+00:00","og_image":[{"width":1500,"height":1000,"url":"https:\/\/news.canadamotorjobs.com\/wp-content\/uploads\/2023\/01\/Winnebago-eRV2-Concept-6.jpg","type":"image\/jpeg"}],"author":"Benoit Charette","twitter_card":"summary_large_image","twitter_creator":"@canadamotorjobs","twitter_site":"@canadamotorjobs","twitter_misc":{"\u00c9crit par":"Benoit Charette","Estimation du temps de lecture":"1 minute"},"schema":{"@context":"https:\/\/schema.org","@graph":[{"@type":"Article","@id":"https:\/\/news.canadamotorjobs.com\/fr\/winnebago-laisse-entrevoir-un-futur-electrifie-avec-son-concept-erv2\/#article","isPartOf":{"@id":"https:\/\/news.canadamotorjobs.com\/fr\/winnebago-laisse-entrevoir-un-futur-electrifie-avec-son-concept-erv2\/"},"author":{"name":"Benoit Charette","@id":"https:\/\/news.canadamotorjobs.com\/#\/schema\/person\/51793d1f87d44011d7bcc2ed99269a90"},"headline":"Winnebago laisse entrevoir un futur \u00e9lectrifi\u00e9 avec son concept eRV2","datePublished":"2023-01-24T20:24:57+00:00","dateModified":"2023-01-26T14:59:20+00:00","mainEntityOfPage":{"@id":"https:\/\/news.canadamotorjobs.com\/fr\/winnebago-laisse-entrevoir-un-futur-electrifie-avec-son-concept-erv2\/"},"wordCount":283,"publisher":{"@id":"https:\/\/news.canadamotorjobs.com\/#organization"},"image":{"@id":"https:\/\/news.canadamotorjobs.com\/fr\/winnebago-laisse-entrevoir-un-futur-electrifie-avec-son-concept-erv2\/#primaryimage"},"thumbnailUrl":"https:\/\/news.canadamotorjobs.com\/wp-content\/uploads\/2023\/01\/Winnebago-eRV2-Concept-6.jpg","articleSection":["Annuel automobile"],"inLanguage":"fr-CA"},{"@type":"WebPage","@id":"https:\/\/news.canadamotorjobs.com\/fr\/winnebago-laisse-entrevoir-un-futur-electrifie-avec-son-concept-erv2\/","url":"https:\/\/news.canadamotorjobs.com\/fr\/winnebago-laisse-entrevoir-un-futur-electrifie-avec-son-concept-erv2\/","name":"Winnebago laisse entrevoir un futur \u00e9lectrifi\u00e9 avec son concept eRV2 - CanadaMotorJobs.com","isPartOf":{"@id":"https:\/\/news.canadamotorjobs.com\/#website"},"primaryImageOfPage":{"@id":"https:\/\/news.canadamotorjobs.com\/fr\/winnebago-laisse-entrevoir-un-futur-electrifie-avec-son-concept-erv2\/#primaryimage"},"image":{"@id":"https:\/\/news.canadamotorjobs.com\/fr\/winnebago-laisse-entrevoir-un-futur-electrifie-avec-son-concept-erv2\/#primaryimage"},"thumbnailUrl":"https:\/\/news.canadamotorjobs.com\/wp-content\/uploads\/2023\/01\/Winnebago-eRV2-Concept-6.jpg","datePublished":"2023-01-24T20:24:57+00:00","dateModified":"2023-01-26T14:59:20+00:00","description":"Winnebago laisse entrevoir un futur \u00e9lectrifi\u00e9 avec son concept eRV2 - Benoit Charette - Annuel automobile - CanadaMotorJobs.com.","breadcrumb":{"@id":"https:\/\/news.canadamotorjobs.com\/fr\/winnebago-laisse-entrevoir-un-futur-electrifie-avec-son-concept-erv2\/#breadcrumb"},"inLanguage":"fr-CA","potentialAction":[{"@type":"ReadAction","target":["https:\/\/news.canadamotorjobs.com\/fr\/winnebago-laisse-entrevoir-un-futur-electrifie-avec-son-concept-erv2\/"]}]},{"@type":"ImageObject","inLanguage":"fr-CA","@id":"https:\/\/news.canadamotorjobs.com\/fr\/winnebago-laisse-entrevoir-un-futur-electrifie-avec-son-concept-erv2\/#primaryimage","url":"https:\/\/news.canadamotorjobs.com\/wp-content\/uploads\/2023\/01\/Winnebago-eRV2-Concept-6.jpg","contentUrl":"https:\/\/news.canadamotorjobs.com\/wp-content\/uploads\/2023\/01\/Winnebago-eRV2-Concept-6.jpg","width":1500,"height":1000},{"@type":"BreadcrumbList","@id":"https:\/\/news.canadamotorjobs.com\/fr\/winnebago-laisse-entrevoir-un-futur-electrifie-avec-son-concept-erv2\/#breadcrumb","itemListElement":[{"@type":"ListItem","position":1,"name":"Home","item":"https:\/\/news.canadamotorjobs.com\/fr\/blog\/"},{"@type":"ListItem","position":2,"name":"Winnebago laisse entrevoir un futur \u00e9lectrifi\u00e9 avec son concept eRV2"}]},{"@type":"WebSite","@id":"https:\/\/news.canadamotorjobs.com\/#website","url":"https:\/\/news.canadamotorjobs.com\/","name":"CanadaMotorJobs.com","description":"Automotive Jobs","publisher":{"@id":"https:\/\/news.canadamotorjobs.com\/#organization"},"potentialAction":[{"@type":"SearchAction","target":{"@type":"EntryPoint","urlTemplate":"https:\/\/news.canadamotorjobs.com\/?s={search_term_string}"},"query-input":"required name=search_term_string"}],"inLanguage":"fr-CA"},{"@type":"Organization","@id":"https:\/\/news.canadamotorjobs.com\/#organization","name":"Canada Motor Jobs","url":"https:\/\/news.canadamotorjobs.com\/","logo":{"@type":"ImageObject","inLanguage":"fr-CA","@id":"https:\/\/news.canadamotorjobs.com\/#\/schema\/logo\/image\/","url":"https:\/\/news.canadamotorjobs.com\/wp-content\/uploads\/2022\/10\/logo-canada-motor-jobs-1.png","contentUrl":"https:\/\/news.canadamotorjobs.com\/wp-content\/uploads\/2022\/10\/logo-canada-motor-jobs-1.png","width":800,"height":400,"caption":"Canada Motor Jobs"},"image":{"@id":"https:\/\/news.canadamotorjobs.com\/#\/schema\/logo\/image\/"},"sameAs":["https:\/\/www.facebook.com\/canadamotorjobs\/","https:\/\/x.com\/canadamotorjobs","https:\/\/www.instagram.com\/canadamotorjobs\/","https:\/\/www.linkedin.com\/company\/canadamotorjobs"]},{"@type":"Person","@id":"https:\/\/news.canadamotorjobs.com\/#\/schema\/person\/51793d1f87d44011d7bcc2ed99269a90","name":"Benoit Charette","image":{"@type":"ImageObject","inLanguage":"fr-CA","@id":"https:\/\/news.canadamotorjobs.com\/#\/schema\/person\/image\/","url":"https:\/\/secure.gravatar.com\/avatar\/45f3d2eebcccd909668d7ce7ea7267b6?s=96&d=mm&r=g","contentUrl":"https:\/\/secure.gravatar.com\/avatar\/45f3d2eebcccd909668d7ce7ea7267b6?s=96&d=mm&r=g","caption":"Benoit Charette"},"description":"Benoit Charette \/ Propri\u00e9taire et r\u00e9dacteur en chef Benoit Charette pratique le journalisme automobile depuis bient\u00f4t 30 ans. Il a fait ses classes au c\u00f4t\u00e9 de Daniel H\u00e9raud et au Carnet de route de 1992 \u00e0 2001. Il est fondateur, copropri\u00e9taire et r\u00e9dacteur en chef de L\u2019Annuel de l\u2019automobile, qu\u2019il publie depuis 2001. Il a anim\u00e9 les \u00e9missions RPM et RPM+ sur V et les L\u00e9gendes de la route sur Historia. \u00c0 la radio depuis 1986, il reprend l\u2019antenne cette ann\u00e9e sur les ondes de Cogeco et participe pour la deuxi\u00e8me ann\u00e9e \u00e0 l\u2019\u00e9mission Passion Auto sur RDS en plus de mettre en ligne le site Web officiel de L\u2019Annuel de l\u2019automobile sur annuelauto.ca.","sameAs":["https:\/\/annuelauto.ca\/"],"url":"https:\/\/news.canadamotorjobs.com\/fr\/author\/benoit-charette\/"}]}},"_links":{"self":[{"href":"https:\/\/news.canadamotorjobs.com\/fr\/wp-json\/wp\/v2\/posts\/138797"}],"collection":[{"href":"https:\/\/news.canadamotorjobs.com\/fr\/wp-json\/wp\/v2\/posts"}],"about":[{"href":"https:\/\/news.canadamotorjobs.com\/fr\/wp-json\/wp\/v2\/types\/post"}],"author":[{"embeddable":true,"href":"https:\/\/news.canadamotorjobs.com\/fr\/wp-json\/wp\/v2\/users\/8"}],"replies":[{"embeddable":true,"href":"https:\/\/news.canadamotorjobs.com\/fr\/wp-json\/wp\/v2\/comments?post=138797"}],"version-history":[{"count":3,"href":"https:\/\/news.canadamotorjobs.com\/fr\/wp-json\/wp\/v2\/posts\/138797\/revisions"}],"predecessor-version":[{"id":138802,"href":"https:\/\/news.canadamotorjobs.com\/fr\/wp-json\/wp\/v2\/posts\/138797\/revisions\/138802"}],"wp:featuredmedia":[{"embeddable":true,"href":"https:\/\/news.canadamotorjobs.com\/fr\/wp-json\/wp\/v2\/media\/138799"}],"wp:attachment":[{"href":"https:\/\/news.canadamotorjobs.com\/fr\/wp-json\/wp\/v2\/media?parent=138797"}],"wp:term":[{"taxonomy":"category","embeddable":true,"href":"https:\/\/news.canadamotorjobs.com\/fr\/wp-json\/wp\/v2\/categories?post=138797"},{"taxonomy":"post_tag","embeddable":true,"href":"https:\/\/news.canadamotorjobs.com\/fr\/wp-json\/wp\/v2\/tags?post=138797"}],"curies":[{"name":"wp","href":"https:\/\/api.w.org\/{rel}","templated":true}]}}