{"id":138737,"date":"2023-01-25T06:59:44","date_gmt":"2023-01-25T11:59:44","guid":{"rendered":"https:\/\/news.canadamotorjobs.com\/?p=138737"},"modified":"2023-01-26T09:59:02","modified_gmt":"2023-01-26T14:59:02","slug":"stellantis-rappelle-76-000-pacifica-hybrides-rechargeables-en-raison-dun-probleme-de-moteur","status":"publish","type":"post","link":"https:\/\/news.canadamotorjobs.com\/fr\/stellantis-rappelle-76-000-pacifica-hybrides-rechargeables-en-raison-dun-probleme-de-moteur\/","title":{"rendered":"Stellantis rappelle 76\u00a0000 Pacifica hybrides rechargeables en raison d\u2019un probl\u00e8me de moteur"},"content":{"rendered":"<\/p>\n<p>Stellantis rappelle 76\u00a0000 Pacifica hybrides rechargeables en raison d&#8217;un probl\u00e8me de court-circuit qui pourrait faire caler les moteurs de mani\u00e8re inattendue. Le rappel concerne 67\u00a0000 Chrysler Pacifica Hybride de 2017 \u00e0 2023 aux \u00c9tats-Unis et environ 9 000 dans d&#8217;autres pays y compris le Canada. Le constructeur automobile a d\u00e9clar\u00e9 qu&#8217;un connecteur de c\u00e2blage de transmission interne peut court-circuiter, ce qui entra\u00eene un arr\u00eat inattendu du moteur.<br \/> Six cas confirm\u00e9s<br \/> Stellantis a d\u00e9clar\u00e9 qu&#8217;elle avait connaissance de six dossiers d&#8217;assistance client, de 242 demandes de garantie et de 59 rapports de terrain potentiellement li\u00e9s \u00e0 ce probl\u00e8me, mais qu&#8217;elle n&#8217;avait pas connaissance d&#8217;accidents ou de blessures potentiellement li\u00e9s au rappel. Un examen interne des donn\u00e9es des clients a permis de d\u00e9couvrir des rapports de calage dans 0,2\u00a0% de cette population de v\u00e9hicules. Le constructeur automobile mettra \u00e0 jour le logiciel de l&#8217;onduleur et, si n\u00e9cessaire, le logiciel du groupe d&#8217;instruments. Un onduleur permet de contr\u00f4ler le flux d&#8217;\u00e9lectricit\u00e9 vers et depuis le bloc de batteries.<\/p>\n<p> Avec des renseignements de Reuters<\/p>\n<p>Le texte <a rel=\"nofollow\" href=\"https:\/\/annuelauto.ca\/stellantis-rappelle-76-000-pacifica-hybrides-rechargeables-en-raison-dun-probleme-de-moteur\/\">Stellantis rappelle 76\u00a0000 Pacifica hybrides rechargeables en raison d\u2019un probl\u00e8me de moteur<\/a> provient de <a rel=\"nofollow\" href=\"https:\/\/annuelauto.ca\">L&#8217;annuel de l&#8217;automobile &#8211; Actualit\u00e9 automobile<\/a><\/p>\n<p> <\/p>\n","protected":false},"excerpt":{"rendered":"<p>Stellantis rappelle 76\u00a0000 Pacifica hybrides rechargeables en raison d&#8217;un probl\u00e8me de court-circuit qui pourrait faire caler les moteurs de mani\u00e8re inattendue. Le rappel concerne 67\u00a0000 Chrysler Pacifica Hybride de 2017 \u00e0 2023 aux \u00c9tats-Unis et environ 9 000 dans d&#8217;autres pays y compris le Canada. Le constructeur automobile a d\u00e9clar\u00e9 qu&#8217;un connecteur de c\u00e2blage de [&hellip;]<\/p>\n","protected":false},"author":8,"featured_media":138739,"comment_status":"close","ping_status":"closed","sticky":false,"template":"","format":"standard","meta":{"_monsterinsights_skip_tracking":false,"_monsterinsights_sitenote_active":false,"_monsterinsights_sitenote_note":"","_monsterinsights_sitenote_category":0,"footnotes":""},"categories":[101],"tags":[],"yoast_head":"<!-- This site is optimized with the Yoast SEO plugin v23.2 - https:\/\/yoast.com\/wordpress\/plugins\/seo\/ -->\n<title>Stellantis rappelle 76\u00a0000 Pacifica hybrides rechargeables en raison d\u2019un probl\u00e8me de moteur - CanadaMotorJobs.com<\/title>\n<meta name=\"description\" content=\"Stellantis rappelle 76\u00a0000 Pacifica hybrides rechargeables en raison d\u2019un probl\u00e8me de moteur - Benoit Charette - Annuel automobile - CanadaMotorJobs.com.\" \/>\n<meta name=\"robots\" content=\"index, follow, max-snippet:-1, max-image-preview:large, max-video-preview:-1\" \/>\n<meta property=\"og:locale\" content=\"fr_CA\" \/>\n<meta property=\"og:type\" content=\"article\" \/>\n<meta property=\"og:title\" content=\"Stellantis rappelle 76\u00a0000 Pacifica hybrides rechargeables en raison d\u2019un probl\u00e8me de moteur - CanadaMotorJobs.com\" \/>\n<meta property=\"og:description\" content=\"Stellantis rappelle 76\u00a0000 Pacifica hybrides rechargeables en raison d\u2019un probl\u00e8me de moteur - Benoit Charette - Annuel automobile - CanadaMotorJobs.com.\" \/>\n<meta property=\"og:url\" content=\"https:\/\/news.canadamotorjobs.com\/fr\/stellantis-rappelle-76-000-pacifica-hybrides-rechargeables-en-raison-dun-probleme-de-moteur\/\" \/>\n<meta property=\"og:site_name\" content=\"CanadaMotorJobs.com\" \/>\n<meta property=\"article:publisher\" content=\"https:\/\/www.facebook.com\/canadamotorjobs\/\" \/>\n<meta property=\"article:published_time\" content=\"2023-01-25T11:59:44+00:00\" \/>\n<meta property=\"article:modified_time\" content=\"2023-01-26T14:59:02+00:00\" \/>\n<meta property=\"og:image\" content=\"https:\/\/news.canadamotorjobs.com\/wp-content\/uploads\/2023\/01\/2022-chrysler-pacifica-hybrid-overviewhero-desktop_961655854599abc1e9c8000724ce82d7-2496x1248-1.jpg\" \/>\n\t<meta property=\"og:image:width\" content=\"2496\" \/>\n\t<meta property=\"og:image:height\" content=\"1241\" \/>\n\t<meta property=\"og:image:type\" content=\"image\/jpeg\" \/>\n<meta name=\"author\" content=\"Benoit Charette\" \/>\n<meta name=\"twitter:card\" content=\"summary_large_image\" \/>\n<meta name=\"twitter:creator\" content=\"@canadamotorjobs\" \/>\n<meta name=\"twitter:site\" content=\"@canadamotorjobs\" \/>\n<meta name=\"twitter:label1\" content=\"\u00c9crit par\" \/>\n\t<meta name=\"twitter:data1\" content=\"Benoit Charette\" \/>\n\t<meta name=\"twitter:label2\" content=\"Estimation du temps de lecture\" \/>\n\t<meta name=\"twitter:data2\" content=\"1 minute\" \/>\n<!-- \/ Yoast SEO plugin. -->","yoast_head_json":{"title":"Stellantis rappelle 76\u00a0000 Pacifica hybrides rechargeables en raison d\u2019un probl\u00e8me de moteur - CanadaMotorJobs.com","description":"Stellantis rappelle 76\u00a0000 Pacifica hybrides rechargeables en raison d\u2019un probl\u00e8me de moteur - Benoit Charette - Annuel automobile - CanadaMotorJobs.com.","robots":{"index":"index","follow":"follow","max-snippet":"max-snippet:-1","max-image-preview":"max-image-preview:large","max-video-preview":"max-video-preview:-1"},"og_locale":"fr_CA","og_type":"article","og_title":"Stellantis rappelle 76\u00a0000 Pacifica hybrides rechargeables en raison d\u2019un probl\u00e8me de moteur - CanadaMotorJobs.com","og_description":"Stellantis rappelle 76\u00a0000 Pacifica hybrides rechargeables en raison d\u2019un probl\u00e8me de moteur - Benoit Charette - Annuel automobile - CanadaMotorJobs.com.","og_url":"https:\/\/news.canadamotorjobs.com\/fr\/stellantis-rappelle-76-000-pacifica-hybrides-rechargeables-en-raison-dun-probleme-de-moteur\/","og_site_name":"CanadaMotorJobs.com","article_publisher":"https:\/\/www.facebook.com\/canadamotorjobs\/","article_published_time":"2023-01-25T11:59:44+00:00","article_modified_time":"2023-01-26T14:59:02+00:00","og_image":[{"width":2496,"height":1241,"url":"https:\/\/news.canadamotorjobs.com\/wp-content\/uploads\/2023\/01\/2022-chrysler-pacifica-hybrid-overviewhero-desktop_961655854599abc1e9c8000724ce82d7-2496x1248-1.jpg","type":"image\/jpeg"}],"author":"Benoit Charette","twitter_card":"summary_large_image","twitter_creator":"@canadamotorjobs","twitter_site":"@canadamotorjobs","twitter_misc":{"\u00c9crit par":"Benoit Charette","Estimation du temps de lecture":"1 minute"},"schema":{"@context":"https:\/\/schema.org","@graph":[{"@type":"Article","@id":"https:\/\/news.canadamotorjobs.com\/fr\/stellantis-rappelle-76-000-pacifica-hybrides-rechargeables-en-raison-dun-probleme-de-moteur\/#article","isPartOf":{"@id":"https:\/\/news.canadamotorjobs.com\/fr\/stellantis-rappelle-76-000-pacifica-hybrides-rechargeables-en-raison-dun-probleme-de-moteur\/"},"author":{"name":"Benoit Charette","@id":"https:\/\/news.canadamotorjobs.com\/#\/schema\/person\/51793d1f87d44011d7bcc2ed99269a90"},"headline":"Stellantis rappelle 76\u00a0000 Pacifica hybrides rechargeables en raison d\u2019un probl\u00e8me de moteur","datePublished":"2023-01-25T11:59:44+00:00","dateModified":"2023-01-26T14:59:02+00:00","mainEntityOfPage":{"@id":"https:\/\/news.canadamotorjobs.com\/fr\/stellantis-rappelle-76-000-pacifica-hybrides-rechargeables-en-raison-dun-probleme-de-moteur\/"},"wordCount":222,"publisher":{"@id":"https:\/\/news.canadamotorjobs.com\/#organization"},"image":{"@id":"https:\/\/news.canadamotorjobs.com\/fr\/stellantis-rappelle-76-000-pacifica-hybrides-rechargeables-en-raison-dun-probleme-de-moteur\/#primaryimage"},"thumbnailUrl":"https:\/\/news.canadamotorjobs.com\/wp-content\/uploads\/2023\/01\/2022-chrysler-pacifica-hybrid-overviewhero-desktop_961655854599abc1e9c8000724ce82d7-2496x1248-1.jpg","articleSection":["Annuel automobile"],"inLanguage":"fr-CA"},{"@type":"WebPage","@id":"https:\/\/news.canadamotorjobs.com\/fr\/stellantis-rappelle-76-000-pacifica-hybrides-rechargeables-en-raison-dun-probleme-de-moteur\/","url":"https:\/\/news.canadamotorjobs.com\/fr\/stellantis-rappelle-76-000-pacifica-hybrides-rechargeables-en-raison-dun-probleme-de-moteur\/","name":"Stellantis rappelle 76\u00a0000 Pacifica hybrides rechargeables en raison d\u2019un probl\u00e8me de moteur - CanadaMotorJobs.com","isPartOf":{"@id":"https:\/\/news.canadamotorjobs.com\/#website"},"primaryImageOfPage":{"@id":"https:\/\/news.canadamotorjobs.com\/fr\/stellantis-rappelle-76-000-pacifica-hybrides-rechargeables-en-raison-dun-probleme-de-moteur\/#primaryimage"},"image":{"@id":"https:\/\/news.canadamotorjobs.com\/fr\/stellantis-rappelle-76-000-pacifica-hybrides-rechargeables-en-raison-dun-probleme-de-moteur\/#primaryimage"},"thumbnailUrl":"https:\/\/news.canadamotorjobs.com\/wp-content\/uploads\/2023\/01\/2022-chrysler-pacifica-hybrid-overviewhero-desktop_961655854599abc1e9c8000724ce82d7-2496x1248-1.jpg","datePublished":"2023-01-25T11:59:44+00:00","dateModified":"2023-01-26T14:59:02+00:00","description":"Stellantis rappelle 76\u00a0000 Pacifica hybrides rechargeables en raison d\u2019un probl\u00e8me de moteur - Benoit Charette - Annuel automobile - CanadaMotorJobs.com.","breadcrumb":{"@id":"https:\/\/news.canadamotorjobs.com\/fr\/stellantis-rappelle-76-000-pacifica-hybrides-rechargeables-en-raison-dun-probleme-de-moteur\/#breadcrumb"},"inLanguage":"fr-CA","potentialAction":[{"@type":"ReadAction","target":["https:\/\/news.canadamotorjobs.com\/fr\/stellantis-rappelle-76-000-pacifica-hybrides-rechargeables-en-raison-dun-probleme-de-moteur\/"]}]},{"@type":"ImageObject","inLanguage":"fr-CA","@id":"https:\/\/news.canadamotorjobs.com\/fr\/stellantis-rappelle-76-000-pacifica-hybrides-rechargeables-en-raison-dun-probleme-de-moteur\/#primaryimage","url":"https:\/\/news.canadamotorjobs.com\/wp-content\/uploads\/2023\/01\/2022-chrysler-pacifica-hybrid-overviewhero-desktop_961655854599abc1e9c8000724ce82d7-2496x1248-1.jpg","contentUrl":"https:\/\/news.canadamotorjobs.com\/wp-content\/uploads\/2023\/01\/2022-chrysler-pacifica-hybrid-overviewhero-desktop_961655854599abc1e9c8000724ce82d7-2496x1248-1.jpg","width":2496,"height":1241},{"@type":"BreadcrumbList","@id":"https:\/\/news.canadamotorjobs.com\/fr\/stellantis-rappelle-76-000-pacifica-hybrides-rechargeables-en-raison-dun-probleme-de-moteur\/#breadcrumb","itemListElement":[{"@type":"ListItem","position":1,"name":"Home","item":"https:\/\/news.canadamotorjobs.com\/fr\/blog\/"},{"@type":"ListItem","position":2,"name":"Stellantis rappelle 76\u00a0000 Pacifica hybrides rechargeables en raison d\u2019un probl\u00e8me de moteur"}]},{"@type":"WebSite","@id":"https:\/\/news.canadamotorjobs.com\/#website","url":"https:\/\/news.canadamotorjobs.com\/","name":"CanadaMotorJobs.com","description":"Automotive Jobs","publisher":{"@id":"https:\/\/news.canadamotorjobs.com\/#organization"},"potentialAction":[{"@type":"SearchAction","target":{"@type":"EntryPoint","urlTemplate":"https:\/\/news.canadamotorjobs.com\/?s={search_term_string}"},"query-input":"required name=search_term_string"}],"inLanguage":"fr-CA"},{"@type":"Organization","@id":"https:\/\/news.canadamotorjobs.com\/#organization","name":"Canada Motor Jobs","url":"https:\/\/news.canadamotorjobs.com\/","logo":{"@type":"ImageObject","inLanguage":"fr-CA","@id":"https:\/\/news.canadamotorjobs.com\/#\/schema\/logo\/image\/","url":"https:\/\/news.canadamotorjobs.com\/wp-content\/uploads\/2022\/10\/logo-canada-motor-jobs-1.png","contentUrl":"https:\/\/news.canadamotorjobs.com\/wp-content\/uploads\/2022\/10\/logo-canada-motor-jobs-1.png","width":800,"height":400,"caption":"Canada Motor Jobs"},"image":{"@id":"https:\/\/news.canadamotorjobs.com\/#\/schema\/logo\/image\/"},"sameAs":["https:\/\/www.facebook.com\/canadamotorjobs\/","https:\/\/x.com\/canadamotorjobs","https:\/\/www.instagram.com\/canadamotorjobs\/","https:\/\/www.linkedin.com\/company\/canadamotorjobs"]},{"@type":"Person","@id":"https:\/\/news.canadamotorjobs.com\/#\/schema\/person\/51793d1f87d44011d7bcc2ed99269a90","name":"Benoit Charette","image":{"@type":"ImageObject","inLanguage":"fr-CA","@id":"https:\/\/news.canadamotorjobs.com\/#\/schema\/person\/image\/","url":"https:\/\/secure.gravatar.com\/avatar\/45f3d2eebcccd909668d7ce7ea7267b6?s=96&d=mm&r=g","contentUrl":"https:\/\/secure.gravatar.com\/avatar\/45f3d2eebcccd909668d7ce7ea7267b6?s=96&d=mm&r=g","caption":"Benoit Charette"},"description":"Benoit Charette \/ Propri\u00e9taire et r\u00e9dacteur en chef Benoit Charette pratique le journalisme automobile depuis bient\u00f4t 30 ans. Il a fait ses classes au c\u00f4t\u00e9 de Daniel H\u00e9raud et au Carnet de route de 1992 \u00e0 2001. Il est fondateur, copropri\u00e9taire et r\u00e9dacteur en chef de L\u2019Annuel de l\u2019automobile, qu\u2019il publie depuis 2001. Il a anim\u00e9 les \u00e9missions RPM et RPM+ sur V et les L\u00e9gendes de la route sur Historia. \u00c0 la radio depuis 1986, il reprend l\u2019antenne cette ann\u00e9e sur les ondes de Cogeco et participe pour la deuxi\u00e8me ann\u00e9e \u00e0 l\u2019\u00e9mission Passion Auto sur RDS en plus de mettre en ligne le site Web officiel de L\u2019Annuel de l\u2019automobile sur annuelauto.ca.","sameAs":["https:\/\/annuelauto.ca\/"],"url":"https:\/\/news.canadamotorjobs.com\/fr\/author\/benoit-charette\/"}]}},"_links":{"self":[{"href":"https:\/\/news.canadamotorjobs.com\/fr\/wp-json\/wp\/v2\/posts\/138737"}],"collection":[{"href":"https:\/\/news.canadamotorjobs.com\/fr\/wp-json\/wp\/v2\/posts"}],"about":[{"href":"https:\/\/news.canadamotorjobs.com\/fr\/wp-json\/wp\/v2\/types\/post"}],"author":[{"embeddable":true,"href":"https:\/\/news.canadamotorjobs.com\/fr\/wp-json\/wp\/v2\/users\/8"}],"replies":[{"embeddable":true,"href":"https:\/\/news.canadamotorjobs.com\/fr\/wp-json\/wp\/v2\/comments?post=138737"}],"version-history":[{"count":3,"href":"https:\/\/news.canadamotorjobs.com\/fr\/wp-json\/wp\/v2\/posts\/138737\/revisions"}],"predecessor-version":[{"id":138742,"href":"https:\/\/news.canadamotorjobs.com\/fr\/wp-json\/wp\/v2\/posts\/138737\/revisions\/138742"}],"wp:featuredmedia":[{"embeddable":true,"href":"https:\/\/news.canadamotorjobs.com\/fr\/wp-json\/wp\/v2\/media\/138739"}],"wp:attachment":[{"href":"https:\/\/news.canadamotorjobs.com\/fr\/wp-json\/wp\/v2\/media?parent=138737"}],"wp:term":[{"taxonomy":"category","embeddable":true,"href":"https:\/\/news.canadamotorjobs.com\/fr\/wp-json\/wp\/v2\/categories?post=138737"},{"taxonomy":"post_tag","embeddable":true,"href":"https:\/\/news.canadamotorjobs.com\/fr\/wp-json\/wp\/v2\/tags?post=138737"}],"curies":[{"name":"wp","href":"https:\/\/api.w.org\/{rel}","templated":true}]}}