{"id":138713,"date":"2023-01-25T08:51:17","date_gmt":"2023-01-25T13:51:17","guid":{"rendered":"https:\/\/news.canadamotorjobs.com\/?p=138713"},"modified":"2023-01-26T15:46:27","modified_gmt":"2023-01-26T20:46:27","slug":"la-venue-massive-de-vehicules-electriques-menace-t-elle-le-reseau-dhydro-quebec","status":"publish","type":"post","link":"https:\/\/news.canadamotorjobs.com\/fr\/la-venue-massive-de-vehicules-electriques-menace-t-elle-le-reseau-dhydro-quebec\/","title":{"rendered":"La venue massive de v\u00e9hicules \u00e9lectriques menace-t-elle le r\u00e9seau d\u2019Hydro-Qu\u00e9bec ?"},"content":{"rendered":"<p>Un chercheur de la Chaire en transformation du transport de\u00a0 l\u2019Universit\u00e9 de Montr\u00e9al\/Polytechnique, Simon Brassard doute de la capacit\u00e9 d\u2019Hydro-Qu\u00e9bec a pouvoir absorb\u00e9 la venue massive de v\u00e9hicules \u00e9lectriques au Qu\u00e9bec. C\u2019est la Soci\u00e9t\u00e9 Radio-Canada qui a obtenu copie de l\u2019\u00e9tude et l\u2019a publi\u00e9 ce matin. De son c\u00f4t\u00e9 Hydro-Qu\u00e9bec demeure s\u00fbre de pouvoir faire faire \u00e0 la musique.<\/p>\n<h3>Une transition qui va taxer le r\u00e9seau d\u2019\u00e9nergie<\/h3>\n<p>Selon l\u2019\u00e9tude, Hydro-Qu\u00e9bec devra augmenter sa capacit\u00e9 pour r\u00e9pondre aux besoins des v\u00e9hicules \u00e9lectriques d\u2019ici \u00e0 2035 lorsque la vente de v\u00e9hicules \u00e0 essences neufs sera interdite. Dans cette \u00e9tude, Simon Brassard et son chercheur associ\u00e9 Normand Mousseau affirment que si les 5 millions de voitures et camions l\u00e9gers du Qu\u00e9bec devenaient tous \u00e9lectriques, demain matin, il risquerait de manquer de puissance dans le r\u00e9seau d&#8217;Hydro-Qu\u00e9bec pour alimenter leur recharge durant l&#8217;hiver.<\/p>\n<p><strong>Des v\u00e9hicules de plus en plus lourds<\/strong><\/p>\n<p>Le poids des v\u00e9hicules \u00e9lectrique qui augmente de 3 % par ann\u00e9e est la crainte r\u00e9elle de Normand Mousseau. Le Qu\u00e9bec devrait l\u00e9gif\u00e9rer en la mati\u00e8re pour d\u00e9courager les gens d\u2019acheter de gros v\u00e9hicules \u00e9lectriques. Ainsi, il y aurait moyen de r\u00e9duire de mani\u00e8re importante la demande en puissance qui sera un v\u00e9ritable enjeu d\u2019ici quelques ann\u00e9es. Les constructeurs automobiles abandonnent les petits v\u00e9hicules aux profits des gros et se d\u00e9culpabilisent en vendant de gros v\u00e9hicules \u00e9lectriques en mentionnant que de toute mani\u00e8re, ils ne polluent pas. Ils ont peut-\u00eatre une empreinte plus verte, mais ils sont tr\u00e8s \u00e9nergivores et cela pourrait mettre \u00e0<\/p>\n","protected":false},"excerpt":{"rendered":"<p>Un chercheur de la Chaire en transformation du transport de\u00a0 l\u2019Universit\u00e9 de Montr\u00e9al\/Polytechnique, Simon Brassard doute de la capacit\u00e9 d\u2019Hydro-Qu\u00e9bec a pouvoir absorb\u00e9 la venue massive de v\u00e9hicules \u00e9lectriques au Qu\u00e9bec. C\u2019est la Soci\u00e9t\u00e9 Radio-Canada qui a obtenu copie de l\u2019\u00e9tude et l\u2019a publi\u00e9 ce matin. De son c\u00f4t\u00e9 Hydro-Qu\u00e9bec demeure s\u00fbre de pouvoir faire [&hellip;]<\/p>\n","protected":false},"author":8,"featured_media":138715,"comment_status":"close","ping_status":"closed","sticky":false,"template":"","format":"standard","meta":{"_monsterinsights_skip_tracking":false,"_monsterinsights_sitenote_active":false,"_monsterinsights_sitenote_note":"","_monsterinsights_sitenote_category":0,"footnotes":""},"categories":[101],"tags":[131],"yoast_head":"<!-- This site is optimized with the Yoast SEO plugin v23.2 - https:\/\/yoast.com\/wordpress\/plugins\/seo\/ -->\n<title>La venue massive de v\u00e9hicules \u00e9lectriques menace-t-elle le r\u00e9seau d\u2019Hydro-Qu\u00e9bec ? - CanadaMotorJobs.com<\/title>\n<meta name=\"description\" content=\"La venue massive de v\u00e9hicules \u00e9lectriques menace-t-elle le r\u00e9seau d\u2019Hydro-Qu\u00e9bec ? - Benoit Charette - Annuel automobile - CanadaMotorJobs.com.\" \/>\n<meta name=\"robots\" content=\"index, follow, max-snippet:-1, max-image-preview:large, max-video-preview:-1\" \/>\n<meta property=\"og:locale\" content=\"fr_CA\" \/>\n<meta property=\"og:type\" content=\"article\" \/>\n<meta property=\"og:title\" content=\"La venue massive de v\u00e9hicules \u00e9lectriques menace-t-elle le r\u00e9seau d\u2019Hydro-Qu\u00e9bec ? - CanadaMotorJobs.com\" \/>\n<meta property=\"og:description\" content=\"La venue massive de v\u00e9hicules \u00e9lectriques menace-t-elle le r\u00e9seau d\u2019Hydro-Qu\u00e9bec ? - Benoit Charette - Annuel automobile - CanadaMotorJobs.com.\" \/>\n<meta property=\"og:url\" content=\"https:\/\/news.canadamotorjobs.com\/fr\/la-venue-massive-de-vehicules-electriques-menace-t-elle-le-reseau-dhydro-quebec\/\" \/>\n<meta property=\"og:site_name\" content=\"CanadaMotorJobs.com\" \/>\n<meta property=\"article:publisher\" content=\"https:\/\/www.facebook.com\/canadamotorjobs\/\" \/>\n<meta property=\"article:published_time\" content=\"2023-01-25T13:51:17+00:00\" \/>\n<meta property=\"article:modified_time\" content=\"2023-01-26T20:46:27+00:00\" \/>\n<meta property=\"og:image\" content=\"https:\/\/news.canadamotorjobs.com\/wp-content\/uploads\/2023\/01\/Linstallation-des-nouveaux-conducteurs.-CR-Hydro-Quebec.jpg\" \/>\n\t<meta property=\"og:image:width\" content=\"1158\" \/>\n\t<meta property=\"og:image:height\" content=\"797\" \/>\n\t<meta property=\"og:image:type\" content=\"image\/jpeg\" \/>\n<meta name=\"author\" content=\"Benoit Charette\" \/>\n<meta name=\"twitter:card\" content=\"summary_large_image\" \/>\n<meta name=\"twitter:creator\" content=\"@canadamotorjobs\" \/>\n<meta name=\"twitter:site\" content=\"@canadamotorjobs\" \/>\n<meta name=\"twitter:label1\" content=\"\u00c9crit par\" \/>\n\t<meta name=\"twitter:data1\" content=\"Benoit Charette\" \/>\n\t<meta name=\"twitter:label2\" content=\"Estimation du temps de lecture\" \/>\n\t<meta name=\"twitter:data2\" content=\"2 minutes\" \/>\n<!-- \/ Yoast SEO plugin. -->","yoast_head_json":{"title":"La venue massive de v\u00e9hicules \u00e9lectriques menace-t-elle le r\u00e9seau d\u2019Hydro-Qu\u00e9bec ? - CanadaMotorJobs.com","description":"La venue massive de v\u00e9hicules \u00e9lectriques menace-t-elle le r\u00e9seau d\u2019Hydro-Qu\u00e9bec ? - Benoit Charette - Annuel automobile - CanadaMotorJobs.com.","robots":{"index":"index","follow":"follow","max-snippet":"max-snippet:-1","max-image-preview":"max-image-preview:large","max-video-preview":"max-video-preview:-1"},"og_locale":"fr_CA","og_type":"article","og_title":"La venue massive de v\u00e9hicules \u00e9lectriques menace-t-elle le r\u00e9seau d\u2019Hydro-Qu\u00e9bec ? - CanadaMotorJobs.com","og_description":"La venue massive de v\u00e9hicules \u00e9lectriques menace-t-elle le r\u00e9seau d\u2019Hydro-Qu\u00e9bec ? - Benoit Charette - Annuel automobile - CanadaMotorJobs.com.","og_url":"https:\/\/news.canadamotorjobs.com\/fr\/la-venue-massive-de-vehicules-electriques-menace-t-elle-le-reseau-dhydro-quebec\/","og_site_name":"CanadaMotorJobs.com","article_publisher":"https:\/\/www.facebook.com\/canadamotorjobs\/","article_published_time":"2023-01-25T13:51:17+00:00","article_modified_time":"2023-01-26T20:46:27+00:00","og_image":[{"width":1158,"height":797,"url":"https:\/\/news.canadamotorjobs.com\/wp-content\/uploads\/2023\/01\/Linstallation-des-nouveaux-conducteurs.-CR-Hydro-Quebec.jpg","type":"image\/jpeg"}],"author":"Benoit Charette","twitter_card":"summary_large_image","twitter_creator":"@canadamotorjobs","twitter_site":"@canadamotorjobs","twitter_misc":{"\u00c9crit par":"Benoit Charette","Estimation du temps de lecture":"2 minutes"},"schema":{"@context":"https:\/\/schema.org","@graph":[{"@type":"Article","@id":"https:\/\/news.canadamotorjobs.com\/fr\/la-venue-massive-de-vehicules-electriques-menace-t-elle-le-reseau-dhydro-quebec\/#article","isPartOf":{"@id":"https:\/\/news.canadamotorjobs.com\/fr\/la-venue-massive-de-vehicules-electriques-menace-t-elle-le-reseau-dhydro-quebec\/"},"author":{"name":"Benoit Charette","@id":"https:\/\/news.canadamotorjobs.com\/#\/schema\/person\/51793d1f87d44011d7bcc2ed99269a90"},"headline":"La venue massive de v\u00e9hicules \u00e9lectriques menace-t-elle le r\u00e9seau d\u2019Hydro-Qu\u00e9bec ?","datePublished":"2023-01-25T13:51:17+00:00","dateModified":"2023-01-26T20:46:27+00:00","mainEntityOfPage":{"@id":"https:\/\/news.canadamotorjobs.com\/fr\/la-venue-massive-de-vehicules-electriques-menace-t-elle-le-reseau-dhydro-quebec\/"},"wordCount":306,"publisher":{"@id":"https:\/\/news.canadamotorjobs.com\/#organization"},"image":{"@id":"https:\/\/news.canadamotorjobs.com\/fr\/la-venue-massive-de-vehicules-electriques-menace-t-elle-le-reseau-dhydro-quebec\/#primaryimage"},"thumbnailUrl":"https:\/\/news.canadamotorjobs.com\/wp-content\/uploads\/2023\/01\/Linstallation-des-nouveaux-conducteurs.-CR-Hydro-Quebec.jpg","keywords":["Newsletter"],"articleSection":["Annuel automobile"],"inLanguage":"fr-CA"},{"@type":"WebPage","@id":"https:\/\/news.canadamotorjobs.com\/fr\/la-venue-massive-de-vehicules-electriques-menace-t-elle-le-reseau-dhydro-quebec\/","url":"https:\/\/news.canadamotorjobs.com\/fr\/la-venue-massive-de-vehicules-electriques-menace-t-elle-le-reseau-dhydro-quebec\/","name":"La venue massive de v\u00e9hicules \u00e9lectriques menace-t-elle le r\u00e9seau d\u2019Hydro-Qu\u00e9bec ? - CanadaMotorJobs.com","isPartOf":{"@id":"https:\/\/news.canadamotorjobs.com\/#website"},"primaryImageOfPage":{"@id":"https:\/\/news.canadamotorjobs.com\/fr\/la-venue-massive-de-vehicules-electriques-menace-t-elle-le-reseau-dhydro-quebec\/#primaryimage"},"image":{"@id":"https:\/\/news.canadamotorjobs.com\/fr\/la-venue-massive-de-vehicules-electriques-menace-t-elle-le-reseau-dhydro-quebec\/#primaryimage"},"thumbnailUrl":"https:\/\/news.canadamotorjobs.com\/wp-content\/uploads\/2023\/01\/Linstallation-des-nouveaux-conducteurs.-CR-Hydro-Quebec.jpg","datePublished":"2023-01-25T13:51:17+00:00","dateModified":"2023-01-26T20:46:27+00:00","description":"La venue massive de v\u00e9hicules \u00e9lectriques menace-t-elle le r\u00e9seau d\u2019Hydro-Qu\u00e9bec ? - Benoit Charette - Annuel automobile - CanadaMotorJobs.com.","breadcrumb":{"@id":"https:\/\/news.canadamotorjobs.com\/fr\/la-venue-massive-de-vehicules-electriques-menace-t-elle-le-reseau-dhydro-quebec\/#breadcrumb"},"inLanguage":"fr-CA","potentialAction":[{"@type":"ReadAction","target":["https:\/\/news.canadamotorjobs.com\/fr\/la-venue-massive-de-vehicules-electriques-menace-t-elle-le-reseau-dhydro-quebec\/"]}]},{"@type":"ImageObject","inLanguage":"fr-CA","@id":"https:\/\/news.canadamotorjobs.com\/fr\/la-venue-massive-de-vehicules-electriques-menace-t-elle-le-reseau-dhydro-quebec\/#primaryimage","url":"https:\/\/news.canadamotorjobs.com\/wp-content\/uploads\/2023\/01\/Linstallation-des-nouveaux-conducteurs.-CR-Hydro-Quebec.jpg","contentUrl":"https:\/\/news.canadamotorjobs.com\/wp-content\/uploads\/2023\/01\/Linstallation-des-nouveaux-conducteurs.-CR-Hydro-Quebec.jpg","width":1158,"height":797},{"@type":"BreadcrumbList","@id":"https:\/\/news.canadamotorjobs.com\/fr\/la-venue-massive-de-vehicules-electriques-menace-t-elle-le-reseau-dhydro-quebec\/#breadcrumb","itemListElement":[{"@type":"ListItem","position":1,"name":"Home","item":"https:\/\/news.canadamotorjobs.com\/fr\/blog\/"},{"@type":"ListItem","position":2,"name":"La venue massive de v\u00e9hicules \u00e9lectriques menace-t-elle le r\u00e9seau d\u2019Hydro-Qu\u00e9bec ?"}]},{"@type":"WebSite","@id":"https:\/\/news.canadamotorjobs.com\/#website","url":"https:\/\/news.canadamotorjobs.com\/","name":"CanadaMotorJobs.com","description":"Automotive Jobs","publisher":{"@id":"https:\/\/news.canadamotorjobs.com\/#organization"},"potentialAction":[{"@type":"SearchAction","target":{"@type":"EntryPoint","urlTemplate":"https:\/\/news.canadamotorjobs.com\/?s={search_term_string}"},"query-input":"required name=search_term_string"}],"inLanguage":"fr-CA"},{"@type":"Organization","@id":"https:\/\/news.canadamotorjobs.com\/#organization","name":"Canada Motor Jobs","url":"https:\/\/news.canadamotorjobs.com\/","logo":{"@type":"ImageObject","inLanguage":"fr-CA","@id":"https:\/\/news.canadamotorjobs.com\/#\/schema\/logo\/image\/","url":"https:\/\/news.canadamotorjobs.com\/wp-content\/uploads\/2022\/10\/logo-canada-motor-jobs-1.png","contentUrl":"https:\/\/news.canadamotorjobs.com\/wp-content\/uploads\/2022\/10\/logo-canada-motor-jobs-1.png","width":800,"height":400,"caption":"Canada Motor Jobs"},"image":{"@id":"https:\/\/news.canadamotorjobs.com\/#\/schema\/logo\/image\/"},"sameAs":["https:\/\/www.facebook.com\/canadamotorjobs\/","https:\/\/x.com\/canadamotorjobs","https:\/\/www.instagram.com\/canadamotorjobs\/","https:\/\/www.linkedin.com\/company\/canadamotorjobs"]},{"@type":"Person","@id":"https:\/\/news.canadamotorjobs.com\/#\/schema\/person\/51793d1f87d44011d7bcc2ed99269a90","name":"Benoit Charette","image":{"@type":"ImageObject","inLanguage":"fr-CA","@id":"https:\/\/news.canadamotorjobs.com\/#\/schema\/person\/image\/","url":"https:\/\/secure.gravatar.com\/avatar\/45f3d2eebcccd909668d7ce7ea7267b6?s=96&d=mm&r=g","contentUrl":"https:\/\/secure.gravatar.com\/avatar\/45f3d2eebcccd909668d7ce7ea7267b6?s=96&d=mm&r=g","caption":"Benoit Charette"},"description":"Benoit Charette \/ Propri\u00e9taire et r\u00e9dacteur en chef Benoit Charette pratique le journalisme automobile depuis bient\u00f4t 30 ans. Il a fait ses classes au c\u00f4t\u00e9 de Daniel H\u00e9raud et au Carnet de route de 1992 \u00e0 2001. Il est fondateur, copropri\u00e9taire et r\u00e9dacteur en chef de L\u2019Annuel de l\u2019automobile, qu\u2019il publie depuis 2001. Il a anim\u00e9 les \u00e9missions RPM et RPM+ sur V et les L\u00e9gendes de la route sur Historia. \u00c0 la radio depuis 1986, il reprend l\u2019antenne cette ann\u00e9e sur les ondes de Cogeco et participe pour la deuxi\u00e8me ann\u00e9e \u00e0 l\u2019\u00e9mission Passion Auto sur RDS en plus de mettre en ligne le site Web officiel de L\u2019Annuel de l\u2019automobile sur annuelauto.ca.","sameAs":["https:\/\/annuelauto.ca\/"],"url":"https:\/\/news.canadamotorjobs.com\/fr\/author\/benoit-charette\/"}]}},"_links":{"self":[{"href":"https:\/\/news.canadamotorjobs.com\/fr\/wp-json\/wp\/v2\/posts\/138713"}],"collection":[{"href":"https:\/\/news.canadamotorjobs.com\/fr\/wp-json\/wp\/v2\/posts"}],"about":[{"href":"https:\/\/news.canadamotorjobs.com\/fr\/wp-json\/wp\/v2\/types\/post"}],"author":[{"embeddable":true,"href":"https:\/\/news.canadamotorjobs.com\/fr\/wp-json\/wp\/v2\/users\/8"}],"replies":[{"embeddable":true,"href":"https:\/\/news.canadamotorjobs.com\/fr\/wp-json\/wp\/v2\/comments?post=138713"}],"version-history":[{"count":4,"href":"https:\/\/news.canadamotorjobs.com\/fr\/wp-json\/wp\/v2\/posts\/138713\/revisions"}],"predecessor-version":[{"id":138848,"href":"https:\/\/news.canadamotorjobs.com\/fr\/wp-json\/wp\/v2\/posts\/138713\/revisions\/138848"}],"wp:featuredmedia":[{"embeddable":true,"href":"https:\/\/news.canadamotorjobs.com\/fr\/wp-json\/wp\/v2\/media\/138715"}],"wp:attachment":[{"href":"https:\/\/news.canadamotorjobs.com\/fr\/wp-json\/wp\/v2\/media?parent=138713"}],"wp:term":[{"taxonomy":"category","embeddable":true,"href":"https:\/\/news.canadamotorjobs.com\/fr\/wp-json\/wp\/v2\/categories?post=138713"},{"taxonomy":"post_tag","embeddable":true,"href":"https:\/\/news.canadamotorjobs.com\/fr\/wp-json\/wp\/v2\/tags?post=138713"}],"curies":[{"name":"wp","href":"https:\/\/api.w.org\/{rel}","templated":true}]}}