{"id":138683,"date":"2023-01-22T12:33:11","date_gmt":"2023-01-22T17:33:11","guid":{"rendered":"https:\/\/news.canadamotorjobs.com\/?p=138683"},"modified":"2023-01-26T09:50:42","modified_gmt":"2023-01-26T14:50:42","slug":"la-marque-vanwall-renait-encore-une-fois","status":"publish","type":"post","link":"https:\/\/news.canadamotorjobs.com\/fr\/la-marque-vanwall-renait-encore-une-fois\/","title":{"rendered":"La marque Vanwall rena\u00eet\u2026 encore une fois"},"content":{"rendered":"<\/p>\n<p>La marque Vanwall fait un retour sur la sc\u00e8ne automobile. Cette marque d\u2019antan rena\u00eet apr\u00e8s avoir eu son moment de gloire \u00e0 la fin des ann\u00e9es\u00a050 dans le monde des Grands Prix, gr\u00e2ce aux pilotes <a href=\"https:\/\/annuelauto.ca\/17-septembre-stirling-moss-fete-ses-89-ans\/\" target=\"_blank\" rel=\"noopener noreferrer\">Stirling Moss<\/a> et Tony Brooks. C\u2019est toutefois en Allemagne qu\u2019elle refait surface et, cette fois, c\u2019est aussi pour fabriquer une gamme de mod\u00e8les sport homologu\u00e9s pour la route. Baptis\u00e9es Vandervell, ces sportives de haute performance rendent hommage \u00e0 Tony\u00a0Vandervell, l&#8217;industriel britannique qui avait pr\u00e9sent\u00e9 la premi\u00e8re monoplace de Grand Prix appel\u00e9e Vanwall, en 1954.<\/p>\n<p> La Vandervell est une berline \u00e0 hayon dont la silhouette rappelle, selon certains, la Hyundai Ioniq\u00a05, sans doute \u00e0 cause de ses formes anguleuses et de ses projecteurs avant rectangulaires. Cependant, son d\u00e9flecteur avant, ses jupes lat\u00e9rales et son pare-chocs arri\u00e8re tous faits en fibre de carbone, de m\u00eame que des ailes pro\u00e9minentes enveloppant des roues en alliage de 22 pouces chauss\u00e9es de pneus \u00e0 profil bas soulignent la personnalit\u00e9 fougueuse de cette voiture. Une sportive qui sera d\u2019ailleurs offerte en vert \u00e0 ses d\u00e9buts; une couleur de lancement rappelant les origines anglaises de Vanwall (pensez au traditionnel British Racing Green).<br \/> Une motorisation inconnue<br \/> Le nouveau constructeur est cependant rest\u00e9 extr\u00eamement discret quant \u00e0 la motorisation <a href=\"https:\/\/annuelauto.ca\/changli-explorer-la-camionnette-electrique-qui-coute-moins-de-3-000\/\" target=\"_blank\" rel=\"noopener noreferrer\">\u00e9lectrique<\/a> qu\u2019aura sa sportive \u00e0 quatre roues motrices. On sait tout juste que deux versions de la Vandervell seront offertes.\u00a0<\/p>\n<p> La version\u00a0S d\u2019entr\u00e9e de gamme aura une motorisation de 320\u00a0ch capable de la propulser \u00e0 185\u00a0km\/h et d\u2019acc\u00e9l\u00e9rer de 0\u00a0\u00e0 100\u00a0km\/h en 4,9\u00a0s,<\/p>\n","protected":false},"excerpt":{"rendered":"<p>La marque Vanwall fait un retour sur la sc\u00e8ne automobile. Cette marque d\u2019antan rena\u00eet apr\u00e8s avoir eu son moment de gloire \u00e0 la fin des ann\u00e9es\u00a050 dans le monde des Grands Prix, gr\u00e2ce aux pilotes Stirling Moss et Tony Brooks. C\u2019est toutefois en Allemagne qu\u2019elle refait surface et, cette fois, c\u2019est aussi pour fabriquer une [&hellip;]<\/p>\n","protected":false},"author":8,"featured_media":138685,"comment_status":"close","ping_status":"closed","sticky":false,"template":"","format":"standard","meta":{"_monsterinsights_skip_tracking":false,"_monsterinsights_sitenote_active":false,"_monsterinsights_sitenote_note":"","_monsterinsights_sitenote_category":0,"footnotes":""},"categories":[101],"tags":[],"yoast_head":"<!-- This site is optimized with the Yoast SEO plugin v23.2 - https:\/\/yoast.com\/wordpress\/plugins\/seo\/ -->\n<title>La marque Vanwall rena\u00eet\u2026 encore une fois - CanadaMotorJobs.com<\/title>\n<meta name=\"description\" content=\"La marque Vanwall rena\u00eet\u2026 encore une fois - Benoit Charette - Annuel automobile - CanadaMotorJobs.com.\" \/>\n<meta name=\"robots\" content=\"index, follow, max-snippet:-1, max-image-preview:large, max-video-preview:-1\" \/>\n<meta property=\"og:locale\" content=\"fr_CA\" \/>\n<meta property=\"og:type\" content=\"article\" \/>\n<meta property=\"og:title\" content=\"La marque Vanwall rena\u00eet\u2026 encore une fois - CanadaMotorJobs.com\" \/>\n<meta property=\"og:description\" content=\"La marque Vanwall rena\u00eet\u2026 encore une fois - Benoit Charette - Annuel automobile - CanadaMotorJobs.com.\" \/>\n<meta property=\"og:url\" content=\"https:\/\/news.canadamotorjobs.com\/fr\/la-marque-vanwall-renait-encore-une-fois\/\" \/>\n<meta property=\"og:site_name\" content=\"CanadaMotorJobs.com\" \/>\n<meta property=\"article:publisher\" content=\"https:\/\/www.facebook.com\/canadamotorjobs\/\" \/>\n<meta property=\"article:published_time\" content=\"2023-01-22T17:33:11+00:00\" \/>\n<meta property=\"article:modified_time\" content=\"2023-01-26T14:50:42+00:00\" \/>\n<meta property=\"og:image\" content=\"https:\/\/news.canadamotorjobs.com\/wp-content\/uploads\/2023\/01\/Vanwall-Vandervell-5.jpg\" \/>\n\t<meta property=\"og:image:width\" content=\"1500\" \/>\n\t<meta property=\"og:image:height\" content=\"1000\" \/>\n\t<meta property=\"og:image:type\" content=\"image\/jpeg\" \/>\n<meta name=\"author\" content=\"Benoit Charette\" \/>\n<meta name=\"twitter:card\" content=\"summary_large_image\" \/>\n<meta name=\"twitter:creator\" content=\"@canadamotorjobs\" \/>\n<meta name=\"twitter:site\" content=\"@canadamotorjobs\" \/>\n<meta name=\"twitter:label1\" content=\"\u00c9crit par\" \/>\n\t<meta name=\"twitter:data1\" content=\"Benoit Charette\" \/>\n\t<meta name=\"twitter:label2\" content=\"Estimation du temps de lecture\" \/>\n\t<meta name=\"twitter:data2\" content=\"1 minute\" \/>\n<!-- \/ Yoast SEO plugin. -->","yoast_head_json":{"title":"La marque Vanwall rena\u00eet\u2026 encore une fois - CanadaMotorJobs.com","description":"La marque Vanwall rena\u00eet\u2026 encore une fois - Benoit Charette - Annuel automobile - CanadaMotorJobs.com.","robots":{"index":"index","follow":"follow","max-snippet":"max-snippet:-1","max-image-preview":"max-image-preview:large","max-video-preview":"max-video-preview:-1"},"og_locale":"fr_CA","og_type":"article","og_title":"La marque Vanwall rena\u00eet\u2026 encore une fois - CanadaMotorJobs.com","og_description":"La marque Vanwall rena\u00eet\u2026 encore une fois - Benoit Charette - Annuel automobile - CanadaMotorJobs.com.","og_url":"https:\/\/news.canadamotorjobs.com\/fr\/la-marque-vanwall-renait-encore-une-fois\/","og_site_name":"CanadaMotorJobs.com","article_publisher":"https:\/\/www.facebook.com\/canadamotorjobs\/","article_published_time":"2023-01-22T17:33:11+00:00","article_modified_time":"2023-01-26T14:50:42+00:00","og_image":[{"width":1500,"height":1000,"url":"https:\/\/news.canadamotorjobs.com\/wp-content\/uploads\/2023\/01\/Vanwall-Vandervell-5.jpg","type":"image\/jpeg"}],"author":"Benoit Charette","twitter_card":"summary_large_image","twitter_creator":"@canadamotorjobs","twitter_site":"@canadamotorjobs","twitter_misc":{"\u00c9crit par":"Benoit Charette","Estimation du temps de lecture":"1 minute"},"schema":{"@context":"https:\/\/schema.org","@graph":[{"@type":"Article","@id":"https:\/\/news.canadamotorjobs.com\/fr\/la-marque-vanwall-renait-encore-une-fois\/#article","isPartOf":{"@id":"https:\/\/news.canadamotorjobs.com\/fr\/la-marque-vanwall-renait-encore-une-fois\/"},"author":{"name":"Benoit Charette","@id":"https:\/\/news.canadamotorjobs.com\/#\/schema\/person\/51793d1f87d44011d7bcc2ed99269a90"},"headline":"La marque Vanwall rena\u00eet\u2026 encore une fois","datePublished":"2023-01-22T17:33:11+00:00","dateModified":"2023-01-26T14:50:42+00:00","mainEntityOfPage":{"@id":"https:\/\/news.canadamotorjobs.com\/fr\/la-marque-vanwall-renait-encore-une-fois\/"},"wordCount":279,"publisher":{"@id":"https:\/\/news.canadamotorjobs.com\/#organization"},"image":{"@id":"https:\/\/news.canadamotorjobs.com\/fr\/la-marque-vanwall-renait-encore-une-fois\/#primaryimage"},"thumbnailUrl":"https:\/\/news.canadamotorjobs.com\/wp-content\/uploads\/2023\/01\/Vanwall-Vandervell-5.jpg","articleSection":["Annuel automobile"],"inLanguage":"fr-CA"},{"@type":"WebPage","@id":"https:\/\/news.canadamotorjobs.com\/fr\/la-marque-vanwall-renait-encore-une-fois\/","url":"https:\/\/news.canadamotorjobs.com\/fr\/la-marque-vanwall-renait-encore-une-fois\/","name":"La marque Vanwall rena\u00eet\u2026 encore une fois - CanadaMotorJobs.com","isPartOf":{"@id":"https:\/\/news.canadamotorjobs.com\/#website"},"primaryImageOfPage":{"@id":"https:\/\/news.canadamotorjobs.com\/fr\/la-marque-vanwall-renait-encore-une-fois\/#primaryimage"},"image":{"@id":"https:\/\/news.canadamotorjobs.com\/fr\/la-marque-vanwall-renait-encore-une-fois\/#primaryimage"},"thumbnailUrl":"https:\/\/news.canadamotorjobs.com\/wp-content\/uploads\/2023\/01\/Vanwall-Vandervell-5.jpg","datePublished":"2023-01-22T17:33:11+00:00","dateModified":"2023-01-26T14:50:42+00:00","description":"La marque Vanwall rena\u00eet\u2026 encore une fois - Benoit Charette - Annuel automobile - CanadaMotorJobs.com.","breadcrumb":{"@id":"https:\/\/news.canadamotorjobs.com\/fr\/la-marque-vanwall-renait-encore-une-fois\/#breadcrumb"},"inLanguage":"fr-CA","potentialAction":[{"@type":"ReadAction","target":["https:\/\/news.canadamotorjobs.com\/fr\/la-marque-vanwall-renait-encore-une-fois\/"]}]},{"@type":"ImageObject","inLanguage":"fr-CA","@id":"https:\/\/news.canadamotorjobs.com\/fr\/la-marque-vanwall-renait-encore-une-fois\/#primaryimage","url":"https:\/\/news.canadamotorjobs.com\/wp-content\/uploads\/2023\/01\/Vanwall-Vandervell-5.jpg","contentUrl":"https:\/\/news.canadamotorjobs.com\/wp-content\/uploads\/2023\/01\/Vanwall-Vandervell-5.jpg","width":1500,"height":1000},{"@type":"BreadcrumbList","@id":"https:\/\/news.canadamotorjobs.com\/fr\/la-marque-vanwall-renait-encore-une-fois\/#breadcrumb","itemListElement":[{"@type":"ListItem","position":1,"name":"Home","item":"https:\/\/news.canadamotorjobs.com\/fr\/blog\/"},{"@type":"ListItem","position":2,"name":"La marque Vanwall rena\u00eet\u2026 encore une fois"}]},{"@type":"WebSite","@id":"https:\/\/news.canadamotorjobs.com\/#website","url":"https:\/\/news.canadamotorjobs.com\/","name":"CanadaMotorJobs.com","description":"Automotive Jobs","publisher":{"@id":"https:\/\/news.canadamotorjobs.com\/#organization"},"potentialAction":[{"@type":"SearchAction","target":{"@type":"EntryPoint","urlTemplate":"https:\/\/news.canadamotorjobs.com\/?s={search_term_string}"},"query-input":"required name=search_term_string"}],"inLanguage":"fr-CA"},{"@type":"Organization","@id":"https:\/\/news.canadamotorjobs.com\/#organization","name":"Canada Motor Jobs","url":"https:\/\/news.canadamotorjobs.com\/","logo":{"@type":"ImageObject","inLanguage":"fr-CA","@id":"https:\/\/news.canadamotorjobs.com\/#\/schema\/logo\/image\/","url":"https:\/\/news.canadamotorjobs.com\/wp-content\/uploads\/2022\/10\/logo-canada-motor-jobs-1.png","contentUrl":"https:\/\/news.canadamotorjobs.com\/wp-content\/uploads\/2022\/10\/logo-canada-motor-jobs-1.png","width":800,"height":400,"caption":"Canada Motor Jobs"},"image":{"@id":"https:\/\/news.canadamotorjobs.com\/#\/schema\/logo\/image\/"},"sameAs":["https:\/\/www.facebook.com\/canadamotorjobs\/","https:\/\/x.com\/canadamotorjobs","https:\/\/www.instagram.com\/canadamotorjobs\/","https:\/\/www.linkedin.com\/company\/canadamotorjobs"]},{"@type":"Person","@id":"https:\/\/news.canadamotorjobs.com\/#\/schema\/person\/51793d1f87d44011d7bcc2ed99269a90","name":"Benoit Charette","image":{"@type":"ImageObject","inLanguage":"fr-CA","@id":"https:\/\/news.canadamotorjobs.com\/#\/schema\/person\/image\/","url":"https:\/\/secure.gravatar.com\/avatar\/45f3d2eebcccd909668d7ce7ea7267b6?s=96&d=mm&r=g","contentUrl":"https:\/\/secure.gravatar.com\/avatar\/45f3d2eebcccd909668d7ce7ea7267b6?s=96&d=mm&r=g","caption":"Benoit Charette"},"description":"Benoit Charette \/ Propri\u00e9taire et r\u00e9dacteur en chef Benoit Charette pratique le journalisme automobile depuis bient\u00f4t 30 ans. Il a fait ses classes au c\u00f4t\u00e9 de Daniel H\u00e9raud et au Carnet de route de 1992 \u00e0 2001. Il est fondateur, copropri\u00e9taire et r\u00e9dacteur en chef de L\u2019Annuel de l\u2019automobile, qu\u2019il publie depuis 2001. Il a anim\u00e9 les \u00e9missions RPM et RPM+ sur V et les L\u00e9gendes de la route sur Historia. \u00c0 la radio depuis 1986, il reprend l\u2019antenne cette ann\u00e9e sur les ondes de Cogeco et participe pour la deuxi\u00e8me ann\u00e9e \u00e0 l\u2019\u00e9mission Passion Auto sur RDS en plus de mettre en ligne le site Web officiel de L\u2019Annuel de l\u2019automobile sur annuelauto.ca.","sameAs":["https:\/\/annuelauto.ca\/"],"url":"https:\/\/news.canadamotorjobs.com\/fr\/author\/benoit-charette\/"}]}},"_links":{"self":[{"href":"https:\/\/news.canadamotorjobs.com\/fr\/wp-json\/wp\/v2\/posts\/138683"}],"collection":[{"href":"https:\/\/news.canadamotorjobs.com\/fr\/wp-json\/wp\/v2\/posts"}],"about":[{"href":"https:\/\/news.canadamotorjobs.com\/fr\/wp-json\/wp\/v2\/types\/post"}],"author":[{"embeddable":true,"href":"https:\/\/news.canadamotorjobs.com\/fr\/wp-json\/wp\/v2\/users\/8"}],"replies":[{"embeddable":true,"href":"https:\/\/news.canadamotorjobs.com\/fr\/wp-json\/wp\/v2\/comments?post=138683"}],"version-history":[{"count":3,"href":"https:\/\/news.canadamotorjobs.com\/fr\/wp-json\/wp\/v2\/posts\/138683\/revisions"}],"predecessor-version":[{"id":138688,"href":"https:\/\/news.canadamotorjobs.com\/fr\/wp-json\/wp\/v2\/posts\/138683\/revisions\/138688"}],"wp:featuredmedia":[{"embeddable":true,"href":"https:\/\/news.canadamotorjobs.com\/fr\/wp-json\/wp\/v2\/media\/138685"}],"wp:attachment":[{"href":"https:\/\/news.canadamotorjobs.com\/fr\/wp-json\/wp\/v2\/media?parent=138683"}],"wp:term":[{"taxonomy":"category","embeddable":true,"href":"https:\/\/news.canadamotorjobs.com\/fr\/wp-json\/wp\/v2\/categories?post=138683"},{"taxonomy":"post_tag","embeddable":true,"href":"https:\/\/news.canadamotorjobs.com\/fr\/wp-json\/wp\/v2\/tags?post=138683"}],"curies":[{"name":"wp","href":"https:\/\/api.w.org\/{rel}","templated":true}]}}