{"id":138599,"date":"2023-01-24T08:03:23","date_gmt":"2023-01-24T13:03:23","guid":{"rendered":"https:\/\/news.canadamotorjobs.com\/?p=138599"},"modified":"2023-01-26T09:49:59","modified_gmt":"2023-01-26T14:49:59","slug":"bmw-prepare-une-batterie-solide-dici-la-fin-2023","status":"publish","type":"post","link":"https:\/\/news.canadamotorjobs.com\/fr\/bmw-prepare-une-batterie-solide-dici-la-fin-2023\/","title":{"rendered":"BMW pr\u00e9pare une batterie solide d\u2019ici la fin 2023"},"content":{"rendered":"<\/p>\n<p>BMW Group et la soci\u00e9t\u00e9 Solid Power ont annonc\u00e9 un accord de d\u00e9veloppement conjoint \u00e9largi, ajoutant une licence de recherche et de d\u00e9veloppement comme base pour la prochaine \u00e9tape du partenariat. Cette licence permet \u00e0 BMW de cr\u00e9er une ligne de prototypes ASSB dans son centre de comp\u00e9tence en fabrication de cellules (CMCC) \u00e0 Parsdorf, pr\u00e8s de Munich.<br \/> Un prototype d\u2019ici la fin 2023<br \/> BMW a initialement investi dans cette soci\u00e9t\u00e9 avec Ford l&#8217;ann\u00e9e derni\u00e8re, et depuis lors, BMW travaille avec Solid Power pour pousser plus loin le d\u00e9veloppement de ses v\u00e9hicules. Vous ne verrez pas cette technologie dans les nouveaux mod\u00e8les de la marque allemande, car elle n&#8217;est pas encore au point dans quelques ann\u00e9es, mais les possibilit\u00e9s qu&#8217;elle offre sont fantastiques.<br \/> Plus d\u2019autonomie, moins ch\u00e8re<br \/> Cette technologie a la capacit\u00e9 de pratiquement doubler l&#8217;autonomie de la plupart des voitures, et d&#8217;offrir d&#8217;autres avantages comme un risque d&#8217;incendie moindre et une moindre d\u00e9pendance aux m\u00e9taux pr\u00e9cieux. Elle offre m\u00eame une meilleure capacit\u00e9 \u00e0 \u00eatre recycl\u00e9e. La prochaine \u00e9tape sera la livraison par Solid Power des cellules automobiles \u00e0 l&#8217;\u00e9chelle de remplissage \u00e0 BMW Group \u00e0 des fins d&#8217;essai en 2023, l&#8217;objectif \u00e9tant que le premier v\u00e9hicule de d\u00e9monstration BMW \u00e9quip\u00e9 de la technologie ASSB prenne la route en 2025 et le premier v\u00e9hicule de production en 2030<br \/> \u00c0 court terme<br \/> En attendant cette r\u00e9volution des batteries solides, BMW pr\u00e9voit offrir les nouvelles batteries Li-ion Gen6 qui offriront 30\u00a0% d&#8217;autonomie suppl\u00e9mentaire. Elles sont 20\u00a0% plus denses et offrent une charge<\/p>\n","protected":false},"excerpt":{"rendered":"<p>BMW Group et la soci\u00e9t\u00e9 Solid Power ont annonc\u00e9 un accord de d\u00e9veloppement conjoint \u00e9largi, ajoutant une licence de recherche et de d\u00e9veloppement comme base pour la prochaine \u00e9tape du partenariat. Cette licence permet \u00e0 BMW de cr\u00e9er une ligne de prototypes ASSB dans son centre de comp\u00e9tence en fabrication de cellules (CMCC) \u00e0 Parsdorf, [&hellip;]<\/p>\n","protected":false},"author":8,"featured_media":138601,"comment_status":"close","ping_status":"closed","sticky":false,"template":"","format":"standard","meta":{"_monsterinsights_skip_tracking":false,"_monsterinsights_sitenote_active":false,"_monsterinsights_sitenote_note":"","_monsterinsights_sitenote_category":0,"footnotes":""},"categories":[101],"tags":[],"yoast_head":"<!-- This site is optimized with the Yoast SEO plugin v23.2 - https:\/\/yoast.com\/wordpress\/plugins\/seo\/ -->\n<title>BMW pr\u00e9pare une batterie solide d\u2019ici la fin 2023 - CanadaMotorJobs.com<\/title>\n<meta name=\"description\" content=\"BMW pr\u00e9pare une batterie solide d\u2019ici la fin 2023 - Benoit Charette - Annuel automobile - CanadaMotorJobs.com.\" \/>\n<meta name=\"robots\" content=\"index, follow, max-snippet:-1, max-image-preview:large, max-video-preview:-1\" \/>\n<meta property=\"og:locale\" content=\"fr_CA\" \/>\n<meta property=\"og:type\" content=\"article\" \/>\n<meta property=\"og:title\" content=\"BMW pr\u00e9pare une batterie solide d\u2019ici la fin 2023 - CanadaMotorJobs.com\" \/>\n<meta property=\"og:description\" content=\"BMW pr\u00e9pare une batterie solide d\u2019ici la fin 2023 - Benoit Charette - Annuel automobile - CanadaMotorJobs.com.\" \/>\n<meta property=\"og:url\" content=\"https:\/\/news.canadamotorjobs.com\/fr\/bmw-prepare-une-batterie-solide-dici-la-fin-2023\/\" \/>\n<meta property=\"og:site_name\" content=\"CanadaMotorJobs.com\" \/>\n<meta property=\"article:publisher\" content=\"https:\/\/www.facebook.com\/canadamotorjobs\/\" \/>\n<meta property=\"article:published_time\" content=\"2023-01-24T13:03:23+00:00\" \/>\n<meta property=\"article:modified_time\" content=\"2023-01-26T14:49:59+00:00\" \/>\n<meta property=\"og:image\" content=\"https:\/\/news.canadamotorjobs.com\/wp-content\/uploads\/2023\/01\/bmw_100785581_h.jpg\" \/>\n\t<meta property=\"og:image:width\" content=\"1920\" \/>\n\t<meta property=\"og:image:height\" content=\"1280\" \/>\n\t<meta property=\"og:image:type\" content=\"image\/jpeg\" \/>\n<meta name=\"author\" content=\"Benoit Charette\" \/>\n<meta name=\"twitter:card\" content=\"summary_large_image\" \/>\n<meta name=\"twitter:creator\" content=\"@canadamotorjobs\" \/>\n<meta name=\"twitter:site\" content=\"@canadamotorjobs\" \/>\n<meta name=\"twitter:label1\" content=\"\u00c9crit par\" \/>\n\t<meta name=\"twitter:data1\" content=\"Benoit Charette\" \/>\n\t<meta name=\"twitter:label2\" content=\"Estimation du temps de lecture\" \/>\n\t<meta name=\"twitter:data2\" content=\"1 minute\" \/>\n<!-- \/ Yoast SEO plugin. -->","yoast_head_json":{"title":"BMW pr\u00e9pare une batterie solide d\u2019ici la fin 2023 - CanadaMotorJobs.com","description":"BMW pr\u00e9pare une batterie solide d\u2019ici la fin 2023 - Benoit Charette - Annuel automobile - CanadaMotorJobs.com.","robots":{"index":"index","follow":"follow","max-snippet":"max-snippet:-1","max-image-preview":"max-image-preview:large","max-video-preview":"max-video-preview:-1"},"og_locale":"fr_CA","og_type":"article","og_title":"BMW pr\u00e9pare une batterie solide d\u2019ici la fin 2023 - CanadaMotorJobs.com","og_description":"BMW pr\u00e9pare une batterie solide d\u2019ici la fin 2023 - Benoit Charette - Annuel automobile - CanadaMotorJobs.com.","og_url":"https:\/\/news.canadamotorjobs.com\/fr\/bmw-prepare-une-batterie-solide-dici-la-fin-2023\/","og_site_name":"CanadaMotorJobs.com","article_publisher":"https:\/\/www.facebook.com\/canadamotorjobs\/","article_published_time":"2023-01-24T13:03:23+00:00","article_modified_time":"2023-01-26T14:49:59+00:00","og_image":[{"width":1920,"height":1280,"url":"https:\/\/news.canadamotorjobs.com\/wp-content\/uploads\/2023\/01\/bmw_100785581_h.jpg","type":"image\/jpeg"}],"author":"Benoit Charette","twitter_card":"summary_large_image","twitter_creator":"@canadamotorjobs","twitter_site":"@canadamotorjobs","twitter_misc":{"\u00c9crit par":"Benoit Charette","Estimation du temps de lecture":"1 minute"},"schema":{"@context":"https:\/\/schema.org","@graph":[{"@type":"Article","@id":"https:\/\/news.canadamotorjobs.com\/fr\/bmw-prepare-une-batterie-solide-dici-la-fin-2023\/#article","isPartOf":{"@id":"https:\/\/news.canadamotorjobs.com\/fr\/bmw-prepare-une-batterie-solide-dici-la-fin-2023\/"},"author":{"name":"Benoit Charette","@id":"https:\/\/news.canadamotorjobs.com\/#\/schema\/person\/51793d1f87d44011d7bcc2ed99269a90"},"headline":"BMW pr\u00e9pare une batterie solide d\u2019ici la fin 2023","datePublished":"2023-01-24T13:03:23+00:00","dateModified":"2023-01-26T14:49:59+00:00","mainEntityOfPage":{"@id":"https:\/\/news.canadamotorjobs.com\/fr\/bmw-prepare-une-batterie-solide-dici-la-fin-2023\/"},"wordCount":286,"publisher":{"@id":"https:\/\/news.canadamotorjobs.com\/#organization"},"image":{"@id":"https:\/\/news.canadamotorjobs.com\/fr\/bmw-prepare-une-batterie-solide-dici-la-fin-2023\/#primaryimage"},"thumbnailUrl":"https:\/\/news.canadamotorjobs.com\/wp-content\/uploads\/2023\/01\/bmw_100785581_h.jpg","articleSection":["Annuel automobile"],"inLanguage":"fr-CA"},{"@type":"WebPage","@id":"https:\/\/news.canadamotorjobs.com\/fr\/bmw-prepare-une-batterie-solide-dici-la-fin-2023\/","url":"https:\/\/news.canadamotorjobs.com\/fr\/bmw-prepare-une-batterie-solide-dici-la-fin-2023\/","name":"BMW pr\u00e9pare une batterie solide d\u2019ici la fin 2023 - CanadaMotorJobs.com","isPartOf":{"@id":"https:\/\/news.canadamotorjobs.com\/#website"},"primaryImageOfPage":{"@id":"https:\/\/news.canadamotorjobs.com\/fr\/bmw-prepare-une-batterie-solide-dici-la-fin-2023\/#primaryimage"},"image":{"@id":"https:\/\/news.canadamotorjobs.com\/fr\/bmw-prepare-une-batterie-solide-dici-la-fin-2023\/#primaryimage"},"thumbnailUrl":"https:\/\/news.canadamotorjobs.com\/wp-content\/uploads\/2023\/01\/bmw_100785581_h.jpg","datePublished":"2023-01-24T13:03:23+00:00","dateModified":"2023-01-26T14:49:59+00:00","description":"BMW pr\u00e9pare une batterie solide d\u2019ici la fin 2023 - Benoit Charette - Annuel automobile - CanadaMotorJobs.com.","breadcrumb":{"@id":"https:\/\/news.canadamotorjobs.com\/fr\/bmw-prepare-une-batterie-solide-dici-la-fin-2023\/#breadcrumb"},"inLanguage":"fr-CA","potentialAction":[{"@type":"ReadAction","target":["https:\/\/news.canadamotorjobs.com\/fr\/bmw-prepare-une-batterie-solide-dici-la-fin-2023\/"]}]},{"@type":"ImageObject","inLanguage":"fr-CA","@id":"https:\/\/news.canadamotorjobs.com\/fr\/bmw-prepare-une-batterie-solide-dici-la-fin-2023\/#primaryimage","url":"https:\/\/news.canadamotorjobs.com\/wp-content\/uploads\/2023\/01\/bmw_100785581_h.jpg","contentUrl":"https:\/\/news.canadamotorjobs.com\/wp-content\/uploads\/2023\/01\/bmw_100785581_h.jpg","width":1920,"height":1280},{"@type":"BreadcrumbList","@id":"https:\/\/news.canadamotorjobs.com\/fr\/bmw-prepare-une-batterie-solide-dici-la-fin-2023\/#breadcrumb","itemListElement":[{"@type":"ListItem","position":1,"name":"Home","item":"https:\/\/news.canadamotorjobs.com\/fr\/blog\/"},{"@type":"ListItem","position":2,"name":"BMW pr\u00e9pare une batterie solide d\u2019ici la fin 2023"}]},{"@type":"WebSite","@id":"https:\/\/news.canadamotorjobs.com\/#website","url":"https:\/\/news.canadamotorjobs.com\/","name":"CanadaMotorJobs.com","description":"Automotive Jobs","publisher":{"@id":"https:\/\/news.canadamotorjobs.com\/#organization"},"potentialAction":[{"@type":"SearchAction","target":{"@type":"EntryPoint","urlTemplate":"https:\/\/news.canadamotorjobs.com\/?s={search_term_string}"},"query-input":"required name=search_term_string"}],"inLanguage":"fr-CA"},{"@type":"Organization","@id":"https:\/\/news.canadamotorjobs.com\/#organization","name":"Canada Motor Jobs","url":"https:\/\/news.canadamotorjobs.com\/","logo":{"@type":"ImageObject","inLanguage":"fr-CA","@id":"https:\/\/news.canadamotorjobs.com\/#\/schema\/logo\/image\/","url":"https:\/\/news.canadamotorjobs.com\/wp-content\/uploads\/2022\/10\/logo-canada-motor-jobs-1.png","contentUrl":"https:\/\/news.canadamotorjobs.com\/wp-content\/uploads\/2022\/10\/logo-canada-motor-jobs-1.png","width":800,"height":400,"caption":"Canada Motor Jobs"},"image":{"@id":"https:\/\/news.canadamotorjobs.com\/#\/schema\/logo\/image\/"},"sameAs":["https:\/\/www.facebook.com\/canadamotorjobs\/","https:\/\/x.com\/canadamotorjobs","https:\/\/www.instagram.com\/canadamotorjobs\/","https:\/\/www.linkedin.com\/company\/canadamotorjobs"]},{"@type":"Person","@id":"https:\/\/news.canadamotorjobs.com\/#\/schema\/person\/51793d1f87d44011d7bcc2ed99269a90","name":"Benoit Charette","image":{"@type":"ImageObject","inLanguage":"fr-CA","@id":"https:\/\/news.canadamotorjobs.com\/#\/schema\/person\/image\/","url":"https:\/\/secure.gravatar.com\/avatar\/45f3d2eebcccd909668d7ce7ea7267b6?s=96&d=mm&r=g","contentUrl":"https:\/\/secure.gravatar.com\/avatar\/45f3d2eebcccd909668d7ce7ea7267b6?s=96&d=mm&r=g","caption":"Benoit Charette"},"description":"Benoit Charette \/ Propri\u00e9taire et r\u00e9dacteur en chef Benoit Charette pratique le journalisme automobile depuis bient\u00f4t 30 ans. Il a fait ses classes au c\u00f4t\u00e9 de Daniel H\u00e9raud et au Carnet de route de 1992 \u00e0 2001. Il est fondateur, copropri\u00e9taire et r\u00e9dacteur en chef de L\u2019Annuel de l\u2019automobile, qu\u2019il publie depuis 2001. Il a anim\u00e9 les \u00e9missions RPM et RPM+ sur V et les L\u00e9gendes de la route sur Historia. \u00c0 la radio depuis 1986, il reprend l\u2019antenne cette ann\u00e9e sur les ondes de Cogeco et participe pour la deuxi\u00e8me ann\u00e9e \u00e0 l\u2019\u00e9mission Passion Auto sur RDS en plus de mettre en ligne le site Web officiel de L\u2019Annuel de l\u2019automobile sur annuelauto.ca.","sameAs":["https:\/\/annuelauto.ca\/"],"url":"https:\/\/news.canadamotorjobs.com\/fr\/author\/benoit-charette\/"}]}},"_links":{"self":[{"href":"https:\/\/news.canadamotorjobs.com\/fr\/wp-json\/wp\/v2\/posts\/138599"}],"collection":[{"href":"https:\/\/news.canadamotorjobs.com\/fr\/wp-json\/wp\/v2\/posts"}],"about":[{"href":"https:\/\/news.canadamotorjobs.com\/fr\/wp-json\/wp\/v2\/types\/post"}],"author":[{"embeddable":true,"href":"https:\/\/news.canadamotorjobs.com\/fr\/wp-json\/wp\/v2\/users\/8"}],"replies":[{"embeddable":true,"href":"https:\/\/news.canadamotorjobs.com\/fr\/wp-json\/wp\/v2\/comments?post=138599"}],"version-history":[{"count":3,"href":"https:\/\/news.canadamotorjobs.com\/fr\/wp-json\/wp\/v2\/posts\/138599\/revisions"}],"predecessor-version":[{"id":138604,"href":"https:\/\/news.canadamotorjobs.com\/fr\/wp-json\/wp\/v2\/posts\/138599\/revisions\/138604"}],"wp:featuredmedia":[{"embeddable":true,"href":"https:\/\/news.canadamotorjobs.com\/fr\/wp-json\/wp\/v2\/media\/138601"}],"wp:attachment":[{"href":"https:\/\/news.canadamotorjobs.com\/fr\/wp-json\/wp\/v2\/media?parent=138599"}],"wp:term":[{"taxonomy":"category","embeddable":true,"href":"https:\/\/news.canadamotorjobs.com\/fr\/wp-json\/wp\/v2\/categories?post=138599"},{"taxonomy":"post_tag","embeddable":true,"href":"https:\/\/news.canadamotorjobs.com\/fr\/wp-json\/wp\/v2\/tags?post=138599"}],"curies":[{"name":"wp","href":"https:\/\/api.w.org\/{rel}","templated":true}]}}