{"id":138575,"date":"2023-01-24T08:36:49","date_gmt":"2023-01-24T13:36:49","guid":{"rendered":"https:\/\/news.canadamotorjobs.com\/?p=138575"},"modified":"2023-01-26T09:55:17","modified_gmt":"2023-01-26T14:55:17","slug":"la-californie-represente-40-des-ventes-de-vehicules-zero-emission-aux-etats-unis-en-2022","status":"publish","type":"post","link":"https:\/\/news.canadamotorjobs.com\/fr\/la-californie-represente-40-des-ventes-de-vehicules-zero-emission-aux-etats-unis-en-2022\/","title":{"rendered":"La Californie repr\u00e9sente 40\u00a0% des ventes de v\u00e9hicules z\u00e9ro \u00e9mission aux \u00c9tats-Unis en 2022."},"content":{"rendered":"<p>Malgr\u00e9 l\u2019\u00e9norme branle-bas de combat chez nos voisins du sud pour verdir le parc automobile, il semble que le message ne passe partout. La Californie est de loin de meilleur \u00e9l\u00e8ve de l\u2019Oncle Sam. En 2022, 19\u00a0% de toutes les voitures vendues en Californie \u00e9taient des v\u00e9hicules \u00e0 \u00e9mission z\u00e9ro (ZEV). Ces ventes repr\u00e9sentent 40\u00a0% de toutes les ventes de VZE, y compris les v\u00e9hicules hybrides, aux \u00c9tats-Unis, selon des donn\u00e9es.<\/p>\n<h3>Le pr\u00e9sident Biden doit continuer de se battre<\/h3>\n<p>Le pr\u00e9sident des \u00c9tats-Unis, Joe Biden, a demand\u00e9 que 50\u00a0% de toutes les ventes de v\u00e9hicules neufs d&#8217;ici 2030 soient des V\u00c9 ou des hybrides rechargeables (PHEV). Le gouverneur de Californie, Gavin Newsom, a annonc\u00e9 pour la premi\u00e8re fois en septembre 2020 le plan visant \u00e0 \u00e9liminer progressivement les v\u00e9hicules fonctionnant uniquement \u00e0 l&#8217;essence d&#8217;ici 2035, et l&#8217;\u00c9tat a d\u00e9cid\u00e9 l&#8217;ann\u00e9e derni\u00e8re d&#8217;exiger que tous les nouveaux v\u00e9hicules vendus dans l&#8217;\u00c9tat d&#8217;ici 2035 soient des PHEV ou enti\u00e8rement \u00e9lectriques. Pendant ce temps, le Wyoming veut interdire les v\u00e9hicules \u00e9lectriques sur son territoire.<\/p>\n<h3>Environ 12 % des voitures vendues en Californie en 2021 \u00e9taient des VZE.<\/h3>\n<p>Une base de donn\u00e9es collig\u00e9e par la Commission californienne de l&#8217;\u00e9nergie a montr\u00e9 qu&#8217;environ 346\u00a0000 VZE ont \u00e9t\u00e9 vendus en Californie en 2022, avec le Model 3 de Tesla en t\u00eate des ventes avec 95 unit\u00e9s vendues et juste derri\u00e8re sa s\u0153ur la mod\u00e8le Y avec 94\u00a0000 unit\u00e9s. Les Californiens ont achet\u00e9 environ 51\u00a0000 v\u00e9hicules \u00e9lectriques hybrides rechargeables l&#8217;ann\u00e9e derni\u00e8re et environ 80\u00a0000 chargeurs de<\/p>\n","protected":false},"excerpt":{"rendered":"<p>Malgr\u00e9 l\u2019\u00e9norme branle-bas de combat chez nos voisins du sud pour verdir le parc automobile, il semble que le message ne passe partout. La Californie est de loin de meilleur \u00e9l\u00e8ve de l\u2019Oncle Sam. En 2022, 19\u00a0% de toutes les voitures vendues en Californie \u00e9taient des v\u00e9hicules \u00e0 \u00e9mission z\u00e9ro (ZEV). Ces ventes repr\u00e9sentent 40\u00a0% [&hellip;]<\/p>\n","protected":false},"author":8,"featured_media":138577,"comment_status":"close","ping_status":"closed","sticky":false,"template":"","format":"standard","meta":{"_monsterinsights_skip_tracking":false,"_monsterinsights_sitenote_active":false,"_monsterinsights_sitenote_note":"","_monsterinsights_sitenote_category":0,"footnotes":""},"categories":[101],"tags":[],"yoast_head":"<!-- This site is optimized with the Yoast SEO plugin v23.2 - https:\/\/yoast.com\/wordpress\/plugins\/seo\/ -->\n<title>La Californie repr\u00e9sente 40\u00a0% des ventes de v\u00e9hicules z\u00e9ro \u00e9mission aux \u00c9tats-Unis en 2022. - CanadaMotorJobs.com<\/title>\n<meta name=\"description\" content=\"La Californie repr\u00e9sente 40\u00a0% des ventes de v\u00e9hicules z\u00e9ro \u00e9mission aux \u00c9tats-Unis en 2022. - Benoit Charette - Annuel automobile - CanadaMotorJobs.com.\" \/>\n<meta name=\"robots\" content=\"index, follow, max-snippet:-1, max-image-preview:large, max-video-preview:-1\" \/>\n<meta property=\"og:locale\" content=\"fr_CA\" \/>\n<meta property=\"og:type\" content=\"article\" \/>\n<meta property=\"og:title\" content=\"La Californie repr\u00e9sente 40\u00a0% des ventes de v\u00e9hicules z\u00e9ro \u00e9mission aux \u00c9tats-Unis en 2022. - CanadaMotorJobs.com\" \/>\n<meta property=\"og:description\" content=\"La Californie repr\u00e9sente 40\u00a0% des ventes de v\u00e9hicules z\u00e9ro \u00e9mission aux \u00c9tats-Unis en 2022. - Benoit Charette - Annuel automobile - CanadaMotorJobs.com.\" \/>\n<meta property=\"og:url\" content=\"https:\/\/news.canadamotorjobs.com\/fr\/la-californie-represente-40-des-ventes-de-vehicules-zero-emission-aux-etats-unis-en-2022\/\" \/>\n<meta property=\"og:site_name\" content=\"CanadaMotorJobs.com\" \/>\n<meta property=\"article:publisher\" content=\"https:\/\/www.facebook.com\/canadamotorjobs\/\" \/>\n<meta property=\"article:published_time\" content=\"2023-01-24T13:36:49+00:00\" \/>\n<meta property=\"article:modified_time\" content=\"2023-01-26T14:55:17+00:00\" \/>\n<meta property=\"og:image\" content=\"https:\/\/news.canadamotorjobs.com\/wp-content\/uploads\/2023\/01\/cali.jpg\" \/>\n\t<meta property=\"og:image:width\" content=\"1200\" \/>\n\t<meta property=\"og:image:height\" content=\"667\" \/>\n\t<meta property=\"og:image:type\" content=\"image\/jpeg\" \/>\n<meta name=\"author\" content=\"Benoit Charette\" \/>\n<meta name=\"twitter:card\" content=\"summary_large_image\" \/>\n<meta name=\"twitter:creator\" content=\"@canadamotorjobs\" \/>\n<meta name=\"twitter:site\" content=\"@canadamotorjobs\" \/>\n<meta name=\"twitter:label1\" content=\"\u00c9crit par\" \/>\n\t<meta name=\"twitter:data1\" content=\"Benoit Charette\" \/>\n\t<meta name=\"twitter:label2\" content=\"Estimation du temps de lecture\" \/>\n\t<meta name=\"twitter:data2\" content=\"2 minutes\" \/>\n<!-- \/ Yoast SEO plugin. -->","yoast_head_json":{"title":"La Californie repr\u00e9sente 40\u00a0% des ventes de v\u00e9hicules z\u00e9ro \u00e9mission aux \u00c9tats-Unis en 2022. - CanadaMotorJobs.com","description":"La Californie repr\u00e9sente 40\u00a0% des ventes de v\u00e9hicules z\u00e9ro \u00e9mission aux \u00c9tats-Unis en 2022. - Benoit Charette - Annuel automobile - CanadaMotorJobs.com.","robots":{"index":"index","follow":"follow","max-snippet":"max-snippet:-1","max-image-preview":"max-image-preview:large","max-video-preview":"max-video-preview:-1"},"og_locale":"fr_CA","og_type":"article","og_title":"La Californie repr\u00e9sente 40\u00a0% des ventes de v\u00e9hicules z\u00e9ro \u00e9mission aux \u00c9tats-Unis en 2022. - CanadaMotorJobs.com","og_description":"La Californie repr\u00e9sente 40\u00a0% des ventes de v\u00e9hicules z\u00e9ro \u00e9mission aux \u00c9tats-Unis en 2022. - Benoit Charette - Annuel automobile - CanadaMotorJobs.com.","og_url":"https:\/\/news.canadamotorjobs.com\/fr\/la-californie-represente-40-des-ventes-de-vehicules-zero-emission-aux-etats-unis-en-2022\/","og_site_name":"CanadaMotorJobs.com","article_publisher":"https:\/\/www.facebook.com\/canadamotorjobs\/","article_published_time":"2023-01-24T13:36:49+00:00","article_modified_time":"2023-01-26T14:55:17+00:00","og_image":[{"width":1200,"height":667,"url":"https:\/\/news.canadamotorjobs.com\/wp-content\/uploads\/2023\/01\/cali.jpg","type":"image\/jpeg"}],"author":"Benoit Charette","twitter_card":"summary_large_image","twitter_creator":"@canadamotorjobs","twitter_site":"@canadamotorjobs","twitter_misc":{"\u00c9crit par":"Benoit Charette","Estimation du temps de lecture":"2 minutes"},"schema":{"@context":"https:\/\/schema.org","@graph":[{"@type":"Article","@id":"https:\/\/news.canadamotorjobs.com\/fr\/la-californie-represente-40-des-ventes-de-vehicules-zero-emission-aux-etats-unis-en-2022\/#article","isPartOf":{"@id":"https:\/\/news.canadamotorjobs.com\/fr\/la-californie-represente-40-des-ventes-de-vehicules-zero-emission-aux-etats-unis-en-2022\/"},"author":{"name":"Benoit Charette","@id":"https:\/\/news.canadamotorjobs.com\/#\/schema\/person\/51793d1f87d44011d7bcc2ed99269a90"},"headline":"La Californie repr\u00e9sente 40\u00a0% des ventes de v\u00e9hicules z\u00e9ro \u00e9mission aux \u00c9tats-Unis en 2022.","datePublished":"2023-01-24T13:36:49+00:00","dateModified":"2023-01-26T14:55:17+00:00","mainEntityOfPage":{"@id":"https:\/\/news.canadamotorjobs.com\/fr\/la-californie-represente-40-des-ventes-de-vehicules-zero-emission-aux-etats-unis-en-2022\/"},"wordCount":284,"publisher":{"@id":"https:\/\/news.canadamotorjobs.com\/#organization"},"image":{"@id":"https:\/\/news.canadamotorjobs.com\/fr\/la-californie-represente-40-des-ventes-de-vehicules-zero-emission-aux-etats-unis-en-2022\/#primaryimage"},"thumbnailUrl":"https:\/\/news.canadamotorjobs.com\/wp-content\/uploads\/2023\/01\/cali.jpg","articleSection":["Annuel automobile"],"inLanguage":"fr-CA"},{"@type":"WebPage","@id":"https:\/\/news.canadamotorjobs.com\/fr\/la-californie-represente-40-des-ventes-de-vehicules-zero-emission-aux-etats-unis-en-2022\/","url":"https:\/\/news.canadamotorjobs.com\/fr\/la-californie-represente-40-des-ventes-de-vehicules-zero-emission-aux-etats-unis-en-2022\/","name":"La Californie repr\u00e9sente 40\u00a0% des ventes de v\u00e9hicules z\u00e9ro \u00e9mission aux \u00c9tats-Unis en 2022. - CanadaMotorJobs.com","isPartOf":{"@id":"https:\/\/news.canadamotorjobs.com\/#website"},"primaryImageOfPage":{"@id":"https:\/\/news.canadamotorjobs.com\/fr\/la-californie-represente-40-des-ventes-de-vehicules-zero-emission-aux-etats-unis-en-2022\/#primaryimage"},"image":{"@id":"https:\/\/news.canadamotorjobs.com\/fr\/la-californie-represente-40-des-ventes-de-vehicules-zero-emission-aux-etats-unis-en-2022\/#primaryimage"},"thumbnailUrl":"https:\/\/news.canadamotorjobs.com\/wp-content\/uploads\/2023\/01\/cali.jpg","datePublished":"2023-01-24T13:36:49+00:00","dateModified":"2023-01-26T14:55:17+00:00","description":"La Californie repr\u00e9sente 40\u00a0% des ventes de v\u00e9hicules z\u00e9ro \u00e9mission aux \u00c9tats-Unis en 2022. - Benoit Charette - Annuel automobile - CanadaMotorJobs.com.","breadcrumb":{"@id":"https:\/\/news.canadamotorjobs.com\/fr\/la-californie-represente-40-des-ventes-de-vehicules-zero-emission-aux-etats-unis-en-2022\/#breadcrumb"},"inLanguage":"fr-CA","potentialAction":[{"@type":"ReadAction","target":["https:\/\/news.canadamotorjobs.com\/fr\/la-californie-represente-40-des-ventes-de-vehicules-zero-emission-aux-etats-unis-en-2022\/"]}]},{"@type":"ImageObject","inLanguage":"fr-CA","@id":"https:\/\/news.canadamotorjobs.com\/fr\/la-californie-represente-40-des-ventes-de-vehicules-zero-emission-aux-etats-unis-en-2022\/#primaryimage","url":"https:\/\/news.canadamotorjobs.com\/wp-content\/uploads\/2023\/01\/cali.jpg","contentUrl":"https:\/\/news.canadamotorjobs.com\/wp-content\/uploads\/2023\/01\/cali.jpg","width":1200,"height":667},{"@type":"BreadcrumbList","@id":"https:\/\/news.canadamotorjobs.com\/fr\/la-californie-represente-40-des-ventes-de-vehicules-zero-emission-aux-etats-unis-en-2022\/#breadcrumb","itemListElement":[{"@type":"ListItem","position":1,"name":"Home","item":"https:\/\/news.canadamotorjobs.com\/fr\/blog\/"},{"@type":"ListItem","position":2,"name":"La Californie repr\u00e9sente 40\u00a0% des ventes de v\u00e9hicules z\u00e9ro \u00e9mission aux \u00c9tats-Unis en 2022."}]},{"@type":"WebSite","@id":"https:\/\/news.canadamotorjobs.com\/#website","url":"https:\/\/news.canadamotorjobs.com\/","name":"CanadaMotorJobs.com","description":"Automotive Jobs","publisher":{"@id":"https:\/\/news.canadamotorjobs.com\/#organization"},"potentialAction":[{"@type":"SearchAction","target":{"@type":"EntryPoint","urlTemplate":"https:\/\/news.canadamotorjobs.com\/?s={search_term_string}"},"query-input":"required name=search_term_string"}],"inLanguage":"fr-CA"},{"@type":"Organization","@id":"https:\/\/news.canadamotorjobs.com\/#organization","name":"Canada Motor Jobs","url":"https:\/\/news.canadamotorjobs.com\/","logo":{"@type":"ImageObject","inLanguage":"fr-CA","@id":"https:\/\/news.canadamotorjobs.com\/#\/schema\/logo\/image\/","url":"https:\/\/news.canadamotorjobs.com\/wp-content\/uploads\/2022\/10\/logo-canada-motor-jobs-1.png","contentUrl":"https:\/\/news.canadamotorjobs.com\/wp-content\/uploads\/2022\/10\/logo-canada-motor-jobs-1.png","width":800,"height":400,"caption":"Canada Motor Jobs"},"image":{"@id":"https:\/\/news.canadamotorjobs.com\/#\/schema\/logo\/image\/"},"sameAs":["https:\/\/www.facebook.com\/canadamotorjobs\/","https:\/\/x.com\/canadamotorjobs","https:\/\/www.instagram.com\/canadamotorjobs\/","https:\/\/www.linkedin.com\/company\/canadamotorjobs"]},{"@type":"Person","@id":"https:\/\/news.canadamotorjobs.com\/#\/schema\/person\/51793d1f87d44011d7bcc2ed99269a90","name":"Benoit Charette","image":{"@type":"ImageObject","inLanguage":"fr-CA","@id":"https:\/\/news.canadamotorjobs.com\/#\/schema\/person\/image\/","url":"https:\/\/secure.gravatar.com\/avatar\/45f3d2eebcccd909668d7ce7ea7267b6?s=96&d=mm&r=g","contentUrl":"https:\/\/secure.gravatar.com\/avatar\/45f3d2eebcccd909668d7ce7ea7267b6?s=96&d=mm&r=g","caption":"Benoit Charette"},"description":"Benoit Charette \/ Propri\u00e9taire et r\u00e9dacteur en chef Benoit Charette pratique le journalisme automobile depuis bient\u00f4t 30 ans. Il a fait ses classes au c\u00f4t\u00e9 de Daniel H\u00e9raud et au Carnet de route de 1992 \u00e0 2001. Il est fondateur, copropri\u00e9taire et r\u00e9dacteur en chef de L\u2019Annuel de l\u2019automobile, qu\u2019il publie depuis 2001. Il a anim\u00e9 les \u00e9missions RPM et RPM+ sur V et les L\u00e9gendes de la route sur Historia. \u00c0 la radio depuis 1986, il reprend l\u2019antenne cette ann\u00e9e sur les ondes de Cogeco et participe pour la deuxi\u00e8me ann\u00e9e \u00e0 l\u2019\u00e9mission Passion Auto sur RDS en plus de mettre en ligne le site Web officiel de L\u2019Annuel de l\u2019automobile sur annuelauto.ca.","sameAs":["https:\/\/annuelauto.ca\/"],"url":"https:\/\/news.canadamotorjobs.com\/fr\/author\/benoit-charette\/"}]}},"_links":{"self":[{"href":"https:\/\/news.canadamotorjobs.com\/fr\/wp-json\/wp\/v2\/posts\/138575"}],"collection":[{"href":"https:\/\/news.canadamotorjobs.com\/fr\/wp-json\/wp\/v2\/posts"}],"about":[{"href":"https:\/\/news.canadamotorjobs.com\/fr\/wp-json\/wp\/v2\/types\/post"}],"author":[{"embeddable":true,"href":"https:\/\/news.canadamotorjobs.com\/fr\/wp-json\/wp\/v2\/users\/8"}],"replies":[{"embeddable":true,"href":"https:\/\/news.canadamotorjobs.com\/fr\/wp-json\/wp\/v2\/comments?post=138575"}],"version-history":[{"count":4,"href":"https:\/\/news.canadamotorjobs.com\/fr\/wp-json\/wp\/v2\/posts\/138575\/revisions"}],"predecessor-version":[{"id":138711,"href":"https:\/\/news.canadamotorjobs.com\/fr\/wp-json\/wp\/v2\/posts\/138575\/revisions\/138711"}],"wp:featuredmedia":[{"embeddable":true,"href":"https:\/\/news.canadamotorjobs.com\/fr\/wp-json\/wp\/v2\/media\/138577"}],"wp:attachment":[{"href":"https:\/\/news.canadamotorjobs.com\/fr\/wp-json\/wp\/v2\/media?parent=138575"}],"wp:term":[{"taxonomy":"category","embeddable":true,"href":"https:\/\/news.canadamotorjobs.com\/fr\/wp-json\/wp\/v2\/categories?post=138575"},{"taxonomy":"post_tag","embeddable":true,"href":"https:\/\/news.canadamotorjobs.com\/fr\/wp-json\/wp\/v2\/tags?post=138575"}],"curies":[{"name":"wp","href":"https:\/\/api.w.org\/{rel}","templated":true}]}}