{"id":138527,"date":"2023-01-26T08:39:46","date_gmt":"2023-01-26T13:39:46","guid":{"rendered":"https:\/\/news.canadamotorjobs.com\/?p=138527"},"modified":"2023-01-26T09:49:20","modified_gmt":"2023-01-26T14:49:20","slug":"le-grand-patron-de-toyota-prend-sa-retraite","status":"publish","type":"post","link":"https:\/\/news.canadamotorjobs.com\/fr\/le-grand-patron-de-toyota-prend-sa-retraite\/","title":{"rendered":"Le grand patron de Toyota prend sa retraite"},"content":{"rendered":"<\/p>\n<p>Le petit fils du fondateur de la marque Toyota, Akio Toyoda tire sa r\u00e9v\u00e9rence le 1er avril prochain. Il sera remplac\u00e9 dans ses fonctions par l\u2019actuel PDG de Lexus Koji Sato. Toutefois, M. Toyoda gardera le poste de pr\u00e9sident du conseil d&#8217;administration. M.Sato est un ing\u00e9nieur sp\u00e9cialis\u00e9 dans les moteurs diesel qui sera charg\u00e9 de guider l&#8217;entreprise dans sa transition vers les \u00e9nergies propres.<br \/> Changer d\u2019orientation<br \/> Sous la direction de Akio Toyoda, Toyota a adopt\u00e9 une approche lente \u00e0 l&#8217;\u00e9gard des v\u00e9hicules \u00e9lectriques, arguant que la technologie hybride dont il a \u00e9t\u00e9 le pionnier avec la Prius restera importante, tout comme les investissements dans l&#8217;hydrog\u00e8ne. M. Sato a \u00e9tudi\u00e9 la combustion des moteurs diesel \u00e0 l&#8217;universit\u00e9 et a rejoint Toyota dans l&#8217;espoir de &#8220;contribuer \u00e0 la soci\u00e9t\u00e9 en cr\u00e9ant l&#8217;avenir des moteurs diesel&#8221;, selon une interview publi\u00e9e sur le site Web de Gazoo, la marque de sport automobile de Toyota. Bien que l&#8217;homme de 53 ans ait supervis\u00e9 la cr\u00e9ation du premier mod\u00e8le enti\u00e8rement \u00e9lectrique de Lexus, il a \u00e9galement parl\u00e9 de garder ouvertes d&#8217;autres options pour alimenter les v\u00e9hicules. Il a \u00e9voqu\u00e9 le potentiel de l&#8217;hydrog\u00e8ne l&#8217;ann\u00e9e derni\u00e8re en Tha\u00eflande, o\u00f9 Toyoda a lui-m\u00eame conduit une voiture de course Toyota \u00e0 hydrog\u00e8ne lors d&#8217;une course d&#8217;endurance, selon le quotidien Yomiuri.<br \/> Un homme de carri\u00e8re chez Toyota<br \/> Sato a commenc\u00e9 sa carri\u00e8re chez Toyota en 1992, avant de gravir les \u00e9chelons pour devenir ing\u00e9nieur en chef de Lexus International en 2016, d&#8217;apr\u00e8s son profil sur le site Web de Toyota.<\/p>\n","protected":false},"excerpt":{"rendered":"<p>Le petit fils du fondateur de la marque Toyota, Akio Toyoda tire sa r\u00e9v\u00e9rence le 1er avril prochain. Il sera remplac\u00e9 dans ses fonctions par l\u2019actuel PDG de Lexus Koji Sato. Toutefois, M. Toyoda gardera le poste de pr\u00e9sident du conseil d&#8217;administration. M.Sato est un ing\u00e9nieur sp\u00e9cialis\u00e9 dans les moteurs diesel qui sera charg\u00e9 de [&hellip;]<\/p>\n","protected":false},"author":8,"featured_media":138529,"comment_status":"close","ping_status":"closed","sticky":false,"template":"","format":"standard","meta":{"_monsterinsights_skip_tracking":false,"_monsterinsights_sitenote_active":false,"_monsterinsights_sitenote_note":"","_monsterinsights_sitenote_category":0,"footnotes":""},"categories":[101],"tags":[],"yoast_head":"<!-- This site is optimized with the Yoast SEO plugin v23.2 - https:\/\/yoast.com\/wordpress\/plugins\/seo\/ -->\n<title>Le grand patron de Toyota prend sa retraite - CanadaMotorJobs.com<\/title>\n<meta name=\"description\" content=\"Le grand patron de Toyota prend sa retraite - Benoit Charette - Annuel automobile - CanadaMotorJobs.com.\" \/>\n<meta name=\"robots\" content=\"index, follow, max-snippet:-1, max-image-preview:large, max-video-preview:-1\" \/>\n<meta property=\"og:locale\" content=\"fr_CA\" \/>\n<meta property=\"og:type\" content=\"article\" \/>\n<meta property=\"og:title\" content=\"Le grand patron de Toyota prend sa retraite - CanadaMotorJobs.com\" \/>\n<meta property=\"og:description\" content=\"Le grand patron de Toyota prend sa retraite - Benoit Charette - Annuel automobile - CanadaMotorJobs.com.\" \/>\n<meta property=\"og:url\" content=\"https:\/\/news.canadamotorjobs.com\/fr\/le-grand-patron-de-toyota-prend-sa-retraite\/\" \/>\n<meta property=\"og:site_name\" content=\"CanadaMotorJobs.com\" \/>\n<meta property=\"article:publisher\" content=\"https:\/\/www.facebook.com\/canadamotorjobs\/\" \/>\n<meta property=\"article:published_time\" content=\"2023-01-26T13:39:46+00:00\" \/>\n<meta property=\"article:modified_time\" content=\"2023-01-26T14:49:20+00:00\" \/>\n<meta property=\"og:image\" content=\"https:\/\/news.canadamotorjobs.com\/wp-content\/uploads\/2023\/01\/29846bea7a664f687da3eeb9f5214f9a9f3e1407-6c3a361c.jpg\" \/>\n\t<meta property=\"og:image:width\" content=\"940\" \/>\n\t<meta property=\"og:image:height\" content=\"529\" \/>\n\t<meta property=\"og:image:type\" content=\"image\/jpeg\" \/>\n<meta name=\"author\" content=\"Benoit Charette\" \/>\n<meta name=\"twitter:card\" content=\"summary_large_image\" \/>\n<meta name=\"twitter:creator\" content=\"@canadamotorjobs\" \/>\n<meta name=\"twitter:site\" content=\"@canadamotorjobs\" \/>\n<meta name=\"twitter:label1\" content=\"\u00c9crit par\" \/>\n\t<meta name=\"twitter:data1\" content=\"Benoit Charette\" \/>\n\t<meta name=\"twitter:label2\" content=\"Estimation du temps de lecture\" \/>\n\t<meta name=\"twitter:data2\" content=\"1 minute\" \/>\n<!-- \/ Yoast SEO plugin. -->","yoast_head_json":{"title":"Le grand patron de Toyota prend sa retraite - CanadaMotorJobs.com","description":"Le grand patron de Toyota prend sa retraite - Benoit Charette - Annuel automobile - CanadaMotorJobs.com.","robots":{"index":"index","follow":"follow","max-snippet":"max-snippet:-1","max-image-preview":"max-image-preview:large","max-video-preview":"max-video-preview:-1"},"og_locale":"fr_CA","og_type":"article","og_title":"Le grand patron de Toyota prend sa retraite - CanadaMotorJobs.com","og_description":"Le grand patron de Toyota prend sa retraite - Benoit Charette - Annuel automobile - CanadaMotorJobs.com.","og_url":"https:\/\/news.canadamotorjobs.com\/fr\/le-grand-patron-de-toyota-prend-sa-retraite\/","og_site_name":"CanadaMotorJobs.com","article_publisher":"https:\/\/www.facebook.com\/canadamotorjobs\/","article_published_time":"2023-01-26T13:39:46+00:00","article_modified_time":"2023-01-26T14:49:20+00:00","og_image":[{"width":940,"height":529,"url":"https:\/\/news.canadamotorjobs.com\/wp-content\/uploads\/2023\/01\/29846bea7a664f687da3eeb9f5214f9a9f3e1407-6c3a361c.jpg","type":"image\/jpeg"}],"author":"Benoit Charette","twitter_card":"summary_large_image","twitter_creator":"@canadamotorjobs","twitter_site":"@canadamotorjobs","twitter_misc":{"\u00c9crit par":"Benoit Charette","Estimation du temps de lecture":"1 minute"},"schema":{"@context":"https:\/\/schema.org","@graph":[{"@type":"Article","@id":"https:\/\/news.canadamotorjobs.com\/fr\/le-grand-patron-de-toyota-prend-sa-retraite\/#article","isPartOf":{"@id":"https:\/\/news.canadamotorjobs.com\/fr\/le-grand-patron-de-toyota-prend-sa-retraite\/"},"author":{"name":"Benoit Charette","@id":"https:\/\/news.canadamotorjobs.com\/#\/schema\/person\/51793d1f87d44011d7bcc2ed99269a90"},"headline":"Le grand patron de Toyota prend sa retraite","datePublished":"2023-01-26T13:39:46+00:00","dateModified":"2023-01-26T14:49:20+00:00","mainEntityOfPage":{"@id":"https:\/\/news.canadamotorjobs.com\/fr\/le-grand-patron-de-toyota-prend-sa-retraite\/"},"wordCount":292,"publisher":{"@id":"https:\/\/news.canadamotorjobs.com\/#organization"},"image":{"@id":"https:\/\/news.canadamotorjobs.com\/fr\/le-grand-patron-de-toyota-prend-sa-retraite\/#primaryimage"},"thumbnailUrl":"https:\/\/news.canadamotorjobs.com\/wp-content\/uploads\/2023\/01\/29846bea7a664f687da3eeb9f5214f9a9f3e1407-6c3a361c.jpg","articleSection":["Annuel automobile"],"inLanguage":"fr-CA"},{"@type":"WebPage","@id":"https:\/\/news.canadamotorjobs.com\/fr\/le-grand-patron-de-toyota-prend-sa-retraite\/","url":"https:\/\/news.canadamotorjobs.com\/fr\/le-grand-patron-de-toyota-prend-sa-retraite\/","name":"Le grand patron de Toyota prend sa retraite - CanadaMotorJobs.com","isPartOf":{"@id":"https:\/\/news.canadamotorjobs.com\/#website"},"primaryImageOfPage":{"@id":"https:\/\/news.canadamotorjobs.com\/fr\/le-grand-patron-de-toyota-prend-sa-retraite\/#primaryimage"},"image":{"@id":"https:\/\/news.canadamotorjobs.com\/fr\/le-grand-patron-de-toyota-prend-sa-retraite\/#primaryimage"},"thumbnailUrl":"https:\/\/news.canadamotorjobs.com\/wp-content\/uploads\/2023\/01\/29846bea7a664f687da3eeb9f5214f9a9f3e1407-6c3a361c.jpg","datePublished":"2023-01-26T13:39:46+00:00","dateModified":"2023-01-26T14:49:20+00:00","description":"Le grand patron de Toyota prend sa retraite - Benoit Charette - Annuel automobile - CanadaMotorJobs.com.","breadcrumb":{"@id":"https:\/\/news.canadamotorjobs.com\/fr\/le-grand-patron-de-toyota-prend-sa-retraite\/#breadcrumb"},"inLanguage":"fr-CA","potentialAction":[{"@type":"ReadAction","target":["https:\/\/news.canadamotorjobs.com\/fr\/le-grand-patron-de-toyota-prend-sa-retraite\/"]}]},{"@type":"ImageObject","inLanguage":"fr-CA","@id":"https:\/\/news.canadamotorjobs.com\/fr\/le-grand-patron-de-toyota-prend-sa-retraite\/#primaryimage","url":"https:\/\/news.canadamotorjobs.com\/wp-content\/uploads\/2023\/01\/29846bea7a664f687da3eeb9f5214f9a9f3e1407-6c3a361c.jpg","contentUrl":"https:\/\/news.canadamotorjobs.com\/wp-content\/uploads\/2023\/01\/29846bea7a664f687da3eeb9f5214f9a9f3e1407-6c3a361c.jpg","width":940,"height":529},{"@type":"BreadcrumbList","@id":"https:\/\/news.canadamotorjobs.com\/fr\/le-grand-patron-de-toyota-prend-sa-retraite\/#breadcrumb","itemListElement":[{"@type":"ListItem","position":1,"name":"Home","item":"https:\/\/news.canadamotorjobs.com\/fr\/blog\/"},{"@type":"ListItem","position":2,"name":"Le grand patron de Toyota prend sa retraite"}]},{"@type":"WebSite","@id":"https:\/\/news.canadamotorjobs.com\/#website","url":"https:\/\/news.canadamotorjobs.com\/","name":"CanadaMotorJobs.com","description":"Automotive Jobs","publisher":{"@id":"https:\/\/news.canadamotorjobs.com\/#organization"},"potentialAction":[{"@type":"SearchAction","target":{"@type":"EntryPoint","urlTemplate":"https:\/\/news.canadamotorjobs.com\/?s={search_term_string}"},"query-input":"required name=search_term_string"}],"inLanguage":"fr-CA"},{"@type":"Organization","@id":"https:\/\/news.canadamotorjobs.com\/#organization","name":"Canada Motor Jobs","url":"https:\/\/news.canadamotorjobs.com\/","logo":{"@type":"ImageObject","inLanguage":"fr-CA","@id":"https:\/\/news.canadamotorjobs.com\/#\/schema\/logo\/image\/","url":"https:\/\/news.canadamotorjobs.com\/wp-content\/uploads\/2022\/10\/logo-canada-motor-jobs-1.png","contentUrl":"https:\/\/news.canadamotorjobs.com\/wp-content\/uploads\/2022\/10\/logo-canada-motor-jobs-1.png","width":800,"height":400,"caption":"Canada Motor Jobs"},"image":{"@id":"https:\/\/news.canadamotorjobs.com\/#\/schema\/logo\/image\/"},"sameAs":["https:\/\/www.facebook.com\/canadamotorjobs\/","https:\/\/x.com\/canadamotorjobs","https:\/\/www.instagram.com\/canadamotorjobs\/","https:\/\/www.linkedin.com\/company\/canadamotorjobs"]},{"@type":"Person","@id":"https:\/\/news.canadamotorjobs.com\/#\/schema\/person\/51793d1f87d44011d7bcc2ed99269a90","name":"Benoit Charette","image":{"@type":"ImageObject","inLanguage":"fr-CA","@id":"https:\/\/news.canadamotorjobs.com\/#\/schema\/person\/image\/","url":"https:\/\/secure.gravatar.com\/avatar\/45f3d2eebcccd909668d7ce7ea7267b6?s=96&d=mm&r=g","contentUrl":"https:\/\/secure.gravatar.com\/avatar\/45f3d2eebcccd909668d7ce7ea7267b6?s=96&d=mm&r=g","caption":"Benoit Charette"},"description":"Benoit Charette \/ Propri\u00e9taire et r\u00e9dacteur en chef Benoit Charette pratique le journalisme automobile depuis bient\u00f4t 30 ans. Il a fait ses classes au c\u00f4t\u00e9 de Daniel H\u00e9raud et au Carnet de route de 1992 \u00e0 2001. Il est fondateur, copropri\u00e9taire et r\u00e9dacteur en chef de L\u2019Annuel de l\u2019automobile, qu\u2019il publie depuis 2001. Il a anim\u00e9 les \u00e9missions RPM et RPM+ sur V et les L\u00e9gendes de la route sur Historia. \u00c0 la radio depuis 1986, il reprend l\u2019antenne cette ann\u00e9e sur les ondes de Cogeco et participe pour la deuxi\u00e8me ann\u00e9e \u00e0 l\u2019\u00e9mission Passion Auto sur RDS en plus de mettre en ligne le site Web officiel de L\u2019Annuel de l\u2019automobile sur annuelauto.ca.","sameAs":["https:\/\/annuelauto.ca\/"],"url":"https:\/\/news.canadamotorjobs.com\/fr\/author\/benoit-charette\/"}]}},"_links":{"self":[{"href":"https:\/\/news.canadamotorjobs.com\/fr\/wp-json\/wp\/v2\/posts\/138527"}],"collection":[{"href":"https:\/\/news.canadamotorjobs.com\/fr\/wp-json\/wp\/v2\/posts"}],"about":[{"href":"https:\/\/news.canadamotorjobs.com\/fr\/wp-json\/wp\/v2\/types\/post"}],"author":[{"embeddable":true,"href":"https:\/\/news.canadamotorjobs.com\/fr\/wp-json\/wp\/v2\/users\/8"}],"replies":[{"embeddable":true,"href":"https:\/\/news.canadamotorjobs.com\/fr\/wp-json\/wp\/v2\/comments?post=138527"}],"version-history":[{"count":3,"href":"https:\/\/news.canadamotorjobs.com\/fr\/wp-json\/wp\/v2\/posts\/138527\/revisions"}],"predecessor-version":[{"id":138532,"href":"https:\/\/news.canadamotorjobs.com\/fr\/wp-json\/wp\/v2\/posts\/138527\/revisions\/138532"}],"wp:featuredmedia":[{"embeddable":true,"href":"https:\/\/news.canadamotorjobs.com\/fr\/wp-json\/wp\/v2\/media\/138529"}],"wp:attachment":[{"href":"https:\/\/news.canadamotorjobs.com\/fr\/wp-json\/wp\/v2\/media?parent=138527"}],"wp:term":[{"taxonomy":"category","embeddable":true,"href":"https:\/\/news.canadamotorjobs.com\/fr\/wp-json\/wp\/v2\/categories?post=138527"},{"taxonomy":"post_tag","embeddable":true,"href":"https:\/\/news.canadamotorjobs.com\/fr\/wp-json\/wp\/v2\/tags?post=138527"}],"curies":[{"name":"wp","href":"https:\/\/api.w.org\/{rel}","templated":true}]}}