{"id":138503,"date":"2023-01-26T09:29:01","date_gmt":"2023-01-26T14:29:01","guid":{"rendered":"https:\/\/news.canadamotorjobs.com\/?p=138503"},"modified":"2023-01-26T09:49:16","modified_gmt":"2023-01-26T14:49:16","slug":"mercedes-benz-canada-annonce-le-prix-de-la-berline-electrique-eqe","status":"publish","type":"post","link":"https:\/\/news.canadamotorjobs.com\/fr\/mercedes-benz-canada-annonce-le-prix-de-la-berline-electrique-eqe\/","title":{"rendered":"Mercedes Benz Canada annonce le prix de la berline \u00e9lectrique EQE"},"content":{"rendered":"<\/p>\n<p>Petite s\u0153ur de la EQS, la EQE est la prochaine berline enti\u00e8rement \u00e9lectrique \u00e0 prendre la route chez Mercedes. Arrivant chez les concessionnaires canadiens d\u2019un oc\u00e9an \u00e0 l\u2019autre d\u00e8s f\u00e9vrier 2023, la berline EQE 350 4MATIC 2023 sera commercialis\u00e9e \u00e0 un prix de d\u00e9part de 85 600 $ avec la berline EQE 500 4MATIC commen\u00e7ant \u00e0 95 000 $. Quant \u00e0 la berline Mercedes-AMG EQE 4MATIC+ 2023 haute performance, elle arrivera d\u2019ici l\u2019\u00e9t\u00e9 2023 et sera propos\u00e9e \u00e0 un prix d\u00e9marrant \u00e0 121 500 $. Ces prix n\u2019inclus pas les frais dxe transport et de pr\u00e9paration, ni les taxes.<\/p>\n<p> Quelques d\u00e9tails techniques<\/p>\n<p> Les moteurs \u00e9lectriques sont des moteurs synchrones \u00e0 excitation permanente (PSM). Avec le PSM, le rotor du moteur \u00e0 courant alternatif est \u00e9quip\u00e9 d\u2019aimants permanents et n\u2019a donc pas besoin d\u2019\u00eatre aliment\u00e9 en \u00e9lectricit\u00e9. Les avantages de cette conception incluent une densit\u00e9 de puissance \u00e9lev\u00e9e, un haut rendement et une grande constance de la puissance. Compar\u00e9e \u00e0 la berline EQS de luxe, la berline EQE a un empattement l\u00e9g\u00e8rement plus court, des porte-\u00e0-faux plus courts et des flancs plus en retrait.<\/p>\n<p> Des roues de 19 \u00e0 21 pouces<\/p>\n<p> Les roues allant de 19 pouces \u00e0 21 pouces, de pair avec un \u00e9paulement muscl\u00e9 prononc\u00e9, conf\u00e8rent \u00e0 l\u2019EQE un caract\u00e8re athl\u00e9tique. La berline Mercedes-AMG EQE 4MATIC+ 2023 offre un concept de propulsion ax\u00e9 sur la performance, avec deux moteurs \u00e9lectriques. La puissante cha\u00eene cin\u00e9matique \u00e9lectrique (eATS), qui comprend un moteur sur chacun des essieux, offre<\/p>\n","protected":false},"excerpt":{"rendered":"<p>Petite s\u0153ur de la EQS, la EQE est la prochaine berline enti\u00e8rement \u00e9lectrique \u00e0 prendre la route chez Mercedes. Arrivant chez les concessionnaires canadiens d\u2019un oc\u00e9an \u00e0 l\u2019autre d\u00e8s f\u00e9vrier 2023, la berline EQE 350 4MATIC 2023 sera commercialis\u00e9e \u00e0 un prix de d\u00e9part de 85 600 $ avec la berline EQE 500 4MATIC commen\u00e7ant [&hellip;]<\/p>\n","protected":false},"author":8,"featured_media":138505,"comment_status":"close","ping_status":"closed","sticky":false,"template":"","format":"standard","meta":{"_monsterinsights_skip_tracking":false,"_monsterinsights_sitenote_active":false,"_monsterinsights_sitenote_note":"","_monsterinsights_sitenote_category":0,"footnotes":""},"categories":[101],"tags":[],"yoast_head":"<!-- This site is optimized with the Yoast SEO plugin v23.2 - https:\/\/yoast.com\/wordpress\/plugins\/seo\/ -->\n<title>Mercedes Benz Canada annonce le prix de la berline \u00e9lectrique EQE - CanadaMotorJobs.com<\/title>\n<meta name=\"description\" content=\"Mercedes Benz Canada annonce le prix de la berline \u00e9lectrique EQE - Benoit Charette - Annuel automobile - CanadaMotorJobs.com.\" \/>\n<meta name=\"robots\" content=\"index, follow, max-snippet:-1, max-image-preview:large, max-video-preview:-1\" \/>\n<meta property=\"og:locale\" content=\"fr_CA\" \/>\n<meta property=\"og:type\" content=\"article\" \/>\n<meta property=\"og:title\" content=\"Mercedes Benz Canada annonce le prix de la berline \u00e9lectrique EQE - CanadaMotorJobs.com\" \/>\n<meta property=\"og:description\" content=\"Mercedes Benz Canada annonce le prix de la berline \u00e9lectrique EQE - Benoit Charette - Annuel automobile - CanadaMotorJobs.com.\" \/>\n<meta property=\"og:url\" content=\"https:\/\/news.canadamotorjobs.com\/fr\/mercedes-benz-canada-annonce-le-prix-de-la-berline-electrique-eqe\/\" \/>\n<meta property=\"og:site_name\" content=\"CanadaMotorJobs.com\" \/>\n<meta property=\"article:publisher\" content=\"https:\/\/www.facebook.com\/canadamotorjobs\/\" \/>\n<meta property=\"article:published_time\" content=\"2023-01-26T14:29:01+00:00\" \/>\n<meta property=\"article:modified_time\" content=\"2023-01-26T14:49:16+00:00\" \/>\n<meta property=\"og:image\" content=\"https:\/\/news.canadamotorjobs.com\/wp-content\/uploads\/2023\/01\/2021-07-28_Image_21C0617-007_EQE_ExteriorSide2.jpg\" \/>\n\t<meta property=\"og:image:width\" content=\"1499\" \/>\n\t<meta property=\"og:image:height\" content=\"1000\" \/>\n\t<meta property=\"og:image:type\" content=\"image\/jpeg\" \/>\n<meta name=\"author\" content=\"Benoit Charette\" \/>\n<meta name=\"twitter:card\" content=\"summary_large_image\" \/>\n<meta name=\"twitter:creator\" content=\"@canadamotorjobs\" \/>\n<meta name=\"twitter:site\" content=\"@canadamotorjobs\" \/>\n<meta name=\"twitter:label1\" content=\"\u00c9crit par\" \/>\n\t<meta name=\"twitter:data1\" content=\"Benoit Charette\" \/>\n\t<meta name=\"twitter:label2\" content=\"Estimation du temps de lecture\" \/>\n\t<meta name=\"twitter:data2\" content=\"1 minute\" \/>\n<!-- \/ Yoast SEO plugin. -->","yoast_head_json":{"title":"Mercedes Benz Canada annonce le prix de la berline \u00e9lectrique EQE - CanadaMotorJobs.com","description":"Mercedes Benz Canada annonce le prix de la berline \u00e9lectrique EQE - Benoit Charette - Annuel automobile - CanadaMotorJobs.com.","robots":{"index":"index","follow":"follow","max-snippet":"max-snippet:-1","max-image-preview":"max-image-preview:large","max-video-preview":"max-video-preview:-1"},"og_locale":"fr_CA","og_type":"article","og_title":"Mercedes Benz Canada annonce le prix de la berline \u00e9lectrique EQE - CanadaMotorJobs.com","og_description":"Mercedes Benz Canada annonce le prix de la berline \u00e9lectrique EQE - Benoit Charette - Annuel automobile - CanadaMotorJobs.com.","og_url":"https:\/\/news.canadamotorjobs.com\/fr\/mercedes-benz-canada-annonce-le-prix-de-la-berline-electrique-eqe\/","og_site_name":"CanadaMotorJobs.com","article_publisher":"https:\/\/www.facebook.com\/canadamotorjobs\/","article_published_time":"2023-01-26T14:29:01+00:00","article_modified_time":"2023-01-26T14:49:16+00:00","og_image":[{"width":1499,"height":1000,"url":"https:\/\/news.canadamotorjobs.com\/wp-content\/uploads\/2023\/01\/2021-07-28_Image_21C0617-007_EQE_ExteriorSide2.jpg","type":"image\/jpeg"}],"author":"Benoit Charette","twitter_card":"summary_large_image","twitter_creator":"@canadamotorjobs","twitter_site":"@canadamotorjobs","twitter_misc":{"\u00c9crit par":"Benoit Charette","Estimation du temps de lecture":"1 minute"},"schema":{"@context":"https:\/\/schema.org","@graph":[{"@type":"Article","@id":"https:\/\/news.canadamotorjobs.com\/fr\/mercedes-benz-canada-annonce-le-prix-de-la-berline-electrique-eqe\/#article","isPartOf":{"@id":"https:\/\/news.canadamotorjobs.com\/fr\/mercedes-benz-canada-annonce-le-prix-de-la-berline-electrique-eqe\/"},"author":{"name":"Benoit Charette","@id":"https:\/\/news.canadamotorjobs.com\/#\/schema\/person\/51793d1f87d44011d7bcc2ed99269a90"},"headline":"Mercedes Benz Canada annonce le prix de la berline \u00e9lectrique EQE","datePublished":"2023-01-26T14:29:01+00:00","dateModified":"2023-01-26T14:49:16+00:00","mainEntityOfPage":{"@id":"https:\/\/news.canadamotorjobs.com\/fr\/mercedes-benz-canada-annonce-le-prix-de-la-berline-electrique-eqe\/"},"wordCount":255,"publisher":{"@id":"https:\/\/news.canadamotorjobs.com\/#organization"},"image":{"@id":"https:\/\/news.canadamotorjobs.com\/fr\/mercedes-benz-canada-annonce-le-prix-de-la-berline-electrique-eqe\/#primaryimage"},"thumbnailUrl":"https:\/\/news.canadamotorjobs.com\/wp-content\/uploads\/2023\/01\/2021-07-28_Image_21C0617-007_EQE_ExteriorSide2.jpg","articleSection":["Annuel automobile"],"inLanguage":"fr-CA"},{"@type":"WebPage","@id":"https:\/\/news.canadamotorjobs.com\/fr\/mercedes-benz-canada-annonce-le-prix-de-la-berline-electrique-eqe\/","url":"https:\/\/news.canadamotorjobs.com\/fr\/mercedes-benz-canada-annonce-le-prix-de-la-berline-electrique-eqe\/","name":"Mercedes Benz Canada annonce le prix de la berline \u00e9lectrique EQE - CanadaMotorJobs.com","isPartOf":{"@id":"https:\/\/news.canadamotorjobs.com\/#website"},"primaryImageOfPage":{"@id":"https:\/\/news.canadamotorjobs.com\/fr\/mercedes-benz-canada-annonce-le-prix-de-la-berline-electrique-eqe\/#primaryimage"},"image":{"@id":"https:\/\/news.canadamotorjobs.com\/fr\/mercedes-benz-canada-annonce-le-prix-de-la-berline-electrique-eqe\/#primaryimage"},"thumbnailUrl":"https:\/\/news.canadamotorjobs.com\/wp-content\/uploads\/2023\/01\/2021-07-28_Image_21C0617-007_EQE_ExteriorSide2.jpg","datePublished":"2023-01-26T14:29:01+00:00","dateModified":"2023-01-26T14:49:16+00:00","description":"Mercedes Benz Canada annonce le prix de la berline \u00e9lectrique EQE - Benoit Charette - Annuel automobile - CanadaMotorJobs.com.","breadcrumb":{"@id":"https:\/\/news.canadamotorjobs.com\/fr\/mercedes-benz-canada-annonce-le-prix-de-la-berline-electrique-eqe\/#breadcrumb"},"inLanguage":"fr-CA","potentialAction":[{"@type":"ReadAction","target":["https:\/\/news.canadamotorjobs.com\/fr\/mercedes-benz-canada-annonce-le-prix-de-la-berline-electrique-eqe\/"]}]},{"@type":"ImageObject","inLanguage":"fr-CA","@id":"https:\/\/news.canadamotorjobs.com\/fr\/mercedes-benz-canada-annonce-le-prix-de-la-berline-electrique-eqe\/#primaryimage","url":"https:\/\/news.canadamotorjobs.com\/wp-content\/uploads\/2023\/01\/2021-07-28_Image_21C0617-007_EQE_ExteriorSide2.jpg","contentUrl":"https:\/\/news.canadamotorjobs.com\/wp-content\/uploads\/2023\/01\/2021-07-28_Image_21C0617-007_EQE_ExteriorSide2.jpg","width":1499,"height":1000},{"@type":"BreadcrumbList","@id":"https:\/\/news.canadamotorjobs.com\/fr\/mercedes-benz-canada-annonce-le-prix-de-la-berline-electrique-eqe\/#breadcrumb","itemListElement":[{"@type":"ListItem","position":1,"name":"Home","item":"https:\/\/news.canadamotorjobs.com\/fr\/blog\/"},{"@type":"ListItem","position":2,"name":"Mercedes Benz Canada annonce le prix de la berline \u00e9lectrique EQE"}]},{"@type":"WebSite","@id":"https:\/\/news.canadamotorjobs.com\/#website","url":"https:\/\/news.canadamotorjobs.com\/","name":"CanadaMotorJobs.com","description":"Automotive Jobs","publisher":{"@id":"https:\/\/news.canadamotorjobs.com\/#organization"},"potentialAction":[{"@type":"SearchAction","target":{"@type":"EntryPoint","urlTemplate":"https:\/\/news.canadamotorjobs.com\/?s={search_term_string}"},"query-input":"required name=search_term_string"}],"inLanguage":"fr-CA"},{"@type":"Organization","@id":"https:\/\/news.canadamotorjobs.com\/#organization","name":"Canada Motor Jobs","url":"https:\/\/news.canadamotorjobs.com\/","logo":{"@type":"ImageObject","inLanguage":"fr-CA","@id":"https:\/\/news.canadamotorjobs.com\/#\/schema\/logo\/image\/","url":"https:\/\/news.canadamotorjobs.com\/wp-content\/uploads\/2022\/10\/logo-canada-motor-jobs-1.png","contentUrl":"https:\/\/news.canadamotorjobs.com\/wp-content\/uploads\/2022\/10\/logo-canada-motor-jobs-1.png","width":800,"height":400,"caption":"Canada Motor Jobs"},"image":{"@id":"https:\/\/news.canadamotorjobs.com\/#\/schema\/logo\/image\/"},"sameAs":["https:\/\/www.facebook.com\/canadamotorjobs\/","https:\/\/x.com\/canadamotorjobs","https:\/\/www.instagram.com\/canadamotorjobs\/","https:\/\/www.linkedin.com\/company\/canadamotorjobs"]},{"@type":"Person","@id":"https:\/\/news.canadamotorjobs.com\/#\/schema\/person\/51793d1f87d44011d7bcc2ed99269a90","name":"Benoit Charette","image":{"@type":"ImageObject","inLanguage":"fr-CA","@id":"https:\/\/news.canadamotorjobs.com\/#\/schema\/person\/image\/","url":"https:\/\/secure.gravatar.com\/avatar\/45f3d2eebcccd909668d7ce7ea7267b6?s=96&d=mm&r=g","contentUrl":"https:\/\/secure.gravatar.com\/avatar\/45f3d2eebcccd909668d7ce7ea7267b6?s=96&d=mm&r=g","caption":"Benoit Charette"},"description":"Benoit Charette \/ Propri\u00e9taire et r\u00e9dacteur en chef Benoit Charette pratique le journalisme automobile depuis bient\u00f4t 30 ans. Il a fait ses classes au c\u00f4t\u00e9 de Daniel H\u00e9raud et au Carnet de route de 1992 \u00e0 2001. Il est fondateur, copropri\u00e9taire et r\u00e9dacteur en chef de L\u2019Annuel de l\u2019automobile, qu\u2019il publie depuis 2001. Il a anim\u00e9 les \u00e9missions RPM et RPM+ sur V et les L\u00e9gendes de la route sur Historia. \u00c0 la radio depuis 1986, il reprend l\u2019antenne cette ann\u00e9e sur les ondes de Cogeco et participe pour la deuxi\u00e8me ann\u00e9e \u00e0 l\u2019\u00e9mission Passion Auto sur RDS en plus de mettre en ligne le site Web officiel de L\u2019Annuel de l\u2019automobile sur annuelauto.ca.","sameAs":["https:\/\/annuelauto.ca\/"],"url":"https:\/\/news.canadamotorjobs.com\/fr\/author\/benoit-charette\/"}]}},"_links":{"self":[{"href":"https:\/\/news.canadamotorjobs.com\/fr\/wp-json\/wp\/v2\/posts\/138503"}],"collection":[{"href":"https:\/\/news.canadamotorjobs.com\/fr\/wp-json\/wp\/v2\/posts"}],"about":[{"href":"https:\/\/news.canadamotorjobs.com\/fr\/wp-json\/wp\/v2\/types\/post"}],"author":[{"embeddable":true,"href":"https:\/\/news.canadamotorjobs.com\/fr\/wp-json\/wp\/v2\/users\/8"}],"replies":[{"embeddable":true,"href":"https:\/\/news.canadamotorjobs.com\/fr\/wp-json\/wp\/v2\/comments?post=138503"}],"version-history":[{"count":3,"href":"https:\/\/news.canadamotorjobs.com\/fr\/wp-json\/wp\/v2\/posts\/138503\/revisions"}],"predecessor-version":[{"id":138508,"href":"https:\/\/news.canadamotorjobs.com\/fr\/wp-json\/wp\/v2\/posts\/138503\/revisions\/138508"}],"wp:featuredmedia":[{"embeddable":true,"href":"https:\/\/news.canadamotorjobs.com\/fr\/wp-json\/wp\/v2\/media\/138505"}],"wp:attachment":[{"href":"https:\/\/news.canadamotorjobs.com\/fr\/wp-json\/wp\/v2\/media?parent=138503"}],"wp:term":[{"taxonomy":"category","embeddable":true,"href":"https:\/\/news.canadamotorjobs.com\/fr\/wp-json\/wp\/v2\/categories?post=138503"},{"taxonomy":"post_tag","embeddable":true,"href":"https:\/\/news.canadamotorjobs.com\/fr\/wp-json\/wp\/v2\/tags?post=138503"}],"curies":[{"name":"wp","href":"https:\/\/api.w.org\/{rel}","templated":true}]}}