{"id":138067,"date":"2023-01-22T08:28:58","date_gmt":"2023-01-22T13:28:58","guid":{"rendered":"https:\/\/news.canadamotorjobs.com\/la-prochaine-generation-de-charger-et-challenger-pourrait-etre-fabriquee-au-canada\/"},"modified":"2023-01-22T09:30:50","modified_gmt":"2023-01-22T14:30:50","slug":"la-prochaine-generation-de-charger-et-challenger-pourrait-etre-fabriquee-au-canada","status":"publish","type":"post","link":"https:\/\/news.canadamotorjobs.com\/fr\/la-prochaine-generation-de-charger-et-challenger-pourrait-etre-fabriquee-au-canada\/","title":{"rendered":"La prochaine g\u00e9n\u00e9ration de Charger et Challenger pourrait \u00eatre fabriqu\u00e9e au Canada"},"content":{"rendered":"<p>L\u2019usine de Windsor qui construit pr\u00e9sentement le Chrysler Pacifica pourrait \u00eatre utilis\u00e9e pour construire la prochaine g\u00e9n\u00e9ration de Dodge Charger et Challenger.<\/p>\n<h3>De Brampton \u00e0 Windsor<\/h3>\n<p>Les Charger, Challenger et Chrysler 300 actuel sont assembl\u00e9s \u00e0 l&#8217;usine ontarienne de Brampton, mais celle-ci doit fermer \u00e0 la fin de 2024. Leur remplacement sera, semble-t-il, un v\u00e9hicule Jeep \u00e9lectrifi\u00e9. Le constructeur automobile a refus\u00e9 de divulguer tout d\u00e9tail suppl\u00e9mentaire. Quant \u00e0 la prochaine g\u00e9n\u00e9ration de Charger et Challenger, nous avons d\u00e9j\u00e0 confirm\u00e9 qu&#8217;ils seront construits sur la nouvelle architecture STLA Large. Cette plateforme est capable d&#8217;accueillir \u00e0 la fois des v\u00e9hicules \u00e0 combustion interne et des v\u00e9hicules enti\u00e8rement \u00e9lectriques.<\/p>\n<h3>Un peu de vieux, un peu de neuf<\/h3>\n<p>Dodge a laiss\u00e9 entendre qu&#8217;elle continuerait \u00e0 construire des muscle cars \u00e0 moteur \u00e0 combustion interne au-del\u00e0 de 2024, en plus d&#8217;une voiture enti\u00e8rement \u00e9lectrique. Cette derni\u00e8re a \u00e9t\u00e9 pr\u00e9sent\u00e9e en avant-premi\u00e8re l&#8217;ann\u00e9e derni\u00e8re sous la forme du concept Dodge Charger Daytona SRT. Pour s&#8217;y pr\u00e9parer, Stellantis a d\u00e9j\u00e0 sign\u00e9 un accord de coentreprise avec LG Energy Solution pour construire une usine de batteries de 5 milliards de dollars \u00e0 Windsor. Au printemps dernier, le constructeur automobile a confirm\u00e9 qu&#8217;il investirait 3,6 milliards de dollars pour r\u00e9outiller les usines de Windsor et de Brampton afin de construire des v\u00e9hicules \u00e9lectrifi\u00e9s. Windsor emploie actuellement 4 000 travailleurs horaires qui travaillent en deux \u00e9quipes. Avec ce nouvel investissement, l&#8217;objectif est de passer \u00e0 un fonctionnement en trois \u00e9quipes.<\/p>\n<p>Bien que Stellantis n&#8217;ait pas fourni d&#8217;informations sur<\/p>\n","protected":false},"excerpt":{"rendered":"<p>L\u2019usine de Windsor qui construit pr\u00e9sentement le Chrysler Pacifica pourrait \u00eatre utilis\u00e9e pour construire la prochaine g\u00e9n\u00e9ration de Dodge Charger et Challenger. De Brampton \u00e0 Windsor Les Charger, Challenger et Chrysler 300 actuel sont assembl\u00e9s \u00e0 l&#8217;usine ontarienne de Brampton, mais celle-ci doit fermer \u00e0 la fin de 2024. Leur remplacement sera, semble-t-il, un v\u00e9hicule [&hellip;]<\/p>\n","protected":false},"author":8,"featured_media":138071,"comment_status":"close","ping_status":"closed","sticky":false,"template":"","format":"standard","meta":{"_monsterinsights_skip_tracking":false,"_monsterinsights_sitenote_active":false,"_monsterinsights_sitenote_note":"","_monsterinsights_sitenote_category":0,"footnotes":""},"categories":[101],"tags":[131],"yoast_head":"<!-- This site is optimized with the Yoast SEO plugin v23.2 - https:\/\/yoast.com\/wordpress\/plugins\/seo\/ -->\n<title>La prochaine g\u00e9n\u00e9ration de Charger et Challenger pourrait \u00eatre fabriqu\u00e9e au Canada - CanadaMotorJobs.com<\/title>\n<meta name=\"description\" content=\"La prochaine g\u00e9n\u00e9ration de Charger et Challenger pourrait \u00eatre fabriqu\u00e9e au Canada - Benoit Charette - Annuel automobile - CanadaMotorJobs.com.\" \/>\n<meta name=\"robots\" content=\"index, follow, max-snippet:-1, max-image-preview:large, max-video-preview:-1\" \/>\n<meta property=\"og:locale\" content=\"fr_CA\" \/>\n<meta property=\"og:type\" content=\"article\" \/>\n<meta property=\"og:title\" content=\"La prochaine g\u00e9n\u00e9ration de Charger et Challenger pourrait \u00eatre fabriqu\u00e9e au Canada - CanadaMotorJobs.com\" \/>\n<meta property=\"og:description\" content=\"La prochaine g\u00e9n\u00e9ration de Charger et Challenger pourrait \u00eatre fabriqu\u00e9e au Canada - Benoit Charette - Annuel automobile - CanadaMotorJobs.com.\" \/>\n<meta property=\"og:url\" content=\"https:\/\/news.canadamotorjobs.com\/fr\/la-prochaine-generation-de-charger-et-challenger-pourrait-etre-fabriquee-au-canada\/\" \/>\n<meta property=\"og:site_name\" content=\"CanadaMotorJobs.com\" \/>\n<meta property=\"article:publisher\" content=\"https:\/\/www.facebook.com\/canadamotorjobs\/\" \/>\n<meta property=\"article:published_time\" content=\"2023-01-22T13:28:58+00:00\" \/>\n<meta property=\"article:modified_time\" content=\"2023-01-22T14:30:50+00:00\" \/>\n<meta property=\"og:image\" content=\"https:\/\/news.canadamotorjobs.com\/wp-content\/uploads\/2023\/01\/Dodge-Charger-Daytona-SRT-EV-concept-2-1.jpg\" \/>\n\t<meta property=\"og:image:width\" content=\"2000\" \/>\n\t<meta property=\"og:image:height\" content=\"1125\" \/>\n\t<meta property=\"og:image:type\" content=\"image\/jpeg\" \/>\n<meta name=\"author\" content=\"Benoit Charette\" \/>\n<meta name=\"twitter:card\" content=\"summary_large_image\" \/>\n<meta name=\"twitter:creator\" content=\"@canadamotorjobs\" \/>\n<meta name=\"twitter:site\" content=\"@canadamotorjobs\" \/>\n<meta name=\"twitter:label1\" content=\"\u00c9crit par\" \/>\n\t<meta name=\"twitter:data1\" content=\"Benoit Charette\" \/>\n\t<meta name=\"twitter:label2\" content=\"Estimation du temps de lecture\" \/>\n\t<meta name=\"twitter:data2\" content=\"2 minutes\" \/>\n<!-- \/ Yoast SEO plugin. -->","yoast_head_json":{"title":"La prochaine g\u00e9n\u00e9ration de Charger et Challenger pourrait \u00eatre fabriqu\u00e9e au Canada - CanadaMotorJobs.com","description":"La prochaine g\u00e9n\u00e9ration de Charger et Challenger pourrait \u00eatre fabriqu\u00e9e au Canada - Benoit Charette - Annuel automobile - CanadaMotorJobs.com.","robots":{"index":"index","follow":"follow","max-snippet":"max-snippet:-1","max-image-preview":"max-image-preview:large","max-video-preview":"max-video-preview:-1"},"og_locale":"fr_CA","og_type":"article","og_title":"La prochaine g\u00e9n\u00e9ration de Charger et Challenger pourrait \u00eatre fabriqu\u00e9e au Canada - CanadaMotorJobs.com","og_description":"La prochaine g\u00e9n\u00e9ration de Charger et Challenger pourrait \u00eatre fabriqu\u00e9e au Canada - Benoit Charette - Annuel automobile - CanadaMotorJobs.com.","og_url":"https:\/\/news.canadamotorjobs.com\/fr\/la-prochaine-generation-de-charger-et-challenger-pourrait-etre-fabriquee-au-canada\/","og_site_name":"CanadaMotorJobs.com","article_publisher":"https:\/\/www.facebook.com\/canadamotorjobs\/","article_published_time":"2023-01-22T13:28:58+00:00","article_modified_time":"2023-01-22T14:30:50+00:00","og_image":[{"width":2000,"height":1125,"url":"https:\/\/news.canadamotorjobs.com\/wp-content\/uploads\/2023\/01\/Dodge-Charger-Daytona-SRT-EV-concept-2-1.jpg","type":"image\/jpeg"}],"author":"Benoit Charette","twitter_card":"summary_large_image","twitter_creator":"@canadamotorjobs","twitter_site":"@canadamotorjobs","twitter_misc":{"\u00c9crit par":"Benoit Charette","Estimation du temps de lecture":"2 minutes"},"schema":{"@context":"https:\/\/schema.org","@graph":[{"@type":"Article","@id":"https:\/\/news.canadamotorjobs.com\/fr\/la-prochaine-generation-de-charger-et-challenger-pourrait-etre-fabriquee-au-canada\/#article","isPartOf":{"@id":"https:\/\/news.canadamotorjobs.com\/fr\/la-prochaine-generation-de-charger-et-challenger-pourrait-etre-fabriquee-au-canada\/"},"author":{"name":"Benoit Charette","@id":"https:\/\/news.canadamotorjobs.com\/#\/schema\/person\/51793d1f87d44011d7bcc2ed99269a90"},"headline":"La prochaine g\u00e9n\u00e9ration de Charger et Challenger pourrait \u00eatre fabriqu\u00e9e au Canada","datePublished":"2023-01-22T13:28:58+00:00","dateModified":"2023-01-22T14:30:50+00:00","mainEntityOfPage":{"@id":"https:\/\/news.canadamotorjobs.com\/fr\/la-prochaine-generation-de-charger-et-challenger-pourrait-etre-fabriquee-au-canada\/"},"wordCount":284,"publisher":{"@id":"https:\/\/news.canadamotorjobs.com\/#organization"},"image":{"@id":"https:\/\/news.canadamotorjobs.com\/fr\/la-prochaine-generation-de-charger-et-challenger-pourrait-etre-fabriquee-au-canada\/#primaryimage"},"thumbnailUrl":"https:\/\/news.canadamotorjobs.com\/wp-content\/uploads\/2023\/01\/Dodge-Charger-Daytona-SRT-EV-concept-2-1.jpg","keywords":["Newsletter"],"articleSection":["Annuel automobile"],"inLanguage":"fr-CA"},{"@type":"WebPage","@id":"https:\/\/news.canadamotorjobs.com\/fr\/la-prochaine-generation-de-charger-et-challenger-pourrait-etre-fabriquee-au-canada\/","url":"https:\/\/news.canadamotorjobs.com\/fr\/la-prochaine-generation-de-charger-et-challenger-pourrait-etre-fabriquee-au-canada\/","name":"La prochaine g\u00e9n\u00e9ration de Charger et Challenger pourrait \u00eatre fabriqu\u00e9e au Canada - CanadaMotorJobs.com","isPartOf":{"@id":"https:\/\/news.canadamotorjobs.com\/#website"},"primaryImageOfPage":{"@id":"https:\/\/news.canadamotorjobs.com\/fr\/la-prochaine-generation-de-charger-et-challenger-pourrait-etre-fabriquee-au-canada\/#primaryimage"},"image":{"@id":"https:\/\/news.canadamotorjobs.com\/fr\/la-prochaine-generation-de-charger-et-challenger-pourrait-etre-fabriquee-au-canada\/#primaryimage"},"thumbnailUrl":"https:\/\/news.canadamotorjobs.com\/wp-content\/uploads\/2023\/01\/Dodge-Charger-Daytona-SRT-EV-concept-2-1.jpg","datePublished":"2023-01-22T13:28:58+00:00","dateModified":"2023-01-22T14:30:50+00:00","description":"La prochaine g\u00e9n\u00e9ration de Charger et Challenger pourrait \u00eatre fabriqu\u00e9e au Canada - Benoit Charette - Annuel automobile - CanadaMotorJobs.com.","breadcrumb":{"@id":"https:\/\/news.canadamotorjobs.com\/fr\/la-prochaine-generation-de-charger-et-challenger-pourrait-etre-fabriquee-au-canada\/#breadcrumb"},"inLanguage":"fr-CA","potentialAction":[{"@type":"ReadAction","target":["https:\/\/news.canadamotorjobs.com\/fr\/la-prochaine-generation-de-charger-et-challenger-pourrait-etre-fabriquee-au-canada\/"]}]},{"@type":"ImageObject","inLanguage":"fr-CA","@id":"https:\/\/news.canadamotorjobs.com\/fr\/la-prochaine-generation-de-charger-et-challenger-pourrait-etre-fabriquee-au-canada\/#primaryimage","url":"https:\/\/news.canadamotorjobs.com\/wp-content\/uploads\/2023\/01\/Dodge-Charger-Daytona-SRT-EV-concept-2-1.jpg","contentUrl":"https:\/\/news.canadamotorjobs.com\/wp-content\/uploads\/2023\/01\/Dodge-Charger-Daytona-SRT-EV-concept-2-1.jpg","width":2000,"height":1125},{"@type":"BreadcrumbList","@id":"https:\/\/news.canadamotorjobs.com\/fr\/la-prochaine-generation-de-charger-et-challenger-pourrait-etre-fabriquee-au-canada\/#breadcrumb","itemListElement":[{"@type":"ListItem","position":1,"name":"Home","item":"https:\/\/news.canadamotorjobs.com\/fr\/blog\/"},{"@type":"ListItem","position":2,"name":"La prochaine g\u00e9n\u00e9ration de Charger et Challenger pourrait \u00eatre fabriqu\u00e9e au Canada"}]},{"@type":"WebSite","@id":"https:\/\/news.canadamotorjobs.com\/#website","url":"https:\/\/news.canadamotorjobs.com\/","name":"CanadaMotorJobs.com","description":"Automotive Jobs","publisher":{"@id":"https:\/\/news.canadamotorjobs.com\/#organization"},"potentialAction":[{"@type":"SearchAction","target":{"@type":"EntryPoint","urlTemplate":"https:\/\/news.canadamotorjobs.com\/?s={search_term_string}"},"query-input":"required name=search_term_string"}],"inLanguage":"fr-CA"},{"@type":"Organization","@id":"https:\/\/news.canadamotorjobs.com\/#organization","name":"Canada Motor Jobs","url":"https:\/\/news.canadamotorjobs.com\/","logo":{"@type":"ImageObject","inLanguage":"fr-CA","@id":"https:\/\/news.canadamotorjobs.com\/#\/schema\/logo\/image\/","url":"https:\/\/news.canadamotorjobs.com\/wp-content\/uploads\/2022\/10\/logo-canada-motor-jobs-1.png","contentUrl":"https:\/\/news.canadamotorjobs.com\/wp-content\/uploads\/2022\/10\/logo-canada-motor-jobs-1.png","width":800,"height":400,"caption":"Canada Motor Jobs"},"image":{"@id":"https:\/\/news.canadamotorjobs.com\/#\/schema\/logo\/image\/"},"sameAs":["https:\/\/www.facebook.com\/canadamotorjobs\/","https:\/\/x.com\/canadamotorjobs","https:\/\/www.instagram.com\/canadamotorjobs\/","https:\/\/www.linkedin.com\/company\/canadamotorjobs"]},{"@type":"Person","@id":"https:\/\/news.canadamotorjobs.com\/#\/schema\/person\/51793d1f87d44011d7bcc2ed99269a90","name":"Benoit Charette","image":{"@type":"ImageObject","inLanguage":"fr-CA","@id":"https:\/\/news.canadamotorjobs.com\/#\/schema\/person\/image\/","url":"https:\/\/secure.gravatar.com\/avatar\/45f3d2eebcccd909668d7ce7ea7267b6?s=96&d=mm&r=g","contentUrl":"https:\/\/secure.gravatar.com\/avatar\/45f3d2eebcccd909668d7ce7ea7267b6?s=96&d=mm&r=g","caption":"Benoit Charette"},"description":"Benoit Charette \/ Propri\u00e9taire et r\u00e9dacteur en chef Benoit Charette pratique le journalisme automobile depuis bient\u00f4t 30 ans. Il a fait ses classes au c\u00f4t\u00e9 de Daniel H\u00e9raud et au Carnet de route de 1992 \u00e0 2001. Il est fondateur, copropri\u00e9taire et r\u00e9dacteur en chef de L\u2019Annuel de l\u2019automobile, qu\u2019il publie depuis 2001. Il a anim\u00e9 les \u00e9missions RPM et RPM+ sur V et les L\u00e9gendes de la route sur Historia. \u00c0 la radio depuis 1986, il reprend l\u2019antenne cette ann\u00e9e sur les ondes de Cogeco et participe pour la deuxi\u00e8me ann\u00e9e \u00e0 l\u2019\u00e9mission Passion Auto sur RDS en plus de mettre en ligne le site Web officiel de L\u2019Annuel de l\u2019automobile sur annuelauto.ca.","sameAs":["https:\/\/annuelauto.ca\/"],"url":"https:\/\/news.canadamotorjobs.com\/fr\/author\/benoit-charette\/"}]}},"_links":{"self":[{"href":"https:\/\/news.canadamotorjobs.com\/fr\/wp-json\/wp\/v2\/posts\/138067"}],"collection":[{"href":"https:\/\/news.canadamotorjobs.com\/fr\/wp-json\/wp\/v2\/posts"}],"about":[{"href":"https:\/\/news.canadamotorjobs.com\/fr\/wp-json\/wp\/v2\/types\/post"}],"author":[{"embeddable":true,"href":"https:\/\/news.canadamotorjobs.com\/fr\/wp-json\/wp\/v2\/users\/8"}],"replies":[{"embeddable":true,"href":"https:\/\/news.canadamotorjobs.com\/fr\/wp-json\/wp\/v2\/comments?post=138067"}],"version-history":[{"count":4,"href":"https:\/\/news.canadamotorjobs.com\/fr\/wp-json\/wp\/v2\/posts\/138067\/revisions"}],"predecessor-version":[{"id":138079,"href":"https:\/\/news.canadamotorjobs.com\/fr\/wp-json\/wp\/v2\/posts\/138067\/revisions\/138079"}],"wp:featuredmedia":[{"embeddable":true,"href":"https:\/\/news.canadamotorjobs.com\/fr\/wp-json\/wp\/v2\/media\/138071"}],"wp:attachment":[{"href":"https:\/\/news.canadamotorjobs.com\/fr\/wp-json\/wp\/v2\/media?parent=138067"}],"wp:term":[{"taxonomy":"category","embeddable":true,"href":"https:\/\/news.canadamotorjobs.com\/fr\/wp-json\/wp\/v2\/categories?post=138067"},{"taxonomy":"post_tag","embeddable":true,"href":"https:\/\/news.canadamotorjobs.com\/fr\/wp-json\/wp\/v2\/tags?post=138067"}],"curies":[{"name":"wp","href":"https:\/\/api.w.org\/{rel}","templated":true}]}}