{"id":138028,"date":"2023-01-21T08:29:37","date_gmt":"2023-01-21T13:29:37","guid":{"rendered":"https:\/\/news.canadamotorjobs.com\/shell-ajoutera-bientot-des-bornes-de-recharges-dans-ses-stations-service\/"},"modified":"2023-01-21T11:21:16","modified_gmt":"2023-01-21T16:21:16","slug":"shell-ajoutera-bientot-des-bornes-de-recharges-dans-ses-stations-service","status":"publish","type":"post","link":"https:\/\/news.canadamotorjobs.com\/fr\/shell-ajoutera-bientot-des-bornes-de-recharges-dans-ses-stations-service\/","title":{"rendered":"Shell ajoutera bient\u00f4t des bornes de recharges dans ses stations-service"},"content":{"rendered":"<p>La Multinationale Shell est sur le point de faire l\u2019acquisition de Volta, sp\u00e9cialis\u00e9e dans les r\u00e9seaux de recharge de v\u00e9hicules \u00e9lectriques. Volta a annonc\u00e9 cette semaine que Shell USA Inc. allait acqu\u00e9rir toutes les actions ordinaires de classe A en circulation de la soci\u00e9t\u00e9 de recharge de VE pour 0,86 dollar chacune en esp\u00e8ces. Shell et d&#8217;autres grandes compagnies p\u00e9troli\u00e8res sont parfaitement positionn\u00e9es pour rendre possible l&#8217;expansion d&#8217;un r\u00e9seau de recharge de V\u00c9.<\/p>\n<h3>44\u00a0000 stations dans le monde<\/h3>\n<p>Shell poss\u00e8de plus de 44\u00a0000 stations-service dans le monde. De ce nombre, on en retrouve 12\u00a0465 aux \u00c9tats-Unis et 1\u00a0300 au Canada. Shell veut profiter, comme bien d\u2019autres du virage \u00e9lectrique et dit vouloir encourager l\u2019adoption des V\u00c9 en \u00e9tendant le r\u00e9seau de recharge, diminuant du coup l\u2019angoisse de ne pas trouver une recharge lorsque nous sommes sur la route.<\/p>\n<h3>Rester en t\u00eate<\/h3>\n<p>Cette initiative de Shell signifie que les constructeurs automobiles et les g\u00e9ants de l&#8217;\u00e9nergie se pr\u00e9parent \u00e0 la grande transition vers le tout \u00e9lectrique. Alors que les consommateurs et les \u00e9lecteurs d\u00e9cideront en fin de compte de l&#8217;orientation de la politique de mobilit\u00e9, les compagnies p\u00e9troli\u00e8res feront tout ce qu&#8217;il faut pour continuer \u00e0 gagner de l&#8217;argent. \u00c0 terme, Shell pr\u00e9voit faire autant de profits avec ses bornes de recharge qu\u2019avec la vente d\u2019essence.<\/p>\n<p>Avec des renseignements de Carbuzz<\/p>\n<p>Le texte <a href=\"https:\/\/annuelauto.ca\/shell-ajoutera-bientot-des-bornes-de-recharges-dans-ses-stations-service\/\" rel=\"nofollow\">Shell ajoutera bient\u00f4t des bornes de recharges dans ses stations-service<\/a> provient de <a href=\"https:\/\/annuelauto.ca\" rel=\"nofollow\">L&#8217;annuel de l&#8217;automobile &#8211; Actualit\u00e9 automobile<\/a><\/p>\n","protected":false},"excerpt":{"rendered":"<p>La Multinationale Shell est sur le point de faire l\u2019acquisition de Volta, sp\u00e9cialis\u00e9e dans les r\u00e9seaux de recharge de v\u00e9hicules \u00e9lectriques. Volta a annonc\u00e9 cette semaine que Shell USA Inc. allait acqu\u00e9rir toutes les actions ordinaires de classe A en circulation de la soci\u00e9t\u00e9 de recharge de VE pour 0,86 dollar chacune en esp\u00e8ces. Shell [&hellip;]<\/p>\n","protected":false},"author":8,"featured_media":138032,"comment_status":"close","ping_status":"closed","sticky":false,"template":"","format":"standard","meta":{"_monsterinsights_skip_tracking":false,"_monsterinsights_sitenote_active":false,"_monsterinsights_sitenote_note":"","_monsterinsights_sitenote_category":0,"footnotes":""},"categories":[1],"tags":[],"yoast_head":"<!-- This site is optimized with the Yoast SEO plugin v23.2 - https:\/\/yoast.com\/wordpress\/plugins\/seo\/ -->\n<title>Shell ajoutera bient\u00f4t des bornes de recharges dans ses stations-service - CanadaMotorJobs.com<\/title>\n<meta name=\"description\" content=\"Shell ajoutera bient\u00f4t des bornes de recharges dans ses stations-service - Benoit Charette - News - CanadaMotorJobs.com.\" \/>\n<meta name=\"robots\" content=\"index, follow, max-snippet:-1, max-image-preview:large, max-video-preview:-1\" \/>\n<meta property=\"og:locale\" content=\"fr_CA\" \/>\n<meta property=\"og:type\" content=\"article\" \/>\n<meta property=\"og:title\" content=\"Shell ajoutera bient\u00f4t des bornes de recharges dans ses stations-service - CanadaMotorJobs.com\" \/>\n<meta property=\"og:description\" content=\"Shell ajoutera bient\u00f4t des bornes de recharges dans ses stations-service - Benoit Charette - News - CanadaMotorJobs.com.\" \/>\n<meta property=\"og:url\" content=\"https:\/\/news.canadamotorjobs.com\/fr\/shell-ajoutera-bientot-des-bornes-de-recharges-dans-ses-stations-service\/\" \/>\n<meta property=\"og:site_name\" content=\"CanadaMotorJobs.com\" \/>\n<meta property=\"article:publisher\" content=\"https:\/\/www.facebook.com\/canadamotorjobs\/\" \/>\n<meta property=\"article:published_time\" content=\"2023-01-21T13:29:37+00:00\" \/>\n<meta property=\"article:modified_time\" content=\"2023-01-21T16:21:16+00:00\" \/>\n<meta property=\"og:image\" content=\"https:\/\/news.canadamotorjobs.com\/wp-content\/uploads\/2023\/01\/2_Volta-charging-station-designed-by-KISKA_detail_Landscape-1200x683-1-1.jpg\" \/>\n\t<meta property=\"og:image:width\" content=\"1200\" \/>\n\t<meta property=\"og:image:height\" content=\"683\" \/>\n\t<meta property=\"og:image:type\" content=\"image\/jpeg\" \/>\n<meta name=\"author\" content=\"Benoit Charette\" \/>\n<meta name=\"twitter:card\" content=\"summary_large_image\" \/>\n<meta name=\"twitter:creator\" content=\"@canadamotorjobs\" \/>\n<meta name=\"twitter:site\" content=\"@canadamotorjobs\" \/>\n<meta name=\"twitter:label1\" content=\"\u00c9crit par\" \/>\n\t<meta name=\"twitter:data1\" content=\"Benoit Charette\" \/>\n\t<meta name=\"twitter:label2\" content=\"Estimation du temps de lecture\" \/>\n\t<meta name=\"twitter:data2\" content=\"2 minutes\" \/>\n<!-- \/ Yoast SEO plugin. -->","yoast_head_json":{"title":"Shell ajoutera bient\u00f4t des bornes de recharges dans ses stations-service - CanadaMotorJobs.com","description":"Shell ajoutera bient\u00f4t des bornes de recharges dans ses stations-service - Benoit Charette - News - CanadaMotorJobs.com.","robots":{"index":"index","follow":"follow","max-snippet":"max-snippet:-1","max-image-preview":"max-image-preview:large","max-video-preview":"max-video-preview:-1"},"og_locale":"fr_CA","og_type":"article","og_title":"Shell ajoutera bient\u00f4t des bornes de recharges dans ses stations-service - CanadaMotorJobs.com","og_description":"Shell ajoutera bient\u00f4t des bornes de recharges dans ses stations-service - Benoit Charette - News - CanadaMotorJobs.com.","og_url":"https:\/\/news.canadamotorjobs.com\/fr\/shell-ajoutera-bientot-des-bornes-de-recharges-dans-ses-stations-service\/","og_site_name":"CanadaMotorJobs.com","article_publisher":"https:\/\/www.facebook.com\/canadamotorjobs\/","article_published_time":"2023-01-21T13:29:37+00:00","article_modified_time":"2023-01-21T16:21:16+00:00","og_image":[{"width":1200,"height":683,"url":"https:\/\/news.canadamotorjobs.com\/wp-content\/uploads\/2023\/01\/2_Volta-charging-station-designed-by-KISKA_detail_Landscape-1200x683-1-1.jpg","type":"image\/jpeg"}],"author":"Benoit Charette","twitter_card":"summary_large_image","twitter_creator":"@canadamotorjobs","twitter_site":"@canadamotorjobs","twitter_misc":{"\u00c9crit par":"Benoit Charette","Estimation du temps de lecture":"2 minutes"},"schema":{"@context":"https:\/\/schema.org","@graph":[{"@type":"Article","@id":"https:\/\/news.canadamotorjobs.com\/fr\/shell-ajoutera-bientot-des-bornes-de-recharges-dans-ses-stations-service\/#article","isPartOf":{"@id":"https:\/\/news.canadamotorjobs.com\/fr\/shell-ajoutera-bientot-des-bornes-de-recharges-dans-ses-stations-service\/"},"author":{"name":"Benoit Charette","@id":"https:\/\/news.canadamotorjobs.com\/#\/schema\/person\/51793d1f87d44011d7bcc2ed99269a90"},"headline":"Shell ajoutera bient\u00f4t des bornes de recharges dans ses stations-service","datePublished":"2023-01-21T13:29:37+00:00","dateModified":"2023-01-21T16:21:16+00:00","mainEntityOfPage":{"@id":"https:\/\/news.canadamotorjobs.com\/fr\/shell-ajoutera-bientot-des-bornes-de-recharges-dans-ses-stations-service\/"},"wordCount":279,"publisher":{"@id":"https:\/\/news.canadamotorjobs.com\/#organization"},"image":{"@id":"https:\/\/news.canadamotorjobs.com\/fr\/shell-ajoutera-bientot-des-bornes-de-recharges-dans-ses-stations-service\/#primaryimage"},"thumbnailUrl":"https:\/\/news.canadamotorjobs.com\/wp-content\/uploads\/2023\/01\/2_Volta-charging-station-designed-by-KISKA_detail_Landscape-1200x683-1-1.jpg","articleSection":["News"],"inLanguage":"fr-CA"},{"@type":"WebPage","@id":"https:\/\/news.canadamotorjobs.com\/fr\/shell-ajoutera-bientot-des-bornes-de-recharges-dans-ses-stations-service\/","url":"https:\/\/news.canadamotorjobs.com\/fr\/shell-ajoutera-bientot-des-bornes-de-recharges-dans-ses-stations-service\/","name":"Shell ajoutera bient\u00f4t des bornes de recharges dans ses stations-service - CanadaMotorJobs.com","isPartOf":{"@id":"https:\/\/news.canadamotorjobs.com\/#website"},"primaryImageOfPage":{"@id":"https:\/\/news.canadamotorjobs.com\/fr\/shell-ajoutera-bientot-des-bornes-de-recharges-dans-ses-stations-service\/#primaryimage"},"image":{"@id":"https:\/\/news.canadamotorjobs.com\/fr\/shell-ajoutera-bientot-des-bornes-de-recharges-dans-ses-stations-service\/#primaryimage"},"thumbnailUrl":"https:\/\/news.canadamotorjobs.com\/wp-content\/uploads\/2023\/01\/2_Volta-charging-station-designed-by-KISKA_detail_Landscape-1200x683-1-1.jpg","datePublished":"2023-01-21T13:29:37+00:00","dateModified":"2023-01-21T16:21:16+00:00","description":"Shell ajoutera bient\u00f4t des bornes de recharges dans ses stations-service - Benoit Charette - News - CanadaMotorJobs.com.","breadcrumb":{"@id":"https:\/\/news.canadamotorjobs.com\/fr\/shell-ajoutera-bientot-des-bornes-de-recharges-dans-ses-stations-service\/#breadcrumb"},"inLanguage":"fr-CA","potentialAction":[{"@type":"ReadAction","target":["https:\/\/news.canadamotorjobs.com\/fr\/shell-ajoutera-bientot-des-bornes-de-recharges-dans-ses-stations-service\/"]}]},{"@type":"ImageObject","inLanguage":"fr-CA","@id":"https:\/\/news.canadamotorjobs.com\/fr\/shell-ajoutera-bientot-des-bornes-de-recharges-dans-ses-stations-service\/#primaryimage","url":"https:\/\/news.canadamotorjobs.com\/wp-content\/uploads\/2023\/01\/2_Volta-charging-station-designed-by-KISKA_detail_Landscape-1200x683-1-1.jpg","contentUrl":"https:\/\/news.canadamotorjobs.com\/wp-content\/uploads\/2023\/01\/2_Volta-charging-station-designed-by-KISKA_detail_Landscape-1200x683-1-1.jpg","width":1200,"height":683},{"@type":"BreadcrumbList","@id":"https:\/\/news.canadamotorjobs.com\/fr\/shell-ajoutera-bientot-des-bornes-de-recharges-dans-ses-stations-service\/#breadcrumb","itemListElement":[{"@type":"ListItem","position":1,"name":"Home","item":"https:\/\/news.canadamotorjobs.com\/fr\/blog\/"},{"@type":"ListItem","position":2,"name":"Shell ajoutera bient\u00f4t des bornes de recharges dans ses stations-service"}]},{"@type":"WebSite","@id":"https:\/\/news.canadamotorjobs.com\/#website","url":"https:\/\/news.canadamotorjobs.com\/","name":"CanadaMotorJobs.com","description":"Automotive Jobs","publisher":{"@id":"https:\/\/news.canadamotorjobs.com\/#organization"},"potentialAction":[{"@type":"SearchAction","target":{"@type":"EntryPoint","urlTemplate":"https:\/\/news.canadamotorjobs.com\/?s={search_term_string}"},"query-input":"required name=search_term_string"}],"inLanguage":"fr-CA"},{"@type":"Organization","@id":"https:\/\/news.canadamotorjobs.com\/#organization","name":"Canada Motor Jobs","url":"https:\/\/news.canadamotorjobs.com\/","logo":{"@type":"ImageObject","inLanguage":"fr-CA","@id":"https:\/\/news.canadamotorjobs.com\/#\/schema\/logo\/image\/","url":"https:\/\/news.canadamotorjobs.com\/wp-content\/uploads\/2022\/10\/logo-canada-motor-jobs-1.png","contentUrl":"https:\/\/news.canadamotorjobs.com\/wp-content\/uploads\/2022\/10\/logo-canada-motor-jobs-1.png","width":800,"height":400,"caption":"Canada Motor Jobs"},"image":{"@id":"https:\/\/news.canadamotorjobs.com\/#\/schema\/logo\/image\/"},"sameAs":["https:\/\/www.facebook.com\/canadamotorjobs\/","https:\/\/x.com\/canadamotorjobs","https:\/\/www.instagram.com\/canadamotorjobs\/","https:\/\/www.linkedin.com\/company\/canadamotorjobs"]},{"@type":"Person","@id":"https:\/\/news.canadamotorjobs.com\/#\/schema\/person\/51793d1f87d44011d7bcc2ed99269a90","name":"Benoit Charette","image":{"@type":"ImageObject","inLanguage":"fr-CA","@id":"https:\/\/news.canadamotorjobs.com\/#\/schema\/person\/image\/","url":"https:\/\/secure.gravatar.com\/avatar\/45f3d2eebcccd909668d7ce7ea7267b6?s=96&d=mm&r=g","contentUrl":"https:\/\/secure.gravatar.com\/avatar\/45f3d2eebcccd909668d7ce7ea7267b6?s=96&d=mm&r=g","caption":"Benoit Charette"},"description":"Benoit Charette \/ Propri\u00e9taire et r\u00e9dacteur en chef Benoit Charette pratique le journalisme automobile depuis bient\u00f4t 30 ans. Il a fait ses classes au c\u00f4t\u00e9 de Daniel H\u00e9raud et au Carnet de route de 1992 \u00e0 2001. Il est fondateur, copropri\u00e9taire et r\u00e9dacteur en chef de L\u2019Annuel de l\u2019automobile, qu\u2019il publie depuis 2001. Il a anim\u00e9 les \u00e9missions RPM et RPM+ sur V et les L\u00e9gendes de la route sur Historia. \u00c0 la radio depuis 1986, il reprend l\u2019antenne cette ann\u00e9e sur les ondes de Cogeco et participe pour la deuxi\u00e8me ann\u00e9e \u00e0 l\u2019\u00e9mission Passion Auto sur RDS en plus de mettre en ligne le site Web officiel de L\u2019Annuel de l\u2019automobile sur annuelauto.ca.","sameAs":["https:\/\/annuelauto.ca\/"],"url":"https:\/\/news.canadamotorjobs.com\/fr\/author\/benoit-charette\/"}]}},"_links":{"self":[{"href":"https:\/\/news.canadamotorjobs.com\/fr\/wp-json\/wp\/v2\/posts\/138028"}],"collection":[{"href":"https:\/\/news.canadamotorjobs.com\/fr\/wp-json\/wp\/v2\/posts"}],"about":[{"href":"https:\/\/news.canadamotorjobs.com\/fr\/wp-json\/wp\/v2\/types\/post"}],"author":[{"embeddable":true,"href":"https:\/\/news.canadamotorjobs.com\/fr\/wp-json\/wp\/v2\/users\/8"}],"replies":[{"embeddable":true,"href":"https:\/\/news.canadamotorjobs.com\/fr\/wp-json\/wp\/v2\/comments?post=138028"}],"version-history":[{"count":4,"href":"https:\/\/news.canadamotorjobs.com\/fr\/wp-json\/wp\/v2\/posts\/138028\/revisions"}],"predecessor-version":[{"id":138038,"href":"https:\/\/news.canadamotorjobs.com\/fr\/wp-json\/wp\/v2\/posts\/138028\/revisions\/138038"}],"wp:featuredmedia":[{"embeddable":true,"href":"https:\/\/news.canadamotorjobs.com\/fr\/wp-json\/wp\/v2\/media\/138032"}],"wp:attachment":[{"href":"https:\/\/news.canadamotorjobs.com\/fr\/wp-json\/wp\/v2\/media?parent=138028"}],"wp:term":[{"taxonomy":"category","embeddable":true,"href":"https:\/\/news.canadamotorjobs.com\/fr\/wp-json\/wp\/v2\/categories?post=138028"},{"taxonomy":"post_tag","embeddable":true,"href":"https:\/\/news.canadamotorjobs.com\/fr\/wp-json\/wp\/v2\/tags?post=138028"}],"curies":[{"name":"wp","href":"https:\/\/api.w.org\/{rel}","templated":true}]}}