{"id":138012,"date":"2023-01-20T07:36:41","date_gmt":"2023-01-20T12:36:41","guid":{"rendered":"https:\/\/news.canadamotorjobs.com\/volvo-pourrait-offrir-une-fourgonnette-electrique-en-2023\/"},"modified":"2023-01-20T07:46:17","modified_gmt":"2023-01-20T12:46:17","slug":"volvo-pourrait-offrir-une-fourgonnette-electrique-en-2023","status":"publish","type":"post","link":"https:\/\/news.canadamotorjobs.com\/fr\/volvo-pourrait-offrir-une-fourgonnette-electrique-en-2023\/","title":{"rendered":"Volvo pourrait offrir une fourgonnette \u00e9lectrique en 2023"},"content":{"rendered":"<\/p>\n<p>Volvo est en r\u00e9flexion et pourrait offrir une fourgonnette \u00e9lectrique de luxe en 2023, rapporte le CarNewsChina, sugg\u00e9rant des plans possibles pour l&#8217;utilisation d&#8217;un autre mod\u00e8le sous l&#8217;\u00e9gide de Geely pour cet effort.<br \/> Une premi\u00e8re dans ce segment<br \/> Pour toutes les familles qui recherchent des mod\u00e8les \u00e9lectriques sept places, Volvo aura peut-\u00eatre une solution. Geely mettrait \u00e0 contribution le Zeekr 009, d\u00e9voil\u00e9 \u00e0 la fin de l&#8217;ann\u00e9e 2022, qui pourrait servir de base au mod\u00e8le Volvo, offrant une autonomie de pr\u00e8s de 800\u00a0km gr\u00e2ce \u00e0 une batterie de 140\u00a0kWh. Ce v\u00e9hicule serait d\u2019abord destin\u00e9 au march\u00e9 chinois ou les fourgonnettes sont tr\u00e8s populaires. Reste ensuite \u00e0 savoir si d\u2019autres march\u00e9s s\u2019ajouteraient.<br \/> Un premier mod\u00e8le du genre pour Volvo<br \/> Volvo n\u2019a jamais construit de fourgonnette, mais conna\u00eet beaucoup de succ\u00e8s en Chine et va trouver une nouvelle client\u00e8le avec ce genre de v\u00e9hicule. CarNewsChina rapporte que le constructeur, qui fait partie du groupe de marques en constante expansion de Geely, pr\u00e9voit un tel mod\u00e8le, et qu&#8217;il sera \u00e9lectrique.<\/p>\n<p> La publication a r\u00e9v\u00e9l\u00e9 une capture d&#8217;\u00e9cran d&#8217;une diapositive de planification de produit, qui proviendrait d&#8217;un point de presse tenu en Chine par le pr\u00e9sident de Volvo Cars Greater China Sales Company, Qin Peiji.<\/p>\n<p> Avec des renseignements d\u2019Autoweek<\/p>\n<p>Le texte <a rel=\"nofollow\" href=\"https:\/\/annuelauto.ca\/volvo-pourrait-offrir-une-fourgonnette-electrique-en-2023\/\">Volvo pourrait offrir une fourgonnette \u00e9lectrique en 2023<\/a> provient de <a rel=\"nofollow\" href=\"https:\/\/annuelauto.ca\">L&#039;annuel de l&#039;automobile &#8211; Actualit\u00e9 automobile<\/a><\/p>\n<p> <\/p>\n","protected":false},"excerpt":{"rendered":"<p>Volvo est en r\u00e9flexion et pourrait offrir une fourgonnette \u00e9lectrique de luxe en 2023, rapporte le CarNewsChina, sugg\u00e9rant des plans possibles pour l&#8217;utilisation d&#8217;un autre mod\u00e8le sous l&#8217;\u00e9gide de Geely pour cet effort. Une premi\u00e8re dans ce segment Pour toutes les familles qui recherchent des mod\u00e8les \u00e9lectriques sept places, Volvo aura peut-\u00eatre une solution. Geely [&hellip;]<\/p>\n","protected":false},"author":8,"featured_media":138016,"comment_status":"close","ping_status":"closed","sticky":false,"template":"","format":"standard","meta":{"_monsterinsights_skip_tracking":false,"_monsterinsights_sitenote_active":false,"_monsterinsights_sitenote_note":"","_monsterinsights_sitenote_category":0,"footnotes":""},"categories":[1],"tags":[],"yoast_head":"<!-- This site is optimized with the Yoast SEO plugin v23.2 - https:\/\/yoast.com\/wordpress\/plugins\/seo\/ -->\n<title>Volvo pourrait offrir une fourgonnette \u00e9lectrique en 2023 - CanadaMotorJobs.com<\/title>\n<meta name=\"description\" content=\"Volvo pourrait offrir une fourgonnette \u00e9lectrique en 2023 - Benoit Charette - News - CanadaMotorJobs.com.\" \/>\n<meta name=\"robots\" content=\"index, follow, max-snippet:-1, max-image-preview:large, max-video-preview:-1\" \/>\n<meta property=\"og:locale\" content=\"fr_CA\" \/>\n<meta property=\"og:type\" content=\"article\" \/>\n<meta property=\"og:title\" content=\"Volvo pourrait offrir une fourgonnette \u00e9lectrique en 2023 - CanadaMotorJobs.com\" \/>\n<meta property=\"og:description\" content=\"Volvo pourrait offrir une fourgonnette \u00e9lectrique en 2023 - Benoit Charette - News - CanadaMotorJobs.com.\" \/>\n<meta property=\"og:url\" content=\"https:\/\/news.canadamotorjobs.com\/fr\/volvo-pourrait-offrir-une-fourgonnette-electrique-en-2023\/\" \/>\n<meta property=\"og:site_name\" content=\"CanadaMotorJobs.com\" \/>\n<meta property=\"article:publisher\" content=\"https:\/\/www.facebook.com\/canadamotorjobs\/\" \/>\n<meta property=\"article:published_time\" content=\"2023-01-20T12:36:41+00:00\" \/>\n<meta property=\"article:modified_time\" content=\"2023-01-20T12:46:17+00:00\" \/>\n<meta property=\"og:image\" content=\"https:\/\/news.canadamotorjobs.com\/wp-content\/uploads\/2023\/01\/2023-zeekr-009-1.jpg\" \/>\n\t<meta property=\"og:image:width\" content=\"1280\" \/>\n\t<meta property=\"og:image:height\" content=\"720\" \/>\n\t<meta property=\"og:image:type\" content=\"image\/jpeg\" \/>\n<meta name=\"author\" content=\"Benoit Charette\" \/>\n<meta name=\"twitter:card\" content=\"summary_large_image\" \/>\n<meta name=\"twitter:creator\" content=\"@canadamotorjobs\" \/>\n<meta name=\"twitter:site\" content=\"@canadamotorjobs\" \/>\n<meta name=\"twitter:label1\" content=\"\u00c9crit par\" \/>\n\t<meta name=\"twitter:data1\" content=\"Benoit Charette\" \/>\n\t<meta name=\"twitter:label2\" content=\"Estimation du temps de lecture\" \/>\n\t<meta name=\"twitter:data2\" content=\"1 minute\" \/>\n<!-- \/ Yoast SEO plugin. -->","yoast_head_json":{"title":"Volvo pourrait offrir une fourgonnette \u00e9lectrique en 2023 - CanadaMotorJobs.com","description":"Volvo pourrait offrir une fourgonnette \u00e9lectrique en 2023 - Benoit Charette - News - CanadaMotorJobs.com.","robots":{"index":"index","follow":"follow","max-snippet":"max-snippet:-1","max-image-preview":"max-image-preview:large","max-video-preview":"max-video-preview:-1"},"og_locale":"fr_CA","og_type":"article","og_title":"Volvo pourrait offrir une fourgonnette \u00e9lectrique en 2023 - CanadaMotorJobs.com","og_description":"Volvo pourrait offrir une fourgonnette \u00e9lectrique en 2023 - Benoit Charette - News - CanadaMotorJobs.com.","og_url":"https:\/\/news.canadamotorjobs.com\/fr\/volvo-pourrait-offrir-une-fourgonnette-electrique-en-2023\/","og_site_name":"CanadaMotorJobs.com","article_publisher":"https:\/\/www.facebook.com\/canadamotorjobs\/","article_published_time":"2023-01-20T12:36:41+00:00","article_modified_time":"2023-01-20T12:46:17+00:00","og_image":[{"width":1280,"height":720,"url":"https:\/\/news.canadamotorjobs.com\/wp-content\/uploads\/2023\/01\/2023-zeekr-009-1.jpg","type":"image\/jpeg"}],"author":"Benoit Charette","twitter_card":"summary_large_image","twitter_creator":"@canadamotorjobs","twitter_site":"@canadamotorjobs","twitter_misc":{"\u00c9crit par":"Benoit Charette","Estimation du temps de lecture":"1 minute"},"schema":{"@context":"https:\/\/schema.org","@graph":[{"@type":"Article","@id":"https:\/\/news.canadamotorjobs.com\/fr\/volvo-pourrait-offrir-une-fourgonnette-electrique-en-2023\/#article","isPartOf":{"@id":"https:\/\/news.canadamotorjobs.com\/fr\/volvo-pourrait-offrir-une-fourgonnette-electrique-en-2023\/"},"author":{"name":"Benoit Charette","@id":"https:\/\/news.canadamotorjobs.com\/#\/schema\/person\/51793d1f87d44011d7bcc2ed99269a90"},"headline":"Volvo pourrait offrir une fourgonnette \u00e9lectrique en 2023","datePublished":"2023-01-20T12:36:41+00:00","dateModified":"2023-01-20T12:46:17+00:00","mainEntityOfPage":{"@id":"https:\/\/news.canadamotorjobs.com\/fr\/volvo-pourrait-offrir-une-fourgonnette-electrique-en-2023\/"},"wordCount":260,"publisher":{"@id":"https:\/\/news.canadamotorjobs.com\/#organization"},"image":{"@id":"https:\/\/news.canadamotorjobs.com\/fr\/volvo-pourrait-offrir-une-fourgonnette-electrique-en-2023\/#primaryimage"},"thumbnailUrl":"https:\/\/news.canadamotorjobs.com\/wp-content\/uploads\/2023\/01\/2023-zeekr-009-1.jpg","articleSection":["News"],"inLanguage":"fr-CA"},{"@type":"WebPage","@id":"https:\/\/news.canadamotorjobs.com\/fr\/volvo-pourrait-offrir-une-fourgonnette-electrique-en-2023\/","url":"https:\/\/news.canadamotorjobs.com\/fr\/volvo-pourrait-offrir-une-fourgonnette-electrique-en-2023\/","name":"Volvo pourrait offrir une fourgonnette \u00e9lectrique en 2023 - CanadaMotorJobs.com","isPartOf":{"@id":"https:\/\/news.canadamotorjobs.com\/#website"},"primaryImageOfPage":{"@id":"https:\/\/news.canadamotorjobs.com\/fr\/volvo-pourrait-offrir-une-fourgonnette-electrique-en-2023\/#primaryimage"},"image":{"@id":"https:\/\/news.canadamotorjobs.com\/fr\/volvo-pourrait-offrir-une-fourgonnette-electrique-en-2023\/#primaryimage"},"thumbnailUrl":"https:\/\/news.canadamotorjobs.com\/wp-content\/uploads\/2023\/01\/2023-zeekr-009-1.jpg","datePublished":"2023-01-20T12:36:41+00:00","dateModified":"2023-01-20T12:46:17+00:00","description":"Volvo pourrait offrir une fourgonnette \u00e9lectrique en 2023 - Benoit Charette - News - CanadaMotorJobs.com.","breadcrumb":{"@id":"https:\/\/news.canadamotorjobs.com\/fr\/volvo-pourrait-offrir-une-fourgonnette-electrique-en-2023\/#breadcrumb"},"inLanguage":"fr-CA","potentialAction":[{"@type":"ReadAction","target":["https:\/\/news.canadamotorjobs.com\/fr\/volvo-pourrait-offrir-une-fourgonnette-electrique-en-2023\/"]}]},{"@type":"ImageObject","inLanguage":"fr-CA","@id":"https:\/\/news.canadamotorjobs.com\/fr\/volvo-pourrait-offrir-une-fourgonnette-electrique-en-2023\/#primaryimage","url":"https:\/\/news.canadamotorjobs.com\/wp-content\/uploads\/2023\/01\/2023-zeekr-009-1.jpg","contentUrl":"https:\/\/news.canadamotorjobs.com\/wp-content\/uploads\/2023\/01\/2023-zeekr-009-1.jpg","width":1280,"height":720},{"@type":"BreadcrumbList","@id":"https:\/\/news.canadamotorjobs.com\/fr\/volvo-pourrait-offrir-une-fourgonnette-electrique-en-2023\/#breadcrumb","itemListElement":[{"@type":"ListItem","position":1,"name":"Home","item":"https:\/\/news.canadamotorjobs.com\/fr\/blog\/"},{"@type":"ListItem","position":2,"name":"Volvo pourrait offrir une fourgonnette \u00e9lectrique en 2023"}]},{"@type":"WebSite","@id":"https:\/\/news.canadamotorjobs.com\/#website","url":"https:\/\/news.canadamotorjobs.com\/","name":"CanadaMotorJobs.com","description":"Automotive Jobs","publisher":{"@id":"https:\/\/news.canadamotorjobs.com\/#organization"},"potentialAction":[{"@type":"SearchAction","target":{"@type":"EntryPoint","urlTemplate":"https:\/\/news.canadamotorjobs.com\/?s={search_term_string}"},"query-input":"required name=search_term_string"}],"inLanguage":"fr-CA"},{"@type":"Organization","@id":"https:\/\/news.canadamotorjobs.com\/#organization","name":"Canada Motor Jobs","url":"https:\/\/news.canadamotorjobs.com\/","logo":{"@type":"ImageObject","inLanguage":"fr-CA","@id":"https:\/\/news.canadamotorjobs.com\/#\/schema\/logo\/image\/","url":"https:\/\/news.canadamotorjobs.com\/wp-content\/uploads\/2022\/10\/logo-canada-motor-jobs-1.png","contentUrl":"https:\/\/news.canadamotorjobs.com\/wp-content\/uploads\/2022\/10\/logo-canada-motor-jobs-1.png","width":800,"height":400,"caption":"Canada Motor Jobs"},"image":{"@id":"https:\/\/news.canadamotorjobs.com\/#\/schema\/logo\/image\/"},"sameAs":["https:\/\/www.facebook.com\/canadamotorjobs\/","https:\/\/x.com\/canadamotorjobs","https:\/\/www.instagram.com\/canadamotorjobs\/","https:\/\/www.linkedin.com\/company\/canadamotorjobs"]},{"@type":"Person","@id":"https:\/\/news.canadamotorjobs.com\/#\/schema\/person\/51793d1f87d44011d7bcc2ed99269a90","name":"Benoit Charette","image":{"@type":"ImageObject","inLanguage":"fr-CA","@id":"https:\/\/news.canadamotorjobs.com\/#\/schema\/person\/image\/","url":"https:\/\/secure.gravatar.com\/avatar\/45f3d2eebcccd909668d7ce7ea7267b6?s=96&d=mm&r=g","contentUrl":"https:\/\/secure.gravatar.com\/avatar\/45f3d2eebcccd909668d7ce7ea7267b6?s=96&d=mm&r=g","caption":"Benoit Charette"},"description":"Benoit Charette \/ Propri\u00e9taire et r\u00e9dacteur en chef Benoit Charette pratique le journalisme automobile depuis bient\u00f4t 30 ans. Il a fait ses classes au c\u00f4t\u00e9 de Daniel H\u00e9raud et au Carnet de route de 1992 \u00e0 2001. Il est fondateur, copropri\u00e9taire et r\u00e9dacteur en chef de L\u2019Annuel de l\u2019automobile, qu\u2019il publie depuis 2001. Il a anim\u00e9 les \u00e9missions RPM et RPM+ sur V et les L\u00e9gendes de la route sur Historia. \u00c0 la radio depuis 1986, il reprend l\u2019antenne cette ann\u00e9e sur les ondes de Cogeco et participe pour la deuxi\u00e8me ann\u00e9e \u00e0 l\u2019\u00e9mission Passion Auto sur RDS en plus de mettre en ligne le site Web officiel de L\u2019Annuel de l\u2019automobile sur annuelauto.ca.","sameAs":["https:\/\/annuelauto.ca\/"],"url":"https:\/\/news.canadamotorjobs.com\/fr\/author\/benoit-charette\/"}]}},"_links":{"self":[{"href":"https:\/\/news.canadamotorjobs.com\/fr\/wp-json\/wp\/v2\/posts\/138012"}],"collection":[{"href":"https:\/\/news.canadamotorjobs.com\/fr\/wp-json\/wp\/v2\/posts"}],"about":[{"href":"https:\/\/news.canadamotorjobs.com\/fr\/wp-json\/wp\/v2\/types\/post"}],"author":[{"embeddable":true,"href":"https:\/\/news.canadamotorjobs.com\/fr\/wp-json\/wp\/v2\/users\/8"}],"replies":[{"embeddable":true,"href":"https:\/\/news.canadamotorjobs.com\/fr\/wp-json\/wp\/v2\/comments?post=138012"}],"version-history":[{"count":3,"href":"https:\/\/news.canadamotorjobs.com\/fr\/wp-json\/wp\/v2\/posts\/138012\/revisions"}],"predecessor-version":[{"id":138019,"href":"https:\/\/news.canadamotorjobs.com\/fr\/wp-json\/wp\/v2\/posts\/138012\/revisions\/138019"}],"wp:featuredmedia":[{"embeddable":true,"href":"https:\/\/news.canadamotorjobs.com\/fr\/wp-json\/wp\/v2\/media\/138016"}],"wp:attachment":[{"href":"https:\/\/news.canadamotorjobs.com\/fr\/wp-json\/wp\/v2\/media?parent=138012"}],"wp:term":[{"taxonomy":"category","embeddable":true,"href":"https:\/\/news.canadamotorjobs.com\/fr\/wp-json\/wp\/v2\/categories?post=138012"},{"taxonomy":"post_tag","embeddable":true,"href":"https:\/\/news.canadamotorjobs.com\/fr\/wp-json\/wp\/v2\/tags?post=138012"}],"curies":[{"name":"wp","href":"https:\/\/api.w.org\/{rel}","templated":true}]}}