{"id":138004,"date":"2023-01-20T07:06:18","date_gmt":"2023-01-20T12:06:18","guid":{"rendered":"https:\/\/news.canadamotorjobs.com\/toyota-et-volkswagen-pensent-que-la-penurie-de-semi-conducteurs-sattenuera-en-2023\/"},"modified":"2023-01-20T07:14:28","modified_gmt":"2023-01-20T12:14:28","slug":"toyota-et-volkswagen-pensent-que-la-penurie-de-semi-conducteurs-sattenuera-en-2023","status":"publish","type":"post","link":"https:\/\/news.canadamotorjobs.com\/fr\/toyota-et-volkswagen-pensent-que-la-penurie-de-semi-conducteurs-sattenuera-en-2023\/","title":{"rendered":"Toyota et Volkswagen pensent que la p\u00e9nurie de semi-conducteurs s\u2019att\u00e9nuera en 2023"},"content":{"rendered":"<\/p>\n<p>Le ralentissement \u00e9conomique qui nous vivons \u00e0 l\u2019heure actuelle offre certains avantages. Les gens ach\u00e8tent moins d&#8217;appareils \u00e9lectroniques, de sorte que les puces sont plus disponibles pour les constructeurs automobiles.<br \/> Un retour \u00e0 la normale chez Toyota<br \/> Toyota pr\u00e9voit de construire 10,6 millions de v\u00e9hicules cette ann\u00e9e, soit plus qu&#8217;en 2019. Volkswagen pense que le march\u00e9 chinois conna\u00eetra une croissance de 4 \u00e0 5\u00a0% en 2023. Apr\u00e8s deux ann\u00e9es de p\u00e9nurie de semi-conducteurs provoqu\u00e9e par une pand\u00e9mie qui a affect\u00e9 la production de v\u00e9hicules dans le monde entier, les constructeurs automobiles pensent que 2023 pourrait voir un retour \u00e0 la normale.<br \/> Un retour progressif \u00e0 la normale en automobile<br \/> Avec la fr\u00e9n\u00e9sie de consommation qui va un peu ralentir, la demande pour beaucoup de biens va diminuer et les fournisseurs auront le temps d&#8217;augmenter leur taux de production, ce qui signifie que davantage de puces \u00e9lectroniques et de semi-conducteurs sont d\u00e9sormais disponibles pour les constructeurs automobiles.<\/p>\n<p> Un retour \u00e0 une production normale signifie que les prix des v\u00e9hicules neufs devraient baisser et que les acheteurs n&#8217;auront pas \u00e0 attendre des mois avant de pouvoir en prendre livraison.<\/p>\n<p> Avec des renseignements de Motor illustrated<\/p>\n<p>Le texte <a rel=\"nofollow\" href=\"https:\/\/annuelauto.ca\/toyota-et-volkswagen-pensent-que-la-penurie-de-semi-conducteurs-sattenuera-en-2023\/\">Toyota et Volkswagen pensent que la p\u00e9nurie de semi-conducteurs s&rsquo;att\u00e9nuera en 2023<\/a> provient de <a rel=\"nofollow\" href=\"https:\/\/annuelauto.ca\">L&#039;annuel de l&#039;automobile &#8211; Actualit\u00e9 automobile<\/a><\/p>\n<p> <\/p>\n","protected":false},"excerpt":{"rendered":"<p>Le ralentissement \u00e9conomique qui nous vivons \u00e0 l\u2019heure actuelle offre certains avantages. Les gens ach\u00e8tent moins d&#8217;appareils \u00e9lectroniques, de sorte que les puces sont plus disponibles pour les constructeurs automobiles. Un retour \u00e0 la normale chez Toyota Toyota pr\u00e9voit de construire 10,6 millions de v\u00e9hicules cette ann\u00e9e, soit plus qu&#8217;en 2019. Volkswagen pense que le [&hellip;]<\/p>\n","protected":false},"author":8,"featured_media":138008,"comment_status":"close","ping_status":"closed","sticky":false,"template":"","format":"standard","meta":{"_monsterinsights_skip_tracking":false,"_monsterinsights_sitenote_active":false,"_monsterinsights_sitenote_note":"","_monsterinsights_sitenote_category":0,"footnotes":""},"categories":[1],"tags":[],"yoast_head":"<!-- This site is optimized with the Yoast SEO plugin v23.2 - https:\/\/yoast.com\/wordpress\/plugins\/seo\/ -->\n<title>Toyota et Volkswagen pensent que la p\u00e9nurie de semi-conducteurs s\u2019att\u00e9nuera en 2023 - CanadaMotorJobs.com<\/title>\n<meta name=\"description\" content=\"Toyota et Volkswagen pensent que la p\u00e9nurie de semi-conducteurs s\u2019att\u00e9nuera en 2023 - Benoit Charette - News - CanadaMotorJobs.com.\" \/>\n<meta name=\"robots\" content=\"index, follow, max-snippet:-1, max-image-preview:large, max-video-preview:-1\" \/>\n<meta property=\"og:locale\" content=\"fr_CA\" \/>\n<meta property=\"og:type\" content=\"article\" \/>\n<meta property=\"og:title\" content=\"Toyota et Volkswagen pensent que la p\u00e9nurie de semi-conducteurs s\u2019att\u00e9nuera en 2023 - CanadaMotorJobs.com\" \/>\n<meta property=\"og:description\" content=\"Toyota et Volkswagen pensent que la p\u00e9nurie de semi-conducteurs s\u2019att\u00e9nuera en 2023 - Benoit Charette - News - CanadaMotorJobs.com.\" \/>\n<meta property=\"og:url\" content=\"https:\/\/news.canadamotorjobs.com\/fr\/toyota-et-volkswagen-pensent-que-la-penurie-de-semi-conducteurs-sattenuera-en-2023\/\" \/>\n<meta property=\"og:site_name\" content=\"CanadaMotorJobs.com\" \/>\n<meta property=\"article:publisher\" content=\"https:\/\/www.facebook.com\/canadamotorjobs\/\" \/>\n<meta property=\"article:published_time\" content=\"2023-01-20T12:06:18+00:00\" \/>\n<meta property=\"article:modified_time\" content=\"2023-01-20T12:14:28+00:00\" \/>\n<meta property=\"og:image\" content=\"https:\/\/news.canadamotorjobs.com\/wp-content\/uploads\/2023\/01\/4767419-1.jpg\" \/>\n\t<meta property=\"og:image:width\" content=\"1200\" \/>\n\t<meta property=\"og:image:height\" content=\"627\" \/>\n\t<meta property=\"og:image:type\" content=\"image\/jpeg\" \/>\n<meta name=\"author\" content=\"Benoit Charette\" \/>\n<meta name=\"twitter:card\" content=\"summary_large_image\" \/>\n<meta name=\"twitter:creator\" content=\"@canadamotorjobs\" \/>\n<meta name=\"twitter:site\" content=\"@canadamotorjobs\" \/>\n<meta name=\"twitter:label1\" content=\"\u00c9crit par\" \/>\n\t<meta name=\"twitter:data1\" content=\"Benoit Charette\" \/>\n\t<meta name=\"twitter:label2\" content=\"Estimation du temps de lecture\" \/>\n\t<meta name=\"twitter:data2\" content=\"1 minute\" \/>\n<!-- \/ Yoast SEO plugin. -->","yoast_head_json":{"title":"Toyota et Volkswagen pensent que la p\u00e9nurie de semi-conducteurs s\u2019att\u00e9nuera en 2023 - CanadaMotorJobs.com","description":"Toyota et Volkswagen pensent que la p\u00e9nurie de semi-conducteurs s\u2019att\u00e9nuera en 2023 - Benoit Charette - News - CanadaMotorJobs.com.","robots":{"index":"index","follow":"follow","max-snippet":"max-snippet:-1","max-image-preview":"max-image-preview:large","max-video-preview":"max-video-preview:-1"},"og_locale":"fr_CA","og_type":"article","og_title":"Toyota et Volkswagen pensent que la p\u00e9nurie de semi-conducteurs s\u2019att\u00e9nuera en 2023 - CanadaMotorJobs.com","og_description":"Toyota et Volkswagen pensent que la p\u00e9nurie de semi-conducteurs s\u2019att\u00e9nuera en 2023 - Benoit Charette - News - CanadaMotorJobs.com.","og_url":"https:\/\/news.canadamotorjobs.com\/fr\/toyota-et-volkswagen-pensent-que-la-penurie-de-semi-conducteurs-sattenuera-en-2023\/","og_site_name":"CanadaMotorJobs.com","article_publisher":"https:\/\/www.facebook.com\/canadamotorjobs\/","article_published_time":"2023-01-20T12:06:18+00:00","article_modified_time":"2023-01-20T12:14:28+00:00","og_image":[{"width":1200,"height":627,"url":"https:\/\/news.canadamotorjobs.com\/wp-content\/uploads\/2023\/01\/4767419-1.jpg","type":"image\/jpeg"}],"author":"Benoit Charette","twitter_card":"summary_large_image","twitter_creator":"@canadamotorjobs","twitter_site":"@canadamotorjobs","twitter_misc":{"\u00c9crit par":"Benoit Charette","Estimation du temps de lecture":"1 minute"},"schema":{"@context":"https:\/\/schema.org","@graph":[{"@type":"Article","@id":"https:\/\/news.canadamotorjobs.com\/fr\/toyota-et-volkswagen-pensent-que-la-penurie-de-semi-conducteurs-sattenuera-en-2023\/#article","isPartOf":{"@id":"https:\/\/news.canadamotorjobs.com\/fr\/toyota-et-volkswagen-pensent-que-la-penurie-de-semi-conducteurs-sattenuera-en-2023\/"},"author":{"name":"Benoit Charette","@id":"https:\/\/news.canadamotorjobs.com\/#\/schema\/person\/51793d1f87d44011d7bcc2ed99269a90"},"headline":"Toyota et Volkswagen pensent que la p\u00e9nurie de semi-conducteurs s\u2019att\u00e9nuera en 2023","datePublished":"2023-01-20T12:06:18+00:00","dateModified":"2023-01-20T12:14:28+00:00","mainEntityOfPage":{"@id":"https:\/\/news.canadamotorjobs.com\/fr\/toyota-et-volkswagen-pensent-que-la-penurie-de-semi-conducteurs-sattenuera-en-2023\/"},"wordCount":240,"publisher":{"@id":"https:\/\/news.canadamotorjobs.com\/#organization"},"image":{"@id":"https:\/\/news.canadamotorjobs.com\/fr\/toyota-et-volkswagen-pensent-que-la-penurie-de-semi-conducteurs-sattenuera-en-2023\/#primaryimage"},"thumbnailUrl":"https:\/\/news.canadamotorjobs.com\/wp-content\/uploads\/2023\/01\/4767419-1.jpg","articleSection":["News"],"inLanguage":"fr-CA"},{"@type":"WebPage","@id":"https:\/\/news.canadamotorjobs.com\/fr\/toyota-et-volkswagen-pensent-que-la-penurie-de-semi-conducteurs-sattenuera-en-2023\/","url":"https:\/\/news.canadamotorjobs.com\/fr\/toyota-et-volkswagen-pensent-que-la-penurie-de-semi-conducteurs-sattenuera-en-2023\/","name":"Toyota et Volkswagen pensent que la p\u00e9nurie de semi-conducteurs s\u2019att\u00e9nuera en 2023 - CanadaMotorJobs.com","isPartOf":{"@id":"https:\/\/news.canadamotorjobs.com\/#website"},"primaryImageOfPage":{"@id":"https:\/\/news.canadamotorjobs.com\/fr\/toyota-et-volkswagen-pensent-que-la-penurie-de-semi-conducteurs-sattenuera-en-2023\/#primaryimage"},"image":{"@id":"https:\/\/news.canadamotorjobs.com\/fr\/toyota-et-volkswagen-pensent-que-la-penurie-de-semi-conducteurs-sattenuera-en-2023\/#primaryimage"},"thumbnailUrl":"https:\/\/news.canadamotorjobs.com\/wp-content\/uploads\/2023\/01\/4767419-1.jpg","datePublished":"2023-01-20T12:06:18+00:00","dateModified":"2023-01-20T12:14:28+00:00","description":"Toyota et Volkswagen pensent que la p\u00e9nurie de semi-conducteurs s\u2019att\u00e9nuera en 2023 - Benoit Charette - News - CanadaMotorJobs.com.","breadcrumb":{"@id":"https:\/\/news.canadamotorjobs.com\/fr\/toyota-et-volkswagen-pensent-que-la-penurie-de-semi-conducteurs-sattenuera-en-2023\/#breadcrumb"},"inLanguage":"fr-CA","potentialAction":[{"@type":"ReadAction","target":["https:\/\/news.canadamotorjobs.com\/fr\/toyota-et-volkswagen-pensent-que-la-penurie-de-semi-conducteurs-sattenuera-en-2023\/"]}]},{"@type":"ImageObject","inLanguage":"fr-CA","@id":"https:\/\/news.canadamotorjobs.com\/fr\/toyota-et-volkswagen-pensent-que-la-penurie-de-semi-conducteurs-sattenuera-en-2023\/#primaryimage","url":"https:\/\/news.canadamotorjobs.com\/wp-content\/uploads\/2023\/01\/4767419-1.jpg","contentUrl":"https:\/\/news.canadamotorjobs.com\/wp-content\/uploads\/2023\/01\/4767419-1.jpg","width":1200,"height":627},{"@type":"BreadcrumbList","@id":"https:\/\/news.canadamotorjobs.com\/fr\/toyota-et-volkswagen-pensent-que-la-penurie-de-semi-conducteurs-sattenuera-en-2023\/#breadcrumb","itemListElement":[{"@type":"ListItem","position":1,"name":"Home","item":"https:\/\/news.canadamotorjobs.com\/fr\/blog\/"},{"@type":"ListItem","position":2,"name":"Toyota et Volkswagen pensent que la p\u00e9nurie de semi-conducteurs s\u2019att\u00e9nuera en 2023"}]},{"@type":"WebSite","@id":"https:\/\/news.canadamotorjobs.com\/#website","url":"https:\/\/news.canadamotorjobs.com\/","name":"CanadaMotorJobs.com","description":"Automotive Jobs","publisher":{"@id":"https:\/\/news.canadamotorjobs.com\/#organization"},"potentialAction":[{"@type":"SearchAction","target":{"@type":"EntryPoint","urlTemplate":"https:\/\/news.canadamotorjobs.com\/?s={search_term_string}"},"query-input":"required name=search_term_string"}],"inLanguage":"fr-CA"},{"@type":"Organization","@id":"https:\/\/news.canadamotorjobs.com\/#organization","name":"Canada Motor Jobs","url":"https:\/\/news.canadamotorjobs.com\/","logo":{"@type":"ImageObject","inLanguage":"fr-CA","@id":"https:\/\/news.canadamotorjobs.com\/#\/schema\/logo\/image\/","url":"https:\/\/news.canadamotorjobs.com\/wp-content\/uploads\/2022\/10\/logo-canada-motor-jobs-1.png","contentUrl":"https:\/\/news.canadamotorjobs.com\/wp-content\/uploads\/2022\/10\/logo-canada-motor-jobs-1.png","width":800,"height":400,"caption":"Canada Motor Jobs"},"image":{"@id":"https:\/\/news.canadamotorjobs.com\/#\/schema\/logo\/image\/"},"sameAs":["https:\/\/www.facebook.com\/canadamotorjobs\/","https:\/\/x.com\/canadamotorjobs","https:\/\/www.instagram.com\/canadamotorjobs\/","https:\/\/www.linkedin.com\/company\/canadamotorjobs"]},{"@type":"Person","@id":"https:\/\/news.canadamotorjobs.com\/#\/schema\/person\/51793d1f87d44011d7bcc2ed99269a90","name":"Benoit Charette","image":{"@type":"ImageObject","inLanguage":"fr-CA","@id":"https:\/\/news.canadamotorjobs.com\/#\/schema\/person\/image\/","url":"https:\/\/secure.gravatar.com\/avatar\/45f3d2eebcccd909668d7ce7ea7267b6?s=96&d=mm&r=g","contentUrl":"https:\/\/secure.gravatar.com\/avatar\/45f3d2eebcccd909668d7ce7ea7267b6?s=96&d=mm&r=g","caption":"Benoit Charette"},"description":"Benoit Charette \/ Propri\u00e9taire et r\u00e9dacteur en chef Benoit Charette pratique le journalisme automobile depuis bient\u00f4t 30 ans. Il a fait ses classes au c\u00f4t\u00e9 de Daniel H\u00e9raud et au Carnet de route de 1992 \u00e0 2001. Il est fondateur, copropri\u00e9taire et r\u00e9dacteur en chef de L\u2019Annuel de l\u2019automobile, qu\u2019il publie depuis 2001. Il a anim\u00e9 les \u00e9missions RPM et RPM+ sur V et les L\u00e9gendes de la route sur Historia. \u00c0 la radio depuis 1986, il reprend l\u2019antenne cette ann\u00e9e sur les ondes de Cogeco et participe pour la deuxi\u00e8me ann\u00e9e \u00e0 l\u2019\u00e9mission Passion Auto sur RDS en plus de mettre en ligne le site Web officiel de L\u2019Annuel de l\u2019automobile sur annuelauto.ca.","sameAs":["https:\/\/annuelauto.ca\/"],"url":"https:\/\/news.canadamotorjobs.com\/fr\/author\/benoit-charette\/"}]}},"_links":{"self":[{"href":"https:\/\/news.canadamotorjobs.com\/fr\/wp-json\/wp\/v2\/posts\/138004"}],"collection":[{"href":"https:\/\/news.canadamotorjobs.com\/fr\/wp-json\/wp\/v2\/posts"}],"about":[{"href":"https:\/\/news.canadamotorjobs.com\/fr\/wp-json\/wp\/v2\/types\/post"}],"author":[{"embeddable":true,"href":"https:\/\/news.canadamotorjobs.com\/fr\/wp-json\/wp\/v2\/users\/8"}],"replies":[{"embeddable":true,"href":"https:\/\/news.canadamotorjobs.com\/fr\/wp-json\/wp\/v2\/comments?post=138004"}],"version-history":[{"count":3,"href":"https:\/\/news.canadamotorjobs.com\/fr\/wp-json\/wp\/v2\/posts\/138004\/revisions"}],"predecessor-version":[{"id":138011,"href":"https:\/\/news.canadamotorjobs.com\/fr\/wp-json\/wp\/v2\/posts\/138004\/revisions\/138011"}],"wp:featuredmedia":[{"embeddable":true,"href":"https:\/\/news.canadamotorjobs.com\/fr\/wp-json\/wp\/v2\/media\/138008"}],"wp:attachment":[{"href":"https:\/\/news.canadamotorjobs.com\/fr\/wp-json\/wp\/v2\/media?parent=138004"}],"wp:term":[{"taxonomy":"category","embeddable":true,"href":"https:\/\/news.canadamotorjobs.com\/fr\/wp-json\/wp\/v2\/categories?post=138004"},{"taxonomy":"post_tag","embeddable":true,"href":"https:\/\/news.canadamotorjobs.com\/fr\/wp-json\/wp\/v2\/tags?post=138004"}],"curies":[{"name":"wp","href":"https:\/\/api.w.org\/{rel}","templated":true}]}}