{"id":137996,"date":"2023-01-19T16:54:43","date_gmt":"2023-01-19T21:54:43","guid":{"rendered":"https:\/\/news.canadamotorjobs.com\/letat-du-wyoming-veut-interdire-les-vehicules-electriques\/"},"modified":"2023-01-21T11:20:38","modified_gmt":"2023-01-21T16:20:38","slug":"letat-du-wyoming-veut-interdire-les-vehicules-electriques","status":"publish","type":"post","link":"https:\/\/news.canadamotorjobs.com\/fr\/letat-du-wyoming-veut-interdire-les-vehicules-electriques\/","title":{"rendered":"L\u2019\u00e9tat du Wyoming veut interdire les v\u00e9hicules \u00e9lectriques"},"content":{"rendered":"<p>Alors que le monde entier se tourne vers les v\u00e9hicules \u00e9lectriques, le Wyoming veut faire exactement le contraire. Les l\u00e9gislateurs du Wyoming ont pr\u00e9sent\u00e9 un projet de loi proposant l&#8217;interdiction de la vente de v\u00e9hicules \u00e9lectriques d&#8217;ici 2035. Ce projet de loi affirme que le r\u00e9seau \u00e9lectrique du Wyoming n&#8217;est pas con\u00e7u pour la recharge des V\u00c9 et que l&#8217;\u00e9limination des batteries sera difficile pour les d\u00e9charges municipales, en plus de citer l&#8217;importance du p\u00e9trole brut et du gaz pour l&#8217;\u00e9conomie de l&#8217;\u00c9tat. L&#8217;Assembl\u00e9e l\u00e9gislative du Wyoming n&#8217;a pas encore vot\u00e9 sur la proposition, mais le projet de loi d\u00e9couragerait \u00e9galement les r\u00e9sidents de l&#8217;\u00c9tat d&#8217;acheter des V\u00c9 avant 2035, s&#8217;il est adopt\u00e9.<\/p>\n<h3>Une proposition r\u00e9publicaine, bien s\u00fbr<\/h3>\n<p>Un groupe de six l\u00e9gislateurs r\u00e9publicains dirig\u00e9 par le s\u00e9nateur Jim Anderson a introduit un projet de loi visant \u00e0 interdire la vente de V\u00c9 dans le Wyoming d&#8217;ici 2035, ann\u00e9e o\u00f9 de nombreux \u00c9tats vont faire exactement le contraire. Connue sous le nom de State Senate Joint Resolution NO. SJ0004, la proposition n&#8217;en est qu&#8217;\u00e0 ses d\u00e9buts apr\u00e8s avoir \u00e9t\u00e9 introduite la semaine derni\u00e8re. Le texte du projet de loi cite l&#8217;industrie p\u00e9troli\u00e8re et gazi\u00e8re comme \u00e9tant l&#8217;une des industries dont l&#8217;\u00c9tat des cow-boys est le plus fier et qui est responsable d&#8217;un flux de revenus important ainsi que d&#8217;emplois de masse pour les habitants du Wyoming. Citant l&#8217;utilit\u00e9 historique des v\u00e9hicules \u00e0 essence pour permettre une croissance continue dans l&#8217;\u00c9tat, ces l\u00e9gislateurs affirment que &#8220;les vastes tron\u00e7ons d&#8217;autoroute du Wyoming,<\/p>\n","protected":false},"excerpt":{"rendered":"<p>Alors que le monde entier se tourne vers les v\u00e9hicules \u00e9lectriques, le Wyoming veut faire exactement le contraire. Les l\u00e9gislateurs du Wyoming ont pr\u00e9sent\u00e9 un projet de loi proposant l&#8217;interdiction de la vente de v\u00e9hicules \u00e9lectriques d&#8217;ici 2035. Ce projet de loi affirme que le r\u00e9seau \u00e9lectrique du Wyoming n&#8217;est pas con\u00e7u pour la recharge [&hellip;]<\/p>\n","protected":false},"author":8,"featured_media":138000,"comment_status":"close","ping_status":"closed","sticky":false,"template":"","format":"standard","meta":{"_monsterinsights_skip_tracking":false,"_monsterinsights_sitenote_active":false,"_monsterinsights_sitenote_note":"","_monsterinsights_sitenote_category":0,"footnotes":""},"categories":[1],"tags":[],"yoast_head":"<!-- This site is optimized with the Yoast SEO plugin v23.2 - https:\/\/yoast.com\/wordpress\/plugins\/seo\/ -->\n<title>L\u2019\u00e9tat du Wyoming veut interdire les v\u00e9hicules \u00e9lectriques - CanadaMotorJobs.com<\/title>\n<meta name=\"description\" content=\"L\u2019\u00e9tat du Wyoming veut interdire les v\u00e9hicules \u00e9lectriques - Benoit Charette - News - CanadaMotorJobs.com.\" \/>\n<meta name=\"robots\" content=\"index, follow, max-snippet:-1, max-image-preview:large, max-video-preview:-1\" \/>\n<meta property=\"og:locale\" content=\"fr_CA\" \/>\n<meta property=\"og:type\" content=\"article\" \/>\n<meta property=\"og:title\" content=\"L\u2019\u00e9tat du Wyoming veut interdire les v\u00e9hicules \u00e9lectriques - CanadaMotorJobs.com\" \/>\n<meta property=\"og:description\" content=\"L\u2019\u00e9tat du Wyoming veut interdire les v\u00e9hicules \u00e9lectriques - Benoit Charette - News - CanadaMotorJobs.com.\" \/>\n<meta property=\"og:url\" content=\"https:\/\/news.canadamotorjobs.com\/fr\/letat-du-wyoming-veut-interdire-les-vehicules-electriques\/\" \/>\n<meta property=\"og:site_name\" content=\"CanadaMotorJobs.com\" \/>\n<meta property=\"article:publisher\" content=\"https:\/\/www.facebook.com\/canadamotorjobs\/\" \/>\n<meta property=\"article:published_time\" content=\"2023-01-19T21:54:43+00:00\" \/>\n<meta property=\"article:modified_time\" content=\"2023-01-21T16:20:38+00:00\" \/>\n<meta property=\"og:image\" content=\"https:\/\/news.canadamotorjobs.com\/wp-content\/uploads\/2023\/01\/vehicles-and-semi-trucks-drive-past-a-welcome-to-wyoming-news-photo-1673966961-1.jpg\" \/>\n\t<meta property=\"og:image:width\" content=\"1024\" \/>\n\t<meta property=\"og:image:height\" content=\"683\" \/>\n\t<meta property=\"og:image:type\" content=\"image\/jpeg\" \/>\n<meta name=\"author\" content=\"Benoit Charette\" \/>\n<meta name=\"twitter:card\" content=\"summary_large_image\" \/>\n<meta name=\"twitter:creator\" content=\"@canadamotorjobs\" \/>\n<meta name=\"twitter:site\" content=\"@canadamotorjobs\" \/>\n<meta name=\"twitter:label1\" content=\"\u00c9crit par\" \/>\n\t<meta name=\"twitter:data1\" content=\"Benoit Charette\" \/>\n\t<meta name=\"twitter:label2\" content=\"Estimation du temps de lecture\" \/>\n\t<meta name=\"twitter:data2\" content=\"2 minutes\" \/>\n<!-- \/ Yoast SEO plugin. -->","yoast_head_json":{"title":"L\u2019\u00e9tat du Wyoming veut interdire les v\u00e9hicules \u00e9lectriques - CanadaMotorJobs.com","description":"L\u2019\u00e9tat du Wyoming veut interdire les v\u00e9hicules \u00e9lectriques - Benoit Charette - News - CanadaMotorJobs.com.","robots":{"index":"index","follow":"follow","max-snippet":"max-snippet:-1","max-image-preview":"max-image-preview:large","max-video-preview":"max-video-preview:-1"},"og_locale":"fr_CA","og_type":"article","og_title":"L\u2019\u00e9tat du Wyoming veut interdire les v\u00e9hicules \u00e9lectriques - CanadaMotorJobs.com","og_description":"L\u2019\u00e9tat du Wyoming veut interdire les v\u00e9hicules \u00e9lectriques - Benoit Charette - News - CanadaMotorJobs.com.","og_url":"https:\/\/news.canadamotorjobs.com\/fr\/letat-du-wyoming-veut-interdire-les-vehicules-electriques\/","og_site_name":"CanadaMotorJobs.com","article_publisher":"https:\/\/www.facebook.com\/canadamotorjobs\/","article_published_time":"2023-01-19T21:54:43+00:00","article_modified_time":"2023-01-21T16:20:38+00:00","og_image":[{"width":1024,"height":683,"url":"https:\/\/news.canadamotorjobs.com\/wp-content\/uploads\/2023\/01\/vehicles-and-semi-trucks-drive-past-a-welcome-to-wyoming-news-photo-1673966961-1.jpg","type":"image\/jpeg"}],"author":"Benoit Charette","twitter_card":"summary_large_image","twitter_creator":"@canadamotorjobs","twitter_site":"@canadamotorjobs","twitter_misc":{"\u00c9crit par":"Benoit Charette","Estimation du temps de lecture":"2 minutes"},"schema":{"@context":"https:\/\/schema.org","@graph":[{"@type":"Article","@id":"https:\/\/news.canadamotorjobs.com\/fr\/letat-du-wyoming-veut-interdire-les-vehicules-electriques\/#article","isPartOf":{"@id":"https:\/\/news.canadamotorjobs.com\/fr\/letat-du-wyoming-veut-interdire-les-vehicules-electriques\/"},"author":{"name":"Benoit Charette","@id":"https:\/\/news.canadamotorjobs.com\/#\/schema\/person\/51793d1f87d44011d7bcc2ed99269a90"},"headline":"L\u2019\u00e9tat du Wyoming veut interdire les v\u00e9hicules \u00e9lectriques","datePublished":"2023-01-19T21:54:43+00:00","dateModified":"2023-01-21T16:20:38+00:00","mainEntityOfPage":{"@id":"https:\/\/news.canadamotorjobs.com\/fr\/letat-du-wyoming-veut-interdire-les-vehicules-electriques\/"},"wordCount":304,"publisher":{"@id":"https:\/\/news.canadamotorjobs.com\/#organization"},"image":{"@id":"https:\/\/news.canadamotorjobs.com\/fr\/letat-du-wyoming-veut-interdire-les-vehicules-electriques\/#primaryimage"},"thumbnailUrl":"https:\/\/news.canadamotorjobs.com\/wp-content\/uploads\/2023\/01\/vehicles-and-semi-trucks-drive-past-a-welcome-to-wyoming-news-photo-1673966961-1.jpg","articleSection":["News"],"inLanguage":"fr-CA"},{"@type":"WebPage","@id":"https:\/\/news.canadamotorjobs.com\/fr\/letat-du-wyoming-veut-interdire-les-vehicules-electriques\/","url":"https:\/\/news.canadamotorjobs.com\/fr\/letat-du-wyoming-veut-interdire-les-vehicules-electriques\/","name":"L\u2019\u00e9tat du Wyoming veut interdire les v\u00e9hicules \u00e9lectriques - CanadaMotorJobs.com","isPartOf":{"@id":"https:\/\/news.canadamotorjobs.com\/#website"},"primaryImageOfPage":{"@id":"https:\/\/news.canadamotorjobs.com\/fr\/letat-du-wyoming-veut-interdire-les-vehicules-electriques\/#primaryimage"},"image":{"@id":"https:\/\/news.canadamotorjobs.com\/fr\/letat-du-wyoming-veut-interdire-les-vehicules-electriques\/#primaryimage"},"thumbnailUrl":"https:\/\/news.canadamotorjobs.com\/wp-content\/uploads\/2023\/01\/vehicles-and-semi-trucks-drive-past-a-welcome-to-wyoming-news-photo-1673966961-1.jpg","datePublished":"2023-01-19T21:54:43+00:00","dateModified":"2023-01-21T16:20:38+00:00","description":"L\u2019\u00e9tat du Wyoming veut interdire les v\u00e9hicules \u00e9lectriques - Benoit Charette - News - CanadaMotorJobs.com.","breadcrumb":{"@id":"https:\/\/news.canadamotorjobs.com\/fr\/letat-du-wyoming-veut-interdire-les-vehicules-electriques\/#breadcrumb"},"inLanguage":"fr-CA","potentialAction":[{"@type":"ReadAction","target":["https:\/\/news.canadamotorjobs.com\/fr\/letat-du-wyoming-veut-interdire-les-vehicules-electriques\/"]}]},{"@type":"ImageObject","inLanguage":"fr-CA","@id":"https:\/\/news.canadamotorjobs.com\/fr\/letat-du-wyoming-veut-interdire-les-vehicules-electriques\/#primaryimage","url":"https:\/\/news.canadamotorjobs.com\/wp-content\/uploads\/2023\/01\/vehicles-and-semi-trucks-drive-past-a-welcome-to-wyoming-news-photo-1673966961-1.jpg","contentUrl":"https:\/\/news.canadamotorjobs.com\/wp-content\/uploads\/2023\/01\/vehicles-and-semi-trucks-drive-past-a-welcome-to-wyoming-news-photo-1673966961-1.jpg","width":1024,"height":683},{"@type":"BreadcrumbList","@id":"https:\/\/news.canadamotorjobs.com\/fr\/letat-du-wyoming-veut-interdire-les-vehicules-electriques\/#breadcrumb","itemListElement":[{"@type":"ListItem","position":1,"name":"Home","item":"https:\/\/news.canadamotorjobs.com\/fr\/blog\/"},{"@type":"ListItem","position":2,"name":"L\u2019\u00e9tat du Wyoming veut interdire les v\u00e9hicules \u00e9lectriques"}]},{"@type":"WebSite","@id":"https:\/\/news.canadamotorjobs.com\/#website","url":"https:\/\/news.canadamotorjobs.com\/","name":"CanadaMotorJobs.com","description":"Automotive Jobs","publisher":{"@id":"https:\/\/news.canadamotorjobs.com\/#organization"},"potentialAction":[{"@type":"SearchAction","target":{"@type":"EntryPoint","urlTemplate":"https:\/\/news.canadamotorjobs.com\/?s={search_term_string}"},"query-input":"required name=search_term_string"}],"inLanguage":"fr-CA"},{"@type":"Organization","@id":"https:\/\/news.canadamotorjobs.com\/#organization","name":"Canada Motor Jobs","url":"https:\/\/news.canadamotorjobs.com\/","logo":{"@type":"ImageObject","inLanguage":"fr-CA","@id":"https:\/\/news.canadamotorjobs.com\/#\/schema\/logo\/image\/","url":"https:\/\/news.canadamotorjobs.com\/wp-content\/uploads\/2022\/10\/logo-canada-motor-jobs-1.png","contentUrl":"https:\/\/news.canadamotorjobs.com\/wp-content\/uploads\/2022\/10\/logo-canada-motor-jobs-1.png","width":800,"height":400,"caption":"Canada Motor Jobs"},"image":{"@id":"https:\/\/news.canadamotorjobs.com\/#\/schema\/logo\/image\/"},"sameAs":["https:\/\/www.facebook.com\/canadamotorjobs\/","https:\/\/x.com\/canadamotorjobs","https:\/\/www.instagram.com\/canadamotorjobs\/","https:\/\/www.linkedin.com\/company\/canadamotorjobs"]},{"@type":"Person","@id":"https:\/\/news.canadamotorjobs.com\/#\/schema\/person\/51793d1f87d44011d7bcc2ed99269a90","name":"Benoit Charette","image":{"@type":"ImageObject","inLanguage":"fr-CA","@id":"https:\/\/news.canadamotorjobs.com\/#\/schema\/person\/image\/","url":"https:\/\/secure.gravatar.com\/avatar\/45f3d2eebcccd909668d7ce7ea7267b6?s=96&d=mm&r=g","contentUrl":"https:\/\/secure.gravatar.com\/avatar\/45f3d2eebcccd909668d7ce7ea7267b6?s=96&d=mm&r=g","caption":"Benoit Charette"},"description":"Benoit Charette \/ Propri\u00e9taire et r\u00e9dacteur en chef Benoit Charette pratique le journalisme automobile depuis bient\u00f4t 30 ans. Il a fait ses classes au c\u00f4t\u00e9 de Daniel H\u00e9raud et au Carnet de route de 1992 \u00e0 2001. Il est fondateur, copropri\u00e9taire et r\u00e9dacteur en chef de L\u2019Annuel de l\u2019automobile, qu\u2019il publie depuis 2001. Il a anim\u00e9 les \u00e9missions RPM et RPM+ sur V et les L\u00e9gendes de la route sur Historia. \u00c0 la radio depuis 1986, il reprend l\u2019antenne cette ann\u00e9e sur les ondes de Cogeco et participe pour la deuxi\u00e8me ann\u00e9e \u00e0 l\u2019\u00e9mission Passion Auto sur RDS en plus de mettre en ligne le site Web officiel de L\u2019Annuel de l\u2019automobile sur annuelauto.ca.","sameAs":["https:\/\/annuelauto.ca\/"],"url":"https:\/\/news.canadamotorjobs.com\/fr\/author\/benoit-charette\/"}]}},"_links":{"self":[{"href":"https:\/\/news.canadamotorjobs.com\/fr\/wp-json\/wp\/v2\/posts\/137996"}],"collection":[{"href":"https:\/\/news.canadamotorjobs.com\/fr\/wp-json\/wp\/v2\/posts"}],"about":[{"href":"https:\/\/news.canadamotorjobs.com\/fr\/wp-json\/wp\/v2\/types\/post"}],"author":[{"embeddable":true,"href":"https:\/\/news.canadamotorjobs.com\/fr\/wp-json\/wp\/v2\/users\/8"}],"replies":[{"embeddable":true,"href":"https:\/\/news.canadamotorjobs.com\/fr\/wp-json\/wp\/v2\/comments?post=137996"}],"version-history":[{"count":4,"href":"https:\/\/news.canadamotorjobs.com\/fr\/wp-json\/wp\/v2\/posts\/137996\/revisions"}],"predecessor-version":[{"id":138037,"href":"https:\/\/news.canadamotorjobs.com\/fr\/wp-json\/wp\/v2\/posts\/137996\/revisions\/138037"}],"wp:featuredmedia":[{"embeddable":true,"href":"https:\/\/news.canadamotorjobs.com\/fr\/wp-json\/wp\/v2\/media\/138000"}],"wp:attachment":[{"href":"https:\/\/news.canadamotorjobs.com\/fr\/wp-json\/wp\/v2\/media?parent=137996"}],"wp:term":[{"taxonomy":"category","embeddable":true,"href":"https:\/\/news.canadamotorjobs.com\/fr\/wp-json\/wp\/v2\/categories?post=137996"},{"taxonomy":"post_tag","embeddable":true,"href":"https:\/\/news.canadamotorjobs.com\/fr\/wp-json\/wp\/v2\/tags?post=137996"}],"curies":[{"name":"wp","href":"https:\/\/api.w.org\/{rel}","templated":true}]}}