{"id":137976,"date":"2023-01-19T06:28:58","date_gmt":"2023-01-19T11:28:58","guid":{"rendered":"https:\/\/news.canadamotorjobs.com\/lexus-annonce-le-prix-du-rz-450-e-2023\/"},"modified":"2023-01-19T06:30:37","modified_gmt":"2023-01-19T11:30:37","slug":"lexus-annonce-le-prix-du-rz-450-e-2023","status":"publish","type":"post","link":"https:\/\/news.canadamotorjobs.com\/fr\/lexus-annonce-le-prix-du-rz-450-e-2023\/","title":{"rendered":"Lexus annonce le prix du RZ 450 e 2023"},"content":{"rendered":"<\/p>\n<p>Le RZ sera le premier enti\u00e8rement \u00e9lectrique de la division Lexus au Canada. Il arrive au Canada au printemps en version Signature, Luxury et Executive. Le prix de d\u00e9part sera de 64 950\u00a0$<\/p>\n<p> 312 chevaux et 360\u00a0km d\u2019autonomie<\/p>\n<p> Le mod\u00e8le sera pr\u00e9sent\u00e9 en premi\u00e8re au Salon de l\u2019auto de Montr\u00e9al<\/p>\n<p> Le RZ 450e est un multisegment compact compos\u00e9 de deux moteurs \u00e9lectriques, cr\u00e9ant ainsi un syst\u00e8me de traction int\u00e9grale, ou ce que la marque appelle DIRECT4. La puissance totale est de 312 chevaux, ce qui permet au v\u00e9hicule d&#8217;acc\u00e9l\u00e9rer de 0 \u00e0 100\u00a0km\/h en 5,4 secondes. Par ailleurs, la batterie de 71,4\u00a0kWh offre une autonomie estim\u00e9e \u00e0 360 kilom\u00e8tres lorsqu&#8217;elle est \u00e9quip\u00e9e des jantes en alliage de 18 pouces gris m\u00e9tallis\u00e9 fonc\u00e9 de la Signature, et \u00e0 320 kilom\u00e8tres avec les roues de 20 pouces des cat\u00e9gories Luxe et Executive.<\/p>\n<p> Bien \u00e9quip\u00e9<\/p>\n<p> La finition Signature est \u00e9quip\u00e9e, entre autres, de l&#8217;\u00e9cran tactile d&#8217;infodivertissement Lexus Interface reli\u00e9 \u00e0 un \u00e9cran tactile de 14 pouces, de si\u00e8ges avant et d&#8217;un volant chauffant, d&#8217;une sellerie en similicuir NuLuxe, d&#8217;une recharge de t\u00e9l\u00e9phone sans fil, d&#8217;Apple CarPlay et d&#8217;Android Auto sans fil, de lave-phares et d&#8217;un d\u00e9givreur d&#8217;essuie-glace, de la surveillance des angles morts et de la suite de s\u00e9curit\u00e9 active Lexus LSS+ 3.0.<\/p>\n<p> &nbsp;<\/p>\n<p> Vient ensuite la RZ 450e Luxury, qui d\u00e9bute \u00e0 73\u00a0550\u00a0$ et comprend un toit en verre panoramique fixe, des jantes de 20 pouces avec finition noire et usin\u00e9e, une m\u00e9moire de position<\/p>\n","protected":false},"excerpt":{"rendered":"<p>Le RZ sera le premier enti\u00e8rement \u00e9lectrique de la division Lexus au Canada. Il arrive au Canada au printemps en version Signature, Luxury et Executive. Le prix de d\u00e9part sera de 64 950\u00a0$ 312 chevaux et 360\u00a0km d\u2019autonomie Le mod\u00e8le sera pr\u00e9sent\u00e9 en premi\u00e8re au Salon de l\u2019auto de Montr\u00e9al Le RZ 450e est un [&hellip;]<\/p>\n","protected":false},"author":8,"featured_media":137980,"comment_status":"close","ping_status":"closed","sticky":false,"template":"","format":"standard","meta":{"_monsterinsights_skip_tracking":false,"_monsterinsights_sitenote_active":false,"_monsterinsights_sitenote_note":"","_monsterinsights_sitenote_category":0,"footnotes":""},"categories":[1],"tags":[],"yoast_head":"<!-- This site is optimized with the Yoast SEO plugin v23.2 - https:\/\/yoast.com\/wordpress\/plugins\/seo\/ -->\n<title>Lexus annonce le prix du RZ 450 e 2023 - CanadaMotorJobs.com<\/title>\n<meta name=\"description\" content=\"Lexus annonce le prix du RZ 450 e 2023 - Benoit Charette - News - CanadaMotorJobs.com.\" \/>\n<meta name=\"robots\" content=\"index, follow, max-snippet:-1, max-image-preview:large, max-video-preview:-1\" \/>\n<meta property=\"og:locale\" content=\"fr_CA\" \/>\n<meta property=\"og:type\" content=\"article\" \/>\n<meta property=\"og:title\" content=\"Lexus annonce le prix du RZ 450 e 2023 - CanadaMotorJobs.com\" \/>\n<meta property=\"og:description\" content=\"Lexus annonce le prix du RZ 450 e 2023 - Benoit Charette - News - CanadaMotorJobs.com.\" \/>\n<meta property=\"og:url\" content=\"https:\/\/news.canadamotorjobs.com\/fr\/lexus-annonce-le-prix-du-rz-450-e-2023\/\" \/>\n<meta property=\"og:site_name\" content=\"CanadaMotorJobs.com\" \/>\n<meta property=\"article:publisher\" content=\"https:\/\/www.facebook.com\/canadamotorjobs\/\" \/>\n<meta property=\"article:published_time\" content=\"2023-01-19T11:28:58+00:00\" \/>\n<meta property=\"article:modified_time\" content=\"2023-01-19T11:30:37+00:00\" \/>\n<meta property=\"og:image\" content=\"https:\/\/news.canadamotorjobs.com\/wp-content\/uploads\/2023\/01\/NG22-RZ450e-EU_14-1.jpg\" \/>\n\t<meta property=\"og:image:width\" content=\"1498\" \/>\n\t<meta property=\"og:image:height\" content=\"1000\" \/>\n\t<meta property=\"og:image:type\" content=\"image\/jpeg\" \/>\n<meta name=\"author\" content=\"Benoit Charette\" \/>\n<meta name=\"twitter:card\" content=\"summary_large_image\" \/>\n<meta name=\"twitter:creator\" content=\"@canadamotorjobs\" \/>\n<meta name=\"twitter:site\" content=\"@canadamotorjobs\" \/>\n<meta name=\"twitter:label1\" content=\"\u00c9crit par\" \/>\n\t<meta name=\"twitter:data1\" content=\"Benoit Charette\" \/>\n\t<meta name=\"twitter:label2\" content=\"Estimation du temps de lecture\" \/>\n\t<meta name=\"twitter:data2\" content=\"1 minute\" \/>\n<!-- \/ Yoast SEO plugin. -->","yoast_head_json":{"title":"Lexus annonce le prix du RZ 450 e 2023 - CanadaMotorJobs.com","description":"Lexus annonce le prix du RZ 450 e 2023 - Benoit Charette - News - CanadaMotorJobs.com.","robots":{"index":"index","follow":"follow","max-snippet":"max-snippet:-1","max-image-preview":"max-image-preview:large","max-video-preview":"max-video-preview:-1"},"og_locale":"fr_CA","og_type":"article","og_title":"Lexus annonce le prix du RZ 450 e 2023 - CanadaMotorJobs.com","og_description":"Lexus annonce le prix du RZ 450 e 2023 - Benoit Charette - News - CanadaMotorJobs.com.","og_url":"https:\/\/news.canadamotorjobs.com\/fr\/lexus-annonce-le-prix-du-rz-450-e-2023\/","og_site_name":"CanadaMotorJobs.com","article_publisher":"https:\/\/www.facebook.com\/canadamotorjobs\/","article_published_time":"2023-01-19T11:28:58+00:00","article_modified_time":"2023-01-19T11:30:37+00:00","og_image":[{"width":1498,"height":1000,"url":"https:\/\/news.canadamotorjobs.com\/wp-content\/uploads\/2023\/01\/NG22-RZ450e-EU_14-1.jpg","type":"image\/jpeg"}],"author":"Benoit Charette","twitter_card":"summary_large_image","twitter_creator":"@canadamotorjobs","twitter_site":"@canadamotorjobs","twitter_misc":{"\u00c9crit par":"Benoit Charette","Estimation du temps de lecture":"1 minute"},"schema":{"@context":"https:\/\/schema.org","@graph":[{"@type":"Article","@id":"https:\/\/news.canadamotorjobs.com\/fr\/lexus-annonce-le-prix-du-rz-450-e-2023\/#article","isPartOf":{"@id":"https:\/\/news.canadamotorjobs.com\/fr\/lexus-annonce-le-prix-du-rz-450-e-2023\/"},"author":{"name":"Benoit Charette","@id":"https:\/\/news.canadamotorjobs.com\/#\/schema\/person\/51793d1f87d44011d7bcc2ed99269a90"},"headline":"Lexus annonce le prix du RZ 450 e 2023","datePublished":"2023-01-19T11:28:58+00:00","dateModified":"2023-01-19T11:30:37+00:00","mainEntityOfPage":{"@id":"https:\/\/news.canadamotorjobs.com\/fr\/lexus-annonce-le-prix-du-rz-450-e-2023\/"},"wordCount":272,"publisher":{"@id":"https:\/\/news.canadamotorjobs.com\/#organization"},"image":{"@id":"https:\/\/news.canadamotorjobs.com\/fr\/lexus-annonce-le-prix-du-rz-450-e-2023\/#primaryimage"},"thumbnailUrl":"https:\/\/news.canadamotorjobs.com\/wp-content\/uploads\/2023\/01\/NG22-RZ450e-EU_14-1.jpg","articleSection":["News"],"inLanguage":"fr-CA"},{"@type":"WebPage","@id":"https:\/\/news.canadamotorjobs.com\/fr\/lexus-annonce-le-prix-du-rz-450-e-2023\/","url":"https:\/\/news.canadamotorjobs.com\/fr\/lexus-annonce-le-prix-du-rz-450-e-2023\/","name":"Lexus annonce le prix du RZ 450 e 2023 - CanadaMotorJobs.com","isPartOf":{"@id":"https:\/\/news.canadamotorjobs.com\/#website"},"primaryImageOfPage":{"@id":"https:\/\/news.canadamotorjobs.com\/fr\/lexus-annonce-le-prix-du-rz-450-e-2023\/#primaryimage"},"image":{"@id":"https:\/\/news.canadamotorjobs.com\/fr\/lexus-annonce-le-prix-du-rz-450-e-2023\/#primaryimage"},"thumbnailUrl":"https:\/\/news.canadamotorjobs.com\/wp-content\/uploads\/2023\/01\/NG22-RZ450e-EU_14-1.jpg","datePublished":"2023-01-19T11:28:58+00:00","dateModified":"2023-01-19T11:30:37+00:00","description":"Lexus annonce le prix du RZ 450 e 2023 - Benoit Charette - News - CanadaMotorJobs.com.","breadcrumb":{"@id":"https:\/\/news.canadamotorjobs.com\/fr\/lexus-annonce-le-prix-du-rz-450-e-2023\/#breadcrumb"},"inLanguage":"fr-CA","potentialAction":[{"@type":"ReadAction","target":["https:\/\/news.canadamotorjobs.com\/fr\/lexus-annonce-le-prix-du-rz-450-e-2023\/"]}]},{"@type":"ImageObject","inLanguage":"fr-CA","@id":"https:\/\/news.canadamotorjobs.com\/fr\/lexus-annonce-le-prix-du-rz-450-e-2023\/#primaryimage","url":"https:\/\/news.canadamotorjobs.com\/wp-content\/uploads\/2023\/01\/NG22-RZ450e-EU_14-1.jpg","contentUrl":"https:\/\/news.canadamotorjobs.com\/wp-content\/uploads\/2023\/01\/NG22-RZ450e-EU_14-1.jpg","width":1498,"height":1000},{"@type":"BreadcrumbList","@id":"https:\/\/news.canadamotorjobs.com\/fr\/lexus-annonce-le-prix-du-rz-450-e-2023\/#breadcrumb","itemListElement":[{"@type":"ListItem","position":1,"name":"Home","item":"https:\/\/news.canadamotorjobs.com\/fr\/blog\/"},{"@type":"ListItem","position":2,"name":"Lexus annonce le prix du RZ 450 e 2023"}]},{"@type":"WebSite","@id":"https:\/\/news.canadamotorjobs.com\/#website","url":"https:\/\/news.canadamotorjobs.com\/","name":"CanadaMotorJobs.com","description":"Automotive Jobs","publisher":{"@id":"https:\/\/news.canadamotorjobs.com\/#organization"},"potentialAction":[{"@type":"SearchAction","target":{"@type":"EntryPoint","urlTemplate":"https:\/\/news.canadamotorjobs.com\/?s={search_term_string}"},"query-input":"required name=search_term_string"}],"inLanguage":"fr-CA"},{"@type":"Organization","@id":"https:\/\/news.canadamotorjobs.com\/#organization","name":"Canada Motor Jobs","url":"https:\/\/news.canadamotorjobs.com\/","logo":{"@type":"ImageObject","inLanguage":"fr-CA","@id":"https:\/\/news.canadamotorjobs.com\/#\/schema\/logo\/image\/","url":"https:\/\/news.canadamotorjobs.com\/wp-content\/uploads\/2022\/10\/logo-canada-motor-jobs-1.png","contentUrl":"https:\/\/news.canadamotorjobs.com\/wp-content\/uploads\/2022\/10\/logo-canada-motor-jobs-1.png","width":800,"height":400,"caption":"Canada Motor Jobs"},"image":{"@id":"https:\/\/news.canadamotorjobs.com\/#\/schema\/logo\/image\/"},"sameAs":["https:\/\/www.facebook.com\/canadamotorjobs\/","https:\/\/x.com\/canadamotorjobs","https:\/\/www.instagram.com\/canadamotorjobs\/","https:\/\/www.linkedin.com\/company\/canadamotorjobs"]},{"@type":"Person","@id":"https:\/\/news.canadamotorjobs.com\/#\/schema\/person\/51793d1f87d44011d7bcc2ed99269a90","name":"Benoit Charette","image":{"@type":"ImageObject","inLanguage":"fr-CA","@id":"https:\/\/news.canadamotorjobs.com\/#\/schema\/person\/image\/","url":"https:\/\/secure.gravatar.com\/avatar\/45f3d2eebcccd909668d7ce7ea7267b6?s=96&d=mm&r=g","contentUrl":"https:\/\/secure.gravatar.com\/avatar\/45f3d2eebcccd909668d7ce7ea7267b6?s=96&d=mm&r=g","caption":"Benoit Charette"},"description":"Benoit Charette \/ Propri\u00e9taire et r\u00e9dacteur en chef Benoit Charette pratique le journalisme automobile depuis bient\u00f4t 30 ans. Il a fait ses classes au c\u00f4t\u00e9 de Daniel H\u00e9raud et au Carnet de route de 1992 \u00e0 2001. Il est fondateur, copropri\u00e9taire et r\u00e9dacteur en chef de L\u2019Annuel de l\u2019automobile, qu\u2019il publie depuis 2001. Il a anim\u00e9 les \u00e9missions RPM et RPM+ sur V et les L\u00e9gendes de la route sur Historia. \u00c0 la radio depuis 1986, il reprend l\u2019antenne cette ann\u00e9e sur les ondes de Cogeco et participe pour la deuxi\u00e8me ann\u00e9e \u00e0 l\u2019\u00e9mission Passion Auto sur RDS en plus de mettre en ligne le site Web officiel de L\u2019Annuel de l\u2019automobile sur annuelauto.ca.","sameAs":["https:\/\/annuelauto.ca\/"],"url":"https:\/\/news.canadamotorjobs.com\/fr\/author\/benoit-charette\/"}]}},"_links":{"self":[{"href":"https:\/\/news.canadamotorjobs.com\/fr\/wp-json\/wp\/v2\/posts\/137976"}],"collection":[{"href":"https:\/\/news.canadamotorjobs.com\/fr\/wp-json\/wp\/v2\/posts"}],"about":[{"href":"https:\/\/news.canadamotorjobs.com\/fr\/wp-json\/wp\/v2\/types\/post"}],"author":[{"embeddable":true,"href":"https:\/\/news.canadamotorjobs.com\/fr\/wp-json\/wp\/v2\/users\/8"}],"replies":[{"embeddable":true,"href":"https:\/\/news.canadamotorjobs.com\/fr\/wp-json\/wp\/v2\/comments?post=137976"}],"version-history":[{"count":0,"href":"https:\/\/news.canadamotorjobs.com\/fr\/wp-json\/wp\/v2\/posts\/137976\/revisions"}],"wp:featuredmedia":[{"embeddable":true,"href":"https:\/\/news.canadamotorjobs.com\/fr\/wp-json\/wp\/v2\/media\/137980"}],"wp:attachment":[{"href":"https:\/\/news.canadamotorjobs.com\/fr\/wp-json\/wp\/v2\/media?parent=137976"}],"wp:term":[{"taxonomy":"category","embeddable":true,"href":"https:\/\/news.canadamotorjobs.com\/fr\/wp-json\/wp\/v2\/categories?post=137976"},{"taxonomy":"post_tag","embeddable":true,"href":"https:\/\/news.canadamotorjobs.com\/fr\/wp-json\/wp\/v2\/tags?post=137976"}],"curies":[{"name":"wp","href":"https:\/\/api.w.org\/{rel}","templated":true}]}}