{"id":137952,"date":"2023-01-18T07:25:21","date_gmt":"2023-01-18T12:25:21","guid":{"rendered":"https:\/\/news.canadamotorjobs.com\/les-commandes-pour-le-jeep-avenger-sont-ouvertes-en-europe\/"},"modified":"2023-01-18T07:29:25","modified_gmt":"2023-01-18T12:29:25","slug":"les-commandes-pour-le-jeep-avenger-sont-ouvertes-en-europe","status":"publish","type":"post","link":"https:\/\/news.canadamotorjobs.com\/fr\/les-commandes-pour-le-jeep-avenger-sont-ouvertes-en-europe\/","title":{"rendered":"Les commandes pour le Jeep Avenger sont ouvertes en Europe"},"content":{"rendered":"<\/p>\n<p>Les d\u00e9tails de mises en march\u00e9 pour les pays en Europe ne sont pas encore connus, mais nous savons que le mod\u00e8le arrive sur la route dans les prochains mois et est pr\u00e9vu pour 2024 au Canada. Le prix en Angleterre est pour l\u2019instant fix\u00e9 \u00e0 36\u00a0500 livres. On parlait d\u2019un prix au Canada qui tournerait autour de 45 000\u00a0$.<br \/> Trois couleurs<br \/> Livrable en couleur Soleil, Volcan et graphite, chacune avec un toit noir contrastant, l&#8217;Avenger 1st Edition est \u00e9quip\u00e9e de vitres teint\u00e9es \u00e0 l&#8217;arri\u00e8re et repose sur des jantes en alliage de 18 pouces. Des \u00e9l\u00e9ments tels que le syst\u00e8me d&#8217;infodivertissement \u00e0 \u00e9cran tactile de 10,25 pouces, Apple CarPlay, Android Auto, la radio DAB, la reconnaissance vocale, le socle de recharge sans fil et le syst\u00e8me d&#8217;entr\u00e9e et de sortie sans cl\u00e9 sont offerts sans frais suppl\u00e9mentaires.<br \/> La technologie mise de l\u2019avant<br \/> Vous aurez droit \u00e0 des capteurs de stationnement \u00e0 360 degr\u00e9s, et de la cam\u00e9ra de recul \u00e0 180 degr\u00e9s. Le r\u00e9troviseur \u00e0 att\u00e9nuation automatique, le hayon \u00e9lectrique, les essuie-glaces \u00e0 d\u00e9tection de pluie, la reconnaissance des panneaux de signalisation avec assistance intelligente \u00e0 la vitesse et le moniteur d&#8217;angle mort sont \u00e9galement de s\u00e9rie. Le mod\u00e8le est dot\u00e9 d&#8217;une conduite semi-autonome de niveau 2, gr\u00e2ce au r\u00e9gulateur de vitesse adaptatif avec centrage sur la voie et assistance en cas d&#8217;embouteillage, ce qui rend les trajets quotidiens plus agr\u00e9ables.<br \/> Le tout terrain de Jeep<br \/> Vous avez droit \u00e0 six modes de conduite\u00a0: Normal, Eco, Sport, Neige, Boue<\/p>\n","protected":false},"excerpt":{"rendered":"<p>Les d\u00e9tails de mises en march\u00e9 pour les pays en Europe ne sont pas encore connus, mais nous savons que le mod\u00e8le arrive sur la route dans les prochains mois et est pr\u00e9vu pour 2024 au Canada. Le prix en Angleterre est pour l\u2019instant fix\u00e9 \u00e0 36\u00a0500 livres. On parlait d\u2019un prix au Canada qui [&hellip;]<\/p>\n","protected":false},"author":8,"featured_media":137956,"comment_status":"close","ping_status":"closed","sticky":false,"template":"","format":"standard","meta":{"_monsterinsights_skip_tracking":false,"_monsterinsights_sitenote_active":false,"_monsterinsights_sitenote_note":"","_monsterinsights_sitenote_category":0,"footnotes":""},"categories":[101],"tags":[],"yoast_head":"<!-- This site is optimized with the Yoast SEO plugin v23.2 - https:\/\/yoast.com\/wordpress\/plugins\/seo\/ -->\n<title>Les commandes pour le Jeep Avenger sont ouvertes en Europe - CanadaMotorJobs.com<\/title>\n<meta name=\"description\" content=\"Les commandes pour le Jeep Avenger sont ouvertes en Europe - Benoit Charette - Annuel automobile - CanadaMotorJobs.com.\" \/>\n<meta name=\"robots\" content=\"index, follow, max-snippet:-1, max-image-preview:large, max-video-preview:-1\" \/>\n<meta property=\"og:locale\" content=\"fr_CA\" \/>\n<meta property=\"og:type\" content=\"article\" \/>\n<meta property=\"og:title\" content=\"Les commandes pour le Jeep Avenger sont ouvertes en Europe - CanadaMotorJobs.com\" \/>\n<meta property=\"og:description\" content=\"Les commandes pour le Jeep Avenger sont ouvertes en Europe - Benoit Charette - Annuel automobile - CanadaMotorJobs.com.\" \/>\n<meta property=\"og:url\" content=\"https:\/\/news.canadamotorjobs.com\/fr\/les-commandes-pour-le-jeep-avenger-sont-ouvertes-en-europe\/\" \/>\n<meta property=\"og:site_name\" content=\"CanadaMotorJobs.com\" \/>\n<meta property=\"article:publisher\" content=\"https:\/\/www.facebook.com\/canadamotorjobs\/\" \/>\n<meta property=\"article:published_time\" content=\"2023-01-18T12:25:21+00:00\" \/>\n<meta property=\"article:modified_time\" content=\"2023-01-18T12:29:25+00:00\" \/>\n<meta property=\"og:image\" content=\"https:\/\/news.canadamotorjobs.com\/wp-content\/uploads\/2023\/01\/VOI664E3HRFQBEY4NCR7AUFY5Q-scaled-1-1.jpeg\" \/>\n\t<meta property=\"og:image:width\" content=\"2560\" \/>\n\t<meta property=\"og:image:height\" content=\"1440\" \/>\n\t<meta property=\"og:image:type\" content=\"image\/jpeg\" \/>\n<meta name=\"author\" content=\"Benoit Charette\" \/>\n<meta name=\"twitter:card\" content=\"summary_large_image\" \/>\n<meta name=\"twitter:creator\" content=\"@canadamotorjobs\" \/>\n<meta name=\"twitter:site\" content=\"@canadamotorjobs\" \/>\n<meta name=\"twitter:label1\" content=\"\u00c9crit par\" \/>\n\t<meta name=\"twitter:data1\" content=\"Benoit Charette\" \/>\n\t<meta name=\"twitter:label2\" content=\"Estimation du temps de lecture\" \/>\n\t<meta name=\"twitter:data2\" content=\"1 minute\" \/>\n<!-- \/ Yoast SEO plugin. -->","yoast_head_json":{"title":"Les commandes pour le Jeep Avenger sont ouvertes en Europe - CanadaMotorJobs.com","description":"Les commandes pour le Jeep Avenger sont ouvertes en Europe - Benoit Charette - Annuel automobile - CanadaMotorJobs.com.","robots":{"index":"index","follow":"follow","max-snippet":"max-snippet:-1","max-image-preview":"max-image-preview:large","max-video-preview":"max-video-preview:-1"},"og_locale":"fr_CA","og_type":"article","og_title":"Les commandes pour le Jeep Avenger sont ouvertes en Europe - CanadaMotorJobs.com","og_description":"Les commandes pour le Jeep Avenger sont ouvertes en Europe - Benoit Charette - Annuel automobile - CanadaMotorJobs.com.","og_url":"https:\/\/news.canadamotorjobs.com\/fr\/les-commandes-pour-le-jeep-avenger-sont-ouvertes-en-europe\/","og_site_name":"CanadaMotorJobs.com","article_publisher":"https:\/\/www.facebook.com\/canadamotorjobs\/","article_published_time":"2023-01-18T12:25:21+00:00","article_modified_time":"2023-01-18T12:29:25+00:00","og_image":[{"width":2560,"height":1440,"url":"https:\/\/news.canadamotorjobs.com\/wp-content\/uploads\/2023\/01\/VOI664E3HRFQBEY4NCR7AUFY5Q-scaled-1-1.jpeg","type":"image\/jpeg"}],"author":"Benoit Charette","twitter_card":"summary_large_image","twitter_creator":"@canadamotorjobs","twitter_site":"@canadamotorjobs","twitter_misc":{"\u00c9crit par":"Benoit Charette","Estimation du temps de lecture":"1 minute"},"schema":{"@context":"https:\/\/schema.org","@graph":[{"@type":"Article","@id":"https:\/\/news.canadamotorjobs.com\/fr\/les-commandes-pour-le-jeep-avenger-sont-ouvertes-en-europe\/#article","isPartOf":{"@id":"https:\/\/news.canadamotorjobs.com\/fr\/les-commandes-pour-le-jeep-avenger-sont-ouvertes-en-europe\/"},"author":{"name":"Benoit Charette","@id":"https:\/\/news.canadamotorjobs.com\/#\/schema\/person\/51793d1f87d44011d7bcc2ed99269a90"},"headline":"Les commandes pour le Jeep Avenger sont ouvertes en Europe","datePublished":"2023-01-18T12:25:21+00:00","dateModified":"2023-01-18T12:29:25+00:00","mainEntityOfPage":{"@id":"https:\/\/news.canadamotorjobs.com\/fr\/les-commandes-pour-le-jeep-avenger-sont-ouvertes-en-europe\/"},"wordCount":273,"publisher":{"@id":"https:\/\/news.canadamotorjobs.com\/#organization"},"image":{"@id":"https:\/\/news.canadamotorjobs.com\/fr\/les-commandes-pour-le-jeep-avenger-sont-ouvertes-en-europe\/#primaryimage"},"thumbnailUrl":"https:\/\/news.canadamotorjobs.com\/wp-content\/uploads\/2023\/01\/VOI664E3HRFQBEY4NCR7AUFY5Q-scaled-1-1.jpeg","articleSection":["Annuel automobile"],"inLanguage":"fr-CA"},{"@type":"WebPage","@id":"https:\/\/news.canadamotorjobs.com\/fr\/les-commandes-pour-le-jeep-avenger-sont-ouvertes-en-europe\/","url":"https:\/\/news.canadamotorjobs.com\/fr\/les-commandes-pour-le-jeep-avenger-sont-ouvertes-en-europe\/","name":"Les commandes pour le Jeep Avenger sont ouvertes en Europe - CanadaMotorJobs.com","isPartOf":{"@id":"https:\/\/news.canadamotorjobs.com\/#website"},"primaryImageOfPage":{"@id":"https:\/\/news.canadamotorjobs.com\/fr\/les-commandes-pour-le-jeep-avenger-sont-ouvertes-en-europe\/#primaryimage"},"image":{"@id":"https:\/\/news.canadamotorjobs.com\/fr\/les-commandes-pour-le-jeep-avenger-sont-ouvertes-en-europe\/#primaryimage"},"thumbnailUrl":"https:\/\/news.canadamotorjobs.com\/wp-content\/uploads\/2023\/01\/VOI664E3HRFQBEY4NCR7AUFY5Q-scaled-1-1.jpeg","datePublished":"2023-01-18T12:25:21+00:00","dateModified":"2023-01-18T12:29:25+00:00","description":"Les commandes pour le Jeep Avenger sont ouvertes en Europe - Benoit Charette - Annuel automobile - CanadaMotorJobs.com.","breadcrumb":{"@id":"https:\/\/news.canadamotorjobs.com\/fr\/les-commandes-pour-le-jeep-avenger-sont-ouvertes-en-europe\/#breadcrumb"},"inLanguage":"fr-CA","potentialAction":[{"@type":"ReadAction","target":["https:\/\/news.canadamotorjobs.com\/fr\/les-commandes-pour-le-jeep-avenger-sont-ouvertes-en-europe\/"]}]},{"@type":"ImageObject","inLanguage":"fr-CA","@id":"https:\/\/news.canadamotorjobs.com\/fr\/les-commandes-pour-le-jeep-avenger-sont-ouvertes-en-europe\/#primaryimage","url":"https:\/\/news.canadamotorjobs.com\/wp-content\/uploads\/2023\/01\/VOI664E3HRFQBEY4NCR7AUFY5Q-scaled-1-1.jpeg","contentUrl":"https:\/\/news.canadamotorjobs.com\/wp-content\/uploads\/2023\/01\/VOI664E3HRFQBEY4NCR7AUFY5Q-scaled-1-1.jpeg","width":2560,"height":1440},{"@type":"BreadcrumbList","@id":"https:\/\/news.canadamotorjobs.com\/fr\/les-commandes-pour-le-jeep-avenger-sont-ouvertes-en-europe\/#breadcrumb","itemListElement":[{"@type":"ListItem","position":1,"name":"Home","item":"https:\/\/news.canadamotorjobs.com\/fr\/blog\/"},{"@type":"ListItem","position":2,"name":"Les commandes pour le Jeep Avenger sont ouvertes en Europe"}]},{"@type":"WebSite","@id":"https:\/\/news.canadamotorjobs.com\/#website","url":"https:\/\/news.canadamotorjobs.com\/","name":"CanadaMotorJobs.com","description":"Automotive Jobs","publisher":{"@id":"https:\/\/news.canadamotorjobs.com\/#organization"},"potentialAction":[{"@type":"SearchAction","target":{"@type":"EntryPoint","urlTemplate":"https:\/\/news.canadamotorjobs.com\/?s={search_term_string}"},"query-input":"required name=search_term_string"}],"inLanguage":"fr-CA"},{"@type":"Organization","@id":"https:\/\/news.canadamotorjobs.com\/#organization","name":"Canada Motor Jobs","url":"https:\/\/news.canadamotorjobs.com\/","logo":{"@type":"ImageObject","inLanguage":"fr-CA","@id":"https:\/\/news.canadamotorjobs.com\/#\/schema\/logo\/image\/","url":"https:\/\/news.canadamotorjobs.com\/wp-content\/uploads\/2022\/10\/logo-canada-motor-jobs-1.png","contentUrl":"https:\/\/news.canadamotorjobs.com\/wp-content\/uploads\/2022\/10\/logo-canada-motor-jobs-1.png","width":800,"height":400,"caption":"Canada Motor Jobs"},"image":{"@id":"https:\/\/news.canadamotorjobs.com\/#\/schema\/logo\/image\/"},"sameAs":["https:\/\/www.facebook.com\/canadamotorjobs\/","https:\/\/x.com\/canadamotorjobs","https:\/\/www.instagram.com\/canadamotorjobs\/","https:\/\/www.linkedin.com\/company\/canadamotorjobs"]},{"@type":"Person","@id":"https:\/\/news.canadamotorjobs.com\/#\/schema\/person\/51793d1f87d44011d7bcc2ed99269a90","name":"Benoit Charette","image":{"@type":"ImageObject","inLanguage":"fr-CA","@id":"https:\/\/news.canadamotorjobs.com\/#\/schema\/person\/image\/","url":"https:\/\/secure.gravatar.com\/avatar\/45f3d2eebcccd909668d7ce7ea7267b6?s=96&d=mm&r=g","contentUrl":"https:\/\/secure.gravatar.com\/avatar\/45f3d2eebcccd909668d7ce7ea7267b6?s=96&d=mm&r=g","caption":"Benoit Charette"},"description":"Benoit Charette \/ Propri\u00e9taire et r\u00e9dacteur en chef Benoit Charette pratique le journalisme automobile depuis bient\u00f4t 30 ans. Il a fait ses classes au c\u00f4t\u00e9 de Daniel H\u00e9raud et au Carnet de route de 1992 \u00e0 2001. Il est fondateur, copropri\u00e9taire et r\u00e9dacteur en chef de L\u2019Annuel de l\u2019automobile, qu\u2019il publie depuis 2001. Il a anim\u00e9 les \u00e9missions RPM et RPM+ sur V et les L\u00e9gendes de la route sur Historia. \u00c0 la radio depuis 1986, il reprend l\u2019antenne cette ann\u00e9e sur les ondes de Cogeco et participe pour la deuxi\u00e8me ann\u00e9e \u00e0 l\u2019\u00e9mission Passion Auto sur RDS en plus de mettre en ligne le site Web officiel de L\u2019Annuel de l\u2019automobile sur annuelauto.ca.","sameAs":["https:\/\/annuelauto.ca\/"],"url":"https:\/\/news.canadamotorjobs.com\/fr\/author\/benoit-charette\/"}]}},"_links":{"self":[{"href":"https:\/\/news.canadamotorjobs.com\/fr\/wp-json\/wp\/v2\/posts\/137952"}],"collection":[{"href":"https:\/\/news.canadamotorjobs.com\/fr\/wp-json\/wp\/v2\/posts"}],"about":[{"href":"https:\/\/news.canadamotorjobs.com\/fr\/wp-json\/wp\/v2\/types\/post"}],"author":[{"embeddable":true,"href":"https:\/\/news.canadamotorjobs.com\/fr\/wp-json\/wp\/v2\/users\/8"}],"replies":[{"embeddable":true,"href":"https:\/\/news.canadamotorjobs.com\/fr\/wp-json\/wp\/v2\/comments?post=137952"}],"version-history":[{"count":0,"href":"https:\/\/news.canadamotorjobs.com\/fr\/wp-json\/wp\/v2\/posts\/137952\/revisions"}],"wp:featuredmedia":[{"embeddable":true,"href":"https:\/\/news.canadamotorjobs.com\/fr\/wp-json\/wp\/v2\/media\/137956"}],"wp:attachment":[{"href":"https:\/\/news.canadamotorjobs.com\/fr\/wp-json\/wp\/v2\/media?parent=137952"}],"wp:term":[{"taxonomy":"category","embeddable":true,"href":"https:\/\/news.canadamotorjobs.com\/fr\/wp-json\/wp\/v2\/categories?post=137952"},{"taxonomy":"post_tag","embeddable":true,"href":"https:\/\/news.canadamotorjobs.com\/fr\/wp-json\/wp\/v2\/tags?post=137952"}],"curies":[{"name":"wp","href":"https:\/\/api.w.org\/{rel}","templated":true}]}}