{"id":137936,"date":"2023-01-17T10:32:26","date_gmt":"2023-01-17T15:32:26","guid":{"rendered":"https:\/\/news.canadamotorjobs.com\/une-corvette-electrifiee-pour-celebrer-ses-70-ans\/"},"modified":"2023-01-18T14:11:03","modified_gmt":"2023-01-18T19:11:03","slug":"une-corvette-electrifiee-pour-celebrer-ses-70-ans","status":"publish","type":"post","link":"https:\/\/news.canadamotorjobs.com\/fr\/une-corvette-electrifiee-pour-celebrer-ses-70-ans\/","title":{"rendered":"Une Corvette \u00e9lectrifi\u00e9e pour c\u00e9l\u00e9brer ses 70 ans"},"content":{"rendered":"<p>Elle en a fait du chemin la Corvette depuis ses d\u00e9buts au Motorama de New Yrok en 1953. 70 ans plus tard, Chevrolet est de retour pour pr\u00e9senter la toute premi\u00e8re Corvette \u00e9lectrifi\u00e9e avec transmission int\u00e9grale et un V8 6.2L LT2 Small Block, voici la Corvette E-Ray.<\/p>\n<h3>Coup\u00e9 et cabriolet<\/h3>\n<p>La nouvelle E-Ray &#8211; disponible en mod\u00e8les coup\u00e9 \u00e0 toit amovible et cabriolet \u00e0 toit rigide &#8211; utilise l&#8217;\u00e9lectrification pour am\u00e9liorer l&#8217;exp\u00e9rience de conduite. La puissance du V8 de 6,2 litres est 495 chevaux et 470 lb-pi de couple sur l&#8217;essieu arri\u00e8re. Il est compl\u00e9t\u00e9 par un moteur \u00e9lectrique qui transmet 160 chevaux et 125 lb-pi de couple suppl\u00e9mentaires aux roues avant via une batterie de 1,9 kWh situ\u00e9e entre les si\u00e8ges. Au total, l&#8217;E-Ray produit une puissance combin\u00e9e de 655 chevaux gr\u00e2ce au moteur \u00e9lectrique et au V-8 \u00e0 petit bloc. L&#8217;E-Ray est la Corvette de s\u00e9rie la plus rapide de l&#8217;histoire, avec un temps de 2,7 secondes pour passer de 0 \u00e0 100 km\/h avant de franchir le quart de mile en 10,5 secondes.<\/p>\n<h3>4 roues motrices gr\u00e2ce au moteur \u00e9lectrique<\/h3>\n<p>L&#8217;E-Ray associe deux syst\u00e8mes de propulsion distincts pour fournir la puissance d&#8217;un V-8 \u00e0 aspiration naturelle et la r\u00e9activit\u00e9 \u00e9lectrifi\u00e9e par le syst\u00e8me eAWD, ce qui en fait une voiture unique en son genre. Le syst\u00e8me de batterie de l&#8217;E-Ray n&#8217;a pas besoin d&#8217;\u00eatre recharg\u00e9 sur secteur. La batterie se recharge principalement gr\u00e2ce \u00e0 l&#8217;\u00e9nergie r\u00e9g\u00e9n\u00e9ratrice produite par la marche en roue libre et le freinage, ainsi<\/p>\n","protected":false},"excerpt":{"rendered":"<p>Elle en a fait du chemin la Corvette depuis ses d\u00e9buts au Motorama de New Yrok en 1953. 70 ans plus tard, Chevrolet est de retour pour pr\u00e9senter la toute premi\u00e8re Corvette \u00e9lectrifi\u00e9e avec transmission int\u00e9grale et un V8 6.2L LT2 Small Block, voici la Corvette E-Ray. Coup\u00e9 et cabriolet La nouvelle E-Ray &#8211; disponible [&hellip;]<\/p>\n","protected":false},"author":8,"featured_media":137940,"comment_status":"close","ping_status":"closed","sticky":false,"template":"","format":"standard","meta":{"_monsterinsights_skip_tracking":false,"_monsterinsights_sitenote_active":false,"_monsterinsights_sitenote_note":"","_monsterinsights_sitenote_category":0,"footnotes":""},"categories":[101],"tags":[131],"yoast_head":"<!-- This site is optimized with the Yoast SEO plugin v23.2 - https:\/\/yoast.com\/wordpress\/plugins\/seo\/ -->\n<title>Une Corvette \u00e9lectrifi\u00e9e pour c\u00e9l\u00e9brer ses 70 ans - CanadaMotorJobs.com<\/title>\n<meta name=\"description\" content=\"Une Corvette \u00e9lectrifi\u00e9e pour c\u00e9l\u00e9brer ses 70 ans - Benoit Charette - Annuel automobile - CanadaMotorJobs.com.\" \/>\n<meta name=\"robots\" content=\"index, follow, max-snippet:-1, max-image-preview:large, max-video-preview:-1\" \/>\n<meta property=\"og:locale\" content=\"fr_CA\" \/>\n<meta property=\"og:type\" content=\"article\" \/>\n<meta property=\"og:title\" content=\"Une Corvette \u00e9lectrifi\u00e9e pour c\u00e9l\u00e9brer ses 70 ans - CanadaMotorJobs.com\" \/>\n<meta property=\"og:description\" content=\"Une Corvette \u00e9lectrifi\u00e9e pour c\u00e9l\u00e9brer ses 70 ans - Benoit Charette - Annuel automobile - CanadaMotorJobs.com.\" \/>\n<meta property=\"og:url\" content=\"https:\/\/news.canadamotorjobs.com\/fr\/une-corvette-electrifiee-pour-celebrer-ses-70-ans\/\" \/>\n<meta property=\"og:site_name\" content=\"CanadaMotorJobs.com\" \/>\n<meta property=\"article:publisher\" content=\"https:\/\/www.facebook.com\/canadamotorjobs\/\" \/>\n<meta property=\"article:published_time\" content=\"2023-01-17T15:32:26+00:00\" \/>\n<meta property=\"article:modified_time\" content=\"2023-01-18T19:11:03+00:00\" \/>\n<meta property=\"og:image\" content=\"https:\/\/news.canadamotorjobs.com\/wp-content\/uploads\/2023\/01\/2024-chevrolet-corvette-e-ray-3lz-005-1.jpg\" \/>\n\t<meta property=\"og:image:width\" content=\"1280\" \/>\n\t<meta property=\"og:image:height\" content=\"800\" \/>\n\t<meta property=\"og:image:type\" content=\"image\/jpeg\" \/>\n<meta name=\"author\" content=\"Benoit Charette\" \/>\n<meta name=\"twitter:card\" content=\"summary_large_image\" \/>\n<meta name=\"twitter:creator\" content=\"@canadamotorjobs\" \/>\n<meta name=\"twitter:site\" content=\"@canadamotorjobs\" \/>\n<meta name=\"twitter:label1\" content=\"\u00c9crit par\" \/>\n\t<meta name=\"twitter:data1\" content=\"Benoit Charette\" \/>\n\t<meta name=\"twitter:label2\" content=\"Estimation du temps de lecture\" \/>\n\t<meta name=\"twitter:data2\" content=\"2 minutes\" \/>\n<!-- \/ Yoast SEO plugin. -->","yoast_head_json":{"title":"Une Corvette \u00e9lectrifi\u00e9e pour c\u00e9l\u00e9brer ses 70 ans - CanadaMotorJobs.com","description":"Une Corvette \u00e9lectrifi\u00e9e pour c\u00e9l\u00e9brer ses 70 ans - Benoit Charette - Annuel automobile - CanadaMotorJobs.com.","robots":{"index":"index","follow":"follow","max-snippet":"max-snippet:-1","max-image-preview":"max-image-preview:large","max-video-preview":"max-video-preview:-1"},"og_locale":"fr_CA","og_type":"article","og_title":"Une Corvette \u00e9lectrifi\u00e9e pour c\u00e9l\u00e9brer ses 70 ans - CanadaMotorJobs.com","og_description":"Une Corvette \u00e9lectrifi\u00e9e pour c\u00e9l\u00e9brer ses 70 ans - Benoit Charette - Annuel automobile - CanadaMotorJobs.com.","og_url":"https:\/\/news.canadamotorjobs.com\/fr\/une-corvette-electrifiee-pour-celebrer-ses-70-ans\/","og_site_name":"CanadaMotorJobs.com","article_publisher":"https:\/\/www.facebook.com\/canadamotorjobs\/","article_published_time":"2023-01-17T15:32:26+00:00","article_modified_time":"2023-01-18T19:11:03+00:00","og_image":[{"width":1280,"height":800,"url":"https:\/\/news.canadamotorjobs.com\/wp-content\/uploads\/2023\/01\/2024-chevrolet-corvette-e-ray-3lz-005-1.jpg","type":"image\/jpeg"}],"author":"Benoit Charette","twitter_card":"summary_large_image","twitter_creator":"@canadamotorjobs","twitter_site":"@canadamotorjobs","twitter_misc":{"\u00c9crit par":"Benoit Charette","Estimation du temps de lecture":"2 minutes"},"schema":{"@context":"https:\/\/schema.org","@graph":[{"@type":"Article","@id":"https:\/\/news.canadamotorjobs.com\/fr\/une-corvette-electrifiee-pour-celebrer-ses-70-ans\/#article","isPartOf":{"@id":"https:\/\/news.canadamotorjobs.com\/fr\/une-corvette-electrifiee-pour-celebrer-ses-70-ans\/"},"author":{"name":"Benoit Charette","@id":"https:\/\/news.canadamotorjobs.com\/#\/schema\/person\/51793d1f87d44011d7bcc2ed99269a90"},"headline":"Une Corvette \u00e9lectrifi\u00e9e pour c\u00e9l\u00e9brer ses 70 ans","datePublished":"2023-01-17T15:32:26+00:00","dateModified":"2023-01-18T19:11:03+00:00","mainEntityOfPage":{"@id":"https:\/\/news.canadamotorjobs.com\/fr\/une-corvette-electrifiee-pour-celebrer-ses-70-ans\/"},"wordCount":279,"publisher":{"@id":"https:\/\/news.canadamotorjobs.com\/#organization"},"image":{"@id":"https:\/\/news.canadamotorjobs.com\/fr\/une-corvette-electrifiee-pour-celebrer-ses-70-ans\/#primaryimage"},"thumbnailUrl":"https:\/\/news.canadamotorjobs.com\/wp-content\/uploads\/2023\/01\/2024-chevrolet-corvette-e-ray-3lz-005-1.jpg","keywords":["Newsletter"],"articleSection":["Annuel automobile"],"inLanguage":"fr-CA"},{"@type":"WebPage","@id":"https:\/\/news.canadamotorjobs.com\/fr\/une-corvette-electrifiee-pour-celebrer-ses-70-ans\/","url":"https:\/\/news.canadamotorjobs.com\/fr\/une-corvette-electrifiee-pour-celebrer-ses-70-ans\/","name":"Une Corvette \u00e9lectrifi\u00e9e pour c\u00e9l\u00e9brer ses 70 ans - CanadaMotorJobs.com","isPartOf":{"@id":"https:\/\/news.canadamotorjobs.com\/#website"},"primaryImageOfPage":{"@id":"https:\/\/news.canadamotorjobs.com\/fr\/une-corvette-electrifiee-pour-celebrer-ses-70-ans\/#primaryimage"},"image":{"@id":"https:\/\/news.canadamotorjobs.com\/fr\/une-corvette-electrifiee-pour-celebrer-ses-70-ans\/#primaryimage"},"thumbnailUrl":"https:\/\/news.canadamotorjobs.com\/wp-content\/uploads\/2023\/01\/2024-chevrolet-corvette-e-ray-3lz-005-1.jpg","datePublished":"2023-01-17T15:32:26+00:00","dateModified":"2023-01-18T19:11:03+00:00","description":"Une Corvette \u00e9lectrifi\u00e9e pour c\u00e9l\u00e9brer ses 70 ans - Benoit Charette - Annuel automobile - CanadaMotorJobs.com.","breadcrumb":{"@id":"https:\/\/news.canadamotorjobs.com\/fr\/une-corvette-electrifiee-pour-celebrer-ses-70-ans\/#breadcrumb"},"inLanguage":"fr-CA","potentialAction":[{"@type":"ReadAction","target":["https:\/\/news.canadamotorjobs.com\/fr\/une-corvette-electrifiee-pour-celebrer-ses-70-ans\/"]}]},{"@type":"ImageObject","inLanguage":"fr-CA","@id":"https:\/\/news.canadamotorjobs.com\/fr\/une-corvette-electrifiee-pour-celebrer-ses-70-ans\/#primaryimage","url":"https:\/\/news.canadamotorjobs.com\/wp-content\/uploads\/2023\/01\/2024-chevrolet-corvette-e-ray-3lz-005-1.jpg","contentUrl":"https:\/\/news.canadamotorjobs.com\/wp-content\/uploads\/2023\/01\/2024-chevrolet-corvette-e-ray-3lz-005-1.jpg","width":1280,"height":800},{"@type":"BreadcrumbList","@id":"https:\/\/news.canadamotorjobs.com\/fr\/une-corvette-electrifiee-pour-celebrer-ses-70-ans\/#breadcrumb","itemListElement":[{"@type":"ListItem","position":1,"name":"Home","item":"https:\/\/news.canadamotorjobs.com\/fr\/blog\/"},{"@type":"ListItem","position":2,"name":"Une Corvette \u00e9lectrifi\u00e9e pour c\u00e9l\u00e9brer ses 70 ans"}]},{"@type":"WebSite","@id":"https:\/\/news.canadamotorjobs.com\/#website","url":"https:\/\/news.canadamotorjobs.com\/","name":"CanadaMotorJobs.com","description":"Automotive Jobs","publisher":{"@id":"https:\/\/news.canadamotorjobs.com\/#organization"},"potentialAction":[{"@type":"SearchAction","target":{"@type":"EntryPoint","urlTemplate":"https:\/\/news.canadamotorjobs.com\/?s={search_term_string}"},"query-input":"required name=search_term_string"}],"inLanguage":"fr-CA"},{"@type":"Organization","@id":"https:\/\/news.canadamotorjobs.com\/#organization","name":"Canada Motor Jobs","url":"https:\/\/news.canadamotorjobs.com\/","logo":{"@type":"ImageObject","inLanguage":"fr-CA","@id":"https:\/\/news.canadamotorjobs.com\/#\/schema\/logo\/image\/","url":"https:\/\/news.canadamotorjobs.com\/wp-content\/uploads\/2022\/10\/logo-canada-motor-jobs-1.png","contentUrl":"https:\/\/news.canadamotorjobs.com\/wp-content\/uploads\/2022\/10\/logo-canada-motor-jobs-1.png","width":800,"height":400,"caption":"Canada Motor Jobs"},"image":{"@id":"https:\/\/news.canadamotorjobs.com\/#\/schema\/logo\/image\/"},"sameAs":["https:\/\/www.facebook.com\/canadamotorjobs\/","https:\/\/x.com\/canadamotorjobs","https:\/\/www.instagram.com\/canadamotorjobs\/","https:\/\/www.linkedin.com\/company\/canadamotorjobs"]},{"@type":"Person","@id":"https:\/\/news.canadamotorjobs.com\/#\/schema\/person\/51793d1f87d44011d7bcc2ed99269a90","name":"Benoit Charette","image":{"@type":"ImageObject","inLanguage":"fr-CA","@id":"https:\/\/news.canadamotorjobs.com\/#\/schema\/person\/image\/","url":"https:\/\/secure.gravatar.com\/avatar\/45f3d2eebcccd909668d7ce7ea7267b6?s=96&d=mm&r=g","contentUrl":"https:\/\/secure.gravatar.com\/avatar\/45f3d2eebcccd909668d7ce7ea7267b6?s=96&d=mm&r=g","caption":"Benoit Charette"},"description":"Benoit Charette \/ Propri\u00e9taire et r\u00e9dacteur en chef Benoit Charette pratique le journalisme automobile depuis bient\u00f4t 30 ans. Il a fait ses classes au c\u00f4t\u00e9 de Daniel H\u00e9raud et au Carnet de route de 1992 \u00e0 2001. Il est fondateur, copropri\u00e9taire et r\u00e9dacteur en chef de L\u2019Annuel de l\u2019automobile, qu\u2019il publie depuis 2001. Il a anim\u00e9 les \u00e9missions RPM et RPM+ sur V et les L\u00e9gendes de la route sur Historia. \u00c0 la radio depuis 1986, il reprend l\u2019antenne cette ann\u00e9e sur les ondes de Cogeco et participe pour la deuxi\u00e8me ann\u00e9e \u00e0 l\u2019\u00e9mission Passion Auto sur RDS en plus de mettre en ligne le site Web officiel de L\u2019Annuel de l\u2019automobile sur annuelauto.ca.","sameAs":["https:\/\/annuelauto.ca\/"],"url":"https:\/\/news.canadamotorjobs.com\/fr\/author\/benoit-charette\/"}]}},"_links":{"self":[{"href":"https:\/\/news.canadamotorjobs.com\/fr\/wp-json\/wp\/v2\/posts\/137936"}],"collection":[{"href":"https:\/\/news.canadamotorjobs.com\/fr\/wp-json\/wp\/v2\/posts"}],"about":[{"href":"https:\/\/news.canadamotorjobs.com\/fr\/wp-json\/wp\/v2\/types\/post"}],"author":[{"embeddable":true,"href":"https:\/\/news.canadamotorjobs.com\/fr\/wp-json\/wp\/v2\/users\/8"}],"replies":[{"embeddable":true,"href":"https:\/\/news.canadamotorjobs.com\/fr\/wp-json\/wp\/v2\/comments?post=137936"}],"version-history":[{"count":0,"href":"https:\/\/news.canadamotorjobs.com\/fr\/wp-json\/wp\/v2\/posts\/137936\/revisions"}],"wp:featuredmedia":[{"embeddable":true,"href":"https:\/\/news.canadamotorjobs.com\/fr\/wp-json\/wp\/v2\/media\/137940"}],"wp:attachment":[{"href":"https:\/\/news.canadamotorjobs.com\/fr\/wp-json\/wp\/v2\/media?parent=137936"}],"wp:term":[{"taxonomy":"category","embeddable":true,"href":"https:\/\/news.canadamotorjobs.com\/fr\/wp-json\/wp\/v2\/categories?post=137936"},{"taxonomy":"post_tag","embeddable":true,"href":"https:\/\/news.canadamotorjobs.com\/fr\/wp-json\/wp\/v2\/tags?post=137936"}],"curies":[{"name":"wp","href":"https:\/\/api.w.org\/{rel}","templated":true}]}}