{"id":137912,"date":"2023-01-15T12:27:16","date_gmt":"2023-01-15T17:27:16","guid":{"rendered":"https:\/\/news.canadamotorjobs.com\/suzuki-lance-son-premier-jimny-a-5-portes\/"},"modified":"2023-01-15T12:46:37","modified_gmt":"2023-01-15T17:46:37","slug":"suzuki-lance-son-premier-jimny-a-5-portes","status":"publish","type":"post","link":"https:\/\/news.canadamotorjobs.com\/fr\/suzuki-lance-son-premier-jimny-a-5-portes\/","title":{"rendered":"Suzuki lance son premier Jimny \u00e0 5 portes"},"content":{"rendered":"<\/p>\n<p>Signe des temps, il y aura d\u00e9sormais un Suzuki\u00a0Jimny \u00e0 5\u00a0portes. Il aura toutefois fallu attendre plus de 50\u00a0ans pour que le constructeur nippon suive la m\u00eame voie que Jeep avec son <a href=\"https:\/\/annuelauto.ca\/jeep-wrangler-4xe-2\/\" target=\"_blank\" rel=\"noopener noreferrer\">Wrangler<\/a> afin de mieux r\u00e9pondre \u00e0 la demande croissante pour les utilitaires tout-terrain \u00e0 vocation familiale.\u00a0 \u00a0<\/p>\n<p> Cette nouveaut\u00e9 a \u00e9t\u00e9 pr\u00e9sent\u00e9e cette semaine par Maruti Suzuki India Limited, la filiale indienne de Suzuki Motor Corporation, dans le cadre du salon Auto\u00a0Expo\u00a02023 qui a ouvert ses portes \u00e0 Delhi, le 11 janvier.<\/p>\n<p> Cette nouvelle variante a un ch\u00e2ssis \u00e0 empattement plus long que la version \u00e0 3\u00a0portes (2\u00a0590\u00a0mm plut\u00f4t que 2\u00a0250). Cela lui permet d\u2019avoir une carrosserie longue de 3\u00a0985\u00a0mm par rapport aux 3\u00a0645\u00a0mm du Jimny \u00e0 3\u00a0portes \u2014 en incluant la roue de secours arri\u00e8re qui est fix\u00e9e \u00e0 la porte battante arri\u00e8re. En outre, le Jimny 5-portes a une banquette arri\u00e8re plus large, ce qui b\u00e9n\u00e9ficiera s\u00fbrement \u00e0 ses occupants.\u00a0<\/p>\n<p> Pour le march\u00e9 indien, o\u00f9 il sera produit en premier, le constructeur offrira un moteur \u00e0 4 cylindres de 1,5\u00a0L jumel\u00e9 \u00e0 une bo\u00eete de vitesses manuelle \u00e0 5\u00a0rapports ou une automatique \u00e0 4\u00a0rapports.<br \/> D\u2019abord pour l\u2019Inde<br \/> Cette nouvelle variante du Jimny vient \u00e9toffer la gamme du mod\u00e8le de quatri\u00e8me g\u00e9n\u00e9ration que Suzuki produit au Japon depuis 2018 pour son march\u00e9 local, mais aussi pour l\u2019Europe et l\u2019Oc\u00e9anie. Depuis novembre 2020, le Jimny est \u00e9galement assembl\u00e9 par Maruti pour le march\u00e9 indien, mais aussi pour l\u2019exportation vers l&#8217;Am\u00e9rique latine et l\u2019Afrique.<\/p>\n<p> La<\/p>\n","protected":false},"excerpt":{"rendered":"<p>Signe des temps, il y aura d\u00e9sormais un Suzuki\u00a0Jimny \u00e0 5\u00a0portes. Il aura toutefois fallu attendre plus de 50\u00a0ans pour que le constructeur nippon suive la m\u00eame voie que Jeep avec son Wrangler afin de mieux r\u00e9pondre \u00e0 la demande croissante pour les utilitaires tout-terrain \u00e0 vocation familiale.\u00a0 \u00a0 Cette nouveaut\u00e9 a \u00e9t\u00e9 pr\u00e9sent\u00e9e cette [&hellip;]<\/p>\n","protected":false},"author":8,"featured_media":137916,"comment_status":"close","ping_status":"closed","sticky":false,"template":"","format":"standard","meta":{"_monsterinsights_skip_tracking":false,"_monsterinsights_sitenote_active":false,"_monsterinsights_sitenote_note":"","_monsterinsights_sitenote_category":0,"footnotes":""},"categories":[101],"tags":[],"yoast_head":"<!-- This site is optimized with the Yoast SEO plugin v23.2 - https:\/\/yoast.com\/wordpress\/plugins\/seo\/ -->\n<title>Suzuki lance son premier Jimny \u00e0 5 portes - CanadaMotorJobs.com<\/title>\n<meta name=\"description\" content=\"Suzuki lance son premier Jimny \u00e0 5 portes - Benoit Charette - Annuel automobile - CanadaMotorJobs.com.\" \/>\n<meta name=\"robots\" content=\"index, follow, max-snippet:-1, max-image-preview:large, max-video-preview:-1\" \/>\n<meta property=\"og:locale\" content=\"fr_CA\" \/>\n<meta property=\"og:type\" content=\"article\" \/>\n<meta property=\"og:title\" content=\"Suzuki lance son premier Jimny \u00e0 5 portes - CanadaMotorJobs.com\" \/>\n<meta property=\"og:description\" content=\"Suzuki lance son premier Jimny \u00e0 5 portes - Benoit Charette - Annuel automobile - CanadaMotorJobs.com.\" \/>\n<meta property=\"og:url\" content=\"https:\/\/news.canadamotorjobs.com\/fr\/suzuki-lance-son-premier-jimny-a-5-portes\/\" \/>\n<meta property=\"og:site_name\" content=\"CanadaMotorJobs.com\" \/>\n<meta property=\"article:publisher\" content=\"https:\/\/www.facebook.com\/canadamotorjobs\/\" \/>\n<meta property=\"article:published_time\" content=\"2023-01-15T17:27:16+00:00\" \/>\n<meta property=\"article:modified_time\" content=\"2023-01-15T17:46:37+00:00\" \/>\n<meta property=\"og:image\" content=\"https:\/\/news.canadamotorjobs.com\/wp-content\/uploads\/2023\/01\/Suzuki-Jimny-5-portes-2023-3-1.jpg\" \/>\n\t<meta property=\"og:image:width\" content=\"1500\" \/>\n\t<meta property=\"og:image:height\" content=\"1000\" \/>\n\t<meta property=\"og:image:type\" content=\"image\/jpeg\" \/>\n<meta name=\"author\" content=\"Benoit Charette\" \/>\n<meta name=\"twitter:card\" content=\"summary_large_image\" \/>\n<meta name=\"twitter:creator\" content=\"@canadamotorjobs\" \/>\n<meta name=\"twitter:site\" content=\"@canadamotorjobs\" \/>\n<meta name=\"twitter:label1\" content=\"\u00c9crit par\" \/>\n\t<meta name=\"twitter:data1\" content=\"Benoit Charette\" \/>\n\t<meta name=\"twitter:label2\" content=\"Estimation du temps de lecture\" \/>\n\t<meta name=\"twitter:data2\" content=\"1 minute\" \/>\n<!-- \/ Yoast SEO plugin. -->","yoast_head_json":{"title":"Suzuki lance son premier Jimny \u00e0 5 portes - CanadaMotorJobs.com","description":"Suzuki lance son premier Jimny \u00e0 5 portes - Benoit Charette - Annuel automobile - CanadaMotorJobs.com.","robots":{"index":"index","follow":"follow","max-snippet":"max-snippet:-1","max-image-preview":"max-image-preview:large","max-video-preview":"max-video-preview:-1"},"og_locale":"fr_CA","og_type":"article","og_title":"Suzuki lance son premier Jimny \u00e0 5 portes - CanadaMotorJobs.com","og_description":"Suzuki lance son premier Jimny \u00e0 5 portes - Benoit Charette - Annuel automobile - CanadaMotorJobs.com.","og_url":"https:\/\/news.canadamotorjobs.com\/fr\/suzuki-lance-son-premier-jimny-a-5-portes\/","og_site_name":"CanadaMotorJobs.com","article_publisher":"https:\/\/www.facebook.com\/canadamotorjobs\/","article_published_time":"2023-01-15T17:27:16+00:00","article_modified_time":"2023-01-15T17:46:37+00:00","og_image":[{"width":1500,"height":1000,"url":"https:\/\/news.canadamotorjobs.com\/wp-content\/uploads\/2023\/01\/Suzuki-Jimny-5-portes-2023-3-1.jpg","type":"image\/jpeg"}],"author":"Benoit Charette","twitter_card":"summary_large_image","twitter_creator":"@canadamotorjobs","twitter_site":"@canadamotorjobs","twitter_misc":{"\u00c9crit par":"Benoit Charette","Estimation du temps de lecture":"1 minute"},"schema":{"@context":"https:\/\/schema.org","@graph":[{"@type":"Article","@id":"https:\/\/news.canadamotorjobs.com\/fr\/suzuki-lance-son-premier-jimny-a-5-portes\/#article","isPartOf":{"@id":"https:\/\/news.canadamotorjobs.com\/fr\/suzuki-lance-son-premier-jimny-a-5-portes\/"},"author":{"name":"Benoit Charette","@id":"https:\/\/news.canadamotorjobs.com\/#\/schema\/person\/51793d1f87d44011d7bcc2ed99269a90"},"headline":"Suzuki lance son premier Jimny \u00e0 5 portes","datePublished":"2023-01-15T17:27:16+00:00","dateModified":"2023-01-15T17:46:37+00:00","mainEntityOfPage":{"@id":"https:\/\/news.canadamotorjobs.com\/fr\/suzuki-lance-son-premier-jimny-a-5-portes\/"},"wordCount":263,"publisher":{"@id":"https:\/\/news.canadamotorjobs.com\/#organization"},"image":{"@id":"https:\/\/news.canadamotorjobs.com\/fr\/suzuki-lance-son-premier-jimny-a-5-portes\/#primaryimage"},"thumbnailUrl":"https:\/\/news.canadamotorjobs.com\/wp-content\/uploads\/2023\/01\/Suzuki-Jimny-5-portes-2023-3-1.jpg","articleSection":["Annuel automobile"],"inLanguage":"fr-CA"},{"@type":"WebPage","@id":"https:\/\/news.canadamotorjobs.com\/fr\/suzuki-lance-son-premier-jimny-a-5-portes\/","url":"https:\/\/news.canadamotorjobs.com\/fr\/suzuki-lance-son-premier-jimny-a-5-portes\/","name":"Suzuki lance son premier Jimny \u00e0 5 portes - CanadaMotorJobs.com","isPartOf":{"@id":"https:\/\/news.canadamotorjobs.com\/#website"},"primaryImageOfPage":{"@id":"https:\/\/news.canadamotorjobs.com\/fr\/suzuki-lance-son-premier-jimny-a-5-portes\/#primaryimage"},"image":{"@id":"https:\/\/news.canadamotorjobs.com\/fr\/suzuki-lance-son-premier-jimny-a-5-portes\/#primaryimage"},"thumbnailUrl":"https:\/\/news.canadamotorjobs.com\/wp-content\/uploads\/2023\/01\/Suzuki-Jimny-5-portes-2023-3-1.jpg","datePublished":"2023-01-15T17:27:16+00:00","dateModified":"2023-01-15T17:46:37+00:00","description":"Suzuki lance son premier Jimny \u00e0 5 portes - Benoit Charette - Annuel automobile - CanadaMotorJobs.com.","breadcrumb":{"@id":"https:\/\/news.canadamotorjobs.com\/fr\/suzuki-lance-son-premier-jimny-a-5-portes\/#breadcrumb"},"inLanguage":"fr-CA","potentialAction":[{"@type":"ReadAction","target":["https:\/\/news.canadamotorjobs.com\/fr\/suzuki-lance-son-premier-jimny-a-5-portes\/"]}]},{"@type":"ImageObject","inLanguage":"fr-CA","@id":"https:\/\/news.canadamotorjobs.com\/fr\/suzuki-lance-son-premier-jimny-a-5-portes\/#primaryimage","url":"https:\/\/news.canadamotorjobs.com\/wp-content\/uploads\/2023\/01\/Suzuki-Jimny-5-portes-2023-3-1.jpg","contentUrl":"https:\/\/news.canadamotorjobs.com\/wp-content\/uploads\/2023\/01\/Suzuki-Jimny-5-portes-2023-3-1.jpg","width":1500,"height":1000},{"@type":"BreadcrumbList","@id":"https:\/\/news.canadamotorjobs.com\/fr\/suzuki-lance-son-premier-jimny-a-5-portes\/#breadcrumb","itemListElement":[{"@type":"ListItem","position":1,"name":"Home","item":"https:\/\/news.canadamotorjobs.com\/fr\/blog\/"},{"@type":"ListItem","position":2,"name":"Suzuki lance son premier Jimny \u00e0 5 portes"}]},{"@type":"WebSite","@id":"https:\/\/news.canadamotorjobs.com\/#website","url":"https:\/\/news.canadamotorjobs.com\/","name":"CanadaMotorJobs.com","description":"Automotive Jobs","publisher":{"@id":"https:\/\/news.canadamotorjobs.com\/#organization"},"potentialAction":[{"@type":"SearchAction","target":{"@type":"EntryPoint","urlTemplate":"https:\/\/news.canadamotorjobs.com\/?s={search_term_string}"},"query-input":"required name=search_term_string"}],"inLanguage":"fr-CA"},{"@type":"Organization","@id":"https:\/\/news.canadamotorjobs.com\/#organization","name":"Canada Motor Jobs","url":"https:\/\/news.canadamotorjobs.com\/","logo":{"@type":"ImageObject","inLanguage":"fr-CA","@id":"https:\/\/news.canadamotorjobs.com\/#\/schema\/logo\/image\/","url":"https:\/\/news.canadamotorjobs.com\/wp-content\/uploads\/2022\/10\/logo-canada-motor-jobs-1.png","contentUrl":"https:\/\/news.canadamotorjobs.com\/wp-content\/uploads\/2022\/10\/logo-canada-motor-jobs-1.png","width":800,"height":400,"caption":"Canada Motor Jobs"},"image":{"@id":"https:\/\/news.canadamotorjobs.com\/#\/schema\/logo\/image\/"},"sameAs":["https:\/\/www.facebook.com\/canadamotorjobs\/","https:\/\/x.com\/canadamotorjobs","https:\/\/www.instagram.com\/canadamotorjobs\/","https:\/\/www.linkedin.com\/company\/canadamotorjobs"]},{"@type":"Person","@id":"https:\/\/news.canadamotorjobs.com\/#\/schema\/person\/51793d1f87d44011d7bcc2ed99269a90","name":"Benoit Charette","image":{"@type":"ImageObject","inLanguage":"fr-CA","@id":"https:\/\/news.canadamotorjobs.com\/#\/schema\/person\/image\/","url":"https:\/\/secure.gravatar.com\/avatar\/45f3d2eebcccd909668d7ce7ea7267b6?s=96&d=mm&r=g","contentUrl":"https:\/\/secure.gravatar.com\/avatar\/45f3d2eebcccd909668d7ce7ea7267b6?s=96&d=mm&r=g","caption":"Benoit Charette"},"description":"Benoit Charette \/ Propri\u00e9taire et r\u00e9dacteur en chef Benoit Charette pratique le journalisme automobile depuis bient\u00f4t 30 ans. Il a fait ses classes au c\u00f4t\u00e9 de Daniel H\u00e9raud et au Carnet de route de 1992 \u00e0 2001. Il est fondateur, copropri\u00e9taire et r\u00e9dacteur en chef de L\u2019Annuel de l\u2019automobile, qu\u2019il publie depuis 2001. Il a anim\u00e9 les \u00e9missions RPM et RPM+ sur V et les L\u00e9gendes de la route sur Historia. \u00c0 la radio depuis 1986, il reprend l\u2019antenne cette ann\u00e9e sur les ondes de Cogeco et participe pour la deuxi\u00e8me ann\u00e9e \u00e0 l\u2019\u00e9mission Passion Auto sur RDS en plus de mettre en ligne le site Web officiel de L\u2019Annuel de l\u2019automobile sur annuelauto.ca.","sameAs":["https:\/\/annuelauto.ca\/"],"url":"https:\/\/news.canadamotorjobs.com\/fr\/author\/benoit-charette\/"}]}},"_links":{"self":[{"href":"https:\/\/news.canadamotorjobs.com\/fr\/wp-json\/wp\/v2\/posts\/137912"}],"collection":[{"href":"https:\/\/news.canadamotorjobs.com\/fr\/wp-json\/wp\/v2\/posts"}],"about":[{"href":"https:\/\/news.canadamotorjobs.com\/fr\/wp-json\/wp\/v2\/types\/post"}],"author":[{"embeddable":true,"href":"https:\/\/news.canadamotorjobs.com\/fr\/wp-json\/wp\/v2\/users\/8"}],"replies":[{"embeddable":true,"href":"https:\/\/news.canadamotorjobs.com\/fr\/wp-json\/wp\/v2\/comments?post=137912"}],"version-history":[{"count":0,"href":"https:\/\/news.canadamotorjobs.com\/fr\/wp-json\/wp\/v2\/posts\/137912\/revisions"}],"wp:featuredmedia":[{"embeddable":true,"href":"https:\/\/news.canadamotorjobs.com\/fr\/wp-json\/wp\/v2\/media\/137916"}],"wp:attachment":[{"href":"https:\/\/news.canadamotorjobs.com\/fr\/wp-json\/wp\/v2\/media?parent=137912"}],"wp:term":[{"taxonomy":"category","embeddable":true,"href":"https:\/\/news.canadamotorjobs.com\/fr\/wp-json\/wp\/v2\/categories?post=137912"},{"taxonomy":"post_tag","embeddable":true,"href":"https:\/\/news.canadamotorjobs.com\/fr\/wp-json\/wp\/v2\/tags?post=137912"}],"curies":[{"name":"wp","href":"https:\/\/api.w.org\/{rel}","templated":true}]}}