{"id":137880,"date":"2023-01-15T08:06:46","date_gmt":"2023-01-15T13:06:46","guid":{"rendered":"https:\/\/news.canadamotorjobs.com\/le-ralentissement-economique-est-une-bonne-chose-pour-les-inventaires-automobiles\/"},"modified":"2023-01-15T08:15:56","modified_gmt":"2023-01-15T13:15:56","slug":"le-ralentissement-economique-est-une-bonne-chose-pour-les-inventaires-automobiles","status":"publish","type":"post","link":"https:\/\/news.canadamotorjobs.com\/fr\/le-ralentissement-economique-est-une-bonne-chose-pour-les-inventaires-automobiles\/","title":{"rendered":"Le ralentissement \u00e9conomique est une bonne chose pour les inventaires automobiles."},"content":{"rendered":"<\/p>\n<p>Selon plusieurs associations de concessionnaires, l\u2019inventaire de v\u00e9hicules prend du mieux gr\u00e2ce \u00e0 la combinaison de faibles incitations et de taux d&#8217;int\u00e9r\u00eat plus \u00e9lev\u00e9s qui ont ralenti les ardeurs de bien des acheteurs. Bien que les usines d&#8217;assemblage soient toujours confront\u00e9es \u00e0 des probl\u00e8mes de cha\u00eene d&#8217;approvisionnement, il y a des signes de reprise. On d\u00e9note une augmentation de la production de v\u00e9hicule en d\u00e9cembre 2022, selon Cox Automotive.<\/p>\n<p> Toutes les marques ne vont pas au m\u00eame rythme<br \/> On ne voit pas une grande progression, car la demande reste forte. N\u00e9anmoins, \u00e0 un niveau macro\u00e9conomique, les parcs de concessionnaires autrefois vides commencent \u00e0 se remplir \u00e0 nouveau. Aux \u00c9tats-Unis, \u00ab\u00a0l&#8217;offre de v\u00e9hicules neufs a augment\u00e9 de pr\u00e8s de 500\u00a0000 unit\u00e9s depuis la fin septembre, il y a seulement trois mois, soit une augmentation de 37\u00a0%. Par rapport \u00e0 il y a un an, les stocks ont augment\u00e9 de 715\u00a0000 unit\u00e9s, soit 66\u00a0%, mais le rythme des ventes ne s&#8217;est am\u00e9lior\u00e9 que de 2\u00a0% &#8220;, estime Cox Automotive. \u00ab\u00a0Si cette tendance se poursuit &#8211; et cela semble probable \u2014, les constructeurs automobiles seront soumis \u00e0 une pression accrue pour d\u00e9placer le m\u00e9tal avec des incitations plus \u00e9lev\u00e9es.\u00a0\u00bb Autrement dit, l\u2019offre augmente, mais les clients la juge trop \u00e9lev\u00e9e et n\u2019ach\u00e8tent pas.<\/p>\n<p> Un retour du pendule<br \/> La p\u00e9riode pand\u00e9mique avec tr\u00e8s peu de v\u00e9hicules en concession a \u00e9t\u00e9 tr\u00e8s lucrative pour les concessionnaires et des constructeurs automobiles, et beaucoup d&#8217;entre eux continuent de d\u00e9clarer des b\u00e9n\u00e9fices records. Elle a \u00e9galement<\/p>\n","protected":false},"excerpt":{"rendered":"<p>Selon plusieurs associations de concessionnaires, l\u2019inventaire de v\u00e9hicules prend du mieux gr\u00e2ce \u00e0 la combinaison de faibles incitations et de taux d&#8217;int\u00e9r\u00eat plus \u00e9lev\u00e9s qui ont ralenti les ardeurs de bien des acheteurs. Bien que les usines d&#8217;assemblage soient toujours confront\u00e9es \u00e0 des probl\u00e8mes de cha\u00eene d&#8217;approvisionnement, il y a des signes de reprise. On [&hellip;]<\/p>\n","protected":false},"author":8,"featured_media":137884,"comment_status":"close","ping_status":"closed","sticky":false,"template":"","format":"standard","meta":{"_monsterinsights_skip_tracking":false,"_monsterinsights_sitenote_active":false,"_monsterinsights_sitenote_note":"","_monsterinsights_sitenote_category":0,"footnotes":""},"categories":[101],"tags":[],"yoast_head":"<!-- This site is optimized with the Yoast SEO plugin v23.2 - https:\/\/yoast.com\/wordpress\/plugins\/seo\/ -->\n<title>Le ralentissement \u00e9conomique est une bonne chose pour les inventaires automobiles. - CanadaMotorJobs.com<\/title>\n<meta name=\"description\" content=\"Le ralentissement \u00e9conomique est une bonne chose pour les inventaires automobiles. - Benoit Charette - Annuel automobile - CanadaMotorJobs.com.\" \/>\n<meta name=\"robots\" content=\"index, follow, max-snippet:-1, max-image-preview:large, max-video-preview:-1\" \/>\n<meta property=\"og:locale\" content=\"fr_CA\" \/>\n<meta property=\"og:type\" content=\"article\" \/>\n<meta property=\"og:title\" content=\"Le ralentissement \u00e9conomique est une bonne chose pour les inventaires automobiles. - CanadaMotorJobs.com\" \/>\n<meta property=\"og:description\" content=\"Le ralentissement \u00e9conomique est une bonne chose pour les inventaires automobiles. - Benoit Charette - Annuel automobile - CanadaMotorJobs.com.\" \/>\n<meta property=\"og:url\" content=\"https:\/\/news.canadamotorjobs.com\/fr\/le-ralentissement-economique-est-une-bonne-chose-pour-les-inventaires-automobiles\/\" \/>\n<meta property=\"og:site_name\" content=\"CanadaMotorJobs.com\" \/>\n<meta property=\"article:publisher\" content=\"https:\/\/www.facebook.com\/canadamotorjobs\/\" \/>\n<meta property=\"article:published_time\" content=\"2023-01-15T13:06:46+00:00\" \/>\n<meta property=\"article:modified_time\" content=\"2023-01-15T13:15:56+00:00\" \/>\n<meta property=\"og:image\" content=\"https:\/\/news.canadamotorjobs.com\/wp-content\/uploads\/2023\/01\/enquete-concessionnaires-auto-1.jpg\" \/>\n\t<meta property=\"og:image:width\" content=\"2048\" \/>\n\t<meta property=\"og:image:height\" content=\"1528\" \/>\n\t<meta property=\"og:image:type\" content=\"image\/jpeg\" \/>\n<meta name=\"author\" content=\"Benoit Charette\" \/>\n<meta name=\"twitter:card\" content=\"summary_large_image\" \/>\n<meta name=\"twitter:creator\" content=\"@canadamotorjobs\" \/>\n<meta name=\"twitter:site\" content=\"@canadamotorjobs\" \/>\n<meta name=\"twitter:label1\" content=\"\u00c9crit par\" \/>\n\t<meta name=\"twitter:data1\" content=\"Benoit Charette\" \/>\n\t<meta name=\"twitter:label2\" content=\"Estimation du temps de lecture\" \/>\n\t<meta name=\"twitter:data2\" content=\"1 minute\" \/>\n<!-- \/ Yoast SEO plugin. -->","yoast_head_json":{"title":"Le ralentissement \u00e9conomique est une bonne chose pour les inventaires automobiles. - CanadaMotorJobs.com","description":"Le ralentissement \u00e9conomique est une bonne chose pour les inventaires automobiles. - Benoit Charette - Annuel automobile - CanadaMotorJobs.com.","robots":{"index":"index","follow":"follow","max-snippet":"max-snippet:-1","max-image-preview":"max-image-preview:large","max-video-preview":"max-video-preview:-1"},"og_locale":"fr_CA","og_type":"article","og_title":"Le ralentissement \u00e9conomique est une bonne chose pour les inventaires automobiles. - CanadaMotorJobs.com","og_description":"Le ralentissement \u00e9conomique est une bonne chose pour les inventaires automobiles. - Benoit Charette - Annuel automobile - CanadaMotorJobs.com.","og_url":"https:\/\/news.canadamotorjobs.com\/fr\/le-ralentissement-economique-est-une-bonne-chose-pour-les-inventaires-automobiles\/","og_site_name":"CanadaMotorJobs.com","article_publisher":"https:\/\/www.facebook.com\/canadamotorjobs\/","article_published_time":"2023-01-15T13:06:46+00:00","article_modified_time":"2023-01-15T13:15:56+00:00","og_image":[{"width":2048,"height":1528,"url":"https:\/\/news.canadamotorjobs.com\/wp-content\/uploads\/2023\/01\/enquete-concessionnaires-auto-1.jpg","type":"image\/jpeg"}],"author":"Benoit Charette","twitter_card":"summary_large_image","twitter_creator":"@canadamotorjobs","twitter_site":"@canadamotorjobs","twitter_misc":{"\u00c9crit par":"Benoit Charette","Estimation du temps de lecture":"1 minute"},"schema":{"@context":"https:\/\/schema.org","@graph":[{"@type":"Article","@id":"https:\/\/news.canadamotorjobs.com\/fr\/le-ralentissement-economique-est-une-bonne-chose-pour-les-inventaires-automobiles\/#article","isPartOf":{"@id":"https:\/\/news.canadamotorjobs.com\/fr\/le-ralentissement-economique-est-une-bonne-chose-pour-les-inventaires-automobiles\/"},"author":{"name":"Benoit Charette","@id":"https:\/\/news.canadamotorjobs.com\/#\/schema\/person\/51793d1f87d44011d7bcc2ed99269a90"},"headline":"Le ralentissement \u00e9conomique est une bonne chose pour les inventaires automobiles.","datePublished":"2023-01-15T13:06:46+00:00","dateModified":"2023-01-15T13:15:56+00:00","mainEntityOfPage":{"@id":"https:\/\/news.canadamotorjobs.com\/fr\/le-ralentissement-economique-est-une-bonne-chose-pour-les-inventaires-automobiles\/"},"wordCount":285,"publisher":{"@id":"https:\/\/news.canadamotorjobs.com\/#organization"},"image":{"@id":"https:\/\/news.canadamotorjobs.com\/fr\/le-ralentissement-economique-est-une-bonne-chose-pour-les-inventaires-automobiles\/#primaryimage"},"thumbnailUrl":"https:\/\/news.canadamotorjobs.com\/wp-content\/uploads\/2023\/01\/enquete-concessionnaires-auto-1.jpg","articleSection":["Annuel automobile"],"inLanguage":"fr-CA"},{"@type":"WebPage","@id":"https:\/\/news.canadamotorjobs.com\/fr\/le-ralentissement-economique-est-une-bonne-chose-pour-les-inventaires-automobiles\/","url":"https:\/\/news.canadamotorjobs.com\/fr\/le-ralentissement-economique-est-une-bonne-chose-pour-les-inventaires-automobiles\/","name":"Le ralentissement \u00e9conomique est une bonne chose pour les inventaires automobiles. - CanadaMotorJobs.com","isPartOf":{"@id":"https:\/\/news.canadamotorjobs.com\/#website"},"primaryImageOfPage":{"@id":"https:\/\/news.canadamotorjobs.com\/fr\/le-ralentissement-economique-est-une-bonne-chose-pour-les-inventaires-automobiles\/#primaryimage"},"image":{"@id":"https:\/\/news.canadamotorjobs.com\/fr\/le-ralentissement-economique-est-une-bonne-chose-pour-les-inventaires-automobiles\/#primaryimage"},"thumbnailUrl":"https:\/\/news.canadamotorjobs.com\/wp-content\/uploads\/2023\/01\/enquete-concessionnaires-auto-1.jpg","datePublished":"2023-01-15T13:06:46+00:00","dateModified":"2023-01-15T13:15:56+00:00","description":"Le ralentissement \u00e9conomique est une bonne chose pour les inventaires automobiles. - Benoit Charette - Annuel automobile - CanadaMotorJobs.com.","breadcrumb":{"@id":"https:\/\/news.canadamotorjobs.com\/fr\/le-ralentissement-economique-est-une-bonne-chose-pour-les-inventaires-automobiles\/#breadcrumb"},"inLanguage":"fr-CA","potentialAction":[{"@type":"ReadAction","target":["https:\/\/news.canadamotorjobs.com\/fr\/le-ralentissement-economique-est-une-bonne-chose-pour-les-inventaires-automobiles\/"]}]},{"@type":"ImageObject","inLanguage":"fr-CA","@id":"https:\/\/news.canadamotorjobs.com\/fr\/le-ralentissement-economique-est-une-bonne-chose-pour-les-inventaires-automobiles\/#primaryimage","url":"https:\/\/news.canadamotorjobs.com\/wp-content\/uploads\/2023\/01\/enquete-concessionnaires-auto-1.jpg","contentUrl":"https:\/\/news.canadamotorjobs.com\/wp-content\/uploads\/2023\/01\/enquete-concessionnaires-auto-1.jpg","width":2048,"height":1528},{"@type":"BreadcrumbList","@id":"https:\/\/news.canadamotorjobs.com\/fr\/le-ralentissement-economique-est-une-bonne-chose-pour-les-inventaires-automobiles\/#breadcrumb","itemListElement":[{"@type":"ListItem","position":1,"name":"Home","item":"https:\/\/news.canadamotorjobs.com\/fr\/blog\/"},{"@type":"ListItem","position":2,"name":"Le ralentissement \u00e9conomique est une bonne chose pour les inventaires automobiles."}]},{"@type":"WebSite","@id":"https:\/\/news.canadamotorjobs.com\/#website","url":"https:\/\/news.canadamotorjobs.com\/","name":"CanadaMotorJobs.com","description":"Automotive Jobs","publisher":{"@id":"https:\/\/news.canadamotorjobs.com\/#organization"},"potentialAction":[{"@type":"SearchAction","target":{"@type":"EntryPoint","urlTemplate":"https:\/\/news.canadamotorjobs.com\/?s={search_term_string}"},"query-input":"required name=search_term_string"}],"inLanguage":"fr-CA"},{"@type":"Organization","@id":"https:\/\/news.canadamotorjobs.com\/#organization","name":"Canada Motor Jobs","url":"https:\/\/news.canadamotorjobs.com\/","logo":{"@type":"ImageObject","inLanguage":"fr-CA","@id":"https:\/\/news.canadamotorjobs.com\/#\/schema\/logo\/image\/","url":"https:\/\/news.canadamotorjobs.com\/wp-content\/uploads\/2022\/10\/logo-canada-motor-jobs-1.png","contentUrl":"https:\/\/news.canadamotorjobs.com\/wp-content\/uploads\/2022\/10\/logo-canada-motor-jobs-1.png","width":800,"height":400,"caption":"Canada Motor Jobs"},"image":{"@id":"https:\/\/news.canadamotorjobs.com\/#\/schema\/logo\/image\/"},"sameAs":["https:\/\/www.facebook.com\/canadamotorjobs\/","https:\/\/x.com\/canadamotorjobs","https:\/\/www.instagram.com\/canadamotorjobs\/","https:\/\/www.linkedin.com\/company\/canadamotorjobs"]},{"@type":"Person","@id":"https:\/\/news.canadamotorjobs.com\/#\/schema\/person\/51793d1f87d44011d7bcc2ed99269a90","name":"Benoit Charette","image":{"@type":"ImageObject","inLanguage":"fr-CA","@id":"https:\/\/news.canadamotorjobs.com\/#\/schema\/person\/image\/","url":"https:\/\/secure.gravatar.com\/avatar\/45f3d2eebcccd909668d7ce7ea7267b6?s=96&d=mm&r=g","contentUrl":"https:\/\/secure.gravatar.com\/avatar\/45f3d2eebcccd909668d7ce7ea7267b6?s=96&d=mm&r=g","caption":"Benoit Charette"},"description":"Benoit Charette \/ Propri\u00e9taire et r\u00e9dacteur en chef Benoit Charette pratique le journalisme automobile depuis bient\u00f4t 30 ans. Il a fait ses classes au c\u00f4t\u00e9 de Daniel H\u00e9raud et au Carnet de route de 1992 \u00e0 2001. Il est fondateur, copropri\u00e9taire et r\u00e9dacteur en chef de L\u2019Annuel de l\u2019automobile, qu\u2019il publie depuis 2001. Il a anim\u00e9 les \u00e9missions RPM et RPM+ sur V et les L\u00e9gendes de la route sur Historia. \u00c0 la radio depuis 1986, il reprend l\u2019antenne cette ann\u00e9e sur les ondes de Cogeco et participe pour la deuxi\u00e8me ann\u00e9e \u00e0 l\u2019\u00e9mission Passion Auto sur RDS en plus de mettre en ligne le site Web officiel de L\u2019Annuel de l\u2019automobile sur annuelauto.ca.","sameAs":["https:\/\/annuelauto.ca\/"],"url":"https:\/\/news.canadamotorjobs.com\/fr\/author\/benoit-charette\/"}]}},"_links":{"self":[{"href":"https:\/\/news.canadamotorjobs.com\/fr\/wp-json\/wp\/v2\/posts\/137880"}],"collection":[{"href":"https:\/\/news.canadamotorjobs.com\/fr\/wp-json\/wp\/v2\/posts"}],"about":[{"href":"https:\/\/news.canadamotorjobs.com\/fr\/wp-json\/wp\/v2\/types\/post"}],"author":[{"embeddable":true,"href":"https:\/\/news.canadamotorjobs.com\/fr\/wp-json\/wp\/v2\/users\/8"}],"replies":[{"embeddable":true,"href":"https:\/\/news.canadamotorjobs.com\/fr\/wp-json\/wp\/v2\/comments?post=137880"}],"version-history":[{"count":0,"href":"https:\/\/news.canadamotorjobs.com\/fr\/wp-json\/wp\/v2\/posts\/137880\/revisions"}],"wp:featuredmedia":[{"embeddable":true,"href":"https:\/\/news.canadamotorjobs.com\/fr\/wp-json\/wp\/v2\/media\/137884"}],"wp:attachment":[{"href":"https:\/\/news.canadamotorjobs.com\/fr\/wp-json\/wp\/v2\/media?parent=137880"}],"wp:term":[{"taxonomy":"category","embeddable":true,"href":"https:\/\/news.canadamotorjobs.com\/fr\/wp-json\/wp\/v2\/categories?post=137880"},{"taxonomy":"post_tag","embeddable":true,"href":"https:\/\/news.canadamotorjobs.com\/fr\/wp-json\/wp\/v2\/tags?post=137880"}],"curies":[{"name":"wp","href":"https:\/\/api.w.org\/{rel}","templated":true}]}}