{"id":137870,"date":"2023-01-14T09:27:40","date_gmt":"2023-01-14T14:27:40","guid":{"rendered":"https:\/\/news.canadamotorjobs.com\/y-a-t-il-un-lien-entre-un-petit-penis-et-une-voiture-sport\/"},"modified":"2023-01-14T14:06:44","modified_gmt":"2023-01-14T19:06:44","slug":"y-a-t-il-un-lien-entre-un-petit-penis-et-une-voiture-sport","status":"publish","type":"post","link":"https:\/\/news.canadamotorjobs.com\/fr\/y-a-t-il-un-lien-entre-un-petit-penis-et-une-voiture-sport\/","title":{"rendered":"Y a-t-il un lien entre un petit p\u00e9nis et une voiture sport\u2009?"},"content":{"rendered":"<p>Nous connaissons tous le vieux clich\u00e9 : Grosse Corvette, p\u2019tite qu\u00e9quette. Eh bien, un groupe de psychologues britanniques pensent avoir \u00e9tabli un lien entre la taille du p\u00e9nis et le d\u00e9sir de poss\u00e9der une voiture de sport.<\/p>\n<h3>Ce n\u2019est pas une blague<\/h3>\n<p>Cherchant \u00e0 savoir s&#8217;il y a \u00ab\u00a0une part de v\u00e9rit\u00e9 dans le clich\u00e9 selon lequel un homme conduisant une voiture de sport compense son insuffisance masculine\u00a0\u00bb, une \u00e9quipe du d\u00e9partement de psychologie exp\u00e9rimentale de l&#8217;University College London a interrog\u00e9 200 hommes \u00e2g\u00e9s de 18 \u00e0 74 ans. Les conclusions de l\u2019\u00e9tude affirment avoir \u00e9tabli pour la premi\u00e8re fois \u00ab\u00a0un lien psychologique occasionnel entre les voitures rapides et les petits p\u00e9nis\u00a0\u00bb.<\/p>\n<h3>M\u00e9thodologie un peu tordue<\/h3>\n<p>Leur rapport, intitul\u00e9 Small Penises and Fast Cars, explique que \u00ab\u00a0nous avons fait croire aux participants masculins qu&#8217;ils avaient un p\u00e9nis relativement petit ou grand en leur donnant de fausses informations sur la taille moyenne des autres hommes\u00a0\u00bb. On a donc manipul\u00e9 l\u2019estime de soi en faisant croire \u00e0 certains participants que la taille moyenne d&#8217;un p\u00e9nis \u00e9tait de 18 centim\u00e8tres (7 pouces), tandis que d&#8217;autres ont appris qu&#8217;elle \u00e9tait de 10 centim\u00e8tres (4 pouces). La r\u00e9alit\u00e9 se situe autour de 13 cm (5 pouces). Les participants ont aussi re\u00e7u des informations trompeuses sur les finances personnelles, l&#8217;amiti\u00e9, les activit\u00e9s caritatives et la sant\u00e9 physique, mais aucun de ces facteurs n&#8217;a augment\u00e9 leur d\u00e9sir de poss\u00e9der une voiture de sport. L&#8217;\u00e9tude a r\u00e9v\u00e9l\u00e9 que les hommes, en particulier ceux \u00e2g\u00e9s de plus de 30<\/p>\n","protected":false},"excerpt":{"rendered":"<p>Nous connaissons tous le vieux clich\u00e9 : Grosse Corvette, p\u2019tite qu\u00e9quette. Eh bien, un groupe de psychologues britanniques pensent avoir \u00e9tabli un lien entre la taille du p\u00e9nis et le d\u00e9sir de poss\u00e9der une voiture de sport. Ce n\u2019est pas une blague Cherchant \u00e0 savoir s&#8217;il y a \u00ab\u00a0une part de v\u00e9rit\u00e9 dans le clich\u00e9 [&hellip;]<\/p>\n","protected":false},"author":8,"featured_media":137874,"comment_status":"close","ping_status":"closed","sticky":false,"template":"","format":"standard","meta":{"_monsterinsights_skip_tracking":false,"_monsterinsights_sitenote_active":false,"_monsterinsights_sitenote_note":"","_monsterinsights_sitenote_category":0,"footnotes":""},"categories":[101],"tags":[],"yoast_head":"<!-- This site is optimized with the Yoast SEO plugin v23.2 - https:\/\/yoast.com\/wordpress\/plugins\/seo\/ -->\n<title>Y a-t-il un lien entre un petit p\u00e9nis et une voiture sport\u2009? - CanadaMotorJobs.com<\/title>\n<meta name=\"description\" content=\"Y a-t-il un lien entre un petit p\u00e9nis et une voiture sport\u2009? - Benoit Charette - Annuel automobile - CanadaMotorJobs.com.\" \/>\n<meta name=\"robots\" content=\"index, follow, max-snippet:-1, max-image-preview:large, max-video-preview:-1\" \/>\n<meta property=\"og:locale\" content=\"fr_CA\" \/>\n<meta property=\"og:type\" content=\"article\" \/>\n<meta property=\"og:title\" content=\"Y a-t-il un lien entre un petit p\u00e9nis et une voiture sport\u2009? - CanadaMotorJobs.com\" \/>\n<meta property=\"og:description\" content=\"Y a-t-il un lien entre un petit p\u00e9nis et une voiture sport\u2009? - Benoit Charette - Annuel automobile - CanadaMotorJobs.com.\" \/>\n<meta property=\"og:url\" content=\"https:\/\/news.canadamotorjobs.com\/fr\/y-a-t-il-un-lien-entre-un-petit-penis-et-une-voiture-sport\/\" \/>\n<meta property=\"og:site_name\" content=\"CanadaMotorJobs.com\" \/>\n<meta property=\"article:publisher\" content=\"https:\/\/www.facebook.com\/canadamotorjobs\/\" \/>\n<meta property=\"article:published_time\" content=\"2023-01-14T14:27:40+00:00\" \/>\n<meta property=\"article:modified_time\" content=\"2023-01-14T19:06:44+00:00\" \/>\n<meta property=\"og:image\" content=\"https:\/\/news.canadamotorjobs.com\/wp-content\/uploads\/2023\/01\/maxresdefault-1.jpg\" \/>\n\t<meta property=\"og:image:width\" content=\"1280\" \/>\n\t<meta property=\"og:image:height\" content=\"720\" \/>\n\t<meta property=\"og:image:type\" content=\"image\/jpeg\" \/>\n<meta name=\"author\" content=\"Benoit Charette\" \/>\n<meta name=\"twitter:card\" content=\"summary_large_image\" \/>\n<meta name=\"twitter:creator\" content=\"@canadamotorjobs\" \/>\n<meta name=\"twitter:site\" content=\"@canadamotorjobs\" \/>\n<meta name=\"twitter:label1\" content=\"\u00c9crit par\" \/>\n\t<meta name=\"twitter:data1\" content=\"Benoit Charette\" \/>\n\t<meta name=\"twitter:label2\" content=\"Estimation du temps de lecture\" \/>\n\t<meta name=\"twitter:data2\" content=\"2 minutes\" \/>\n<!-- \/ Yoast SEO plugin. -->","yoast_head_json":{"title":"Y a-t-il un lien entre un petit p\u00e9nis et une voiture sport\u2009? - CanadaMotorJobs.com","description":"Y a-t-il un lien entre un petit p\u00e9nis et une voiture sport\u2009? - Benoit Charette - Annuel automobile - CanadaMotorJobs.com.","robots":{"index":"index","follow":"follow","max-snippet":"max-snippet:-1","max-image-preview":"max-image-preview:large","max-video-preview":"max-video-preview:-1"},"og_locale":"fr_CA","og_type":"article","og_title":"Y a-t-il un lien entre un petit p\u00e9nis et une voiture sport\u2009? - CanadaMotorJobs.com","og_description":"Y a-t-il un lien entre un petit p\u00e9nis et une voiture sport\u2009? - Benoit Charette - Annuel automobile - CanadaMotorJobs.com.","og_url":"https:\/\/news.canadamotorjobs.com\/fr\/y-a-t-il-un-lien-entre-un-petit-penis-et-une-voiture-sport\/","og_site_name":"CanadaMotorJobs.com","article_publisher":"https:\/\/www.facebook.com\/canadamotorjobs\/","article_published_time":"2023-01-14T14:27:40+00:00","article_modified_time":"2023-01-14T19:06:44+00:00","og_image":[{"width":1280,"height":720,"url":"https:\/\/news.canadamotorjobs.com\/wp-content\/uploads\/2023\/01\/maxresdefault-1.jpg","type":"image\/jpeg"}],"author":"Benoit Charette","twitter_card":"summary_large_image","twitter_creator":"@canadamotorjobs","twitter_site":"@canadamotorjobs","twitter_misc":{"\u00c9crit par":"Benoit Charette","Estimation du temps de lecture":"2 minutes"},"schema":{"@context":"https:\/\/schema.org","@graph":[{"@type":"Article","@id":"https:\/\/news.canadamotorjobs.com\/fr\/y-a-t-il-un-lien-entre-un-petit-penis-et-une-voiture-sport\/#article","isPartOf":{"@id":"https:\/\/news.canadamotorjobs.com\/fr\/y-a-t-il-un-lien-entre-un-petit-penis-et-une-voiture-sport\/"},"author":{"name":"Benoit Charette","@id":"https:\/\/news.canadamotorjobs.com\/#\/schema\/person\/51793d1f87d44011d7bcc2ed99269a90"},"headline":"Y a-t-il un lien entre un petit p\u00e9nis et une voiture sport\u2009?","datePublished":"2023-01-14T14:27:40+00:00","dateModified":"2023-01-14T19:06:44+00:00","mainEntityOfPage":{"@id":"https:\/\/news.canadamotorjobs.com\/fr\/y-a-t-il-un-lien-entre-un-petit-penis-et-une-voiture-sport\/"},"wordCount":285,"publisher":{"@id":"https:\/\/news.canadamotorjobs.com\/#organization"},"image":{"@id":"https:\/\/news.canadamotorjobs.com\/fr\/y-a-t-il-un-lien-entre-un-petit-penis-et-une-voiture-sport\/#primaryimage"},"thumbnailUrl":"https:\/\/news.canadamotorjobs.com\/wp-content\/uploads\/2023\/01\/maxresdefault-1.jpg","articleSection":["Annuel automobile"],"inLanguage":"fr-CA"},{"@type":"WebPage","@id":"https:\/\/news.canadamotorjobs.com\/fr\/y-a-t-il-un-lien-entre-un-petit-penis-et-une-voiture-sport\/","url":"https:\/\/news.canadamotorjobs.com\/fr\/y-a-t-il-un-lien-entre-un-petit-penis-et-une-voiture-sport\/","name":"Y a-t-il un lien entre un petit p\u00e9nis et une voiture sport\u2009? - CanadaMotorJobs.com","isPartOf":{"@id":"https:\/\/news.canadamotorjobs.com\/#website"},"primaryImageOfPage":{"@id":"https:\/\/news.canadamotorjobs.com\/fr\/y-a-t-il-un-lien-entre-un-petit-penis-et-une-voiture-sport\/#primaryimage"},"image":{"@id":"https:\/\/news.canadamotorjobs.com\/fr\/y-a-t-il-un-lien-entre-un-petit-penis-et-une-voiture-sport\/#primaryimage"},"thumbnailUrl":"https:\/\/news.canadamotorjobs.com\/wp-content\/uploads\/2023\/01\/maxresdefault-1.jpg","datePublished":"2023-01-14T14:27:40+00:00","dateModified":"2023-01-14T19:06:44+00:00","description":"Y a-t-il un lien entre un petit p\u00e9nis et une voiture sport\u2009? - Benoit Charette - Annuel automobile - CanadaMotorJobs.com.","breadcrumb":{"@id":"https:\/\/news.canadamotorjobs.com\/fr\/y-a-t-il-un-lien-entre-un-petit-penis-et-une-voiture-sport\/#breadcrumb"},"inLanguage":"fr-CA","potentialAction":[{"@type":"ReadAction","target":["https:\/\/news.canadamotorjobs.com\/fr\/y-a-t-il-un-lien-entre-un-petit-penis-et-une-voiture-sport\/"]}]},{"@type":"ImageObject","inLanguage":"fr-CA","@id":"https:\/\/news.canadamotorjobs.com\/fr\/y-a-t-il-un-lien-entre-un-petit-penis-et-une-voiture-sport\/#primaryimage","url":"https:\/\/news.canadamotorjobs.com\/wp-content\/uploads\/2023\/01\/maxresdefault-1.jpg","contentUrl":"https:\/\/news.canadamotorjobs.com\/wp-content\/uploads\/2023\/01\/maxresdefault-1.jpg","width":1280,"height":720},{"@type":"BreadcrumbList","@id":"https:\/\/news.canadamotorjobs.com\/fr\/y-a-t-il-un-lien-entre-un-petit-penis-et-une-voiture-sport\/#breadcrumb","itemListElement":[{"@type":"ListItem","position":1,"name":"Home","item":"https:\/\/news.canadamotorjobs.com\/fr\/blog\/"},{"@type":"ListItem","position":2,"name":"Y a-t-il un lien entre un petit p\u00e9nis et une voiture sport\u2009?"}]},{"@type":"WebSite","@id":"https:\/\/news.canadamotorjobs.com\/#website","url":"https:\/\/news.canadamotorjobs.com\/","name":"CanadaMotorJobs.com","description":"Automotive Jobs","publisher":{"@id":"https:\/\/news.canadamotorjobs.com\/#organization"},"potentialAction":[{"@type":"SearchAction","target":{"@type":"EntryPoint","urlTemplate":"https:\/\/news.canadamotorjobs.com\/?s={search_term_string}"},"query-input":"required name=search_term_string"}],"inLanguage":"fr-CA"},{"@type":"Organization","@id":"https:\/\/news.canadamotorjobs.com\/#organization","name":"Canada Motor Jobs","url":"https:\/\/news.canadamotorjobs.com\/","logo":{"@type":"ImageObject","inLanguage":"fr-CA","@id":"https:\/\/news.canadamotorjobs.com\/#\/schema\/logo\/image\/","url":"https:\/\/news.canadamotorjobs.com\/wp-content\/uploads\/2022\/10\/logo-canada-motor-jobs-1.png","contentUrl":"https:\/\/news.canadamotorjobs.com\/wp-content\/uploads\/2022\/10\/logo-canada-motor-jobs-1.png","width":800,"height":400,"caption":"Canada Motor Jobs"},"image":{"@id":"https:\/\/news.canadamotorjobs.com\/#\/schema\/logo\/image\/"},"sameAs":["https:\/\/www.facebook.com\/canadamotorjobs\/","https:\/\/x.com\/canadamotorjobs","https:\/\/www.instagram.com\/canadamotorjobs\/","https:\/\/www.linkedin.com\/company\/canadamotorjobs"]},{"@type":"Person","@id":"https:\/\/news.canadamotorjobs.com\/#\/schema\/person\/51793d1f87d44011d7bcc2ed99269a90","name":"Benoit Charette","image":{"@type":"ImageObject","inLanguage":"fr-CA","@id":"https:\/\/news.canadamotorjobs.com\/#\/schema\/person\/image\/","url":"https:\/\/secure.gravatar.com\/avatar\/45f3d2eebcccd909668d7ce7ea7267b6?s=96&d=mm&r=g","contentUrl":"https:\/\/secure.gravatar.com\/avatar\/45f3d2eebcccd909668d7ce7ea7267b6?s=96&d=mm&r=g","caption":"Benoit Charette"},"description":"Benoit Charette \/ Propri\u00e9taire et r\u00e9dacteur en chef Benoit Charette pratique le journalisme automobile depuis bient\u00f4t 30 ans. Il a fait ses classes au c\u00f4t\u00e9 de Daniel H\u00e9raud et au Carnet de route de 1992 \u00e0 2001. Il est fondateur, copropri\u00e9taire et r\u00e9dacteur en chef de L\u2019Annuel de l\u2019automobile, qu\u2019il publie depuis 2001. Il a anim\u00e9 les \u00e9missions RPM et RPM+ sur V et les L\u00e9gendes de la route sur Historia. \u00c0 la radio depuis 1986, il reprend l\u2019antenne cette ann\u00e9e sur les ondes de Cogeco et participe pour la deuxi\u00e8me ann\u00e9e \u00e0 l\u2019\u00e9mission Passion Auto sur RDS en plus de mettre en ligne le site Web officiel de L\u2019Annuel de l\u2019automobile sur annuelauto.ca.","sameAs":["https:\/\/annuelauto.ca\/"],"url":"https:\/\/news.canadamotorjobs.com\/fr\/author\/benoit-charette\/"}]}},"_links":{"self":[{"href":"https:\/\/news.canadamotorjobs.com\/fr\/wp-json\/wp\/v2\/posts\/137870"}],"collection":[{"href":"https:\/\/news.canadamotorjobs.com\/fr\/wp-json\/wp\/v2\/posts"}],"about":[{"href":"https:\/\/news.canadamotorjobs.com\/fr\/wp-json\/wp\/v2\/types\/post"}],"author":[{"embeddable":true,"href":"https:\/\/news.canadamotorjobs.com\/fr\/wp-json\/wp\/v2\/users\/8"}],"replies":[{"embeddable":true,"href":"https:\/\/news.canadamotorjobs.com\/fr\/wp-json\/wp\/v2\/comments?post=137870"}],"version-history":[{"count":0,"href":"https:\/\/news.canadamotorjobs.com\/fr\/wp-json\/wp\/v2\/posts\/137870\/revisions"}],"wp:featuredmedia":[{"embeddable":true,"href":"https:\/\/news.canadamotorjobs.com\/fr\/wp-json\/wp\/v2\/media\/137874"}],"wp:attachment":[{"href":"https:\/\/news.canadamotorjobs.com\/fr\/wp-json\/wp\/v2\/media?parent=137870"}],"wp:term":[{"taxonomy":"category","embeddable":true,"href":"https:\/\/news.canadamotorjobs.com\/fr\/wp-json\/wp\/v2\/categories?post=137870"},{"taxonomy":"post_tag","embeddable":true,"href":"https:\/\/news.canadamotorjobs.com\/fr\/wp-json\/wp\/v2\/tags?post=137870"}],"curies":[{"name":"wp","href":"https:\/\/api.w.org\/{rel}","templated":true}]}}