{"id":137861,"date":"2023-01-13T10:01:10","date_gmt":"2023-01-13T15:01:10","guid":{"rendered":"https:\/\/news.canadamotorjobs.com\/baisse-de-prix-de-10-000-pour-une-tesla-3-au-canada\/"},"modified":"2023-01-13T10:43:05","modified_gmt":"2023-01-13T15:43:05","slug":"baisse-de-prix-de-10-000-pour-une-tesla-3-au-canada","status":"publish","type":"post","link":"https:\/\/news.canadamotorjobs.com\/fr\/baisse-de-prix-de-10-000-pour-une-tesla-3-au-canada\/","title":{"rendered":"Baisse de prix de 10\u00a0000$ pour une Tesla 3 au Canada"},"content":{"rendered":"<p>Tesla a r\u00e9duit des deux c\u00f4t\u00e9s de la fronti\u00e8re canadienne et am\u00e9ricaine le prix de sa gamme de voitures et VUS jusqu\u2019\u00e0 21 % dans certains cas. La meilleure nouvelle dans tout cela est que le mod\u00e8le 3 est \u00e0 nouveau admissible au rabais f\u00e9d\u00e9ral sur le V\u00c9. La Tesla Model 3 RWD est 5 000$ de moins \u00e0 l\u2019achat. Elle est maintenant offerte \u00e0 compter de 54,990 $, ce qui la rendra maintenant admissible au rabais gouvernemental f\u00e9d\u00e9ral de 5000 $ apr\u00e8s taxes. Cela signifiera une baisse de co\u00fbt d&#8217;acquisition de pr\u00e8s de 10,000\u00a0$.<\/p>\n<h3>Admissible \u00e0 12 000\u00a0$ de subventions<\/h3>\n<p>\u00c0 la fin de 2021, Tesla a augment\u00e9 le prix de la Model 3 RWD \u00e0 59 990 $, la pla\u00e7ant au-dessus du seuil de 55 000 $ pour l&#8217;incitatif iZEV de 5 000\u00a0$ au Canada. Puisqu&#8217;elle n&#8217;\u00e9tait plus sous ce seuil, Tesla a \u00e9galement retir\u00e9 la variante 151\u00a0km limit\u00e9e par logiciel dont le prix \u00e9tait inf\u00e9rieur \u00e0 45 000 $, ce qui permettait \u00e0 la variante RWD d&#8217;\u00eatre \u00e9galement admissible en vertu des r\u00e8gles du programme. Ajouter \u00e0 cela le 7 000\u00a0$ au Qu\u00e9bec et votre Tesla 3 de base avant le transport et la pr\u00e9paration est \u00e0 54\u00a0990$. La variante Performance a \u00e9galement vu son prix baisser de 15\u00a0%, passant de 83 990 $ \u00e0 72 990 $. La variante Long Range n&#8217;est toujours pas disponible \u00e0 la commande.<\/p>\n<h3>Les autres mod\u00e8les<\/h3>\n<p>Il y a quelques v\u00e9hicules LR dans l&#8217;inventaire existant, qui sont maintenant au prix de 67 990 $.<\/p>\n","protected":false},"excerpt":{"rendered":"<p>Tesla a r\u00e9duit des deux c\u00f4t\u00e9s de la fronti\u00e8re canadienne et am\u00e9ricaine le prix de sa gamme de voitures et VUS jusqu\u2019\u00e0 21 % dans certains cas. La meilleure nouvelle dans tout cela est que le mod\u00e8le 3 est \u00e0 nouveau admissible au rabais f\u00e9d\u00e9ral sur le V\u00c9. La Tesla Model 3 RWD est 5 [&hellip;]<\/p>\n","protected":false},"author":8,"featured_media":137865,"comment_status":"close","ping_status":"closed","sticky":false,"template":"","format":"standard","meta":{"_monsterinsights_skip_tracking":false,"_monsterinsights_sitenote_active":false,"_monsterinsights_sitenote_note":"","_monsterinsights_sitenote_category":0,"footnotes":""},"categories":[101],"tags":[],"yoast_head":"<!-- This site is optimized with the Yoast SEO plugin v23.2 - https:\/\/yoast.com\/wordpress\/plugins\/seo\/ -->\n<title>Baisse de prix de 10\u00a0000$ pour une Tesla 3 au Canada - CanadaMotorJobs.com<\/title>\n<meta name=\"description\" content=\"Baisse de prix de 10\u00a0000$ pour une Tesla 3 au Canada - Benoit Charette - Annuel automobile - CanadaMotorJobs.com.\" \/>\n<meta name=\"robots\" content=\"index, follow, max-snippet:-1, max-image-preview:large, max-video-preview:-1\" \/>\n<meta property=\"og:locale\" content=\"fr_CA\" \/>\n<meta property=\"og:type\" content=\"article\" \/>\n<meta property=\"og:title\" content=\"Baisse de prix de 10\u00a0000$ pour une Tesla 3 au Canada - CanadaMotorJobs.com\" \/>\n<meta property=\"og:description\" content=\"Baisse de prix de 10\u00a0000$ pour une Tesla 3 au Canada - Benoit Charette - Annuel automobile - CanadaMotorJobs.com.\" \/>\n<meta property=\"og:url\" content=\"https:\/\/news.canadamotorjobs.com\/fr\/baisse-de-prix-de-10-000-pour-une-tesla-3-au-canada\/\" \/>\n<meta property=\"og:site_name\" content=\"CanadaMotorJobs.com\" \/>\n<meta property=\"article:publisher\" content=\"https:\/\/www.facebook.com\/canadamotorjobs\/\" \/>\n<meta property=\"article:published_time\" content=\"2023-01-13T15:01:10+00:00\" \/>\n<meta property=\"article:modified_time\" content=\"2023-01-13T15:43:05+00:00\" \/>\n<meta property=\"og:image\" content=\"https:\/\/news.canadamotorjobs.com\/wp-content\/uploads\/2023\/01\/JDP_2022-Tesla-Model-3-Red-Front-Quarter-View-1.jpg\" \/>\n\t<meta property=\"og:image:width\" content=\"1200\" \/>\n\t<meta property=\"og:image:height\" content=\"900\" \/>\n\t<meta property=\"og:image:type\" content=\"image\/jpeg\" \/>\n<meta name=\"author\" content=\"Benoit Charette\" \/>\n<meta name=\"twitter:card\" content=\"summary_large_image\" \/>\n<meta name=\"twitter:creator\" content=\"@canadamotorjobs\" \/>\n<meta name=\"twitter:site\" content=\"@canadamotorjobs\" \/>\n<meta name=\"twitter:label1\" content=\"\u00c9crit par\" \/>\n\t<meta name=\"twitter:data1\" content=\"Benoit Charette\" \/>\n\t<meta name=\"twitter:label2\" content=\"Estimation du temps de lecture\" \/>\n\t<meta name=\"twitter:data2\" content=\"2 minutes\" \/>\n<!-- \/ Yoast SEO plugin. -->","yoast_head_json":{"title":"Baisse de prix de 10\u00a0000$ pour une Tesla 3 au Canada - CanadaMotorJobs.com","description":"Baisse de prix de 10\u00a0000$ pour une Tesla 3 au Canada - Benoit Charette - Annuel automobile - CanadaMotorJobs.com.","robots":{"index":"index","follow":"follow","max-snippet":"max-snippet:-1","max-image-preview":"max-image-preview:large","max-video-preview":"max-video-preview:-1"},"og_locale":"fr_CA","og_type":"article","og_title":"Baisse de prix de 10\u00a0000$ pour une Tesla 3 au Canada - CanadaMotorJobs.com","og_description":"Baisse de prix de 10\u00a0000$ pour une Tesla 3 au Canada - Benoit Charette - Annuel automobile - CanadaMotorJobs.com.","og_url":"https:\/\/news.canadamotorjobs.com\/fr\/baisse-de-prix-de-10-000-pour-une-tesla-3-au-canada\/","og_site_name":"CanadaMotorJobs.com","article_publisher":"https:\/\/www.facebook.com\/canadamotorjobs\/","article_published_time":"2023-01-13T15:01:10+00:00","article_modified_time":"2023-01-13T15:43:05+00:00","og_image":[{"width":1200,"height":900,"url":"https:\/\/news.canadamotorjobs.com\/wp-content\/uploads\/2023\/01\/JDP_2022-Tesla-Model-3-Red-Front-Quarter-View-1.jpg","type":"image\/jpeg"}],"author":"Benoit Charette","twitter_card":"summary_large_image","twitter_creator":"@canadamotorjobs","twitter_site":"@canadamotorjobs","twitter_misc":{"\u00c9crit par":"Benoit Charette","Estimation du temps de lecture":"2 minutes"},"schema":{"@context":"https:\/\/schema.org","@graph":[{"@type":"Article","@id":"https:\/\/news.canadamotorjobs.com\/fr\/baisse-de-prix-de-10-000-pour-une-tesla-3-au-canada\/#article","isPartOf":{"@id":"https:\/\/news.canadamotorjobs.com\/fr\/baisse-de-prix-de-10-000-pour-une-tesla-3-au-canada\/"},"author":{"name":"Benoit Charette","@id":"https:\/\/news.canadamotorjobs.com\/#\/schema\/person\/51793d1f87d44011d7bcc2ed99269a90"},"headline":"Baisse de prix de 10\u00a0000$ pour une Tesla 3 au Canada","datePublished":"2023-01-13T15:01:10+00:00","dateModified":"2023-01-13T15:43:05+00:00","mainEntityOfPage":{"@id":"https:\/\/news.canadamotorjobs.com\/fr\/baisse-de-prix-de-10-000-pour-une-tesla-3-au-canada\/"},"wordCount":239,"publisher":{"@id":"https:\/\/news.canadamotorjobs.com\/#organization"},"image":{"@id":"https:\/\/news.canadamotorjobs.com\/fr\/baisse-de-prix-de-10-000-pour-une-tesla-3-au-canada\/#primaryimage"},"thumbnailUrl":"https:\/\/news.canadamotorjobs.com\/wp-content\/uploads\/2023\/01\/JDP_2022-Tesla-Model-3-Red-Front-Quarter-View-1.jpg","articleSection":["Annuel automobile"],"inLanguage":"fr-CA"},{"@type":"WebPage","@id":"https:\/\/news.canadamotorjobs.com\/fr\/baisse-de-prix-de-10-000-pour-une-tesla-3-au-canada\/","url":"https:\/\/news.canadamotorjobs.com\/fr\/baisse-de-prix-de-10-000-pour-une-tesla-3-au-canada\/","name":"Baisse de prix de 10\u00a0000$ pour une Tesla 3 au Canada - CanadaMotorJobs.com","isPartOf":{"@id":"https:\/\/news.canadamotorjobs.com\/#website"},"primaryImageOfPage":{"@id":"https:\/\/news.canadamotorjobs.com\/fr\/baisse-de-prix-de-10-000-pour-une-tesla-3-au-canada\/#primaryimage"},"image":{"@id":"https:\/\/news.canadamotorjobs.com\/fr\/baisse-de-prix-de-10-000-pour-une-tesla-3-au-canada\/#primaryimage"},"thumbnailUrl":"https:\/\/news.canadamotorjobs.com\/wp-content\/uploads\/2023\/01\/JDP_2022-Tesla-Model-3-Red-Front-Quarter-View-1.jpg","datePublished":"2023-01-13T15:01:10+00:00","dateModified":"2023-01-13T15:43:05+00:00","description":"Baisse de prix de 10\u00a0000$ pour une Tesla 3 au Canada - Benoit Charette - Annuel automobile - CanadaMotorJobs.com.","breadcrumb":{"@id":"https:\/\/news.canadamotorjobs.com\/fr\/baisse-de-prix-de-10-000-pour-une-tesla-3-au-canada\/#breadcrumb"},"inLanguage":"fr-CA","potentialAction":[{"@type":"ReadAction","target":["https:\/\/news.canadamotorjobs.com\/fr\/baisse-de-prix-de-10-000-pour-une-tesla-3-au-canada\/"]}]},{"@type":"ImageObject","inLanguage":"fr-CA","@id":"https:\/\/news.canadamotorjobs.com\/fr\/baisse-de-prix-de-10-000-pour-une-tesla-3-au-canada\/#primaryimage","url":"https:\/\/news.canadamotorjobs.com\/wp-content\/uploads\/2023\/01\/JDP_2022-Tesla-Model-3-Red-Front-Quarter-View-1.jpg","contentUrl":"https:\/\/news.canadamotorjobs.com\/wp-content\/uploads\/2023\/01\/JDP_2022-Tesla-Model-3-Red-Front-Quarter-View-1.jpg","width":1200,"height":900},{"@type":"BreadcrumbList","@id":"https:\/\/news.canadamotorjobs.com\/fr\/baisse-de-prix-de-10-000-pour-une-tesla-3-au-canada\/#breadcrumb","itemListElement":[{"@type":"ListItem","position":1,"name":"Home","item":"https:\/\/news.canadamotorjobs.com\/fr\/blog\/"},{"@type":"ListItem","position":2,"name":"Baisse de prix de 10\u00a0000$ pour une Tesla 3 au Canada"}]},{"@type":"WebSite","@id":"https:\/\/news.canadamotorjobs.com\/#website","url":"https:\/\/news.canadamotorjobs.com\/","name":"CanadaMotorJobs.com","description":"Automotive Jobs","publisher":{"@id":"https:\/\/news.canadamotorjobs.com\/#organization"},"potentialAction":[{"@type":"SearchAction","target":{"@type":"EntryPoint","urlTemplate":"https:\/\/news.canadamotorjobs.com\/?s={search_term_string}"},"query-input":"required name=search_term_string"}],"inLanguage":"fr-CA"},{"@type":"Organization","@id":"https:\/\/news.canadamotorjobs.com\/#organization","name":"Canada Motor Jobs","url":"https:\/\/news.canadamotorjobs.com\/","logo":{"@type":"ImageObject","inLanguage":"fr-CA","@id":"https:\/\/news.canadamotorjobs.com\/#\/schema\/logo\/image\/","url":"https:\/\/news.canadamotorjobs.com\/wp-content\/uploads\/2022\/10\/logo-canada-motor-jobs-1.png","contentUrl":"https:\/\/news.canadamotorjobs.com\/wp-content\/uploads\/2022\/10\/logo-canada-motor-jobs-1.png","width":800,"height":400,"caption":"Canada Motor Jobs"},"image":{"@id":"https:\/\/news.canadamotorjobs.com\/#\/schema\/logo\/image\/"},"sameAs":["https:\/\/www.facebook.com\/canadamotorjobs\/","https:\/\/x.com\/canadamotorjobs","https:\/\/www.instagram.com\/canadamotorjobs\/","https:\/\/www.linkedin.com\/company\/canadamotorjobs"]},{"@type":"Person","@id":"https:\/\/news.canadamotorjobs.com\/#\/schema\/person\/51793d1f87d44011d7bcc2ed99269a90","name":"Benoit Charette","image":{"@type":"ImageObject","inLanguage":"fr-CA","@id":"https:\/\/news.canadamotorjobs.com\/#\/schema\/person\/image\/","url":"https:\/\/secure.gravatar.com\/avatar\/45f3d2eebcccd909668d7ce7ea7267b6?s=96&d=mm&r=g","contentUrl":"https:\/\/secure.gravatar.com\/avatar\/45f3d2eebcccd909668d7ce7ea7267b6?s=96&d=mm&r=g","caption":"Benoit Charette"},"description":"Benoit Charette \/ Propri\u00e9taire et r\u00e9dacteur en chef Benoit Charette pratique le journalisme automobile depuis bient\u00f4t 30 ans. Il a fait ses classes au c\u00f4t\u00e9 de Daniel H\u00e9raud et au Carnet de route de 1992 \u00e0 2001. Il est fondateur, copropri\u00e9taire et r\u00e9dacteur en chef de L\u2019Annuel de l\u2019automobile, qu\u2019il publie depuis 2001. Il a anim\u00e9 les \u00e9missions RPM et RPM+ sur V et les L\u00e9gendes de la route sur Historia. \u00c0 la radio depuis 1986, il reprend l\u2019antenne cette ann\u00e9e sur les ondes de Cogeco et participe pour la deuxi\u00e8me ann\u00e9e \u00e0 l\u2019\u00e9mission Passion Auto sur RDS en plus de mettre en ligne le site Web officiel de L\u2019Annuel de l\u2019automobile sur annuelauto.ca.","sameAs":["https:\/\/annuelauto.ca\/"],"url":"https:\/\/news.canadamotorjobs.com\/fr\/author\/benoit-charette\/"}]}},"_links":{"self":[{"href":"https:\/\/news.canadamotorjobs.com\/fr\/wp-json\/wp\/v2\/posts\/137861"}],"collection":[{"href":"https:\/\/news.canadamotorjobs.com\/fr\/wp-json\/wp\/v2\/posts"}],"about":[{"href":"https:\/\/news.canadamotorjobs.com\/fr\/wp-json\/wp\/v2\/types\/post"}],"author":[{"embeddable":true,"href":"https:\/\/news.canadamotorjobs.com\/fr\/wp-json\/wp\/v2\/users\/8"}],"replies":[{"embeddable":true,"href":"https:\/\/news.canadamotorjobs.com\/fr\/wp-json\/wp\/v2\/comments?post=137861"}],"version-history":[{"count":0,"href":"https:\/\/news.canadamotorjobs.com\/fr\/wp-json\/wp\/v2\/posts\/137861\/revisions"}],"wp:featuredmedia":[{"embeddable":true,"href":"https:\/\/news.canadamotorjobs.com\/fr\/wp-json\/wp\/v2\/media\/137865"}],"wp:attachment":[{"href":"https:\/\/news.canadamotorjobs.com\/fr\/wp-json\/wp\/v2\/media?parent=137861"}],"wp:term":[{"taxonomy":"category","embeddable":true,"href":"https:\/\/news.canadamotorjobs.com\/fr\/wp-json\/wp\/v2\/categories?post=137861"},{"taxonomy":"post_tag","embeddable":true,"href":"https:\/\/news.canadamotorjobs.com\/fr\/wp-json\/wp\/v2\/tags?post=137861"}],"curies":[{"name":"wp","href":"https:\/\/api.w.org\/{rel}","templated":true}]}}