{"id":137853,"date":"2023-01-13T08:31:58","date_gmt":"2023-01-13T13:31:58","guid":{"rendered":"https:\/\/news.canadamotorjobs.com\/acura-integra-ou-la-nouvelle-csx\/"},"modified":"2023-01-13T08:45:07","modified_gmt":"2023-01-13T13:45:07","slug":"acura-integra-ou-la-nouvelle-csx","status":"publish","type":"post","link":"https:\/\/news.canadamotorjobs.com\/fr\/acura-integra-ou-la-nouvelle-csx\/","title":{"rendered":"Acura Integra\u00a0 ou la nouvelle CSX"},"content":{"rendered":"<\/p>\n<p>La CSX a \u00e9t\u00e9 pendant plusieurs ann\u00e9es l\u2019\u00e9quivalent pour la marque Acura de la Honda Civic. C\u2019\u00e9tait un produit purement canadien, une sorte de Civic plus hupp\u00e9e et \u00e0 l\u2019allure ext\u00e9rieure r\u00e9vis\u00e9e pour avoir l\u2019air d\u2019une berline compacte sign\u00e9e Acura, mais dont l\u2019habitacle \u00e9tait \u00e0 peu pr\u00e8s inchang\u00e9 par rapport \u00e0 une Civic bien \u00e9quip\u00e9e.<\/p>\n<p> L\u2019Integra 2023, c\u2019est essentiellement la m\u00eame chose, except\u00e9 que l\u00e0, les Am\u00e9ricains aussi peuvent s\u2019en procurer une. Et que contrairement \u00e0 la CSX, qui n\u2019avait aucune pr\u00e9tention autre que d\u2019\u00eatre un peu plus exclusive que la Civic, l\u2019Integra d\u00e9barque sur nos routes avec un bagage assez lourd, celui qui est associ\u00e9 \u00e0 son nom, et \u00e0 la sportive Integra des ann\u00e9es 1990, \u00e0 une \u00e9poque o\u00f9 la mode des compactes sportives battait son plein.<\/p>\n<p> Au premier coup d\u2019\u0153il, disons qu\u2019Acura n\u2019a pas trop rat\u00e9 son coup. La voiture a des formes attrayantes, une calandre tr\u00e8s prononc\u00e9e et m\u00eame si ses phares ne sont pas les phares arrondis d\u2019une Integra de l\u2019\u00e9poque, le r\u00e9sultat n\u2019est pas d\u00e9plaisant. \u00c9videmment il est tr\u00e8s pr\u00e8s de ce \u00e0 quoi ressemble la TLX, mais ce n\u2019est pas n\u00e9cessairement une mauvaise chose.<\/p>\n<p> \u00c0 bord, on a droit \u00e0 un habile m\u00e9lange de cuir, de su\u00e8de et d\u2019aluminium bross\u00e9. C\u2019est encore plus joli \u00e0 bord de la version Elite A-Spec \u00e0 bo\u00eete manuelle, o\u00f9 le pommeau du levier de vitesses rappelle les bo\u00eetes \u00e0 embrayage raccourci des sportives Type S.<\/p>\n<p> D\u2019ailleurs, \u00e0 ce sujet, la seule vrai sportive<\/p>\n","protected":false},"excerpt":{"rendered":"<p>La CSX a \u00e9t\u00e9 pendant plusieurs ann\u00e9es l\u2019\u00e9quivalent pour la marque Acura de la Honda Civic. C\u2019\u00e9tait un produit purement canadien, une sorte de Civic plus hupp\u00e9e et \u00e0 l\u2019allure ext\u00e9rieure r\u00e9vis\u00e9e pour avoir l\u2019air d\u2019une berline compacte sign\u00e9e Acura, mais dont l\u2019habitacle \u00e9tait \u00e0 peu pr\u00e8s inchang\u00e9 par rapport \u00e0 une Civic bien \u00e9quip\u00e9e. [&hellip;]<\/p>\n","protected":false},"author":8,"featured_media":137857,"comment_status":"close","ping_status":"closed","sticky":false,"template":"","format":"standard","meta":{"_monsterinsights_skip_tracking":false,"_monsterinsights_sitenote_active":false,"_monsterinsights_sitenote_note":"","_monsterinsights_sitenote_category":0,"footnotes":""},"categories":[101],"tags":[],"yoast_head":"<!-- This site is optimized with the Yoast SEO plugin v23.2 - https:\/\/yoast.com\/wordpress\/plugins\/seo\/ -->\n<title>Acura Integra\u00a0 ou la nouvelle CSX - CanadaMotorJobs.com<\/title>\n<meta name=\"description\" content=\"Acura Integra\u00a0 ou la nouvelle CSX - Benoit Charette - Annuel automobile - CanadaMotorJobs.com.\" \/>\n<meta name=\"robots\" content=\"index, follow, max-snippet:-1, max-image-preview:large, max-video-preview:-1\" \/>\n<meta property=\"og:locale\" content=\"fr_CA\" \/>\n<meta property=\"og:type\" content=\"article\" \/>\n<meta property=\"og:title\" content=\"Acura Integra\u00a0 ou la nouvelle CSX - CanadaMotorJobs.com\" \/>\n<meta property=\"og:description\" content=\"Acura Integra\u00a0 ou la nouvelle CSX - Benoit Charette - Annuel automobile - CanadaMotorJobs.com.\" \/>\n<meta property=\"og:url\" content=\"https:\/\/news.canadamotorjobs.com\/fr\/acura-integra-ou-la-nouvelle-csx\/\" \/>\n<meta property=\"og:site_name\" content=\"CanadaMotorJobs.com\" \/>\n<meta property=\"article:publisher\" content=\"https:\/\/www.facebook.com\/canadamotorjobs\/\" \/>\n<meta property=\"article:published_time\" content=\"2023-01-13T13:31:58+00:00\" \/>\n<meta property=\"article:modified_time\" content=\"2023-01-13T13:45:07+00:00\" \/>\n<meta property=\"og:image\" content=\"https:\/\/news.canadamotorjobs.com\/wp-content\/uploads\/2023\/01\/04-2023-Acura-Integra-A-Spec1-1.jpg\" \/>\n\t<meta property=\"og:image:width\" content=\"1200\" \/>\n\t<meta property=\"og:image:height\" content=\"800\" \/>\n\t<meta property=\"og:image:type\" content=\"image\/jpeg\" \/>\n<meta name=\"author\" content=\"Benoit Charette\" \/>\n<meta name=\"twitter:card\" content=\"summary_large_image\" \/>\n<meta name=\"twitter:creator\" content=\"@canadamotorjobs\" \/>\n<meta name=\"twitter:site\" content=\"@canadamotorjobs\" \/>\n<meta name=\"twitter:label1\" content=\"\u00c9crit par\" \/>\n\t<meta name=\"twitter:data1\" content=\"Benoit Charette\" \/>\n\t<meta name=\"twitter:label2\" content=\"Estimation du temps de lecture\" \/>\n\t<meta name=\"twitter:data2\" content=\"1 minute\" \/>\n<!-- \/ Yoast SEO plugin. -->","yoast_head_json":{"title":"Acura Integra\u00a0 ou la nouvelle CSX - CanadaMotorJobs.com","description":"Acura Integra\u00a0 ou la nouvelle CSX - Benoit Charette - Annuel automobile - CanadaMotorJobs.com.","robots":{"index":"index","follow":"follow","max-snippet":"max-snippet:-1","max-image-preview":"max-image-preview:large","max-video-preview":"max-video-preview:-1"},"og_locale":"fr_CA","og_type":"article","og_title":"Acura Integra\u00a0 ou la nouvelle CSX - CanadaMotorJobs.com","og_description":"Acura Integra\u00a0 ou la nouvelle CSX - Benoit Charette - Annuel automobile - CanadaMotorJobs.com.","og_url":"https:\/\/news.canadamotorjobs.com\/fr\/acura-integra-ou-la-nouvelle-csx\/","og_site_name":"CanadaMotorJobs.com","article_publisher":"https:\/\/www.facebook.com\/canadamotorjobs\/","article_published_time":"2023-01-13T13:31:58+00:00","article_modified_time":"2023-01-13T13:45:07+00:00","og_image":[{"width":1200,"height":800,"url":"https:\/\/news.canadamotorjobs.com\/wp-content\/uploads\/2023\/01\/04-2023-Acura-Integra-A-Spec1-1.jpg","type":"image\/jpeg"}],"author":"Benoit Charette","twitter_card":"summary_large_image","twitter_creator":"@canadamotorjobs","twitter_site":"@canadamotorjobs","twitter_misc":{"\u00c9crit par":"Benoit Charette","Estimation du temps de lecture":"1 minute"},"schema":{"@context":"https:\/\/schema.org","@graph":[{"@type":"Article","@id":"https:\/\/news.canadamotorjobs.com\/fr\/acura-integra-ou-la-nouvelle-csx\/#article","isPartOf":{"@id":"https:\/\/news.canadamotorjobs.com\/fr\/acura-integra-ou-la-nouvelle-csx\/"},"author":{"name":"Benoit Charette","@id":"https:\/\/news.canadamotorjobs.com\/#\/schema\/person\/51793d1f87d44011d7bcc2ed99269a90"},"headline":"Acura Integra\u00a0 ou la nouvelle CSX","datePublished":"2023-01-13T13:31:58+00:00","dateModified":"2023-01-13T13:45:07+00:00","mainEntityOfPage":{"@id":"https:\/\/news.canadamotorjobs.com\/fr\/acura-integra-ou-la-nouvelle-csx\/"},"wordCount":283,"publisher":{"@id":"https:\/\/news.canadamotorjobs.com\/#organization"},"image":{"@id":"https:\/\/news.canadamotorjobs.com\/fr\/acura-integra-ou-la-nouvelle-csx\/#primaryimage"},"thumbnailUrl":"https:\/\/news.canadamotorjobs.com\/wp-content\/uploads\/2023\/01\/04-2023-Acura-Integra-A-Spec1-1.jpg","articleSection":["Annuel automobile"],"inLanguage":"fr-CA"},{"@type":"WebPage","@id":"https:\/\/news.canadamotorjobs.com\/fr\/acura-integra-ou-la-nouvelle-csx\/","url":"https:\/\/news.canadamotorjobs.com\/fr\/acura-integra-ou-la-nouvelle-csx\/","name":"Acura Integra\u00a0 ou la nouvelle CSX - CanadaMotorJobs.com","isPartOf":{"@id":"https:\/\/news.canadamotorjobs.com\/#website"},"primaryImageOfPage":{"@id":"https:\/\/news.canadamotorjobs.com\/fr\/acura-integra-ou-la-nouvelle-csx\/#primaryimage"},"image":{"@id":"https:\/\/news.canadamotorjobs.com\/fr\/acura-integra-ou-la-nouvelle-csx\/#primaryimage"},"thumbnailUrl":"https:\/\/news.canadamotorjobs.com\/wp-content\/uploads\/2023\/01\/04-2023-Acura-Integra-A-Spec1-1.jpg","datePublished":"2023-01-13T13:31:58+00:00","dateModified":"2023-01-13T13:45:07+00:00","description":"Acura Integra\u00a0 ou la nouvelle CSX - Benoit Charette - Annuel automobile - CanadaMotorJobs.com.","breadcrumb":{"@id":"https:\/\/news.canadamotorjobs.com\/fr\/acura-integra-ou-la-nouvelle-csx\/#breadcrumb"},"inLanguage":"fr-CA","potentialAction":[{"@type":"ReadAction","target":["https:\/\/news.canadamotorjobs.com\/fr\/acura-integra-ou-la-nouvelle-csx\/"]}]},{"@type":"ImageObject","inLanguage":"fr-CA","@id":"https:\/\/news.canadamotorjobs.com\/fr\/acura-integra-ou-la-nouvelle-csx\/#primaryimage","url":"https:\/\/news.canadamotorjobs.com\/wp-content\/uploads\/2023\/01\/04-2023-Acura-Integra-A-Spec1-1.jpg","contentUrl":"https:\/\/news.canadamotorjobs.com\/wp-content\/uploads\/2023\/01\/04-2023-Acura-Integra-A-Spec1-1.jpg","width":1200,"height":800},{"@type":"BreadcrumbList","@id":"https:\/\/news.canadamotorjobs.com\/fr\/acura-integra-ou-la-nouvelle-csx\/#breadcrumb","itemListElement":[{"@type":"ListItem","position":1,"name":"Home","item":"https:\/\/news.canadamotorjobs.com\/fr\/blog\/"},{"@type":"ListItem","position":2,"name":"Acura Integra\u00a0 ou la nouvelle CSX"}]},{"@type":"WebSite","@id":"https:\/\/news.canadamotorjobs.com\/#website","url":"https:\/\/news.canadamotorjobs.com\/","name":"CanadaMotorJobs.com","description":"Automotive Jobs","publisher":{"@id":"https:\/\/news.canadamotorjobs.com\/#organization"},"potentialAction":[{"@type":"SearchAction","target":{"@type":"EntryPoint","urlTemplate":"https:\/\/news.canadamotorjobs.com\/?s={search_term_string}"},"query-input":"required name=search_term_string"}],"inLanguage":"fr-CA"},{"@type":"Organization","@id":"https:\/\/news.canadamotorjobs.com\/#organization","name":"Canada Motor Jobs","url":"https:\/\/news.canadamotorjobs.com\/","logo":{"@type":"ImageObject","inLanguage":"fr-CA","@id":"https:\/\/news.canadamotorjobs.com\/#\/schema\/logo\/image\/","url":"https:\/\/news.canadamotorjobs.com\/wp-content\/uploads\/2022\/10\/logo-canada-motor-jobs-1.png","contentUrl":"https:\/\/news.canadamotorjobs.com\/wp-content\/uploads\/2022\/10\/logo-canada-motor-jobs-1.png","width":800,"height":400,"caption":"Canada Motor Jobs"},"image":{"@id":"https:\/\/news.canadamotorjobs.com\/#\/schema\/logo\/image\/"},"sameAs":["https:\/\/www.facebook.com\/canadamotorjobs\/","https:\/\/x.com\/canadamotorjobs","https:\/\/www.instagram.com\/canadamotorjobs\/","https:\/\/www.linkedin.com\/company\/canadamotorjobs"]},{"@type":"Person","@id":"https:\/\/news.canadamotorjobs.com\/#\/schema\/person\/51793d1f87d44011d7bcc2ed99269a90","name":"Benoit Charette","image":{"@type":"ImageObject","inLanguage":"fr-CA","@id":"https:\/\/news.canadamotorjobs.com\/#\/schema\/person\/image\/","url":"https:\/\/secure.gravatar.com\/avatar\/45f3d2eebcccd909668d7ce7ea7267b6?s=96&d=mm&r=g","contentUrl":"https:\/\/secure.gravatar.com\/avatar\/45f3d2eebcccd909668d7ce7ea7267b6?s=96&d=mm&r=g","caption":"Benoit Charette"},"description":"Benoit Charette \/ Propri\u00e9taire et r\u00e9dacteur en chef Benoit Charette pratique le journalisme automobile depuis bient\u00f4t 30 ans. Il a fait ses classes au c\u00f4t\u00e9 de Daniel H\u00e9raud et au Carnet de route de 1992 \u00e0 2001. Il est fondateur, copropri\u00e9taire et r\u00e9dacteur en chef de L\u2019Annuel de l\u2019automobile, qu\u2019il publie depuis 2001. Il a anim\u00e9 les \u00e9missions RPM et RPM+ sur V et les L\u00e9gendes de la route sur Historia. \u00c0 la radio depuis 1986, il reprend l\u2019antenne cette ann\u00e9e sur les ondes de Cogeco et participe pour la deuxi\u00e8me ann\u00e9e \u00e0 l\u2019\u00e9mission Passion Auto sur RDS en plus de mettre en ligne le site Web officiel de L\u2019Annuel de l\u2019automobile sur annuelauto.ca.","sameAs":["https:\/\/annuelauto.ca\/"],"url":"https:\/\/news.canadamotorjobs.com\/fr\/author\/benoit-charette\/"}]}},"_links":{"self":[{"href":"https:\/\/news.canadamotorjobs.com\/fr\/wp-json\/wp\/v2\/posts\/137853"}],"collection":[{"href":"https:\/\/news.canadamotorjobs.com\/fr\/wp-json\/wp\/v2\/posts"}],"about":[{"href":"https:\/\/news.canadamotorjobs.com\/fr\/wp-json\/wp\/v2\/types\/post"}],"author":[{"embeddable":true,"href":"https:\/\/news.canadamotorjobs.com\/fr\/wp-json\/wp\/v2\/users\/8"}],"replies":[{"embeddable":true,"href":"https:\/\/news.canadamotorjobs.com\/fr\/wp-json\/wp\/v2\/comments?post=137853"}],"version-history":[{"count":0,"href":"https:\/\/news.canadamotorjobs.com\/fr\/wp-json\/wp\/v2\/posts\/137853\/revisions"}],"wp:featuredmedia":[{"embeddable":true,"href":"https:\/\/news.canadamotorjobs.com\/fr\/wp-json\/wp\/v2\/media\/137857"}],"wp:attachment":[{"href":"https:\/\/news.canadamotorjobs.com\/fr\/wp-json\/wp\/v2\/media?parent=137853"}],"wp:term":[{"taxonomy":"category","embeddable":true,"href":"https:\/\/news.canadamotorjobs.com\/fr\/wp-json\/wp\/v2\/categories?post=137853"},{"taxonomy":"post_tag","embeddable":true,"href":"https:\/\/news.canadamotorjobs.com\/fr\/wp-json\/wp\/v2\/tags?post=137853"}],"curies":[{"name":"wp","href":"https:\/\/api.w.org\/{rel}","templated":true}]}}