{"id":137837,"date":"2023-01-13T07:16:16","date_gmt":"2023-01-13T12:16:16","guid":{"rendered":"https:\/\/news.canadamotorjobs.com\/mazda-mx-30-hybride-branchable-on-coupe-la-batterie-en-deux-et-on-ajoute-un-moteur-rotatif\/"},"modified":"2023-01-13T07:28:39","modified_gmt":"2023-01-13T12:28:39","slug":"mazda-mx-30-hybride-branchable-on-coupe-la-batterie-en-deux-et-on-ajoute-un-moteur-rotatif","status":"publish","type":"post","link":"https:\/\/news.canadamotorjobs.com\/fr\/mazda-mx-30-hybride-branchable-on-coupe-la-batterie-en-deux-et-on-ajoute-un-moteur-rotatif\/","title":{"rendered":"Mazda MX-30 hybride branchable: on coupe la batterie en deux et on ajoute un moteur rotatif"},"content":{"rendered":"<\/p>\n<p>Un peu plus de 10 ans apr\u00e8s le d\u00e9part de la RX8, Mazda va pr\u00e9senter un autre v\u00e9hicule avec un moteur rotatif sous la forme d\u2019un MX-30 hybride rechargeable. Il porte officiellement le nom de Mazda MX-30 R-EV. Dans ce cas-ci, le moteur rotatif n\u2019a rien \u00e0 voir avec la performance. Il va servir de prolongateur d\u2019autonomie. Il s\u2019agit d\u2019un petit moteur \u00e0 essence de 830 cc \u00e0 injection directe avec un taux de compression \u00e9lev\u00e9 de 11,9\u00a0: 1. Il d\u00e9veloppe 75 chevaux et 86 livres-pieds. Les roues sont propuls\u00e9es exclusivement par un moteur \u00e9lectrique, qui produit dans ce cas 167 chevaux et 191\u00a0lb-pi de couple. Sans lien m\u00e9canique avec les roues, le r\u00f4le du moteur rotatif est d&#8217;alimenter un g\u00e9n\u00e9rateur qui cr\u00e9e de l&#8217;\u00e9nergie pour porter l&#8217;autonomie du MX-30 \u00e0 plus de 600 kilom\u00e8tres. Le moteur \u00e0 combustion interne est aliment\u00e9 par un r\u00e9servoir d&#8217;essence de 50 litres mont\u00e9 juste devant l&#8217;essieu arri\u00e8re.<br \/> La moiti\u00e9 de la batterie<br \/> La batterie lithium-ion qui fait 35,5\u00a0kWh sur le mod\u00e8le tout \u00e9lectrique a \u00e9t\u00e9 amput\u00e9e de moiti\u00e9 et passe \u00e0 17,8\u00a0kWh dans le mod\u00e8le hybride branchable. Ce qui veut dire que dans le meilleur des cas, vous obtiendrez 80\u00a0km d\u2019autonomie en \u00e9t\u00e9. Le MX-30 e-Skyactiv R-EV a besoin de 9,1 secondes pour effectuer le sprint de 0 \u00e0 100\u00a0km\/h et est \u00e9lectroniquement plafonn\u00e9e \u00e0 140\u00a0km\/h. Cette version hybride rechargeable \u00e9quip\u00e9e d&#8217;un moteur rotatif est naturellement lourde pour un petit VUS \u00e0 1 703 kilogrammes. N\u00e9anmoins, Mazda vante une consommation remarquablement basse de<\/p>\n","protected":false},"excerpt":{"rendered":"<p>Un peu plus de 10 ans apr\u00e8s le d\u00e9part de la RX8, Mazda va pr\u00e9senter un autre v\u00e9hicule avec un moteur rotatif sous la forme d\u2019un MX-30 hybride rechargeable. Il porte officiellement le nom de Mazda MX-30 R-EV. Dans ce cas-ci, le moteur rotatif n\u2019a rien \u00e0 voir avec la performance. Il va servir de [&hellip;]<\/p>\n","protected":false},"author":8,"featured_media":137841,"comment_status":"close","ping_status":"closed","sticky":false,"template":"","format":"standard","meta":{"_monsterinsights_skip_tracking":false,"_monsterinsights_sitenote_active":false,"_monsterinsights_sitenote_note":"","_monsterinsights_sitenote_category":0,"footnotes":""},"categories":[101],"tags":[],"yoast_head":"<!-- This site is optimized with the Yoast SEO plugin v23.2 - https:\/\/yoast.com\/wordpress\/plugins\/seo\/ -->\n<title>Mazda MX-30 hybride branchable: on coupe la batterie en deux et on ajoute un moteur rotatif - CanadaMotorJobs.com<\/title>\n<meta name=\"description\" content=\"Mazda MX-30 hybride branchable: on coupe la batterie en deux et on ajoute un moteur rotatif - Benoit Charette - Annuel automobile - CanadaMotorJobs.com.\" \/>\n<meta name=\"robots\" content=\"index, follow, max-snippet:-1, max-image-preview:large, max-video-preview:-1\" \/>\n<meta property=\"og:locale\" content=\"fr_CA\" \/>\n<meta property=\"og:type\" content=\"article\" \/>\n<meta property=\"og:title\" content=\"Mazda MX-30 hybride branchable: on coupe la batterie en deux et on ajoute un moteur rotatif - CanadaMotorJobs.com\" \/>\n<meta property=\"og:description\" content=\"Mazda MX-30 hybride branchable: on coupe la batterie en deux et on ajoute un moteur rotatif - Benoit Charette - Annuel automobile - CanadaMotorJobs.com.\" \/>\n<meta property=\"og:url\" content=\"https:\/\/news.canadamotorjobs.com\/fr\/mazda-mx-30-hybride-branchable-on-coupe-la-batterie-en-deux-et-on-ajoute-un-moteur-rotatif\/\" \/>\n<meta property=\"og:site_name\" content=\"CanadaMotorJobs.com\" \/>\n<meta property=\"article:publisher\" content=\"https:\/\/www.facebook.com\/canadamotorjobs\/\" \/>\n<meta property=\"article:published_time\" content=\"2023-01-13T12:16:16+00:00\" \/>\n<meta property=\"article:modified_time\" content=\"2023-01-13T12:28:39+00:00\" \/>\n<meta property=\"og:image\" content=\"https:\/\/news.canadamotorjobs.com\/wp-content\/uploads\/2023\/01\/mazda-mx-30-e-skyactiv-r-ev-2023-1.jpg\" \/>\n\t<meta property=\"og:image:width\" content=\"1280\" \/>\n\t<meta property=\"og:image:height\" content=\"720\" \/>\n\t<meta property=\"og:image:type\" content=\"image\/jpeg\" \/>\n<meta name=\"author\" content=\"Benoit Charette\" \/>\n<meta name=\"twitter:card\" content=\"summary_large_image\" \/>\n<meta name=\"twitter:creator\" content=\"@canadamotorjobs\" \/>\n<meta name=\"twitter:site\" content=\"@canadamotorjobs\" \/>\n<meta name=\"twitter:label1\" content=\"\u00c9crit par\" \/>\n\t<meta name=\"twitter:data1\" content=\"Benoit Charette\" \/>\n\t<meta name=\"twitter:label2\" content=\"Estimation du temps de lecture\" \/>\n\t<meta name=\"twitter:data2\" content=\"1 minute\" \/>\n<!-- \/ Yoast SEO plugin. -->","yoast_head_json":{"title":"Mazda MX-30 hybride branchable: on coupe la batterie en deux et on ajoute un moteur rotatif - CanadaMotorJobs.com","description":"Mazda MX-30 hybride branchable: on coupe la batterie en deux et on ajoute un moteur rotatif - Benoit Charette - Annuel automobile - CanadaMotorJobs.com.","robots":{"index":"index","follow":"follow","max-snippet":"max-snippet:-1","max-image-preview":"max-image-preview:large","max-video-preview":"max-video-preview:-1"},"og_locale":"fr_CA","og_type":"article","og_title":"Mazda MX-30 hybride branchable: on coupe la batterie en deux et on ajoute un moteur rotatif - CanadaMotorJobs.com","og_description":"Mazda MX-30 hybride branchable: on coupe la batterie en deux et on ajoute un moteur rotatif - Benoit Charette - Annuel automobile - CanadaMotorJobs.com.","og_url":"https:\/\/news.canadamotorjobs.com\/fr\/mazda-mx-30-hybride-branchable-on-coupe-la-batterie-en-deux-et-on-ajoute-un-moteur-rotatif\/","og_site_name":"CanadaMotorJobs.com","article_publisher":"https:\/\/www.facebook.com\/canadamotorjobs\/","article_published_time":"2023-01-13T12:16:16+00:00","article_modified_time":"2023-01-13T12:28:39+00:00","og_image":[{"width":1280,"height":720,"url":"https:\/\/news.canadamotorjobs.com\/wp-content\/uploads\/2023\/01\/mazda-mx-30-e-skyactiv-r-ev-2023-1.jpg","type":"image\/jpeg"}],"author":"Benoit Charette","twitter_card":"summary_large_image","twitter_creator":"@canadamotorjobs","twitter_site":"@canadamotorjobs","twitter_misc":{"\u00c9crit par":"Benoit Charette","Estimation du temps de lecture":"1 minute"},"schema":{"@context":"https:\/\/schema.org","@graph":[{"@type":"Article","@id":"https:\/\/news.canadamotorjobs.com\/fr\/mazda-mx-30-hybride-branchable-on-coupe-la-batterie-en-deux-et-on-ajoute-un-moteur-rotatif\/#article","isPartOf":{"@id":"https:\/\/news.canadamotorjobs.com\/fr\/mazda-mx-30-hybride-branchable-on-coupe-la-batterie-en-deux-et-on-ajoute-un-moteur-rotatif\/"},"author":{"name":"Benoit Charette","@id":"https:\/\/news.canadamotorjobs.com\/#\/schema\/person\/51793d1f87d44011d7bcc2ed99269a90"},"headline":"Mazda MX-30 hybride branchable: on coupe la batterie en deux et on ajoute un moteur rotatif","datePublished":"2023-01-13T12:16:16+00:00","dateModified":"2023-01-13T12:28:39+00:00","mainEntityOfPage":{"@id":"https:\/\/news.canadamotorjobs.com\/fr\/mazda-mx-30-hybride-branchable-on-coupe-la-batterie-en-deux-et-on-ajoute-un-moteur-rotatif\/"},"wordCount":278,"publisher":{"@id":"https:\/\/news.canadamotorjobs.com\/#organization"},"image":{"@id":"https:\/\/news.canadamotorjobs.com\/fr\/mazda-mx-30-hybride-branchable-on-coupe-la-batterie-en-deux-et-on-ajoute-un-moteur-rotatif\/#primaryimage"},"thumbnailUrl":"https:\/\/news.canadamotorjobs.com\/wp-content\/uploads\/2023\/01\/mazda-mx-30-e-skyactiv-r-ev-2023-1.jpg","articleSection":["Annuel automobile"],"inLanguage":"fr-CA"},{"@type":"WebPage","@id":"https:\/\/news.canadamotorjobs.com\/fr\/mazda-mx-30-hybride-branchable-on-coupe-la-batterie-en-deux-et-on-ajoute-un-moteur-rotatif\/","url":"https:\/\/news.canadamotorjobs.com\/fr\/mazda-mx-30-hybride-branchable-on-coupe-la-batterie-en-deux-et-on-ajoute-un-moteur-rotatif\/","name":"Mazda MX-30 hybride branchable: on coupe la batterie en deux et on ajoute un moteur rotatif - CanadaMotorJobs.com","isPartOf":{"@id":"https:\/\/news.canadamotorjobs.com\/#website"},"primaryImageOfPage":{"@id":"https:\/\/news.canadamotorjobs.com\/fr\/mazda-mx-30-hybride-branchable-on-coupe-la-batterie-en-deux-et-on-ajoute-un-moteur-rotatif\/#primaryimage"},"image":{"@id":"https:\/\/news.canadamotorjobs.com\/fr\/mazda-mx-30-hybride-branchable-on-coupe-la-batterie-en-deux-et-on-ajoute-un-moteur-rotatif\/#primaryimage"},"thumbnailUrl":"https:\/\/news.canadamotorjobs.com\/wp-content\/uploads\/2023\/01\/mazda-mx-30-e-skyactiv-r-ev-2023-1.jpg","datePublished":"2023-01-13T12:16:16+00:00","dateModified":"2023-01-13T12:28:39+00:00","description":"Mazda MX-30 hybride branchable: on coupe la batterie en deux et on ajoute un moteur rotatif - Benoit Charette - Annuel automobile - CanadaMotorJobs.com.","breadcrumb":{"@id":"https:\/\/news.canadamotorjobs.com\/fr\/mazda-mx-30-hybride-branchable-on-coupe-la-batterie-en-deux-et-on-ajoute-un-moteur-rotatif\/#breadcrumb"},"inLanguage":"fr-CA","potentialAction":[{"@type":"ReadAction","target":["https:\/\/news.canadamotorjobs.com\/fr\/mazda-mx-30-hybride-branchable-on-coupe-la-batterie-en-deux-et-on-ajoute-un-moteur-rotatif\/"]}]},{"@type":"ImageObject","inLanguage":"fr-CA","@id":"https:\/\/news.canadamotorjobs.com\/fr\/mazda-mx-30-hybride-branchable-on-coupe-la-batterie-en-deux-et-on-ajoute-un-moteur-rotatif\/#primaryimage","url":"https:\/\/news.canadamotorjobs.com\/wp-content\/uploads\/2023\/01\/mazda-mx-30-e-skyactiv-r-ev-2023-1.jpg","contentUrl":"https:\/\/news.canadamotorjobs.com\/wp-content\/uploads\/2023\/01\/mazda-mx-30-e-skyactiv-r-ev-2023-1.jpg","width":1280,"height":720},{"@type":"BreadcrumbList","@id":"https:\/\/news.canadamotorjobs.com\/fr\/mazda-mx-30-hybride-branchable-on-coupe-la-batterie-en-deux-et-on-ajoute-un-moteur-rotatif\/#breadcrumb","itemListElement":[{"@type":"ListItem","position":1,"name":"Home","item":"https:\/\/news.canadamotorjobs.com\/fr\/blog\/"},{"@type":"ListItem","position":2,"name":"Mazda MX-30 hybride branchable: on coupe la batterie en deux et on ajoute un moteur rotatif"}]},{"@type":"WebSite","@id":"https:\/\/news.canadamotorjobs.com\/#website","url":"https:\/\/news.canadamotorjobs.com\/","name":"CanadaMotorJobs.com","description":"Automotive Jobs","publisher":{"@id":"https:\/\/news.canadamotorjobs.com\/#organization"},"potentialAction":[{"@type":"SearchAction","target":{"@type":"EntryPoint","urlTemplate":"https:\/\/news.canadamotorjobs.com\/?s={search_term_string}"},"query-input":"required name=search_term_string"}],"inLanguage":"fr-CA"},{"@type":"Organization","@id":"https:\/\/news.canadamotorjobs.com\/#organization","name":"Canada Motor Jobs","url":"https:\/\/news.canadamotorjobs.com\/","logo":{"@type":"ImageObject","inLanguage":"fr-CA","@id":"https:\/\/news.canadamotorjobs.com\/#\/schema\/logo\/image\/","url":"https:\/\/news.canadamotorjobs.com\/wp-content\/uploads\/2022\/10\/logo-canada-motor-jobs-1.png","contentUrl":"https:\/\/news.canadamotorjobs.com\/wp-content\/uploads\/2022\/10\/logo-canada-motor-jobs-1.png","width":800,"height":400,"caption":"Canada Motor Jobs"},"image":{"@id":"https:\/\/news.canadamotorjobs.com\/#\/schema\/logo\/image\/"},"sameAs":["https:\/\/www.facebook.com\/canadamotorjobs\/","https:\/\/x.com\/canadamotorjobs","https:\/\/www.instagram.com\/canadamotorjobs\/","https:\/\/www.linkedin.com\/company\/canadamotorjobs"]},{"@type":"Person","@id":"https:\/\/news.canadamotorjobs.com\/#\/schema\/person\/51793d1f87d44011d7bcc2ed99269a90","name":"Benoit Charette","image":{"@type":"ImageObject","inLanguage":"fr-CA","@id":"https:\/\/news.canadamotorjobs.com\/#\/schema\/person\/image\/","url":"https:\/\/secure.gravatar.com\/avatar\/45f3d2eebcccd909668d7ce7ea7267b6?s=96&d=mm&r=g","contentUrl":"https:\/\/secure.gravatar.com\/avatar\/45f3d2eebcccd909668d7ce7ea7267b6?s=96&d=mm&r=g","caption":"Benoit Charette"},"description":"Benoit Charette \/ Propri\u00e9taire et r\u00e9dacteur en chef Benoit Charette pratique le journalisme automobile depuis bient\u00f4t 30 ans. Il a fait ses classes au c\u00f4t\u00e9 de Daniel H\u00e9raud et au Carnet de route de 1992 \u00e0 2001. Il est fondateur, copropri\u00e9taire et r\u00e9dacteur en chef de L\u2019Annuel de l\u2019automobile, qu\u2019il publie depuis 2001. Il a anim\u00e9 les \u00e9missions RPM et RPM+ sur V et les L\u00e9gendes de la route sur Historia. \u00c0 la radio depuis 1986, il reprend l\u2019antenne cette ann\u00e9e sur les ondes de Cogeco et participe pour la deuxi\u00e8me ann\u00e9e \u00e0 l\u2019\u00e9mission Passion Auto sur RDS en plus de mettre en ligne le site Web officiel de L\u2019Annuel de l\u2019automobile sur annuelauto.ca.","sameAs":["https:\/\/annuelauto.ca\/"],"url":"https:\/\/news.canadamotorjobs.com\/fr\/author\/benoit-charette\/"}]}},"_links":{"self":[{"href":"https:\/\/news.canadamotorjobs.com\/fr\/wp-json\/wp\/v2\/posts\/137837"}],"collection":[{"href":"https:\/\/news.canadamotorjobs.com\/fr\/wp-json\/wp\/v2\/posts"}],"about":[{"href":"https:\/\/news.canadamotorjobs.com\/fr\/wp-json\/wp\/v2\/types\/post"}],"author":[{"embeddable":true,"href":"https:\/\/news.canadamotorjobs.com\/fr\/wp-json\/wp\/v2\/users\/8"}],"replies":[{"embeddable":true,"href":"https:\/\/news.canadamotorjobs.com\/fr\/wp-json\/wp\/v2\/comments?post=137837"}],"version-history":[{"count":0,"href":"https:\/\/news.canadamotorjobs.com\/fr\/wp-json\/wp\/v2\/posts\/137837\/revisions"}],"wp:featuredmedia":[{"embeddable":true,"href":"https:\/\/news.canadamotorjobs.com\/fr\/wp-json\/wp\/v2\/media\/137841"}],"wp:attachment":[{"href":"https:\/\/news.canadamotorjobs.com\/fr\/wp-json\/wp\/v2\/media?parent=137837"}],"wp:term":[{"taxonomy":"category","embeddable":true,"href":"https:\/\/news.canadamotorjobs.com\/fr\/wp-json\/wp\/v2\/categories?post=137837"},{"taxonomy":"post_tag","embeddable":true,"href":"https:\/\/news.canadamotorjobs.com\/fr\/wp-json\/wp\/v2\/tags?post=137837"}],"curies":[{"name":"wp","href":"https:\/\/api.w.org\/{rel}","templated":true}]}}