{"id":137820,"date":"2023-01-12T08:15:05","date_gmt":"2023-01-12T13:15:05","guid":{"rendered":"https:\/\/news.canadamotorjobs.com\/mercedes-benz-va-abandonner-lappellation-eq-bientot\/"},"modified":"2023-01-12T15:36:14","modified_gmt":"2023-01-12T20:36:14","slug":"mercedes-benz-va-abandonner-lappellation-eq-bientot","status":"publish","type":"post","link":"https:\/\/news.canadamotorjobs.com\/fr\/mercedes-benz-va-abandonner-lappellation-eq-bientot\/","title":{"rendered":"Mercedes Benz va abandonner l\u2019appellation EQ bient\u00f4t"},"content":{"rendered":"<p>Mercedes-Benz devrait abandonner la marque EQ pour les voitures \u00e9lectriques d\u00e8s la prochaine g\u00e9n\u00e9ration de voitures, qui devrait \u00eatre commercialis\u00e9e \u00e0 partir de fin 2024, a d\u00e9clar\u00e9 jeudi le quotidien allemand Handelsblatt, citant des sources de l&#8217;entreprise.<\/p>\n<h3>Une d\u00e9cision du pr\u00e9sident<\/h3>\n<p>La d\u00e9cision est bas\u00e9e sur l&#8217;accent mis par le directeur g\u00e9n\u00e9ral Ola Kaellenius sur les voitures exclusivement \u00e9lectriques, rendant la marque EQ devient superflue alors que Mercedes se d\u00e9tourne du moteur \u00e0 combustion, pour aller uniquement vers l\u2019\u00e9lectrique.<\/p>\n<h3>Une distinction qui perd sa raison d\u2019\u00eatre<\/h3>\n<p>Le constructeur allemand qui commercialise sa s\u00e9rie de mod\u00e8les enti\u00e8rement \u00e9lectriques sous la marque EQ depuis le premier EQC en 2019 n\u2019aura plus besoin de cette diff\u00e9renciation au moment o\u00f9 toute la flotte sera enti\u00e8rement \u00e9lectrique d\u2019ici 2030. Mercedes a pr\u00e9cis\u00e9 que la marque va revoir la nomenclature de ses mod\u00e8les, mais il est encore trop t\u00f4t pour dire de quelle mani\u00e8re Mercedes va proc\u00e9der.<\/p>\n<p>Avec des renseignements de Reuters<\/p>\n<p>Le texte <a href=\"https:\/\/annuelauto.ca\/mercedes-benz-va-abandonner-lappellation-eq-bientot\/\" rel=\"nofollow\">Mercedes Benz va abandonner l\u2019appellation EQ bient\u00f4t<\/a> provient de <a href=\"https:\/\/annuelauto.ca\" rel=\"nofollow\">L&#8217;annuel de l&#8217;automobile &#8211; Actualit\u00e9 automobile<\/a><\/p>\n","protected":false},"excerpt":{"rendered":"<p>Mercedes-Benz devrait abandonner la marque EQ pour les voitures \u00e9lectriques d\u00e8s la prochaine g\u00e9n\u00e9ration de voitures, qui devrait \u00eatre commercialis\u00e9e \u00e0 partir de fin 2024, a d\u00e9clar\u00e9 jeudi le quotidien allemand Handelsblatt, citant des sources de l&#8217;entreprise. Une d\u00e9cision du pr\u00e9sident La d\u00e9cision est bas\u00e9e sur l&#8217;accent mis par le directeur g\u00e9n\u00e9ral Ola Kaellenius sur [&hellip;]<\/p>\n","protected":false},"author":8,"featured_media":137824,"comment_status":"close","ping_status":"closed","sticky":false,"template":"","format":"standard","meta":{"_monsterinsights_skip_tracking":false,"_monsterinsights_sitenote_active":false,"_monsterinsights_sitenote_note":"","_monsterinsights_sitenote_category":0,"footnotes":""},"categories":[101],"tags":[],"yoast_head":"<!-- This site is optimized with the Yoast SEO plugin v23.2 - https:\/\/yoast.com\/wordpress\/plugins\/seo\/ -->\n<title>Mercedes Benz va abandonner l\u2019appellation EQ bient\u00f4t - CanadaMotorJobs.com<\/title>\n<meta name=\"description\" content=\"Mercedes Benz va abandonner l\u2019appellation EQ bient\u00f4t - Benoit Charette - Annuel automobile - CanadaMotorJobs.com.\" \/>\n<meta name=\"robots\" content=\"index, follow, max-snippet:-1, max-image-preview:large, max-video-preview:-1\" \/>\n<meta property=\"og:locale\" content=\"fr_CA\" \/>\n<meta property=\"og:type\" content=\"article\" \/>\n<meta property=\"og:title\" content=\"Mercedes Benz va abandonner l\u2019appellation EQ bient\u00f4t - CanadaMotorJobs.com\" \/>\n<meta property=\"og:description\" content=\"Mercedes Benz va abandonner l\u2019appellation EQ bient\u00f4t - Benoit Charette - Annuel automobile - CanadaMotorJobs.com.\" \/>\n<meta property=\"og:url\" content=\"https:\/\/news.canadamotorjobs.com\/fr\/mercedes-benz-va-abandonner-lappellation-eq-bientot\/\" \/>\n<meta property=\"og:site_name\" content=\"CanadaMotorJobs.com\" \/>\n<meta property=\"article:publisher\" content=\"https:\/\/www.facebook.com\/canadamotorjobs\/\" \/>\n<meta property=\"article:published_time\" content=\"2023-01-12T13:15:05+00:00\" \/>\n<meta property=\"article:modified_time\" content=\"2023-01-12T20:36:14+00:00\" \/>\n<meta property=\"og:image\" content=\"https:\/\/news.canadamotorjobs.com\/wp-content\/uploads\/2023\/01\/5cd1515c240000a31dc7ba5e-1.jpeg\" \/>\n\t<meta property=\"og:image:width\" content=\"1778\" \/>\n\t<meta property=\"og:image:height\" content=\"1000\" \/>\n\t<meta property=\"og:image:type\" content=\"image\/jpeg\" \/>\n<meta name=\"author\" content=\"Benoit Charette\" \/>\n<meta name=\"twitter:card\" content=\"summary_large_image\" \/>\n<meta name=\"twitter:creator\" content=\"@canadamotorjobs\" \/>\n<meta name=\"twitter:site\" content=\"@canadamotorjobs\" \/>\n<meta name=\"twitter:label1\" content=\"\u00c9crit par\" \/>\n\t<meta name=\"twitter:data1\" content=\"Benoit Charette\" \/>\n\t<meta name=\"twitter:label2\" content=\"Estimation du temps de lecture\" \/>\n\t<meta name=\"twitter:data2\" content=\"1 minute\" \/>\n<!-- \/ Yoast SEO plugin. -->","yoast_head_json":{"title":"Mercedes Benz va abandonner l\u2019appellation EQ bient\u00f4t - CanadaMotorJobs.com","description":"Mercedes Benz va abandonner l\u2019appellation EQ bient\u00f4t - Benoit Charette - Annuel automobile - CanadaMotorJobs.com.","robots":{"index":"index","follow":"follow","max-snippet":"max-snippet:-1","max-image-preview":"max-image-preview:large","max-video-preview":"max-video-preview:-1"},"og_locale":"fr_CA","og_type":"article","og_title":"Mercedes Benz va abandonner l\u2019appellation EQ bient\u00f4t - CanadaMotorJobs.com","og_description":"Mercedes Benz va abandonner l\u2019appellation EQ bient\u00f4t - Benoit Charette - Annuel automobile - CanadaMotorJobs.com.","og_url":"https:\/\/news.canadamotorjobs.com\/fr\/mercedes-benz-va-abandonner-lappellation-eq-bientot\/","og_site_name":"CanadaMotorJobs.com","article_publisher":"https:\/\/www.facebook.com\/canadamotorjobs\/","article_published_time":"2023-01-12T13:15:05+00:00","article_modified_time":"2023-01-12T20:36:14+00:00","og_image":[{"width":1778,"height":1000,"url":"https:\/\/news.canadamotorjobs.com\/wp-content\/uploads\/2023\/01\/5cd1515c240000a31dc7ba5e-1.jpeg","type":"image\/jpeg"}],"author":"Benoit Charette","twitter_card":"summary_large_image","twitter_creator":"@canadamotorjobs","twitter_site":"@canadamotorjobs","twitter_misc":{"\u00c9crit par":"Benoit Charette","Estimation du temps de lecture":"1 minute"},"schema":{"@context":"https:\/\/schema.org","@graph":[{"@type":"Article","@id":"https:\/\/news.canadamotorjobs.com\/fr\/mercedes-benz-va-abandonner-lappellation-eq-bientot\/#article","isPartOf":{"@id":"https:\/\/news.canadamotorjobs.com\/fr\/mercedes-benz-va-abandonner-lappellation-eq-bientot\/"},"author":{"name":"Benoit Charette","@id":"https:\/\/news.canadamotorjobs.com\/#\/schema\/person\/51793d1f87d44011d7bcc2ed99269a90"},"headline":"Mercedes Benz va abandonner l\u2019appellation EQ bient\u00f4t","datePublished":"2023-01-12T13:15:05+00:00","dateModified":"2023-01-12T20:36:14+00:00","mainEntityOfPage":{"@id":"https:\/\/news.canadamotorjobs.com\/fr\/mercedes-benz-va-abandonner-lappellation-eq-bientot\/"},"wordCount":209,"publisher":{"@id":"https:\/\/news.canadamotorjobs.com\/#organization"},"image":{"@id":"https:\/\/news.canadamotorjobs.com\/fr\/mercedes-benz-va-abandonner-lappellation-eq-bientot\/#primaryimage"},"thumbnailUrl":"https:\/\/news.canadamotorjobs.com\/wp-content\/uploads\/2023\/01\/5cd1515c240000a31dc7ba5e-1.jpeg","articleSection":["Annuel automobile"],"inLanguage":"fr-CA"},{"@type":"WebPage","@id":"https:\/\/news.canadamotorjobs.com\/fr\/mercedes-benz-va-abandonner-lappellation-eq-bientot\/","url":"https:\/\/news.canadamotorjobs.com\/fr\/mercedes-benz-va-abandonner-lappellation-eq-bientot\/","name":"Mercedes Benz va abandonner l\u2019appellation EQ bient\u00f4t - CanadaMotorJobs.com","isPartOf":{"@id":"https:\/\/news.canadamotorjobs.com\/#website"},"primaryImageOfPage":{"@id":"https:\/\/news.canadamotorjobs.com\/fr\/mercedes-benz-va-abandonner-lappellation-eq-bientot\/#primaryimage"},"image":{"@id":"https:\/\/news.canadamotorjobs.com\/fr\/mercedes-benz-va-abandonner-lappellation-eq-bientot\/#primaryimage"},"thumbnailUrl":"https:\/\/news.canadamotorjobs.com\/wp-content\/uploads\/2023\/01\/5cd1515c240000a31dc7ba5e-1.jpeg","datePublished":"2023-01-12T13:15:05+00:00","dateModified":"2023-01-12T20:36:14+00:00","description":"Mercedes Benz va abandonner l\u2019appellation EQ bient\u00f4t - Benoit Charette - Annuel automobile - CanadaMotorJobs.com.","breadcrumb":{"@id":"https:\/\/news.canadamotorjobs.com\/fr\/mercedes-benz-va-abandonner-lappellation-eq-bientot\/#breadcrumb"},"inLanguage":"fr-CA","potentialAction":[{"@type":"ReadAction","target":["https:\/\/news.canadamotorjobs.com\/fr\/mercedes-benz-va-abandonner-lappellation-eq-bientot\/"]}]},{"@type":"ImageObject","inLanguage":"fr-CA","@id":"https:\/\/news.canadamotorjobs.com\/fr\/mercedes-benz-va-abandonner-lappellation-eq-bientot\/#primaryimage","url":"https:\/\/news.canadamotorjobs.com\/wp-content\/uploads\/2023\/01\/5cd1515c240000a31dc7ba5e-1.jpeg","contentUrl":"https:\/\/news.canadamotorjobs.com\/wp-content\/uploads\/2023\/01\/5cd1515c240000a31dc7ba5e-1.jpeg","width":1778,"height":1000},{"@type":"BreadcrumbList","@id":"https:\/\/news.canadamotorjobs.com\/fr\/mercedes-benz-va-abandonner-lappellation-eq-bientot\/#breadcrumb","itemListElement":[{"@type":"ListItem","position":1,"name":"Home","item":"https:\/\/news.canadamotorjobs.com\/fr\/blog\/"},{"@type":"ListItem","position":2,"name":"Mercedes Benz va abandonner l\u2019appellation EQ bient\u00f4t"}]},{"@type":"WebSite","@id":"https:\/\/news.canadamotorjobs.com\/#website","url":"https:\/\/news.canadamotorjobs.com\/","name":"CanadaMotorJobs.com","description":"Automotive Jobs","publisher":{"@id":"https:\/\/news.canadamotorjobs.com\/#organization"},"potentialAction":[{"@type":"SearchAction","target":{"@type":"EntryPoint","urlTemplate":"https:\/\/news.canadamotorjobs.com\/?s={search_term_string}"},"query-input":"required name=search_term_string"}],"inLanguage":"fr-CA"},{"@type":"Organization","@id":"https:\/\/news.canadamotorjobs.com\/#organization","name":"Canada Motor Jobs","url":"https:\/\/news.canadamotorjobs.com\/","logo":{"@type":"ImageObject","inLanguage":"fr-CA","@id":"https:\/\/news.canadamotorjobs.com\/#\/schema\/logo\/image\/","url":"https:\/\/news.canadamotorjobs.com\/wp-content\/uploads\/2022\/10\/logo-canada-motor-jobs-1.png","contentUrl":"https:\/\/news.canadamotorjobs.com\/wp-content\/uploads\/2022\/10\/logo-canada-motor-jobs-1.png","width":800,"height":400,"caption":"Canada Motor Jobs"},"image":{"@id":"https:\/\/news.canadamotorjobs.com\/#\/schema\/logo\/image\/"},"sameAs":["https:\/\/www.facebook.com\/canadamotorjobs\/","https:\/\/x.com\/canadamotorjobs","https:\/\/www.instagram.com\/canadamotorjobs\/","https:\/\/www.linkedin.com\/company\/canadamotorjobs"]},{"@type":"Person","@id":"https:\/\/news.canadamotorjobs.com\/#\/schema\/person\/51793d1f87d44011d7bcc2ed99269a90","name":"Benoit Charette","image":{"@type":"ImageObject","inLanguage":"fr-CA","@id":"https:\/\/news.canadamotorjobs.com\/#\/schema\/person\/image\/","url":"https:\/\/secure.gravatar.com\/avatar\/45f3d2eebcccd909668d7ce7ea7267b6?s=96&d=mm&r=g","contentUrl":"https:\/\/secure.gravatar.com\/avatar\/45f3d2eebcccd909668d7ce7ea7267b6?s=96&d=mm&r=g","caption":"Benoit Charette"},"description":"Benoit Charette \/ Propri\u00e9taire et r\u00e9dacteur en chef Benoit Charette pratique le journalisme automobile depuis bient\u00f4t 30 ans. Il a fait ses classes au c\u00f4t\u00e9 de Daniel H\u00e9raud et au Carnet de route de 1992 \u00e0 2001. Il est fondateur, copropri\u00e9taire et r\u00e9dacteur en chef de L\u2019Annuel de l\u2019automobile, qu\u2019il publie depuis 2001. Il a anim\u00e9 les \u00e9missions RPM et RPM+ sur V et les L\u00e9gendes de la route sur Historia. \u00c0 la radio depuis 1986, il reprend l\u2019antenne cette ann\u00e9e sur les ondes de Cogeco et participe pour la deuxi\u00e8me ann\u00e9e \u00e0 l\u2019\u00e9mission Passion Auto sur RDS en plus de mettre en ligne le site Web officiel de L\u2019Annuel de l\u2019automobile sur annuelauto.ca.","sameAs":["https:\/\/annuelauto.ca\/"],"url":"https:\/\/news.canadamotorjobs.com\/fr\/author\/benoit-charette\/"}]}},"_links":{"self":[{"href":"https:\/\/news.canadamotorjobs.com\/fr\/wp-json\/wp\/v2\/posts\/137820"}],"collection":[{"href":"https:\/\/news.canadamotorjobs.com\/fr\/wp-json\/wp\/v2\/posts"}],"about":[{"href":"https:\/\/news.canadamotorjobs.com\/fr\/wp-json\/wp\/v2\/types\/post"}],"author":[{"embeddable":true,"href":"https:\/\/news.canadamotorjobs.com\/fr\/wp-json\/wp\/v2\/users\/8"}],"replies":[{"embeddable":true,"href":"https:\/\/news.canadamotorjobs.com\/fr\/wp-json\/wp\/v2\/comments?post=137820"}],"version-history":[{"count":0,"href":"https:\/\/news.canadamotorjobs.com\/fr\/wp-json\/wp\/v2\/posts\/137820\/revisions"}],"wp:featuredmedia":[{"embeddable":true,"href":"https:\/\/news.canadamotorjobs.com\/fr\/wp-json\/wp\/v2\/media\/137824"}],"wp:attachment":[{"href":"https:\/\/news.canadamotorjobs.com\/fr\/wp-json\/wp\/v2\/media?parent=137820"}],"wp:term":[{"taxonomy":"category","embeddable":true,"href":"https:\/\/news.canadamotorjobs.com\/fr\/wp-json\/wp\/v2\/categories?post=137820"},{"taxonomy":"post_tag","embeddable":true,"href":"https:\/\/news.canadamotorjobs.com\/fr\/wp-json\/wp\/v2\/tags?post=137820"}],"curies":[{"name":"wp","href":"https:\/\/api.w.org\/{rel}","templated":true}]}}