{"id":137812,"date":"2023-01-12T07:45:39","date_gmt":"2023-01-12T12:45:39","guid":{"rendered":"https:\/\/news.canadamotorjobs.com\/les-voitures-deviennent-de-plus-en-plus-des-telephones-intelligents\/"},"modified":"2023-01-12T08:02:33","modified_gmt":"2023-01-12T13:02:33","slug":"les-voitures-deviennent-de-plus-en-plus-des-telephones-intelligents","status":"publish","type":"post","link":"https:\/\/news.canadamotorjobs.com\/fr\/les-voitures-deviennent-de-plus-en-plus-des-telephones-intelligents\/","title":{"rendered":"Les voitures deviennent de plus en plus des t\u00e9l\u00e9phones intelligents"},"content":{"rendered":"<\/p>\n<p>BMW, Mercedes-Benz et Volkswagen ont pr\u00e9sent\u00e9s diff\u00e9rentes nouveaut\u00e9s au CES. Arnold Schwarzenegger est mont\u00e9 sur sc\u00e8ne pour pr\u00e9senter le concept \u00abi Vision Dee\u00bb de BMW, qui a pour particularit\u00e9 de changer de couleur gr\u00e2ce \u00e0 une carrosserie qui utilise la version en couleur des \u00e9crans E-Ink qu\u2019on trouve sur les liseuses Kindle d\u2019Amazon.<\/p>\n<p> Mercedes-Benz a annonc\u00e9 sa volont\u00e9 de cr\u00e9er un r\u00e9seau de recharge publique mondial et a pr\u00e9sent\u00e9 son concept EQXX, qu\u2019on a d\u00e9j\u00e0 vu et qui illustre \u00e0 quel point on peut optimiser les moteurs \u00e9lectriques pour consommer moins d\u2019\u00e9lectricit\u00e9. Enfin, Volkswagen a pr\u00e9sent\u00e9 sa future berline \u00e9lectrique haut de gamme, la ID.7, qui aura dit-on 700 kilom\u00e8tres d\u2019autonomie.<\/p>\n<p> Il a aussi \u00e9t\u00e9 question d\u2019une poussette pour b\u00e9b\u00e9 \u00e0 conduite enti\u00e8rement autonome.<\/p>\n<p> Mais ce qu\u2019on a surtout vu, tant chez les grands constructeurs qu\u2019ailleurs dans le salon, c\u2019est l\u2019\u00e9mergence d\u2019une nouvelle fa\u00e7on de soutirer des sous aux automobilistes, \u00e0 travers l\u2019offre de nouveaux services connect\u00e9s offerts par abonnement. Si\u00e8ges chauffants (eh oui), navigation avanc\u00e9e, conduite autonome\u2026 tout y passe. On a indiqu\u00e9 que l\u2019acc\u00e8s \u00e0 la radio AM et FM pourrait bient\u00f4t devenir une option pour laquelle il faudra payer!<\/p>\n<p> &nbsp;<\/p>\n<p>Le texte <a rel=\"nofollow\" href=\"https:\/\/annuelauto.ca\/les-voitures-deviennent-de-plus-en-plus-des-telephones-intelligents\/\">Les voitures deviennent de plus en plus des t\u00e9l\u00e9phones intelligents<\/a> provient de <a rel=\"nofollow\" href=\"https:\/\/annuelauto.ca\">L&#039;annuel de l&#039;automobile &#8211; Actualit\u00e9 automobile<\/a><\/p>\n<p> <\/p>\n","protected":false},"excerpt":{"rendered":"<p>BMW, Mercedes-Benz et Volkswagen ont pr\u00e9sent\u00e9s diff\u00e9rentes nouveaut\u00e9s au CES. Arnold Schwarzenegger est mont\u00e9 sur sc\u00e8ne pour pr\u00e9senter le concept \u00abi Vision Dee\u00bb de BMW, qui a pour particularit\u00e9 de changer de couleur gr\u00e2ce \u00e0 une carrosserie qui utilise la version en couleur des \u00e9crans E-Ink qu\u2019on trouve sur les liseuses Kindle d\u2019Amazon. Mercedes-Benz a [&hellip;]<\/p>\n","protected":false},"author":8,"featured_media":137816,"comment_status":"close","ping_status":"closed","sticky":false,"template":"","format":"standard","meta":{"_monsterinsights_skip_tracking":false,"_monsterinsights_sitenote_active":false,"_monsterinsights_sitenote_note":"","_monsterinsights_sitenote_category":0,"footnotes":""},"categories":[101],"tags":[],"yoast_head":"<!-- This site is optimized with the Yoast SEO plugin v23.2 - https:\/\/yoast.com\/wordpress\/plugins\/seo\/ -->\n<title>Les voitures deviennent de plus en plus des t\u00e9l\u00e9phones intelligents - CanadaMotorJobs.com<\/title>\n<meta name=\"description\" content=\"Les voitures deviennent de plus en plus des t\u00e9l\u00e9phones intelligents - Benoit Charette - Annuel automobile - CanadaMotorJobs.com.\" \/>\n<meta name=\"robots\" content=\"index, follow, max-snippet:-1, max-image-preview:large, max-video-preview:-1\" \/>\n<meta property=\"og:locale\" content=\"fr_CA\" \/>\n<meta property=\"og:type\" content=\"article\" \/>\n<meta property=\"og:title\" content=\"Les voitures deviennent de plus en plus des t\u00e9l\u00e9phones intelligents - CanadaMotorJobs.com\" \/>\n<meta property=\"og:description\" content=\"Les voitures deviennent de plus en plus des t\u00e9l\u00e9phones intelligents - Benoit Charette - Annuel automobile - CanadaMotorJobs.com.\" \/>\n<meta property=\"og:url\" content=\"https:\/\/news.canadamotorjobs.com\/fr\/les-voitures-deviennent-de-plus-en-plus-des-telephones-intelligents\/\" \/>\n<meta property=\"og:site_name\" content=\"CanadaMotorJobs.com\" \/>\n<meta property=\"article:publisher\" content=\"https:\/\/www.facebook.com\/canadamotorjobs\/\" \/>\n<meta property=\"article:published_time\" content=\"2023-01-12T12:45:39+00:00\" \/>\n<meta property=\"article:modified_time\" content=\"2023-01-12T13:02:33+00:00\" \/>\n<meta property=\"og:image\" content=\"https:\/\/news.canadamotorjobs.com\/wp-content\/uploads\/2023\/01\/bmw-vision-i-dee-colors-hero-1.jpg\" \/>\n\t<meta property=\"og:image:width\" content=\"1200\" \/>\n\t<meta property=\"og:image:height\" content=\"750\" \/>\n\t<meta property=\"og:image:type\" content=\"image\/jpeg\" \/>\n<meta name=\"author\" content=\"Benoit Charette\" \/>\n<meta name=\"twitter:card\" content=\"summary_large_image\" \/>\n<meta name=\"twitter:creator\" content=\"@canadamotorjobs\" \/>\n<meta name=\"twitter:site\" content=\"@canadamotorjobs\" \/>\n<meta name=\"twitter:label1\" content=\"\u00c9crit par\" \/>\n\t<meta name=\"twitter:data1\" content=\"Benoit Charette\" \/>\n\t<meta name=\"twitter:label2\" content=\"Estimation du temps de lecture\" \/>\n\t<meta name=\"twitter:data2\" content=\"1 minute\" \/>\n<!-- \/ Yoast SEO plugin. -->","yoast_head_json":{"title":"Les voitures deviennent de plus en plus des t\u00e9l\u00e9phones intelligents - CanadaMotorJobs.com","description":"Les voitures deviennent de plus en plus des t\u00e9l\u00e9phones intelligents - Benoit Charette - Annuel automobile - CanadaMotorJobs.com.","robots":{"index":"index","follow":"follow","max-snippet":"max-snippet:-1","max-image-preview":"max-image-preview:large","max-video-preview":"max-video-preview:-1"},"og_locale":"fr_CA","og_type":"article","og_title":"Les voitures deviennent de plus en plus des t\u00e9l\u00e9phones intelligents - CanadaMotorJobs.com","og_description":"Les voitures deviennent de plus en plus des t\u00e9l\u00e9phones intelligents - Benoit Charette - Annuel automobile - CanadaMotorJobs.com.","og_url":"https:\/\/news.canadamotorjobs.com\/fr\/les-voitures-deviennent-de-plus-en-plus-des-telephones-intelligents\/","og_site_name":"CanadaMotorJobs.com","article_publisher":"https:\/\/www.facebook.com\/canadamotorjobs\/","article_published_time":"2023-01-12T12:45:39+00:00","article_modified_time":"2023-01-12T13:02:33+00:00","og_image":[{"width":1200,"height":750,"url":"https:\/\/news.canadamotorjobs.com\/wp-content\/uploads\/2023\/01\/bmw-vision-i-dee-colors-hero-1.jpg","type":"image\/jpeg"}],"author":"Benoit Charette","twitter_card":"summary_large_image","twitter_creator":"@canadamotorjobs","twitter_site":"@canadamotorjobs","twitter_misc":{"\u00c9crit par":"Benoit Charette","Estimation du temps de lecture":"1 minute"},"schema":{"@context":"https:\/\/schema.org","@graph":[{"@type":"Article","@id":"https:\/\/news.canadamotorjobs.com\/fr\/les-voitures-deviennent-de-plus-en-plus-des-telephones-intelligents\/#article","isPartOf":{"@id":"https:\/\/news.canadamotorjobs.com\/fr\/les-voitures-deviennent-de-plus-en-plus-des-telephones-intelligents\/"},"author":{"name":"Benoit Charette","@id":"https:\/\/news.canadamotorjobs.com\/#\/schema\/person\/51793d1f87d44011d7bcc2ed99269a90"},"headline":"Les voitures deviennent de plus en plus des t\u00e9l\u00e9phones intelligents","datePublished":"2023-01-12T12:45:39+00:00","dateModified":"2023-01-12T13:02:33+00:00","mainEntityOfPage":{"@id":"https:\/\/news.canadamotorjobs.com\/fr\/les-voitures-deviennent-de-plus-en-plus-des-telephones-intelligents\/"},"wordCount":257,"publisher":{"@id":"https:\/\/news.canadamotorjobs.com\/#organization"},"image":{"@id":"https:\/\/news.canadamotorjobs.com\/fr\/les-voitures-deviennent-de-plus-en-plus-des-telephones-intelligents\/#primaryimage"},"thumbnailUrl":"https:\/\/news.canadamotorjobs.com\/wp-content\/uploads\/2023\/01\/bmw-vision-i-dee-colors-hero-1.jpg","articleSection":["Annuel automobile"],"inLanguage":"fr-CA"},{"@type":"WebPage","@id":"https:\/\/news.canadamotorjobs.com\/fr\/les-voitures-deviennent-de-plus-en-plus-des-telephones-intelligents\/","url":"https:\/\/news.canadamotorjobs.com\/fr\/les-voitures-deviennent-de-plus-en-plus-des-telephones-intelligents\/","name":"Les voitures deviennent de plus en plus des t\u00e9l\u00e9phones intelligents - CanadaMotorJobs.com","isPartOf":{"@id":"https:\/\/news.canadamotorjobs.com\/#website"},"primaryImageOfPage":{"@id":"https:\/\/news.canadamotorjobs.com\/fr\/les-voitures-deviennent-de-plus-en-plus-des-telephones-intelligents\/#primaryimage"},"image":{"@id":"https:\/\/news.canadamotorjobs.com\/fr\/les-voitures-deviennent-de-plus-en-plus-des-telephones-intelligents\/#primaryimage"},"thumbnailUrl":"https:\/\/news.canadamotorjobs.com\/wp-content\/uploads\/2023\/01\/bmw-vision-i-dee-colors-hero-1.jpg","datePublished":"2023-01-12T12:45:39+00:00","dateModified":"2023-01-12T13:02:33+00:00","description":"Les voitures deviennent de plus en plus des t\u00e9l\u00e9phones intelligents - Benoit Charette - Annuel automobile - CanadaMotorJobs.com.","breadcrumb":{"@id":"https:\/\/news.canadamotorjobs.com\/fr\/les-voitures-deviennent-de-plus-en-plus-des-telephones-intelligents\/#breadcrumb"},"inLanguage":"fr-CA","potentialAction":[{"@type":"ReadAction","target":["https:\/\/news.canadamotorjobs.com\/fr\/les-voitures-deviennent-de-plus-en-plus-des-telephones-intelligents\/"]}]},{"@type":"ImageObject","inLanguage":"fr-CA","@id":"https:\/\/news.canadamotorjobs.com\/fr\/les-voitures-deviennent-de-plus-en-plus-des-telephones-intelligents\/#primaryimage","url":"https:\/\/news.canadamotorjobs.com\/wp-content\/uploads\/2023\/01\/bmw-vision-i-dee-colors-hero-1.jpg","contentUrl":"https:\/\/news.canadamotorjobs.com\/wp-content\/uploads\/2023\/01\/bmw-vision-i-dee-colors-hero-1.jpg","width":1200,"height":750},{"@type":"BreadcrumbList","@id":"https:\/\/news.canadamotorjobs.com\/fr\/les-voitures-deviennent-de-plus-en-plus-des-telephones-intelligents\/#breadcrumb","itemListElement":[{"@type":"ListItem","position":1,"name":"Home","item":"https:\/\/news.canadamotorjobs.com\/fr\/blog\/"},{"@type":"ListItem","position":2,"name":"Les voitures deviennent de plus en plus des t\u00e9l\u00e9phones intelligents"}]},{"@type":"WebSite","@id":"https:\/\/news.canadamotorjobs.com\/#website","url":"https:\/\/news.canadamotorjobs.com\/","name":"CanadaMotorJobs.com","description":"Automotive Jobs","publisher":{"@id":"https:\/\/news.canadamotorjobs.com\/#organization"},"potentialAction":[{"@type":"SearchAction","target":{"@type":"EntryPoint","urlTemplate":"https:\/\/news.canadamotorjobs.com\/?s={search_term_string}"},"query-input":"required name=search_term_string"}],"inLanguage":"fr-CA"},{"@type":"Organization","@id":"https:\/\/news.canadamotorjobs.com\/#organization","name":"Canada Motor Jobs","url":"https:\/\/news.canadamotorjobs.com\/","logo":{"@type":"ImageObject","inLanguage":"fr-CA","@id":"https:\/\/news.canadamotorjobs.com\/#\/schema\/logo\/image\/","url":"https:\/\/news.canadamotorjobs.com\/wp-content\/uploads\/2022\/10\/logo-canada-motor-jobs-1.png","contentUrl":"https:\/\/news.canadamotorjobs.com\/wp-content\/uploads\/2022\/10\/logo-canada-motor-jobs-1.png","width":800,"height":400,"caption":"Canada Motor Jobs"},"image":{"@id":"https:\/\/news.canadamotorjobs.com\/#\/schema\/logo\/image\/"},"sameAs":["https:\/\/www.facebook.com\/canadamotorjobs\/","https:\/\/x.com\/canadamotorjobs","https:\/\/www.instagram.com\/canadamotorjobs\/","https:\/\/www.linkedin.com\/company\/canadamotorjobs"]},{"@type":"Person","@id":"https:\/\/news.canadamotorjobs.com\/#\/schema\/person\/51793d1f87d44011d7bcc2ed99269a90","name":"Benoit Charette","image":{"@type":"ImageObject","inLanguage":"fr-CA","@id":"https:\/\/news.canadamotorjobs.com\/#\/schema\/person\/image\/","url":"https:\/\/secure.gravatar.com\/avatar\/45f3d2eebcccd909668d7ce7ea7267b6?s=96&d=mm&r=g","contentUrl":"https:\/\/secure.gravatar.com\/avatar\/45f3d2eebcccd909668d7ce7ea7267b6?s=96&d=mm&r=g","caption":"Benoit Charette"},"description":"Benoit Charette \/ Propri\u00e9taire et r\u00e9dacteur en chef Benoit Charette pratique le journalisme automobile depuis bient\u00f4t 30 ans. Il a fait ses classes au c\u00f4t\u00e9 de Daniel H\u00e9raud et au Carnet de route de 1992 \u00e0 2001. Il est fondateur, copropri\u00e9taire et r\u00e9dacteur en chef de L\u2019Annuel de l\u2019automobile, qu\u2019il publie depuis 2001. Il a anim\u00e9 les \u00e9missions RPM et RPM+ sur V et les L\u00e9gendes de la route sur Historia. \u00c0 la radio depuis 1986, il reprend l\u2019antenne cette ann\u00e9e sur les ondes de Cogeco et participe pour la deuxi\u00e8me ann\u00e9e \u00e0 l\u2019\u00e9mission Passion Auto sur RDS en plus de mettre en ligne le site Web officiel de L\u2019Annuel de l\u2019automobile sur annuelauto.ca.","sameAs":["https:\/\/annuelauto.ca\/"],"url":"https:\/\/news.canadamotorjobs.com\/fr\/author\/benoit-charette\/"}]}},"_links":{"self":[{"href":"https:\/\/news.canadamotorjobs.com\/fr\/wp-json\/wp\/v2\/posts\/137812"}],"collection":[{"href":"https:\/\/news.canadamotorjobs.com\/fr\/wp-json\/wp\/v2\/posts"}],"about":[{"href":"https:\/\/news.canadamotorjobs.com\/fr\/wp-json\/wp\/v2\/types\/post"}],"author":[{"embeddable":true,"href":"https:\/\/news.canadamotorjobs.com\/fr\/wp-json\/wp\/v2\/users\/8"}],"replies":[{"embeddable":true,"href":"https:\/\/news.canadamotorjobs.com\/fr\/wp-json\/wp\/v2\/comments?post=137812"}],"version-history":[{"count":0,"href":"https:\/\/news.canadamotorjobs.com\/fr\/wp-json\/wp\/v2\/posts\/137812\/revisions"}],"wp:featuredmedia":[{"embeddable":true,"href":"https:\/\/news.canadamotorjobs.com\/fr\/wp-json\/wp\/v2\/media\/137816"}],"wp:attachment":[{"href":"https:\/\/news.canadamotorjobs.com\/fr\/wp-json\/wp\/v2\/media?parent=137812"}],"wp:term":[{"taxonomy":"category","embeddable":true,"href":"https:\/\/news.canadamotorjobs.com\/fr\/wp-json\/wp\/v2\/categories?post=137812"},{"taxonomy":"post_tag","embeddable":true,"href":"https:\/\/news.canadamotorjobs.com\/fr\/wp-json\/wp\/v2\/tags?post=137812"}],"curies":[{"name":"wp","href":"https:\/\/api.w.org\/{rel}","templated":true}]}}