{"id":137753,"date":"2023-01-11T08:36:09","date_gmt":"2023-01-11T13:36:09","guid":{"rendered":"https:\/\/news.canadamotorjobs.com\/vers-des-ceintures-de-securite-chauffantes\/"},"modified":"2023-01-11T18:50:20","modified_gmt":"2023-01-11T23:50:20","slug":"vers-des-ceintures-de-securite-chauffantes","status":"publish","type":"post","link":"https:\/\/news.canadamotorjobs.com\/fr\/vers-des-ceintures-de-securite-chauffantes\/","title":{"rendered":"Vers des ceintures de s\u00e9curit\u00e9 chauffantes?"},"content":{"rendered":"<p>L\u2019hiver, une bonne partie de l\u2019autonomie r\u00e9duite des v\u00e9hicules \u00e9lectriques est une cons\u00e9quence directe du chauffage n\u00e9cessaire pour rendre l\u2019habitacle un peu plus confortable. D\u2019ailleurs, les experts sugg\u00e8rent fortement de prioriser les si\u00e8ges et le volant chauffant plut\u00f4t que la chaufferette pour repousser les effets du froid sans trop consommer d\u2019\u00e9nergie.<\/p>\n<p>L\u2019\u00e9quipementier allemand ZF a peut-\u00eatre trouv\u00e9 une meilleure solution encore\u00a0: des ceintures de s\u00e9curit\u00e9 chauffantes! Selon ZF, en faisant chauffer la ceinture de s\u00e9curit\u00e9 des occupants \u00e0 bord d\u2019une voiture \u00e9lectrique l\u2019hiver, on pourrait ajouter 15% \u00e0 leur autonomie, comparativement aux m\u00e9thodes actuelles de chauffage. \u00c9videmment, pour un confort optimal plus imm\u00e9diat, ZF nuance et indique qu\u2019il serait pr\u00e9f\u00e9rable de combiner des ceintures chauffantes \u00e0 des si\u00e8ges chauffants.<\/p>\n<p>Le meilleur moyen de se tenir au chaud est de miser sur des \u00abpoints de contact\u00bb chauffants et en voiture, c\u2019est assez \u00e9vident\u00a0: ce sont les si\u00e8ges qui offrent la plus grande surface de contact avec le corps des occupants.<\/p>\n<p>Cela dit, ZF a quand m\u00eame mis au point des ceintures chauffantes qui sont pr\u00eates \u00e0 \u00eatre commercialis\u00e9es. Leur conception est assez simple\u00a0: ZF recourt au m\u00eame tissu rigide qui est utilis\u00e9 dans des ceintures traditionnelles, et y ajoute des \u00e9l\u00e9ments qui conduisent un peu mieux la chaleur. \u00c7a rend la ceinture l\u00e9g\u00e8rement plus \u00e9paisse, mais c\u2019est tout. La boucle est inchang\u00e9e et la ceinture n\u2019est pas moins confortable.<\/p>\n<p>ZF dit ne pas avoir de client \u00e0 l\u2019heure actuelle qui pr\u00e9voit int\u00e9grer ses ceintures chauffantes \u00e0 ses<\/p>\n","protected":false},"excerpt":{"rendered":"<p>L\u2019hiver, une bonne partie de l\u2019autonomie r\u00e9duite des v\u00e9hicules \u00e9lectriques est une cons\u00e9quence directe du chauffage n\u00e9cessaire pour rendre l\u2019habitacle un peu plus confortable. D\u2019ailleurs, les experts sugg\u00e8rent fortement de prioriser les si\u00e8ges et le volant chauffant plut\u00f4t que la chaufferette pour repousser les effets du froid sans trop consommer d\u2019\u00e9nergie. L\u2019\u00e9quipementier allemand ZF a [&hellip;]<\/p>\n","protected":false},"author":8,"featured_media":137757,"comment_status":"close","ping_status":"closed","sticky":false,"template":"","format":"standard","meta":{"_monsterinsights_skip_tracking":false,"_monsterinsights_sitenote_active":false,"_monsterinsights_sitenote_note":"","_monsterinsights_sitenote_category":0,"footnotes":""},"categories":[101],"tags":[],"yoast_head":"<!-- This site is optimized with the Yoast SEO plugin v23.2 - https:\/\/yoast.com\/wordpress\/plugins\/seo\/ -->\n<title>Vers des ceintures de s\u00e9curit\u00e9 chauffantes? - CanadaMotorJobs.com<\/title>\n<meta name=\"description\" content=\"Vers des ceintures de s\u00e9curit\u00e9 chauffantes? - Benoit Charette - Annuel automobile - CanadaMotorJobs.com.\" \/>\n<meta name=\"robots\" content=\"index, follow, max-snippet:-1, max-image-preview:large, max-video-preview:-1\" \/>\n<meta property=\"og:locale\" content=\"fr_CA\" \/>\n<meta property=\"og:type\" content=\"article\" \/>\n<meta property=\"og:title\" content=\"Vers des ceintures de s\u00e9curit\u00e9 chauffantes? - CanadaMotorJobs.com\" \/>\n<meta property=\"og:description\" content=\"Vers des ceintures de s\u00e9curit\u00e9 chauffantes? - Benoit Charette - Annuel automobile - CanadaMotorJobs.com.\" \/>\n<meta property=\"og:url\" content=\"https:\/\/news.canadamotorjobs.com\/fr\/vers-des-ceintures-de-securite-chauffantes\/\" \/>\n<meta property=\"og:site_name\" content=\"CanadaMotorJobs.com\" \/>\n<meta property=\"article:publisher\" content=\"https:\/\/www.facebook.com\/canadamotorjobs\/\" \/>\n<meta property=\"article:published_time\" content=\"2023-01-11T13:36:09+00:00\" \/>\n<meta property=\"article:modified_time\" content=\"2023-01-11T23:50:20+00:00\" \/>\n<meta property=\"og:image\" content=\"https:\/\/news.canadamotorjobs.com\/wp-content\/uploads\/2023\/01\/zf-heat-belt-heated-seat-belt-for-evs_100871462-1.jpg\" \/>\n\t<meta property=\"og:image:width\" content=\"1920\" \/>\n\t<meta property=\"og:image:height\" content=\"1080\" \/>\n\t<meta property=\"og:image:type\" content=\"image\/jpeg\" \/>\n<meta name=\"author\" content=\"Benoit Charette\" \/>\n<meta name=\"twitter:card\" content=\"summary_large_image\" \/>\n<meta name=\"twitter:creator\" content=\"@canadamotorjobs\" \/>\n<meta name=\"twitter:site\" content=\"@canadamotorjobs\" \/>\n<meta name=\"twitter:label1\" content=\"\u00c9crit par\" \/>\n\t<meta name=\"twitter:data1\" content=\"Benoit Charette\" \/>\n\t<meta name=\"twitter:label2\" content=\"Estimation du temps de lecture\" \/>\n\t<meta name=\"twitter:data2\" content=\"2 minutes\" \/>\n<!-- \/ Yoast SEO plugin. -->","yoast_head_json":{"title":"Vers des ceintures de s\u00e9curit\u00e9 chauffantes? - CanadaMotorJobs.com","description":"Vers des ceintures de s\u00e9curit\u00e9 chauffantes? - Benoit Charette - Annuel automobile - CanadaMotorJobs.com.","robots":{"index":"index","follow":"follow","max-snippet":"max-snippet:-1","max-image-preview":"max-image-preview:large","max-video-preview":"max-video-preview:-1"},"og_locale":"fr_CA","og_type":"article","og_title":"Vers des ceintures de s\u00e9curit\u00e9 chauffantes? - CanadaMotorJobs.com","og_description":"Vers des ceintures de s\u00e9curit\u00e9 chauffantes? - Benoit Charette - Annuel automobile - CanadaMotorJobs.com.","og_url":"https:\/\/news.canadamotorjobs.com\/fr\/vers-des-ceintures-de-securite-chauffantes\/","og_site_name":"CanadaMotorJobs.com","article_publisher":"https:\/\/www.facebook.com\/canadamotorjobs\/","article_published_time":"2023-01-11T13:36:09+00:00","article_modified_time":"2023-01-11T23:50:20+00:00","og_image":[{"width":1920,"height":1080,"url":"https:\/\/news.canadamotorjobs.com\/wp-content\/uploads\/2023\/01\/zf-heat-belt-heated-seat-belt-for-evs_100871462-1.jpg","type":"image\/jpeg"}],"author":"Benoit Charette","twitter_card":"summary_large_image","twitter_creator":"@canadamotorjobs","twitter_site":"@canadamotorjobs","twitter_misc":{"\u00c9crit par":"Benoit Charette","Estimation du temps de lecture":"2 minutes"},"schema":{"@context":"https:\/\/schema.org","@graph":[{"@type":"Article","@id":"https:\/\/news.canadamotorjobs.com\/fr\/vers-des-ceintures-de-securite-chauffantes\/#article","isPartOf":{"@id":"https:\/\/news.canadamotorjobs.com\/fr\/vers-des-ceintures-de-securite-chauffantes\/"},"author":{"name":"Benoit Charette","@id":"https:\/\/news.canadamotorjobs.com\/#\/schema\/person\/51793d1f87d44011d7bcc2ed99269a90"},"headline":"Vers des ceintures de s\u00e9curit\u00e9 chauffantes?","datePublished":"2023-01-11T13:36:09+00:00","dateModified":"2023-01-11T23:50:20+00:00","mainEntityOfPage":{"@id":"https:\/\/news.canadamotorjobs.com\/fr\/vers-des-ceintures-de-securite-chauffantes\/"},"wordCount":285,"publisher":{"@id":"https:\/\/news.canadamotorjobs.com\/#organization"},"image":{"@id":"https:\/\/news.canadamotorjobs.com\/fr\/vers-des-ceintures-de-securite-chauffantes\/#primaryimage"},"thumbnailUrl":"https:\/\/news.canadamotorjobs.com\/wp-content\/uploads\/2023\/01\/zf-heat-belt-heated-seat-belt-for-evs_100871462-1.jpg","articleSection":["Annuel automobile"],"inLanguage":"fr-CA"},{"@type":"WebPage","@id":"https:\/\/news.canadamotorjobs.com\/fr\/vers-des-ceintures-de-securite-chauffantes\/","url":"https:\/\/news.canadamotorjobs.com\/fr\/vers-des-ceintures-de-securite-chauffantes\/","name":"Vers des ceintures de s\u00e9curit\u00e9 chauffantes? - CanadaMotorJobs.com","isPartOf":{"@id":"https:\/\/news.canadamotorjobs.com\/#website"},"primaryImageOfPage":{"@id":"https:\/\/news.canadamotorjobs.com\/fr\/vers-des-ceintures-de-securite-chauffantes\/#primaryimage"},"image":{"@id":"https:\/\/news.canadamotorjobs.com\/fr\/vers-des-ceintures-de-securite-chauffantes\/#primaryimage"},"thumbnailUrl":"https:\/\/news.canadamotorjobs.com\/wp-content\/uploads\/2023\/01\/zf-heat-belt-heated-seat-belt-for-evs_100871462-1.jpg","datePublished":"2023-01-11T13:36:09+00:00","dateModified":"2023-01-11T23:50:20+00:00","description":"Vers des ceintures de s\u00e9curit\u00e9 chauffantes? - Benoit Charette - Annuel automobile - CanadaMotorJobs.com.","breadcrumb":{"@id":"https:\/\/news.canadamotorjobs.com\/fr\/vers-des-ceintures-de-securite-chauffantes\/#breadcrumb"},"inLanguage":"fr-CA","potentialAction":[{"@type":"ReadAction","target":["https:\/\/news.canadamotorjobs.com\/fr\/vers-des-ceintures-de-securite-chauffantes\/"]}]},{"@type":"ImageObject","inLanguage":"fr-CA","@id":"https:\/\/news.canadamotorjobs.com\/fr\/vers-des-ceintures-de-securite-chauffantes\/#primaryimage","url":"https:\/\/news.canadamotorjobs.com\/wp-content\/uploads\/2023\/01\/zf-heat-belt-heated-seat-belt-for-evs_100871462-1.jpg","contentUrl":"https:\/\/news.canadamotorjobs.com\/wp-content\/uploads\/2023\/01\/zf-heat-belt-heated-seat-belt-for-evs_100871462-1.jpg","width":1920,"height":1080},{"@type":"BreadcrumbList","@id":"https:\/\/news.canadamotorjobs.com\/fr\/vers-des-ceintures-de-securite-chauffantes\/#breadcrumb","itemListElement":[{"@type":"ListItem","position":1,"name":"Home","item":"https:\/\/news.canadamotorjobs.com\/fr\/blog\/"},{"@type":"ListItem","position":2,"name":"Vers des ceintures de s\u00e9curit\u00e9 chauffantes?"}]},{"@type":"WebSite","@id":"https:\/\/news.canadamotorjobs.com\/#website","url":"https:\/\/news.canadamotorjobs.com\/","name":"CanadaMotorJobs.com","description":"Automotive Jobs","publisher":{"@id":"https:\/\/news.canadamotorjobs.com\/#organization"},"potentialAction":[{"@type":"SearchAction","target":{"@type":"EntryPoint","urlTemplate":"https:\/\/news.canadamotorjobs.com\/?s={search_term_string}"},"query-input":"required name=search_term_string"}],"inLanguage":"fr-CA"},{"@type":"Organization","@id":"https:\/\/news.canadamotorjobs.com\/#organization","name":"Canada Motor Jobs","url":"https:\/\/news.canadamotorjobs.com\/","logo":{"@type":"ImageObject","inLanguage":"fr-CA","@id":"https:\/\/news.canadamotorjobs.com\/#\/schema\/logo\/image\/","url":"https:\/\/news.canadamotorjobs.com\/wp-content\/uploads\/2022\/10\/logo-canada-motor-jobs-1.png","contentUrl":"https:\/\/news.canadamotorjobs.com\/wp-content\/uploads\/2022\/10\/logo-canada-motor-jobs-1.png","width":800,"height":400,"caption":"Canada Motor Jobs"},"image":{"@id":"https:\/\/news.canadamotorjobs.com\/#\/schema\/logo\/image\/"},"sameAs":["https:\/\/www.facebook.com\/canadamotorjobs\/","https:\/\/x.com\/canadamotorjobs","https:\/\/www.instagram.com\/canadamotorjobs\/","https:\/\/www.linkedin.com\/company\/canadamotorjobs"]},{"@type":"Person","@id":"https:\/\/news.canadamotorjobs.com\/#\/schema\/person\/51793d1f87d44011d7bcc2ed99269a90","name":"Benoit Charette","image":{"@type":"ImageObject","inLanguage":"fr-CA","@id":"https:\/\/news.canadamotorjobs.com\/#\/schema\/person\/image\/","url":"https:\/\/secure.gravatar.com\/avatar\/45f3d2eebcccd909668d7ce7ea7267b6?s=96&d=mm&r=g","contentUrl":"https:\/\/secure.gravatar.com\/avatar\/45f3d2eebcccd909668d7ce7ea7267b6?s=96&d=mm&r=g","caption":"Benoit Charette"},"description":"Benoit Charette \/ Propri\u00e9taire et r\u00e9dacteur en chef Benoit Charette pratique le journalisme automobile depuis bient\u00f4t 30 ans. Il a fait ses classes au c\u00f4t\u00e9 de Daniel H\u00e9raud et au Carnet de route de 1992 \u00e0 2001. Il est fondateur, copropri\u00e9taire et r\u00e9dacteur en chef de L\u2019Annuel de l\u2019automobile, qu\u2019il publie depuis 2001. Il a anim\u00e9 les \u00e9missions RPM et RPM+ sur V et les L\u00e9gendes de la route sur Historia. \u00c0 la radio depuis 1986, il reprend l\u2019antenne cette ann\u00e9e sur les ondes de Cogeco et participe pour la deuxi\u00e8me ann\u00e9e \u00e0 l\u2019\u00e9mission Passion Auto sur RDS en plus de mettre en ligne le site Web officiel de L\u2019Annuel de l\u2019automobile sur annuelauto.ca.","sameAs":["https:\/\/annuelauto.ca\/"],"url":"https:\/\/news.canadamotorjobs.com\/fr\/author\/benoit-charette\/"}]}},"_links":{"self":[{"href":"https:\/\/news.canadamotorjobs.com\/fr\/wp-json\/wp\/v2\/posts\/137753"}],"collection":[{"href":"https:\/\/news.canadamotorjobs.com\/fr\/wp-json\/wp\/v2\/posts"}],"about":[{"href":"https:\/\/news.canadamotorjobs.com\/fr\/wp-json\/wp\/v2\/types\/post"}],"author":[{"embeddable":true,"href":"https:\/\/news.canadamotorjobs.com\/fr\/wp-json\/wp\/v2\/users\/8"}],"replies":[{"embeddable":true,"href":"https:\/\/news.canadamotorjobs.com\/fr\/wp-json\/wp\/v2\/comments?post=137753"}],"version-history":[{"count":0,"href":"https:\/\/news.canadamotorjobs.com\/fr\/wp-json\/wp\/v2\/posts\/137753\/revisions"}],"wp:featuredmedia":[{"embeddable":true,"href":"https:\/\/news.canadamotorjobs.com\/fr\/wp-json\/wp\/v2\/media\/137757"}],"wp:attachment":[{"href":"https:\/\/news.canadamotorjobs.com\/fr\/wp-json\/wp\/v2\/media?parent=137753"}],"wp:term":[{"taxonomy":"category","embeddable":true,"href":"https:\/\/news.canadamotorjobs.com\/fr\/wp-json\/wp\/v2\/categories?post=137753"},{"taxonomy":"post_tag","embeddable":true,"href":"https:\/\/news.canadamotorjobs.com\/fr\/wp-json\/wp\/v2\/tags?post=137753"}],"curies":[{"name":"wp","href":"https:\/\/api.w.org\/{rel}","templated":true}]}}