{"id":137745,"date":"2023-01-11T08:21:13","date_gmt":"2023-01-11T13:21:13","guid":{"rendered":"https:\/\/news.canadamotorjobs.com\/les-etats-unis-publient-une-strategie-pour-decarboniser-le-transport-dici-2050\/"},"modified":"2023-01-11T18:51:07","modified_gmt":"2023-01-11T23:51:07","slug":"les-etats-unis-publient-une-strategie-pour-decarboniser-le-transport-dici-2050","status":"publish","type":"post","link":"https:\/\/news.canadamotorjobs.com\/fr\/les-etats-unis-publient-une-strategie-pour-decarboniser-le-transport-dici-2050\/","title":{"rendered":"Les \u00c9tats-Unis publient une strat\u00e9gie pour d\u00e9carboniser le transport d\u2019ici 2050"},"content":{"rendered":"<p>Le pr\u00e9sident am\u00e9ricain Joe Biden a publi\u00e9 mardi son plan de match pour rendre le secteur am\u00e9ricain du transport enti\u00e8rement carboneutre \u2013 ou presque \u2013 d\u2019ici 2050. Les \u00c9tats-Unis sont dans la m\u00eame situation que le Qu\u00e9bec\u00a0: la plus grosse partie de leurs \u00e9missions de gaz \u00e0 effet de serre provient du transport, qu\u2019on parle des automobiles ou des v\u00e9hicules lourds, des camions, des bateaux ou des avions.<\/p>\n<p>Il y a dans ce plan une bonne nouvelle pour le Qu\u00e9bec\u00a0: la volont\u00e9 de la province de s\u2019ins\u00e9rer dans la cha\u00eene d\u2019approvisionnement des batteries pour v\u00e9hicules \u00e9lectriques pourrait s\u2019av\u00e9rer tr\u00e8s payante au cours des 25 prochaines ann\u00e9es. Car Washington a bien l\u2019intention de miser sur le transport \u00e9lectrique pour atteindre ses propres objectifs climatiques.<\/p>\n<p>D\u00e9j\u00e0, la vente de v\u00e9hicules l\u00e9gers neufs aux \u00c9tats-Unis devra \u00eatre enti\u00e8rement \u00e9lectrique, ou en tout cas, \u00ab\u00e0 z\u00e9ro \u00e9mission\u00bb, quelque part entre 2030 et 2040. On mise beaucoup sur les v\u00e9hicules assembl\u00e9s en Am\u00e9rique du Nord pour y arriver. Aussi\u00a0: on anticipe que les \u00c9tats-Unis devront multiplier par quatre leur investissement dans l\u2019infrastructure de recharge publique, pour soutenir la demande croissante que ce virage va engendrer.<\/p>\n<p>Mais surtout\u00a0: Washington souhaite aussi \u00e9lectrifier le transport commercial, et cherche des solutions pour rendre les bateaux et les avions eux aussi carboneutres. Dans les deux cas, on regarde notamment du c\u00f4t\u00e9 de l\u2019hydrog\u00e8ne, plus sp\u00e9cifiquement du c\u00f4t\u00e9 de l\u2019hydrog\u00e8ne vert produit \u00e0 partir de sources renouvelables, comme l\u2019eau et l\u2019hydro\u00e9lectricit\u00e9, deux ressources que le Qu\u00e9bec poss\u00e8de<\/p>\n","protected":false},"excerpt":{"rendered":"<p>Le pr\u00e9sident am\u00e9ricain Joe Biden a publi\u00e9 mardi son plan de match pour rendre le secteur am\u00e9ricain du transport enti\u00e8rement carboneutre \u2013 ou presque \u2013 d\u2019ici 2050. Les \u00c9tats-Unis sont dans la m\u00eame situation que le Qu\u00e9bec\u00a0: la plus grosse partie de leurs \u00e9missions de gaz \u00e0 effet de serre provient du transport, qu\u2019on parle [&hellip;]<\/p>\n","protected":false},"author":8,"featured_media":137749,"comment_status":"close","ping_status":"closed","sticky":false,"template":"","format":"standard","meta":{"_monsterinsights_skip_tracking":false,"_monsterinsights_sitenote_active":false,"_monsterinsights_sitenote_note":"","_monsterinsights_sitenote_category":0,"footnotes":""},"categories":[101],"tags":[],"yoast_head":"<!-- This site is optimized with the Yoast SEO plugin v23.2 - https:\/\/yoast.com\/wordpress\/plugins\/seo\/ -->\n<title>Les \u00c9tats-Unis publient une strat\u00e9gie pour d\u00e9carboniser le transport d\u2019ici 2050 - CanadaMotorJobs.com<\/title>\n<meta name=\"description\" content=\"Les \u00c9tats-Unis publient une strat\u00e9gie pour d\u00e9carboniser le transport d\u2019ici 2050 - Benoit Charette - Annuel automobile - CanadaMotorJobs.com.\" \/>\n<meta name=\"robots\" content=\"index, follow, max-snippet:-1, max-image-preview:large, max-video-preview:-1\" \/>\n<meta property=\"og:locale\" content=\"fr_CA\" \/>\n<meta property=\"og:type\" content=\"article\" \/>\n<meta property=\"og:title\" content=\"Les \u00c9tats-Unis publient une strat\u00e9gie pour d\u00e9carboniser le transport d\u2019ici 2050 - CanadaMotorJobs.com\" \/>\n<meta property=\"og:description\" content=\"Les \u00c9tats-Unis publient une strat\u00e9gie pour d\u00e9carboniser le transport d\u2019ici 2050 - Benoit Charette - Annuel automobile - CanadaMotorJobs.com.\" \/>\n<meta property=\"og:url\" content=\"https:\/\/news.canadamotorjobs.com\/fr\/les-etats-unis-publient-une-strategie-pour-decarboniser-le-transport-dici-2050\/\" \/>\n<meta property=\"og:site_name\" content=\"CanadaMotorJobs.com\" \/>\n<meta property=\"article:publisher\" content=\"https:\/\/www.facebook.com\/canadamotorjobs\/\" \/>\n<meta property=\"article:published_time\" content=\"2023-01-11T13:21:13+00:00\" \/>\n<meta property=\"article:modified_time\" content=\"2023-01-11T23:51:07+00:00\" \/>\n<meta property=\"og:image\" content=\"https:\/\/news.canadamotorjobs.com\/wp-content\/uploads\/2023\/01\/los-angeles-smog-lena-wagner-getty-images-1.jpg\" \/>\n\t<meta property=\"og:image:width\" content=\"1500\" \/>\n\t<meta property=\"og:image:height\" content=\"1000\" \/>\n\t<meta property=\"og:image:type\" content=\"image\/jpeg\" \/>\n<meta name=\"author\" content=\"Benoit Charette\" \/>\n<meta name=\"twitter:card\" content=\"summary_large_image\" \/>\n<meta name=\"twitter:creator\" content=\"@canadamotorjobs\" \/>\n<meta name=\"twitter:site\" content=\"@canadamotorjobs\" \/>\n<meta name=\"twitter:label1\" content=\"\u00c9crit par\" \/>\n\t<meta name=\"twitter:data1\" content=\"Benoit Charette\" \/>\n\t<meta name=\"twitter:label2\" content=\"Estimation du temps de lecture\" \/>\n\t<meta name=\"twitter:data2\" content=\"2 minutes\" \/>\n<!-- \/ Yoast SEO plugin. -->","yoast_head_json":{"title":"Les \u00c9tats-Unis publient une strat\u00e9gie pour d\u00e9carboniser le transport d\u2019ici 2050 - CanadaMotorJobs.com","description":"Les \u00c9tats-Unis publient une strat\u00e9gie pour d\u00e9carboniser le transport d\u2019ici 2050 - Benoit Charette - Annuel automobile - CanadaMotorJobs.com.","robots":{"index":"index","follow":"follow","max-snippet":"max-snippet:-1","max-image-preview":"max-image-preview:large","max-video-preview":"max-video-preview:-1"},"og_locale":"fr_CA","og_type":"article","og_title":"Les \u00c9tats-Unis publient une strat\u00e9gie pour d\u00e9carboniser le transport d\u2019ici 2050 - CanadaMotorJobs.com","og_description":"Les \u00c9tats-Unis publient une strat\u00e9gie pour d\u00e9carboniser le transport d\u2019ici 2050 - Benoit Charette - Annuel automobile - CanadaMotorJobs.com.","og_url":"https:\/\/news.canadamotorjobs.com\/fr\/les-etats-unis-publient-une-strategie-pour-decarboniser-le-transport-dici-2050\/","og_site_name":"CanadaMotorJobs.com","article_publisher":"https:\/\/www.facebook.com\/canadamotorjobs\/","article_published_time":"2023-01-11T13:21:13+00:00","article_modified_time":"2023-01-11T23:51:07+00:00","og_image":[{"width":1500,"height":1000,"url":"https:\/\/news.canadamotorjobs.com\/wp-content\/uploads\/2023\/01\/los-angeles-smog-lena-wagner-getty-images-1.jpg","type":"image\/jpeg"}],"author":"Benoit Charette","twitter_card":"summary_large_image","twitter_creator":"@canadamotorjobs","twitter_site":"@canadamotorjobs","twitter_misc":{"\u00c9crit par":"Benoit Charette","Estimation du temps de lecture":"2 minutes"},"schema":{"@context":"https:\/\/schema.org","@graph":[{"@type":"Article","@id":"https:\/\/news.canadamotorjobs.com\/fr\/les-etats-unis-publient-une-strategie-pour-decarboniser-le-transport-dici-2050\/#article","isPartOf":{"@id":"https:\/\/news.canadamotorjobs.com\/fr\/les-etats-unis-publient-une-strategie-pour-decarboniser-le-transport-dici-2050\/"},"author":{"name":"Benoit Charette","@id":"https:\/\/news.canadamotorjobs.com\/#\/schema\/person\/51793d1f87d44011d7bcc2ed99269a90"},"headline":"Les \u00c9tats-Unis publient une strat\u00e9gie pour d\u00e9carboniser le transport d\u2019ici 2050","datePublished":"2023-01-11T13:21:13+00:00","dateModified":"2023-01-11T23:51:07+00:00","mainEntityOfPage":{"@id":"https:\/\/news.canadamotorjobs.com\/fr\/les-etats-unis-publient-une-strategie-pour-decarboniser-le-transport-dici-2050\/"},"wordCount":292,"publisher":{"@id":"https:\/\/news.canadamotorjobs.com\/#organization"},"image":{"@id":"https:\/\/news.canadamotorjobs.com\/fr\/les-etats-unis-publient-une-strategie-pour-decarboniser-le-transport-dici-2050\/#primaryimage"},"thumbnailUrl":"https:\/\/news.canadamotorjobs.com\/wp-content\/uploads\/2023\/01\/los-angeles-smog-lena-wagner-getty-images-1.jpg","articleSection":["Annuel automobile"],"inLanguage":"fr-CA"},{"@type":"WebPage","@id":"https:\/\/news.canadamotorjobs.com\/fr\/les-etats-unis-publient-une-strategie-pour-decarboniser-le-transport-dici-2050\/","url":"https:\/\/news.canadamotorjobs.com\/fr\/les-etats-unis-publient-une-strategie-pour-decarboniser-le-transport-dici-2050\/","name":"Les \u00c9tats-Unis publient une strat\u00e9gie pour d\u00e9carboniser le transport d\u2019ici 2050 - CanadaMotorJobs.com","isPartOf":{"@id":"https:\/\/news.canadamotorjobs.com\/#website"},"primaryImageOfPage":{"@id":"https:\/\/news.canadamotorjobs.com\/fr\/les-etats-unis-publient-une-strategie-pour-decarboniser-le-transport-dici-2050\/#primaryimage"},"image":{"@id":"https:\/\/news.canadamotorjobs.com\/fr\/les-etats-unis-publient-une-strategie-pour-decarboniser-le-transport-dici-2050\/#primaryimage"},"thumbnailUrl":"https:\/\/news.canadamotorjobs.com\/wp-content\/uploads\/2023\/01\/los-angeles-smog-lena-wagner-getty-images-1.jpg","datePublished":"2023-01-11T13:21:13+00:00","dateModified":"2023-01-11T23:51:07+00:00","description":"Les \u00c9tats-Unis publient une strat\u00e9gie pour d\u00e9carboniser le transport d\u2019ici 2050 - Benoit Charette - Annuel automobile - CanadaMotorJobs.com.","breadcrumb":{"@id":"https:\/\/news.canadamotorjobs.com\/fr\/les-etats-unis-publient-une-strategie-pour-decarboniser-le-transport-dici-2050\/#breadcrumb"},"inLanguage":"fr-CA","potentialAction":[{"@type":"ReadAction","target":["https:\/\/news.canadamotorjobs.com\/fr\/les-etats-unis-publient-une-strategie-pour-decarboniser-le-transport-dici-2050\/"]}]},{"@type":"ImageObject","inLanguage":"fr-CA","@id":"https:\/\/news.canadamotorjobs.com\/fr\/les-etats-unis-publient-une-strategie-pour-decarboniser-le-transport-dici-2050\/#primaryimage","url":"https:\/\/news.canadamotorjobs.com\/wp-content\/uploads\/2023\/01\/los-angeles-smog-lena-wagner-getty-images-1.jpg","contentUrl":"https:\/\/news.canadamotorjobs.com\/wp-content\/uploads\/2023\/01\/los-angeles-smog-lena-wagner-getty-images-1.jpg","width":1500,"height":1000},{"@type":"BreadcrumbList","@id":"https:\/\/news.canadamotorjobs.com\/fr\/les-etats-unis-publient-une-strategie-pour-decarboniser-le-transport-dici-2050\/#breadcrumb","itemListElement":[{"@type":"ListItem","position":1,"name":"Home","item":"https:\/\/news.canadamotorjobs.com\/fr\/blog\/"},{"@type":"ListItem","position":2,"name":"Les \u00c9tats-Unis publient une strat\u00e9gie pour d\u00e9carboniser le transport d\u2019ici 2050"}]},{"@type":"WebSite","@id":"https:\/\/news.canadamotorjobs.com\/#website","url":"https:\/\/news.canadamotorjobs.com\/","name":"CanadaMotorJobs.com","description":"Automotive Jobs","publisher":{"@id":"https:\/\/news.canadamotorjobs.com\/#organization"},"potentialAction":[{"@type":"SearchAction","target":{"@type":"EntryPoint","urlTemplate":"https:\/\/news.canadamotorjobs.com\/?s={search_term_string}"},"query-input":"required name=search_term_string"}],"inLanguage":"fr-CA"},{"@type":"Organization","@id":"https:\/\/news.canadamotorjobs.com\/#organization","name":"Canada Motor Jobs","url":"https:\/\/news.canadamotorjobs.com\/","logo":{"@type":"ImageObject","inLanguage":"fr-CA","@id":"https:\/\/news.canadamotorjobs.com\/#\/schema\/logo\/image\/","url":"https:\/\/news.canadamotorjobs.com\/wp-content\/uploads\/2022\/10\/logo-canada-motor-jobs-1.png","contentUrl":"https:\/\/news.canadamotorjobs.com\/wp-content\/uploads\/2022\/10\/logo-canada-motor-jobs-1.png","width":800,"height":400,"caption":"Canada Motor Jobs"},"image":{"@id":"https:\/\/news.canadamotorjobs.com\/#\/schema\/logo\/image\/"},"sameAs":["https:\/\/www.facebook.com\/canadamotorjobs\/","https:\/\/x.com\/canadamotorjobs","https:\/\/www.instagram.com\/canadamotorjobs\/","https:\/\/www.linkedin.com\/company\/canadamotorjobs"]},{"@type":"Person","@id":"https:\/\/news.canadamotorjobs.com\/#\/schema\/person\/51793d1f87d44011d7bcc2ed99269a90","name":"Benoit Charette","image":{"@type":"ImageObject","inLanguage":"fr-CA","@id":"https:\/\/news.canadamotorjobs.com\/#\/schema\/person\/image\/","url":"https:\/\/secure.gravatar.com\/avatar\/45f3d2eebcccd909668d7ce7ea7267b6?s=96&d=mm&r=g","contentUrl":"https:\/\/secure.gravatar.com\/avatar\/45f3d2eebcccd909668d7ce7ea7267b6?s=96&d=mm&r=g","caption":"Benoit Charette"},"description":"Benoit Charette \/ Propri\u00e9taire et r\u00e9dacteur en chef Benoit Charette pratique le journalisme automobile depuis bient\u00f4t 30 ans. Il a fait ses classes au c\u00f4t\u00e9 de Daniel H\u00e9raud et au Carnet de route de 1992 \u00e0 2001. Il est fondateur, copropri\u00e9taire et r\u00e9dacteur en chef de L\u2019Annuel de l\u2019automobile, qu\u2019il publie depuis 2001. Il a anim\u00e9 les \u00e9missions RPM et RPM+ sur V et les L\u00e9gendes de la route sur Historia. \u00c0 la radio depuis 1986, il reprend l\u2019antenne cette ann\u00e9e sur les ondes de Cogeco et participe pour la deuxi\u00e8me ann\u00e9e \u00e0 l\u2019\u00e9mission Passion Auto sur RDS en plus de mettre en ligne le site Web officiel de L\u2019Annuel de l\u2019automobile sur annuelauto.ca.","sameAs":["https:\/\/annuelauto.ca\/"],"url":"https:\/\/news.canadamotorjobs.com\/fr\/author\/benoit-charette\/"}]}},"_links":{"self":[{"href":"https:\/\/news.canadamotorjobs.com\/fr\/wp-json\/wp\/v2\/posts\/137745"}],"collection":[{"href":"https:\/\/news.canadamotorjobs.com\/fr\/wp-json\/wp\/v2\/posts"}],"about":[{"href":"https:\/\/news.canadamotorjobs.com\/fr\/wp-json\/wp\/v2\/types\/post"}],"author":[{"embeddable":true,"href":"https:\/\/news.canadamotorjobs.com\/fr\/wp-json\/wp\/v2\/users\/8"}],"replies":[{"embeddable":true,"href":"https:\/\/news.canadamotorjobs.com\/fr\/wp-json\/wp\/v2\/comments?post=137745"}],"version-history":[{"count":0,"href":"https:\/\/news.canadamotorjobs.com\/fr\/wp-json\/wp\/v2\/posts\/137745\/revisions"}],"wp:featuredmedia":[{"embeddable":true,"href":"https:\/\/news.canadamotorjobs.com\/fr\/wp-json\/wp\/v2\/media\/137749"}],"wp:attachment":[{"href":"https:\/\/news.canadamotorjobs.com\/fr\/wp-json\/wp\/v2\/media?parent=137745"}],"wp:term":[{"taxonomy":"category","embeddable":true,"href":"https:\/\/news.canadamotorjobs.com\/fr\/wp-json\/wp\/v2\/categories?post=137745"},{"taxonomy":"post_tag","embeddable":true,"href":"https:\/\/news.canadamotorjobs.com\/fr\/wp-json\/wp\/v2\/tags?post=137745"}],"curies":[{"name":"wp","href":"https:\/\/api.w.org\/{rel}","templated":true}]}}