{"id":137730,"date":"2023-01-10T12:19:41","date_gmt":"2023-01-10T17:19:41","guid":{"rendered":"https:\/\/news.canadamotorjobs.com\/le-7e-ciel-des-lotus-elan-est-chez-silverstone-auctions\/"},"modified":"2023-01-10T12:30:47","modified_gmt":"2023-01-10T17:30:47","slug":"le-7e-ciel-des-lotus-elan-est-chez-silverstone-auctions","status":"publish","type":"post","link":"https:\/\/news.canadamotorjobs.com\/fr\/le-7e-ciel-des-lotus-elan-est-chez-silverstone-auctions\/","title":{"rendered":"Le 7e\u00a0Ciel des Lotus Elan est chez Silverstone Auctions"},"content":{"rendered":"<\/p>\n<p>Les sept <a href=\"https:\/\/annuelauto.ca\/lotus-prepare-une-berline-electrique-pour-lan-prochain\/\" target=\"_blank\" rel=\"noopener noreferrer\">Lotus<\/a> de Deryck Norville, c\u2019est comme le Septi\u00e8me Ciel pour les amateurs d\u2019Elan, ce petit mod\u00e8le mythique de la marque britannique. Cette collection r\u00e9unit, en effet, sept exemplaires de cette petite sportive dont plusieurs ont appartenu \u00e0 des c\u00e9l\u00e9brit\u00e9s comme Peter Sellers, Diana Rigg et Jochen Rindt. Ces voitures seront offertes \u00e0 une vente aux ench\u00e8res pr\u00e9sent\u00e9e par Silverstone Auctions en f\u00e9vrier. Leur valeur combin\u00e9e d\u00e9passerait les 700\u00a0000\u00a0\u00a3 (pr\u00e8s de 1,2\u00a0M$), affirme l\u2019<a href=\"https:\/\/annuelauto.ca\/2022-a-ete-une-annee-record-pour-lencanteur-gooding-avec-des-ventes-totalisant-212m-us\/\" target=\"_blank\" rel=\"noopener noreferrer\">encanteur<\/a>.<\/p>\n<p> Plusieurs <em>baby boomers<\/em> se souviendront de l\u2019Elan que conduisait Emma Peel, le personnage interpr\u00e9t\u00e9 par l\u2019actrice Diana Rigg (1938-2020) dans la s\u00e9rie t\u00e9l\u00e9vis\u00e9e <em>Chapeau melon bottes de cuir<\/em> (v.f. de <em>The Avengers<\/em>). En effet, cette petite biplace a marqu\u00e9 l\u2019imaginaire des passionn\u00e9s de voitures sport et du grand public par les c\u00e9l\u00e9brit\u00e9s qui l\u2019ont adopt\u00e9.<br \/> <strong>Le roadster \u00e0 la mode des ann\u00e9es 60<\/strong><br \/> L\u2019Elan est apparue sur le march\u00e9 europ\u00e9en dans la foul\u00e9e de nombreux bolides haut de gamme marquants, notamment la <a href=\"https:\/\/annuelauto.ca\/jaguar-celebre-les-60-ans-de-la-e-type\/\" target=\"_blank\" rel=\"noopener noreferrer\">Jaguar Type\u00a0E<\/a>, de l\u2019AC\u00a0Cobra et de Ferrari\u00a0GTO. <a href=\"https:\/\/annuelauto.ca\/1er-janvier-1952-fondation-de-la-compagnie-lotus\/\" target=\"_blank\" rel=\"noopener noreferrer\">Colin Chapman<\/a> a pr\u00e9sent\u00e9 cette petite d\u00e9capotable le 17\u00a0octobre\u00a01962 au British Motor Show \u00e0 Londres et sa commercialisation a d\u00e9but\u00e9 l\u2019ann\u00e9e suivante. Puis, en 1965, le constructeur a ajout\u00e9 un premier coup\u00e9 \u00e0 sa gamme.<\/p>\n<p> Cette Lotus misait sur une m\u00e9canique de faible cylindr\u00e9e, une conception ultramoderne et une construction l\u00e9g\u00e8re pour livrer un r\u00e9el plaisir de conduire. Une formule qu\u2019on retrouve avec la MX-5 contemporaine (avec plus de sophistication et de raffinement, avouons-le); une Mazda qui est \u00e0 peine plus longue que l\u2019Elan<\/p>\n","protected":false},"excerpt":{"rendered":"<p>Les sept Lotus de Deryck Norville, c\u2019est comme le Septi\u00e8me Ciel pour les amateurs d\u2019Elan, ce petit mod\u00e8le mythique de la marque britannique. Cette collection r\u00e9unit, en effet, sept exemplaires de cette petite sportive dont plusieurs ont appartenu \u00e0 des c\u00e9l\u00e9brit\u00e9s comme Peter Sellers, Diana Rigg et Jochen Rindt. Ces voitures seront offertes \u00e0 une [&hellip;]<\/p>\n","protected":false},"author":8,"featured_media":137734,"comment_status":"close","ping_status":"closed","sticky":false,"template":"","format":"standard","meta":{"_monsterinsights_skip_tracking":false,"_monsterinsights_sitenote_active":false,"_monsterinsights_sitenote_note":"","_monsterinsights_sitenote_category":0,"footnotes":""},"categories":[101],"tags":[],"yoast_head":"<!-- This site is optimized with the Yoast SEO plugin v23.2 - https:\/\/yoast.com\/wordpress\/plugins\/seo\/ -->\n<title>Le 7e\u00a0Ciel des Lotus Elan est chez Silverstone Auctions - CanadaMotorJobs.com<\/title>\n<meta name=\"description\" content=\"Le 7e\u00a0Ciel des Lotus Elan est chez Silverstone Auctions - Benoit Charette - Annuel automobile - CanadaMotorJobs.com.\" \/>\n<meta name=\"robots\" content=\"index, follow, max-snippet:-1, max-image-preview:large, max-video-preview:-1\" \/>\n<meta property=\"og:locale\" content=\"fr_CA\" \/>\n<meta property=\"og:type\" content=\"article\" \/>\n<meta property=\"og:title\" content=\"Le 7e\u00a0Ciel des Lotus Elan est chez Silverstone Auctions - CanadaMotorJobs.com\" \/>\n<meta property=\"og:description\" content=\"Le 7e\u00a0Ciel des Lotus Elan est chez Silverstone Auctions - Benoit Charette - Annuel automobile - CanadaMotorJobs.com.\" \/>\n<meta property=\"og:url\" content=\"https:\/\/news.canadamotorjobs.com\/fr\/le-7e-ciel-des-lotus-elan-est-chez-silverstone-auctions\/\" \/>\n<meta property=\"og:site_name\" content=\"CanadaMotorJobs.com\" \/>\n<meta property=\"article:publisher\" content=\"https:\/\/www.facebook.com\/canadamotorjobs\/\" \/>\n<meta property=\"article:published_time\" content=\"2023-01-10T17:19:41+00:00\" \/>\n<meta property=\"article:modified_time\" content=\"2023-01-10T17:30:47+00:00\" \/>\n<meta property=\"og:image\" content=\"https:\/\/news.canadamotorjobs.com\/wp-content\/uploads\/2023\/01\/7-Lotus-Elan-1.jpg\" \/>\n\t<meta property=\"og:image:width\" content=\"1500\" \/>\n\t<meta property=\"og:image:height\" content=\"1000\" \/>\n\t<meta property=\"og:image:type\" content=\"image\/jpeg\" \/>\n<meta name=\"author\" content=\"Benoit Charette\" \/>\n<meta name=\"twitter:card\" content=\"summary_large_image\" \/>\n<meta name=\"twitter:creator\" content=\"@canadamotorjobs\" \/>\n<meta name=\"twitter:site\" content=\"@canadamotorjobs\" \/>\n<meta name=\"twitter:label1\" content=\"\u00c9crit par\" \/>\n\t<meta name=\"twitter:data1\" content=\"Benoit Charette\" \/>\n\t<meta name=\"twitter:label2\" content=\"Estimation du temps de lecture\" \/>\n\t<meta name=\"twitter:data2\" content=\"1 minute\" \/>\n<!-- \/ Yoast SEO plugin. -->","yoast_head_json":{"title":"Le 7e\u00a0Ciel des Lotus Elan est chez Silverstone Auctions - CanadaMotorJobs.com","description":"Le 7e\u00a0Ciel des Lotus Elan est chez Silverstone Auctions - Benoit Charette - Annuel automobile - CanadaMotorJobs.com.","robots":{"index":"index","follow":"follow","max-snippet":"max-snippet:-1","max-image-preview":"max-image-preview:large","max-video-preview":"max-video-preview:-1"},"og_locale":"fr_CA","og_type":"article","og_title":"Le 7e\u00a0Ciel des Lotus Elan est chez Silverstone Auctions - CanadaMotorJobs.com","og_description":"Le 7e\u00a0Ciel des Lotus Elan est chez Silverstone Auctions - Benoit Charette - Annuel automobile - CanadaMotorJobs.com.","og_url":"https:\/\/news.canadamotorjobs.com\/fr\/le-7e-ciel-des-lotus-elan-est-chez-silverstone-auctions\/","og_site_name":"CanadaMotorJobs.com","article_publisher":"https:\/\/www.facebook.com\/canadamotorjobs\/","article_published_time":"2023-01-10T17:19:41+00:00","article_modified_time":"2023-01-10T17:30:47+00:00","og_image":[{"width":1500,"height":1000,"url":"https:\/\/news.canadamotorjobs.com\/wp-content\/uploads\/2023\/01\/7-Lotus-Elan-1.jpg","type":"image\/jpeg"}],"author":"Benoit Charette","twitter_card":"summary_large_image","twitter_creator":"@canadamotorjobs","twitter_site":"@canadamotorjobs","twitter_misc":{"\u00c9crit par":"Benoit Charette","Estimation du temps de lecture":"1 minute"},"schema":{"@context":"https:\/\/schema.org","@graph":[{"@type":"Article","@id":"https:\/\/news.canadamotorjobs.com\/fr\/le-7e-ciel-des-lotus-elan-est-chez-silverstone-auctions\/#article","isPartOf":{"@id":"https:\/\/news.canadamotorjobs.com\/fr\/le-7e-ciel-des-lotus-elan-est-chez-silverstone-auctions\/"},"author":{"name":"Benoit Charette","@id":"https:\/\/news.canadamotorjobs.com\/#\/schema\/person\/51793d1f87d44011d7bcc2ed99269a90"},"headline":"Le 7e\u00a0Ciel des Lotus Elan est chez Silverstone Auctions","datePublished":"2023-01-10T17:19:41+00:00","dateModified":"2023-01-10T17:30:47+00:00","mainEntityOfPage":{"@id":"https:\/\/news.canadamotorjobs.com\/fr\/le-7e-ciel-des-lotus-elan-est-chez-silverstone-auctions\/"},"wordCount":299,"publisher":{"@id":"https:\/\/news.canadamotorjobs.com\/#organization"},"image":{"@id":"https:\/\/news.canadamotorjobs.com\/fr\/le-7e-ciel-des-lotus-elan-est-chez-silverstone-auctions\/#primaryimage"},"thumbnailUrl":"https:\/\/news.canadamotorjobs.com\/wp-content\/uploads\/2023\/01\/7-Lotus-Elan-1.jpg","articleSection":["Annuel automobile"],"inLanguage":"fr-CA"},{"@type":"WebPage","@id":"https:\/\/news.canadamotorjobs.com\/fr\/le-7e-ciel-des-lotus-elan-est-chez-silverstone-auctions\/","url":"https:\/\/news.canadamotorjobs.com\/fr\/le-7e-ciel-des-lotus-elan-est-chez-silverstone-auctions\/","name":"Le 7e\u00a0Ciel des Lotus Elan est chez Silverstone Auctions - CanadaMotorJobs.com","isPartOf":{"@id":"https:\/\/news.canadamotorjobs.com\/#website"},"primaryImageOfPage":{"@id":"https:\/\/news.canadamotorjobs.com\/fr\/le-7e-ciel-des-lotus-elan-est-chez-silverstone-auctions\/#primaryimage"},"image":{"@id":"https:\/\/news.canadamotorjobs.com\/fr\/le-7e-ciel-des-lotus-elan-est-chez-silverstone-auctions\/#primaryimage"},"thumbnailUrl":"https:\/\/news.canadamotorjobs.com\/wp-content\/uploads\/2023\/01\/7-Lotus-Elan-1.jpg","datePublished":"2023-01-10T17:19:41+00:00","dateModified":"2023-01-10T17:30:47+00:00","description":"Le 7e\u00a0Ciel des Lotus Elan est chez Silverstone Auctions - Benoit Charette - Annuel automobile - CanadaMotorJobs.com.","breadcrumb":{"@id":"https:\/\/news.canadamotorjobs.com\/fr\/le-7e-ciel-des-lotus-elan-est-chez-silverstone-auctions\/#breadcrumb"},"inLanguage":"fr-CA","potentialAction":[{"@type":"ReadAction","target":["https:\/\/news.canadamotorjobs.com\/fr\/le-7e-ciel-des-lotus-elan-est-chez-silverstone-auctions\/"]}]},{"@type":"ImageObject","inLanguage":"fr-CA","@id":"https:\/\/news.canadamotorjobs.com\/fr\/le-7e-ciel-des-lotus-elan-est-chez-silverstone-auctions\/#primaryimage","url":"https:\/\/news.canadamotorjobs.com\/wp-content\/uploads\/2023\/01\/7-Lotus-Elan-1.jpg","contentUrl":"https:\/\/news.canadamotorjobs.com\/wp-content\/uploads\/2023\/01\/7-Lotus-Elan-1.jpg","width":1500,"height":1000},{"@type":"BreadcrumbList","@id":"https:\/\/news.canadamotorjobs.com\/fr\/le-7e-ciel-des-lotus-elan-est-chez-silverstone-auctions\/#breadcrumb","itemListElement":[{"@type":"ListItem","position":1,"name":"Home","item":"https:\/\/news.canadamotorjobs.com\/fr\/blog\/"},{"@type":"ListItem","position":2,"name":"Le 7e\u00a0Ciel des Lotus Elan est chez Silverstone Auctions"}]},{"@type":"WebSite","@id":"https:\/\/news.canadamotorjobs.com\/#website","url":"https:\/\/news.canadamotorjobs.com\/","name":"CanadaMotorJobs.com","description":"Automotive Jobs","publisher":{"@id":"https:\/\/news.canadamotorjobs.com\/#organization"},"potentialAction":[{"@type":"SearchAction","target":{"@type":"EntryPoint","urlTemplate":"https:\/\/news.canadamotorjobs.com\/?s={search_term_string}"},"query-input":"required name=search_term_string"}],"inLanguage":"fr-CA"},{"@type":"Organization","@id":"https:\/\/news.canadamotorjobs.com\/#organization","name":"Canada Motor Jobs","url":"https:\/\/news.canadamotorjobs.com\/","logo":{"@type":"ImageObject","inLanguage":"fr-CA","@id":"https:\/\/news.canadamotorjobs.com\/#\/schema\/logo\/image\/","url":"https:\/\/news.canadamotorjobs.com\/wp-content\/uploads\/2022\/10\/logo-canada-motor-jobs-1.png","contentUrl":"https:\/\/news.canadamotorjobs.com\/wp-content\/uploads\/2022\/10\/logo-canada-motor-jobs-1.png","width":800,"height":400,"caption":"Canada Motor Jobs"},"image":{"@id":"https:\/\/news.canadamotorjobs.com\/#\/schema\/logo\/image\/"},"sameAs":["https:\/\/www.facebook.com\/canadamotorjobs\/","https:\/\/x.com\/canadamotorjobs","https:\/\/www.instagram.com\/canadamotorjobs\/","https:\/\/www.linkedin.com\/company\/canadamotorjobs"]},{"@type":"Person","@id":"https:\/\/news.canadamotorjobs.com\/#\/schema\/person\/51793d1f87d44011d7bcc2ed99269a90","name":"Benoit Charette","image":{"@type":"ImageObject","inLanguage":"fr-CA","@id":"https:\/\/news.canadamotorjobs.com\/#\/schema\/person\/image\/","url":"https:\/\/secure.gravatar.com\/avatar\/45f3d2eebcccd909668d7ce7ea7267b6?s=96&d=mm&r=g","contentUrl":"https:\/\/secure.gravatar.com\/avatar\/45f3d2eebcccd909668d7ce7ea7267b6?s=96&d=mm&r=g","caption":"Benoit Charette"},"description":"Benoit Charette \/ Propri\u00e9taire et r\u00e9dacteur en chef Benoit Charette pratique le journalisme automobile depuis bient\u00f4t 30 ans. Il a fait ses classes au c\u00f4t\u00e9 de Daniel H\u00e9raud et au Carnet de route de 1992 \u00e0 2001. Il est fondateur, copropri\u00e9taire et r\u00e9dacteur en chef de L\u2019Annuel de l\u2019automobile, qu\u2019il publie depuis 2001. Il a anim\u00e9 les \u00e9missions RPM et RPM+ sur V et les L\u00e9gendes de la route sur Historia. \u00c0 la radio depuis 1986, il reprend l\u2019antenne cette ann\u00e9e sur les ondes de Cogeco et participe pour la deuxi\u00e8me ann\u00e9e \u00e0 l\u2019\u00e9mission Passion Auto sur RDS en plus de mettre en ligne le site Web officiel de L\u2019Annuel de l\u2019automobile sur annuelauto.ca.","sameAs":["https:\/\/annuelauto.ca\/"],"url":"https:\/\/news.canadamotorjobs.com\/fr\/author\/benoit-charette\/"}]}},"_links":{"self":[{"href":"https:\/\/news.canadamotorjobs.com\/fr\/wp-json\/wp\/v2\/posts\/137730"}],"collection":[{"href":"https:\/\/news.canadamotorjobs.com\/fr\/wp-json\/wp\/v2\/posts"}],"about":[{"href":"https:\/\/news.canadamotorjobs.com\/fr\/wp-json\/wp\/v2\/types\/post"}],"author":[{"embeddable":true,"href":"https:\/\/news.canadamotorjobs.com\/fr\/wp-json\/wp\/v2\/users\/8"}],"replies":[{"embeddable":true,"href":"https:\/\/news.canadamotorjobs.com\/fr\/wp-json\/wp\/v2\/comments?post=137730"}],"version-history":[{"count":0,"href":"https:\/\/news.canadamotorjobs.com\/fr\/wp-json\/wp\/v2\/posts\/137730\/revisions"}],"wp:featuredmedia":[{"embeddable":true,"href":"https:\/\/news.canadamotorjobs.com\/fr\/wp-json\/wp\/v2\/media\/137734"}],"wp:attachment":[{"href":"https:\/\/news.canadamotorjobs.com\/fr\/wp-json\/wp\/v2\/media?parent=137730"}],"wp:term":[{"taxonomy":"category","embeddable":true,"href":"https:\/\/news.canadamotorjobs.com\/fr\/wp-json\/wp\/v2\/categories?post=137730"},{"taxonomy":"post_tag","embeddable":true,"href":"https:\/\/news.canadamotorjobs.com\/fr\/wp-json\/wp\/v2\/tags?post=137730"}],"curies":[{"name":"wp","href":"https:\/\/api.w.org\/{rel}","templated":true}]}}