{"id":137702,"date":"2023-01-10T07:50:20","date_gmt":"2023-01-10T12:50:20","guid":{"rendered":"https:\/\/news.canadamotorjobs.com\/bmw-rappelle-les-i4-i7-et-ix-pour-un-probleme-de-logiciel-qui-paralyse-la-voiture\/"},"modified":"2023-01-10T08:00:11","modified_gmt":"2023-01-10T13:00:11","slug":"bmw-rappelle-les-i4-i7-et-ix-pour-un-probleme-de-logiciel-qui-paralyse-la-voiture","status":"publish","type":"post","link":"https:\/\/news.canadamotorjobs.com\/fr\/bmw-rappelle-les-i4-i7-et-ix-pour-un-probleme-de-logiciel-qui-paralyse-la-voiture\/","title":{"rendered":"BMW rappelle les i4, i7 et iX\u00a0 pour un probl\u00e8me de logiciel qui paralyse la voiture"},"content":{"rendered":"<\/p>\n<p>Les BMW i4, i7 et iX pourraient se bloquer sur la route \u00e0 cause d&#8217;un probl\u00e8me logiciel. L&#8217;unit\u00e9 de contr\u00f4le \u00e9lectronique peut s&#8217;embrouiller et se r\u00e9initialiser, provoquant une br\u00e8ve perte de puissance, qui peut se produire \u00e0 n\u2019importe quel moment.<br \/> Plus de 14\u00a0000 unit\u00e9s<br \/> BMW doit rappeler 14 086 v\u00e9hicules aux \u00c9tats-Unis seulement. L&#8217;origine du probl\u00e8me se trouve dans le logiciel de la batterie haute tension de l&#8217;unit\u00e9 de contr\u00f4le \u00e9lectronique, qui peut provoquer une interruption de l&#8217;alimentation \u00e9lectrique dans certaines circonstances. Plus pr\u00e9cis\u00e9ment, une erreur de diagnostic peut se produire dans l&#8217;\u00e9lectronique de gestion de la batterie, ce qui entra\u00eene la r\u00e9initialisation de l&#8217;unit\u00e9 de commande.<br \/> Une perte de puissance<br \/> Cette r\u00e9initialisation peut entra\u00eener une br\u00e8ve perte de puissance ou un calage, ce qui, selon les documents d\u00e9pos\u00e9s aupr\u00e8s de la National Highway Traffic Safety Administration (NHTSA), peut accro\u00eetre le risque d&#8217;accident. BMW a pris connaissance du probl\u00e8me pour la premi\u00e8re fois en 2022, lorsqu&#8217;un concessionnaire en Chine a vu un v\u00e9hicule avec un t\u00e9moin lumineux allum\u00e9. Le voyant \u00e9tait li\u00e9 \u00e0 un probl\u00e8me de groupe motopropulseur, et un examen technique a \u00e9t\u00e9 lanc\u00e9. L&#8217;enqu\u00eate du constructeur automobile a r\u00e9v\u00e9l\u00e9 que le taux de r\u00e9clamation au titre de la garantie \u00e9tait inf\u00e9rieur \u00e0 1 %, mais a trouv\u00e9 cinq exemples de ce probl\u00e8me aux \u00c9tats-Unis.<br \/> Aucun accident li\u00e9 au probl\u00e8me<br \/> Heureusement, BMW n&#8217;a pas connaissance de cas o\u00f9 un v\u00e9hicule s&#8217;est compl\u00e8tement bloqu\u00e9, ni de blessures ou de d\u00e9c\u00e8s li\u00e9s \u00e0 ce probl\u00e8me. Au contraire, le probl\u00e8me semble faire<\/p>\n","protected":false},"excerpt":{"rendered":"<p>Les BMW i4, i7 et iX pourraient se bloquer sur la route \u00e0 cause d&#8217;un probl\u00e8me logiciel. L&#8217;unit\u00e9 de contr\u00f4le \u00e9lectronique peut s&#8217;embrouiller et se r\u00e9initialiser, provoquant une br\u00e8ve perte de puissance, qui peut se produire \u00e0 n\u2019importe quel moment. Plus de 14\u00a0000 unit\u00e9s BMW doit rappeler 14 086 v\u00e9hicules aux \u00c9tats-Unis seulement. L&#8217;origine du [&hellip;]<\/p>\n","protected":false},"author":8,"featured_media":137706,"comment_status":"close","ping_status":"closed","sticky":false,"template":"","format":"standard","meta":{"_monsterinsights_skip_tracking":false,"_monsterinsights_sitenote_active":false,"_monsterinsights_sitenote_note":"","_monsterinsights_sitenote_category":0,"footnotes":""},"categories":[101],"tags":[],"yoast_head":"<!-- This site is optimized with the Yoast SEO plugin v23.2 - https:\/\/yoast.com\/wordpress\/plugins\/seo\/ -->\n<title>BMW rappelle les i4, i7 et iX\u00a0 pour un probl\u00e8me de logiciel qui paralyse la voiture - CanadaMotorJobs.com<\/title>\n<meta name=\"description\" content=\"BMW rappelle les i4, i7 et iX\u00a0 pour un probl\u00e8me de logiciel qui paralyse la voiture - Benoit Charette - Annuel automobile - CanadaMotorJobs.com.\" \/>\n<meta name=\"robots\" content=\"index, follow, max-snippet:-1, max-image-preview:large, max-video-preview:-1\" \/>\n<meta property=\"og:locale\" content=\"fr_CA\" \/>\n<meta property=\"og:type\" content=\"article\" \/>\n<meta property=\"og:title\" content=\"BMW rappelle les i4, i7 et iX\u00a0 pour un probl\u00e8me de logiciel qui paralyse la voiture - CanadaMotorJobs.com\" \/>\n<meta property=\"og:description\" content=\"BMW rappelle les i4, i7 et iX\u00a0 pour un probl\u00e8me de logiciel qui paralyse la voiture - Benoit Charette - Annuel automobile - CanadaMotorJobs.com.\" \/>\n<meta property=\"og:url\" content=\"https:\/\/news.canadamotorjobs.com\/fr\/bmw-rappelle-les-i4-i7-et-ix-pour-un-probleme-de-logiciel-qui-paralyse-la-voiture\/\" \/>\n<meta property=\"og:site_name\" content=\"CanadaMotorJobs.com\" \/>\n<meta property=\"article:publisher\" content=\"https:\/\/www.facebook.com\/canadamotorjobs\/\" \/>\n<meta property=\"article:published_time\" content=\"2023-01-10T12:50:20+00:00\" \/>\n<meta property=\"article:modified_time\" content=\"2023-01-10T13:00:11+00:00\" \/>\n<meta property=\"og:image\" content=\"https:\/\/news.canadamotorjobs.com\/wp-content\/uploads\/2023\/01\/bmw-i4-edrive-40-onepager-ms-sustainability-1.jpg\" \/>\n\t<meta property=\"og:image:width\" content=\"890\" \/>\n\t<meta property=\"og:image:height\" content=\"501\" \/>\n\t<meta property=\"og:image:type\" content=\"image\/jpeg\" \/>\n<meta name=\"author\" content=\"Benoit Charette\" \/>\n<meta name=\"twitter:card\" content=\"summary_large_image\" \/>\n<meta name=\"twitter:creator\" content=\"@canadamotorjobs\" \/>\n<meta name=\"twitter:site\" content=\"@canadamotorjobs\" \/>\n<meta name=\"twitter:label1\" content=\"\u00c9crit par\" \/>\n\t<meta name=\"twitter:data1\" content=\"Benoit Charette\" \/>\n\t<meta name=\"twitter:label2\" content=\"Estimation du temps de lecture\" \/>\n\t<meta name=\"twitter:data2\" content=\"1 minute\" \/>\n<!-- \/ Yoast SEO plugin. -->","yoast_head_json":{"title":"BMW rappelle les i4, i7 et iX\u00a0 pour un probl\u00e8me de logiciel qui paralyse la voiture - CanadaMotorJobs.com","description":"BMW rappelle les i4, i7 et iX\u00a0 pour un probl\u00e8me de logiciel qui paralyse la voiture - Benoit Charette - Annuel automobile - CanadaMotorJobs.com.","robots":{"index":"index","follow":"follow","max-snippet":"max-snippet:-1","max-image-preview":"max-image-preview:large","max-video-preview":"max-video-preview:-1"},"og_locale":"fr_CA","og_type":"article","og_title":"BMW rappelle les i4, i7 et iX\u00a0 pour un probl\u00e8me de logiciel qui paralyse la voiture - CanadaMotorJobs.com","og_description":"BMW rappelle les i4, i7 et iX\u00a0 pour un probl\u00e8me de logiciel qui paralyse la voiture - Benoit Charette - Annuel automobile - CanadaMotorJobs.com.","og_url":"https:\/\/news.canadamotorjobs.com\/fr\/bmw-rappelle-les-i4-i7-et-ix-pour-un-probleme-de-logiciel-qui-paralyse-la-voiture\/","og_site_name":"CanadaMotorJobs.com","article_publisher":"https:\/\/www.facebook.com\/canadamotorjobs\/","article_published_time":"2023-01-10T12:50:20+00:00","article_modified_time":"2023-01-10T13:00:11+00:00","og_image":[{"width":890,"height":501,"url":"https:\/\/news.canadamotorjobs.com\/wp-content\/uploads\/2023\/01\/bmw-i4-edrive-40-onepager-ms-sustainability-1.jpg","type":"image\/jpeg"}],"author":"Benoit Charette","twitter_card":"summary_large_image","twitter_creator":"@canadamotorjobs","twitter_site":"@canadamotorjobs","twitter_misc":{"\u00c9crit par":"Benoit Charette","Estimation du temps de lecture":"1 minute"},"schema":{"@context":"https:\/\/schema.org","@graph":[{"@type":"Article","@id":"https:\/\/news.canadamotorjobs.com\/fr\/bmw-rappelle-les-i4-i7-et-ix-pour-un-probleme-de-logiciel-qui-paralyse-la-voiture\/#article","isPartOf":{"@id":"https:\/\/news.canadamotorjobs.com\/fr\/bmw-rappelle-les-i4-i7-et-ix-pour-un-probleme-de-logiciel-qui-paralyse-la-voiture\/"},"author":{"name":"Benoit Charette","@id":"https:\/\/news.canadamotorjobs.com\/#\/schema\/person\/51793d1f87d44011d7bcc2ed99269a90"},"headline":"BMW rappelle les i4, i7 et iX\u00a0 pour un probl\u00e8me de logiciel qui paralyse la voiture","datePublished":"2023-01-10T12:50:20+00:00","dateModified":"2023-01-10T13:00:11+00:00","mainEntityOfPage":{"@id":"https:\/\/news.canadamotorjobs.com\/fr\/bmw-rappelle-les-i4-i7-et-ix-pour-un-probleme-de-logiciel-qui-paralyse-la-voiture\/"},"wordCount":308,"publisher":{"@id":"https:\/\/news.canadamotorjobs.com\/#organization"},"image":{"@id":"https:\/\/news.canadamotorjobs.com\/fr\/bmw-rappelle-les-i4-i7-et-ix-pour-un-probleme-de-logiciel-qui-paralyse-la-voiture\/#primaryimage"},"thumbnailUrl":"https:\/\/news.canadamotorjobs.com\/wp-content\/uploads\/2023\/01\/bmw-i4-edrive-40-onepager-ms-sustainability-1.jpg","articleSection":["Annuel automobile"],"inLanguage":"fr-CA"},{"@type":"WebPage","@id":"https:\/\/news.canadamotorjobs.com\/fr\/bmw-rappelle-les-i4-i7-et-ix-pour-un-probleme-de-logiciel-qui-paralyse-la-voiture\/","url":"https:\/\/news.canadamotorjobs.com\/fr\/bmw-rappelle-les-i4-i7-et-ix-pour-un-probleme-de-logiciel-qui-paralyse-la-voiture\/","name":"BMW rappelle les i4, i7 et iX\u00a0 pour un probl\u00e8me de logiciel qui paralyse la voiture - CanadaMotorJobs.com","isPartOf":{"@id":"https:\/\/news.canadamotorjobs.com\/#website"},"primaryImageOfPage":{"@id":"https:\/\/news.canadamotorjobs.com\/fr\/bmw-rappelle-les-i4-i7-et-ix-pour-un-probleme-de-logiciel-qui-paralyse-la-voiture\/#primaryimage"},"image":{"@id":"https:\/\/news.canadamotorjobs.com\/fr\/bmw-rappelle-les-i4-i7-et-ix-pour-un-probleme-de-logiciel-qui-paralyse-la-voiture\/#primaryimage"},"thumbnailUrl":"https:\/\/news.canadamotorjobs.com\/wp-content\/uploads\/2023\/01\/bmw-i4-edrive-40-onepager-ms-sustainability-1.jpg","datePublished":"2023-01-10T12:50:20+00:00","dateModified":"2023-01-10T13:00:11+00:00","description":"BMW rappelle les i4, i7 et iX\u00a0 pour un probl\u00e8me de logiciel qui paralyse la voiture - Benoit Charette - Annuel automobile - CanadaMotorJobs.com.","breadcrumb":{"@id":"https:\/\/news.canadamotorjobs.com\/fr\/bmw-rappelle-les-i4-i7-et-ix-pour-un-probleme-de-logiciel-qui-paralyse-la-voiture\/#breadcrumb"},"inLanguage":"fr-CA","potentialAction":[{"@type":"ReadAction","target":["https:\/\/news.canadamotorjobs.com\/fr\/bmw-rappelle-les-i4-i7-et-ix-pour-un-probleme-de-logiciel-qui-paralyse-la-voiture\/"]}]},{"@type":"ImageObject","inLanguage":"fr-CA","@id":"https:\/\/news.canadamotorjobs.com\/fr\/bmw-rappelle-les-i4-i7-et-ix-pour-un-probleme-de-logiciel-qui-paralyse-la-voiture\/#primaryimage","url":"https:\/\/news.canadamotorjobs.com\/wp-content\/uploads\/2023\/01\/bmw-i4-edrive-40-onepager-ms-sustainability-1.jpg","contentUrl":"https:\/\/news.canadamotorjobs.com\/wp-content\/uploads\/2023\/01\/bmw-i4-edrive-40-onepager-ms-sustainability-1.jpg","width":890,"height":501},{"@type":"BreadcrumbList","@id":"https:\/\/news.canadamotorjobs.com\/fr\/bmw-rappelle-les-i4-i7-et-ix-pour-un-probleme-de-logiciel-qui-paralyse-la-voiture\/#breadcrumb","itemListElement":[{"@type":"ListItem","position":1,"name":"Home","item":"https:\/\/news.canadamotorjobs.com\/fr\/blog\/"},{"@type":"ListItem","position":2,"name":"BMW rappelle les i4, i7 et iX\u00a0 pour un probl\u00e8me de logiciel qui paralyse la voiture"}]},{"@type":"WebSite","@id":"https:\/\/news.canadamotorjobs.com\/#website","url":"https:\/\/news.canadamotorjobs.com\/","name":"CanadaMotorJobs.com","description":"Automotive Jobs","publisher":{"@id":"https:\/\/news.canadamotorjobs.com\/#organization"},"potentialAction":[{"@type":"SearchAction","target":{"@type":"EntryPoint","urlTemplate":"https:\/\/news.canadamotorjobs.com\/?s={search_term_string}"},"query-input":"required name=search_term_string"}],"inLanguage":"fr-CA"},{"@type":"Organization","@id":"https:\/\/news.canadamotorjobs.com\/#organization","name":"Canada Motor Jobs","url":"https:\/\/news.canadamotorjobs.com\/","logo":{"@type":"ImageObject","inLanguage":"fr-CA","@id":"https:\/\/news.canadamotorjobs.com\/#\/schema\/logo\/image\/","url":"https:\/\/news.canadamotorjobs.com\/wp-content\/uploads\/2022\/10\/logo-canada-motor-jobs-1.png","contentUrl":"https:\/\/news.canadamotorjobs.com\/wp-content\/uploads\/2022\/10\/logo-canada-motor-jobs-1.png","width":800,"height":400,"caption":"Canada Motor Jobs"},"image":{"@id":"https:\/\/news.canadamotorjobs.com\/#\/schema\/logo\/image\/"},"sameAs":["https:\/\/www.facebook.com\/canadamotorjobs\/","https:\/\/x.com\/canadamotorjobs","https:\/\/www.instagram.com\/canadamotorjobs\/","https:\/\/www.linkedin.com\/company\/canadamotorjobs"]},{"@type":"Person","@id":"https:\/\/news.canadamotorjobs.com\/#\/schema\/person\/51793d1f87d44011d7bcc2ed99269a90","name":"Benoit Charette","image":{"@type":"ImageObject","inLanguage":"fr-CA","@id":"https:\/\/news.canadamotorjobs.com\/#\/schema\/person\/image\/","url":"https:\/\/secure.gravatar.com\/avatar\/45f3d2eebcccd909668d7ce7ea7267b6?s=96&d=mm&r=g","contentUrl":"https:\/\/secure.gravatar.com\/avatar\/45f3d2eebcccd909668d7ce7ea7267b6?s=96&d=mm&r=g","caption":"Benoit Charette"},"description":"Benoit Charette \/ Propri\u00e9taire et r\u00e9dacteur en chef Benoit Charette pratique le journalisme automobile depuis bient\u00f4t 30 ans. Il a fait ses classes au c\u00f4t\u00e9 de Daniel H\u00e9raud et au Carnet de route de 1992 \u00e0 2001. Il est fondateur, copropri\u00e9taire et r\u00e9dacteur en chef de L\u2019Annuel de l\u2019automobile, qu\u2019il publie depuis 2001. Il a anim\u00e9 les \u00e9missions RPM et RPM+ sur V et les L\u00e9gendes de la route sur Historia. \u00c0 la radio depuis 1986, il reprend l\u2019antenne cette ann\u00e9e sur les ondes de Cogeco et participe pour la deuxi\u00e8me ann\u00e9e \u00e0 l\u2019\u00e9mission Passion Auto sur RDS en plus de mettre en ligne le site Web officiel de L\u2019Annuel de l\u2019automobile sur annuelauto.ca.","sameAs":["https:\/\/annuelauto.ca\/"],"url":"https:\/\/news.canadamotorjobs.com\/fr\/author\/benoit-charette\/"}]}},"_links":{"self":[{"href":"https:\/\/news.canadamotorjobs.com\/fr\/wp-json\/wp\/v2\/posts\/137702"}],"collection":[{"href":"https:\/\/news.canadamotorjobs.com\/fr\/wp-json\/wp\/v2\/posts"}],"about":[{"href":"https:\/\/news.canadamotorjobs.com\/fr\/wp-json\/wp\/v2\/types\/post"}],"author":[{"embeddable":true,"href":"https:\/\/news.canadamotorjobs.com\/fr\/wp-json\/wp\/v2\/users\/8"}],"replies":[{"embeddable":true,"href":"https:\/\/news.canadamotorjobs.com\/fr\/wp-json\/wp\/v2\/comments?post=137702"}],"version-history":[{"count":0,"href":"https:\/\/news.canadamotorjobs.com\/fr\/wp-json\/wp\/v2\/posts\/137702\/revisions"}],"wp:featuredmedia":[{"embeddable":true,"href":"https:\/\/news.canadamotorjobs.com\/fr\/wp-json\/wp\/v2\/media\/137706"}],"wp:attachment":[{"href":"https:\/\/news.canadamotorjobs.com\/fr\/wp-json\/wp\/v2\/media?parent=137702"}],"wp:term":[{"taxonomy":"category","embeddable":true,"href":"https:\/\/news.canadamotorjobs.com\/fr\/wp-json\/wp\/v2\/categories?post=137702"},{"taxonomy":"post_tag","embeddable":true,"href":"https:\/\/news.canadamotorjobs.com\/fr\/wp-json\/wp\/v2\/tags?post=137702"}],"curies":[{"name":"wp","href":"https:\/\/api.w.org\/{rel}","templated":true}]}}