{"id":137632,"date":"2023-01-09T08:59:45","date_gmt":"2023-01-09T13:59:45","guid":{"rendered":"https:\/\/news.canadamotorjobs.com\/mazda-va-presenter-un-mx-30-hybride-branchable-a-moteur-rotatif-vendredi\/"},"modified":"2023-01-09T12:37:29","modified_gmt":"2023-01-09T17:37:29","slug":"mazda-va-presenter-un-mx-30-hybride-branchable-a-moteur-rotatif-vendredi","status":"publish","type":"post","link":"https:\/\/news.canadamotorjobs.com\/fr\/mazda-va-presenter-un-mx-30-hybride-branchable-a-moteur-rotatif-vendredi\/","title":{"rendered":"Mazda va pr\u00e9senter un MX-30 hybride branchable \u00e0 moteur rotatif vendredi"},"content":{"rendered":"<p>C\u2019est maintenant officiel, Mazda va mettre en march\u00e9 une version hybride rechargeable de son mod\u00e8le MNX-30 ce printemps. Ce mod\u00e8le va aussi marquer le retour du moteur rotatif qui a \u00e9t\u00e9 vu pour la derni\u00e8re fois dans la RX-8. Cette version sera pr\u00e9sent\u00e9e vendredi de cette semaine au Salon de l\u2019auto de Bruxelles.<\/p>\n<h3>Une chance de sauver les meubles<\/h3>\n<p>Comme mod\u00e8le 100\u00a0% \u00e9lectrique, le MX-30 n\u2019a pas connu le succ\u00e8s \u00e0 ce jour en raison de sa trop faible autonomie. Mazda tient peut-\u00eatre un solution qui va plaire \u00e0 plusieurs acheteurs, un prolongateur d\u2019autonomie. En effet, la firme d\u2019Hiroshima va ajouter un moteur rotatif. La commercialisation va d\u00e9buter en Europe au printemps et un peu plus tard au courant de l\u2019ann\u00e9e 2023 pour le Canada et les \u00c9tats-Unis.<\/p>\n<h3>Est-ce que Mazda conservera le m\u00eame groupe \u00e9lectrog\u00e8ne\u2009?<\/h3>\n<p>Selon les conversations que certains experts ont tenues avec des responsables de Mazda, l&#8217;autonomie \u00e9lectrique du mod\u00e8le rotatif sera probablement r\u00e9duite par rapport \u00e0 celle du mod\u00e8le enti\u00e8rement \u00e9lectrique. En effet, une partie de la batterie de 35,5\u00a0kWh du V\u00c9 devra \u00eatre retir\u00e9e pour faire place \u00e0 un r\u00e9servoir de carburant. Bien s\u00fbr, la contrepartie serait probablement une plus grande autonomie globale et la commodit\u00e9 d&#8217;un ravitaillement rapide \u00e0 partir d\u2019une station-service. Aucune modification ne devrait \u00eatre n\u00e9cessaire pour le moteur \u00e9lectrique puisqu&#8217;il y a beaucoup d&#8217;espace sous le capot, particuli\u00e8rement pour un moteur tr\u00e8s compact comme le moteur rotatif pr\u00e9vu.<\/p>\n","protected":false},"excerpt":{"rendered":"<p>C\u2019est maintenant officiel, Mazda va mettre en march\u00e9 une version hybride rechargeable de son mod\u00e8le MNX-30 ce printemps. Ce mod\u00e8le va aussi marquer le retour du moteur rotatif qui a \u00e9t\u00e9 vu pour la derni\u00e8re fois dans la RX-8. Cette version sera pr\u00e9sent\u00e9e vendredi de cette semaine au Salon de l\u2019auto de Bruxelles. Une chance [&hellip;]<\/p>\n","protected":false},"author":8,"featured_media":137636,"comment_status":"close","ping_status":"closed","sticky":false,"template":"","format":"standard","meta":{"_monsterinsights_skip_tracking":false,"_monsterinsights_sitenote_active":false,"_monsterinsights_sitenote_note":"","_monsterinsights_sitenote_category":0,"footnotes":""},"categories":[101],"tags":[131],"yoast_head":"<!-- This site is optimized with the Yoast SEO plugin v23.2 - https:\/\/yoast.com\/wordpress\/plugins\/seo\/ -->\n<title>Mazda va pr\u00e9senter un MX-30 hybride branchable \u00e0 moteur rotatif vendredi - CanadaMotorJobs.com<\/title>\n<meta name=\"description\" content=\"Mazda va pr\u00e9senter un MX-30 hybride branchable \u00e0 moteur rotatif vendredi - Benoit Charette - Annuel automobile - CanadaMotorJobs.com.\" \/>\n<meta name=\"robots\" content=\"index, follow, max-snippet:-1, max-image-preview:large, max-video-preview:-1\" \/>\n<meta property=\"og:locale\" content=\"fr_CA\" \/>\n<meta property=\"og:type\" content=\"article\" \/>\n<meta property=\"og:title\" content=\"Mazda va pr\u00e9senter un MX-30 hybride branchable \u00e0 moteur rotatif vendredi - CanadaMotorJobs.com\" \/>\n<meta property=\"og:description\" content=\"Mazda va pr\u00e9senter un MX-30 hybride branchable \u00e0 moteur rotatif vendredi - Benoit Charette - Annuel automobile - CanadaMotorJobs.com.\" \/>\n<meta property=\"og:url\" content=\"https:\/\/news.canadamotorjobs.com\/fr\/mazda-va-presenter-un-mx-30-hybride-branchable-a-moteur-rotatif-vendredi\/\" \/>\n<meta property=\"og:site_name\" content=\"CanadaMotorJobs.com\" \/>\n<meta property=\"article:publisher\" content=\"https:\/\/www.facebook.com\/canadamotorjobs\/\" \/>\n<meta property=\"article:published_time\" content=\"2023-01-09T13:59:45+00:00\" \/>\n<meta property=\"article:modified_time\" content=\"2023-01-09T17:37:29+00:00\" \/>\n<meta property=\"og:image\" content=\"https:\/\/news.canadamotorjobs.com\/wp-content\/uploads\/2023\/01\/IMG_4660-1.jpg\" \/>\n\t<meta property=\"og:image:width\" content=\"1333\" \/>\n\t<meta property=\"og:image:height\" content=\"1000\" \/>\n\t<meta property=\"og:image:type\" content=\"image\/jpeg\" \/>\n<meta name=\"author\" content=\"Benoit Charette\" \/>\n<meta name=\"twitter:card\" content=\"summary_large_image\" \/>\n<meta name=\"twitter:creator\" content=\"@canadamotorjobs\" \/>\n<meta name=\"twitter:site\" content=\"@canadamotorjobs\" \/>\n<meta name=\"twitter:label1\" content=\"\u00c9crit par\" \/>\n\t<meta name=\"twitter:data1\" content=\"Benoit Charette\" \/>\n\t<meta name=\"twitter:label2\" content=\"Estimation du temps de lecture\" \/>\n\t<meta name=\"twitter:data2\" content=\"2 minutes\" \/>\n<!-- \/ Yoast SEO plugin. -->","yoast_head_json":{"title":"Mazda va pr\u00e9senter un MX-30 hybride branchable \u00e0 moteur rotatif vendredi - CanadaMotorJobs.com","description":"Mazda va pr\u00e9senter un MX-30 hybride branchable \u00e0 moteur rotatif vendredi - Benoit Charette - Annuel automobile - CanadaMotorJobs.com.","robots":{"index":"index","follow":"follow","max-snippet":"max-snippet:-1","max-image-preview":"max-image-preview:large","max-video-preview":"max-video-preview:-1"},"og_locale":"fr_CA","og_type":"article","og_title":"Mazda va pr\u00e9senter un MX-30 hybride branchable \u00e0 moteur rotatif vendredi - CanadaMotorJobs.com","og_description":"Mazda va pr\u00e9senter un MX-30 hybride branchable \u00e0 moteur rotatif vendredi - Benoit Charette - Annuel automobile - CanadaMotorJobs.com.","og_url":"https:\/\/news.canadamotorjobs.com\/fr\/mazda-va-presenter-un-mx-30-hybride-branchable-a-moteur-rotatif-vendredi\/","og_site_name":"CanadaMotorJobs.com","article_publisher":"https:\/\/www.facebook.com\/canadamotorjobs\/","article_published_time":"2023-01-09T13:59:45+00:00","article_modified_time":"2023-01-09T17:37:29+00:00","og_image":[{"width":1333,"height":1000,"url":"https:\/\/news.canadamotorjobs.com\/wp-content\/uploads\/2023\/01\/IMG_4660-1.jpg","type":"image\/jpeg"}],"author":"Benoit Charette","twitter_card":"summary_large_image","twitter_creator":"@canadamotorjobs","twitter_site":"@canadamotorjobs","twitter_misc":{"\u00c9crit par":"Benoit Charette","Estimation du temps de lecture":"2 minutes"},"schema":{"@context":"https:\/\/schema.org","@graph":[{"@type":"Article","@id":"https:\/\/news.canadamotorjobs.com\/fr\/mazda-va-presenter-un-mx-30-hybride-branchable-a-moteur-rotatif-vendredi\/#article","isPartOf":{"@id":"https:\/\/news.canadamotorjobs.com\/fr\/mazda-va-presenter-un-mx-30-hybride-branchable-a-moteur-rotatif-vendredi\/"},"author":{"name":"Benoit Charette","@id":"https:\/\/news.canadamotorjobs.com\/#\/schema\/person\/51793d1f87d44011d7bcc2ed99269a90"},"headline":"Mazda va pr\u00e9senter un MX-30 hybride branchable \u00e0 moteur rotatif vendredi","datePublished":"2023-01-09T13:59:45+00:00","dateModified":"2023-01-09T17:37:29+00:00","mainEntityOfPage":{"@id":"https:\/\/news.canadamotorjobs.com\/fr\/mazda-va-presenter-un-mx-30-hybride-branchable-a-moteur-rotatif-vendredi\/"},"wordCount":275,"publisher":{"@id":"https:\/\/news.canadamotorjobs.com\/#organization"},"image":{"@id":"https:\/\/news.canadamotorjobs.com\/fr\/mazda-va-presenter-un-mx-30-hybride-branchable-a-moteur-rotatif-vendredi\/#primaryimage"},"thumbnailUrl":"https:\/\/news.canadamotorjobs.com\/wp-content\/uploads\/2023\/01\/IMG_4660-1.jpg","keywords":["Newsletter"],"articleSection":["Annuel automobile"],"inLanguage":"fr-CA"},{"@type":"WebPage","@id":"https:\/\/news.canadamotorjobs.com\/fr\/mazda-va-presenter-un-mx-30-hybride-branchable-a-moteur-rotatif-vendredi\/","url":"https:\/\/news.canadamotorjobs.com\/fr\/mazda-va-presenter-un-mx-30-hybride-branchable-a-moteur-rotatif-vendredi\/","name":"Mazda va pr\u00e9senter un MX-30 hybride branchable \u00e0 moteur rotatif vendredi - CanadaMotorJobs.com","isPartOf":{"@id":"https:\/\/news.canadamotorjobs.com\/#website"},"primaryImageOfPage":{"@id":"https:\/\/news.canadamotorjobs.com\/fr\/mazda-va-presenter-un-mx-30-hybride-branchable-a-moteur-rotatif-vendredi\/#primaryimage"},"image":{"@id":"https:\/\/news.canadamotorjobs.com\/fr\/mazda-va-presenter-un-mx-30-hybride-branchable-a-moteur-rotatif-vendredi\/#primaryimage"},"thumbnailUrl":"https:\/\/news.canadamotorjobs.com\/wp-content\/uploads\/2023\/01\/IMG_4660-1.jpg","datePublished":"2023-01-09T13:59:45+00:00","dateModified":"2023-01-09T17:37:29+00:00","description":"Mazda va pr\u00e9senter un MX-30 hybride branchable \u00e0 moteur rotatif vendredi - Benoit Charette - Annuel automobile - CanadaMotorJobs.com.","breadcrumb":{"@id":"https:\/\/news.canadamotorjobs.com\/fr\/mazda-va-presenter-un-mx-30-hybride-branchable-a-moteur-rotatif-vendredi\/#breadcrumb"},"inLanguage":"fr-CA","potentialAction":[{"@type":"ReadAction","target":["https:\/\/news.canadamotorjobs.com\/fr\/mazda-va-presenter-un-mx-30-hybride-branchable-a-moteur-rotatif-vendredi\/"]}]},{"@type":"ImageObject","inLanguage":"fr-CA","@id":"https:\/\/news.canadamotorjobs.com\/fr\/mazda-va-presenter-un-mx-30-hybride-branchable-a-moteur-rotatif-vendredi\/#primaryimage","url":"https:\/\/news.canadamotorjobs.com\/wp-content\/uploads\/2023\/01\/IMG_4660-1.jpg","contentUrl":"https:\/\/news.canadamotorjobs.com\/wp-content\/uploads\/2023\/01\/IMG_4660-1.jpg","width":1333,"height":1000},{"@type":"BreadcrumbList","@id":"https:\/\/news.canadamotorjobs.com\/fr\/mazda-va-presenter-un-mx-30-hybride-branchable-a-moteur-rotatif-vendredi\/#breadcrumb","itemListElement":[{"@type":"ListItem","position":1,"name":"Home","item":"https:\/\/news.canadamotorjobs.com\/fr\/blog\/"},{"@type":"ListItem","position":2,"name":"Mazda va pr\u00e9senter un MX-30 hybride branchable \u00e0 moteur rotatif vendredi"}]},{"@type":"WebSite","@id":"https:\/\/news.canadamotorjobs.com\/#website","url":"https:\/\/news.canadamotorjobs.com\/","name":"CanadaMotorJobs.com","description":"Automotive Jobs","publisher":{"@id":"https:\/\/news.canadamotorjobs.com\/#organization"},"potentialAction":[{"@type":"SearchAction","target":{"@type":"EntryPoint","urlTemplate":"https:\/\/news.canadamotorjobs.com\/?s={search_term_string}"},"query-input":"required name=search_term_string"}],"inLanguage":"fr-CA"},{"@type":"Organization","@id":"https:\/\/news.canadamotorjobs.com\/#organization","name":"Canada Motor Jobs","url":"https:\/\/news.canadamotorjobs.com\/","logo":{"@type":"ImageObject","inLanguage":"fr-CA","@id":"https:\/\/news.canadamotorjobs.com\/#\/schema\/logo\/image\/","url":"https:\/\/news.canadamotorjobs.com\/wp-content\/uploads\/2022\/10\/logo-canada-motor-jobs-1.png","contentUrl":"https:\/\/news.canadamotorjobs.com\/wp-content\/uploads\/2022\/10\/logo-canada-motor-jobs-1.png","width":800,"height":400,"caption":"Canada Motor Jobs"},"image":{"@id":"https:\/\/news.canadamotorjobs.com\/#\/schema\/logo\/image\/"},"sameAs":["https:\/\/www.facebook.com\/canadamotorjobs\/","https:\/\/x.com\/canadamotorjobs","https:\/\/www.instagram.com\/canadamotorjobs\/","https:\/\/www.linkedin.com\/company\/canadamotorjobs"]},{"@type":"Person","@id":"https:\/\/news.canadamotorjobs.com\/#\/schema\/person\/51793d1f87d44011d7bcc2ed99269a90","name":"Benoit Charette","image":{"@type":"ImageObject","inLanguage":"fr-CA","@id":"https:\/\/news.canadamotorjobs.com\/#\/schema\/person\/image\/","url":"https:\/\/secure.gravatar.com\/avatar\/45f3d2eebcccd909668d7ce7ea7267b6?s=96&d=mm&r=g","contentUrl":"https:\/\/secure.gravatar.com\/avatar\/45f3d2eebcccd909668d7ce7ea7267b6?s=96&d=mm&r=g","caption":"Benoit Charette"},"description":"Benoit Charette \/ Propri\u00e9taire et r\u00e9dacteur en chef Benoit Charette pratique le journalisme automobile depuis bient\u00f4t 30 ans. Il a fait ses classes au c\u00f4t\u00e9 de Daniel H\u00e9raud et au Carnet de route de 1992 \u00e0 2001. Il est fondateur, copropri\u00e9taire et r\u00e9dacteur en chef de L\u2019Annuel de l\u2019automobile, qu\u2019il publie depuis 2001. Il a anim\u00e9 les \u00e9missions RPM et RPM+ sur V et les L\u00e9gendes de la route sur Historia. \u00c0 la radio depuis 1986, il reprend l\u2019antenne cette ann\u00e9e sur les ondes de Cogeco et participe pour la deuxi\u00e8me ann\u00e9e \u00e0 l\u2019\u00e9mission Passion Auto sur RDS en plus de mettre en ligne le site Web officiel de L\u2019Annuel de l\u2019automobile sur annuelauto.ca.","sameAs":["https:\/\/annuelauto.ca\/"],"url":"https:\/\/news.canadamotorjobs.com\/fr\/author\/benoit-charette\/"}]}},"_links":{"self":[{"href":"https:\/\/news.canadamotorjobs.com\/fr\/wp-json\/wp\/v2\/posts\/137632"}],"collection":[{"href":"https:\/\/news.canadamotorjobs.com\/fr\/wp-json\/wp\/v2\/posts"}],"about":[{"href":"https:\/\/news.canadamotorjobs.com\/fr\/wp-json\/wp\/v2\/types\/post"}],"author":[{"embeddable":true,"href":"https:\/\/news.canadamotorjobs.com\/fr\/wp-json\/wp\/v2\/users\/8"}],"replies":[{"embeddable":true,"href":"https:\/\/news.canadamotorjobs.com\/fr\/wp-json\/wp\/v2\/comments?post=137632"}],"version-history":[{"count":0,"href":"https:\/\/news.canadamotorjobs.com\/fr\/wp-json\/wp\/v2\/posts\/137632\/revisions"}],"wp:featuredmedia":[{"embeddable":true,"href":"https:\/\/news.canadamotorjobs.com\/fr\/wp-json\/wp\/v2\/media\/137636"}],"wp:attachment":[{"href":"https:\/\/news.canadamotorjobs.com\/fr\/wp-json\/wp\/v2\/media?parent=137632"}],"wp:term":[{"taxonomy":"category","embeddable":true,"href":"https:\/\/news.canadamotorjobs.com\/fr\/wp-json\/wp\/v2\/categories?post=137632"},{"taxonomy":"post_tag","embeddable":true,"href":"https:\/\/news.canadamotorjobs.com\/fr\/wp-json\/wp\/v2\/tags?post=137632"}],"curies":[{"name":"wp","href":"https:\/\/api.w.org\/{rel}","templated":true}]}}