{"id":137624,"date":"2023-01-06T11:25:12","date_gmt":"2023-01-06T16:25:12","guid":{"rendered":"https:\/\/news.canadamotorjobs.com\/mercedes-benz-rappelle-plus-de-320-000-ml-et-gle-pour-un-probleme-de-calage\/"},"modified":"2023-01-09T13:12:06","modified_gmt":"2023-01-09T18:12:06","slug":"mercedes-benz-rappelle-plus-de-320-000-ml-et-gle-pour-un-probleme-de-calage","status":"publish","type":"post","link":"https:\/\/news.canadamotorjobs.com\/fr\/mercedes-benz-rappelle-plus-de-320-000-ml-et-gle-pour-un-probleme-de-calage\/","title":{"rendered":"Mercedes-Benz rappelle plus de 320 000 ML et GLE pour un probl\u00e8me de calage"},"content":{"rendered":"<p>Mercedes-Benz a \u00e9mis un rappel qui s&#8217;applique \u00e0 plus de 320 000 VUS construits entre les ann\u00e9es mod\u00e8les 2012 et 2020. Les v\u00e9hicules vis\u00e9s par la campagne peuvent caler pendant la conduite en raison d&#8217;un probl\u00e8me li\u00e9 \u00e0 l&#8217;unit\u00e9 de commande de la pompe \u00e0 carburant, caus\u00e9 par l&#8217;accumulation d&#8217;eau dans le puits de la roue de secours.<\/p>\n<h3>Des mod\u00e8les ML et GLE<\/h3>\n<p>Le rappel concerne 323\u00a0963 exemplaires du ML, du GLE de derni\u00e8re g\u00e9n\u00e9ration et du GLE Coup\u00e9 de derni\u00e8re g\u00e9n\u00e9ration, bien que Mercedes estime que le d\u00e9faut n&#8217;est pr\u00e9sent que dans 1\u00a0% des VUS rappel\u00e9s. Presque tous les mod\u00e8les qui ont fait partie de la gamme au cours de la derni\u00e8re d\u00e9cennie sont concern\u00e9s par le rappel, y compris le ML63 d&#8217;AMG.<\/p>\n<h3>De l\u2019eau qui se retrouve au mauvais endroit<\/h3>\n<p>Mercedes explique que l&#8217;eau peut p\u00e9n\u00e9trer dans le coffre et se frayer un chemin jusqu&#8217;au logement de la roue de secours &#8220;en raison d&#8217;un \u00e9cart de d\u00e9veloppement combin\u00e9 \u00e0 des tol\u00e9rances de production et \u00e0 d&#8217;\u00e9ventuelles influences du client lors du chargement et du d\u00e9chargement d&#8217;objets&#8221; dans le coffre. Si une quantit\u00e9 suffisante d&#8217;eau s&#8217;accumule, elle peut entrer en contact avec l&#8217;unit\u00e9 de commande de la pompe \u00e0 carburant et provoquer son arr\u00eat, ce qui a pour effet d&#8217;\u00e9teindre le moteur sans avertissement. La soci\u00e9t\u00e9 demande aux propri\u00e9taires des VUS concern\u00e9s d&#8217;\u00eatre attentifs \u00e0 la pr\u00e9sence d&#8217;une moquette humide dans ou pr\u00e8s du coffre et d&#8217;\u00e9couter le bruit de l&#8217;eau qui coule.<\/p>\n","protected":false},"excerpt":{"rendered":"<p>Mercedes-Benz a \u00e9mis un rappel qui s&#8217;applique \u00e0 plus de 320 000 VUS construits entre les ann\u00e9es mod\u00e8les 2012 et 2020. Les v\u00e9hicules vis\u00e9s par la campagne peuvent caler pendant la conduite en raison d&#8217;un probl\u00e8me li\u00e9 \u00e0 l&#8217;unit\u00e9 de commande de la pompe \u00e0 carburant, caus\u00e9 par l&#8217;accumulation d&#8217;eau dans le puits de la [&hellip;]<\/p>\n","protected":false},"author":8,"featured_media":137628,"comment_status":"close","ping_status":"closed","sticky":false,"template":"","format":"standard","meta":{"_monsterinsights_skip_tracking":false,"_monsterinsights_sitenote_active":false,"_monsterinsights_sitenote_note":"","_monsterinsights_sitenote_category":0,"footnotes":""},"categories":[101],"tags":[],"yoast_head":"<!-- This site is optimized with the Yoast SEO plugin v23.2 - https:\/\/yoast.com\/wordpress\/plugins\/seo\/ -->\n<title>Mercedes-Benz rappelle plus de 320 000 ML et GLE pour un probl\u00e8me de calage - CanadaMotorJobs.com<\/title>\n<meta name=\"description\" content=\"Mercedes-Benz rappelle plus de 320 000 ML et GLE pour un probl\u00e8me de calage - Benoit Charette - Annuel automobile - CanadaMotorJobs.com.\" \/>\n<meta name=\"robots\" content=\"index, follow, max-snippet:-1, max-image-preview:large, max-video-preview:-1\" \/>\n<meta property=\"og:locale\" content=\"fr_CA\" \/>\n<meta property=\"og:type\" content=\"article\" \/>\n<meta property=\"og:title\" content=\"Mercedes-Benz rappelle plus de 320 000 ML et GLE pour un probl\u00e8me de calage - CanadaMotorJobs.com\" \/>\n<meta property=\"og:description\" content=\"Mercedes-Benz rappelle plus de 320 000 ML et GLE pour un probl\u00e8me de calage - Benoit Charette - Annuel automobile - CanadaMotorJobs.com.\" \/>\n<meta property=\"og:url\" content=\"https:\/\/news.canadamotorjobs.com\/fr\/mercedes-benz-rappelle-plus-de-320-000-ml-et-gle-pour-un-probleme-de-calage\/\" \/>\n<meta property=\"og:site_name\" content=\"CanadaMotorJobs.com\" \/>\n<meta property=\"article:publisher\" content=\"https:\/\/www.facebook.com\/canadamotorjobs\/\" \/>\n<meta property=\"article:published_time\" content=\"2023-01-06T16:25:12+00:00\" \/>\n<meta property=\"article:modified_time\" content=\"2023-01-09T18:12:06+00:00\" \/>\n<meta property=\"og:image\" content=\"https:\/\/news.canadamotorjobs.com\/wp-content\/uploads\/2023\/01\/mer-gle-01-1.jpg\" \/>\n\t<meta property=\"og:image:width\" content=\"1024\" \/>\n\t<meta property=\"og:image:height\" content=\"683\" \/>\n\t<meta property=\"og:image:type\" content=\"image\/jpeg\" \/>\n<meta name=\"author\" content=\"Benoit Charette\" \/>\n<meta name=\"twitter:card\" content=\"summary_large_image\" \/>\n<meta name=\"twitter:creator\" content=\"@canadamotorjobs\" \/>\n<meta name=\"twitter:site\" content=\"@canadamotorjobs\" \/>\n<meta name=\"twitter:label1\" content=\"\u00c9crit par\" \/>\n\t<meta name=\"twitter:data1\" content=\"Benoit Charette\" \/>\n\t<meta name=\"twitter:label2\" content=\"Estimation du temps de lecture\" \/>\n\t<meta name=\"twitter:data2\" content=\"2 minutes\" \/>\n<!-- \/ Yoast SEO plugin. -->","yoast_head_json":{"title":"Mercedes-Benz rappelle plus de 320 000 ML et GLE pour un probl\u00e8me de calage - CanadaMotorJobs.com","description":"Mercedes-Benz rappelle plus de 320 000 ML et GLE pour un probl\u00e8me de calage - Benoit Charette - Annuel automobile - CanadaMotorJobs.com.","robots":{"index":"index","follow":"follow","max-snippet":"max-snippet:-1","max-image-preview":"max-image-preview:large","max-video-preview":"max-video-preview:-1"},"og_locale":"fr_CA","og_type":"article","og_title":"Mercedes-Benz rappelle plus de 320 000 ML et GLE pour un probl\u00e8me de calage - CanadaMotorJobs.com","og_description":"Mercedes-Benz rappelle plus de 320 000 ML et GLE pour un probl\u00e8me de calage - Benoit Charette - Annuel automobile - CanadaMotorJobs.com.","og_url":"https:\/\/news.canadamotorjobs.com\/fr\/mercedes-benz-rappelle-plus-de-320-000-ml-et-gle-pour-un-probleme-de-calage\/","og_site_name":"CanadaMotorJobs.com","article_publisher":"https:\/\/www.facebook.com\/canadamotorjobs\/","article_published_time":"2023-01-06T16:25:12+00:00","article_modified_time":"2023-01-09T18:12:06+00:00","og_image":[{"width":1024,"height":683,"url":"https:\/\/news.canadamotorjobs.com\/wp-content\/uploads\/2023\/01\/mer-gle-01-1.jpg","type":"image\/jpeg"}],"author":"Benoit Charette","twitter_card":"summary_large_image","twitter_creator":"@canadamotorjobs","twitter_site":"@canadamotorjobs","twitter_misc":{"\u00c9crit par":"Benoit Charette","Estimation du temps de lecture":"2 minutes"},"schema":{"@context":"https:\/\/schema.org","@graph":[{"@type":"Article","@id":"https:\/\/news.canadamotorjobs.com\/fr\/mercedes-benz-rappelle-plus-de-320-000-ml-et-gle-pour-un-probleme-de-calage\/#article","isPartOf":{"@id":"https:\/\/news.canadamotorjobs.com\/fr\/mercedes-benz-rappelle-plus-de-320-000-ml-et-gle-pour-un-probleme-de-calage\/"},"author":{"name":"Benoit Charette","@id":"https:\/\/news.canadamotorjobs.com\/#\/schema\/person\/51793d1f87d44011d7bcc2ed99269a90"},"headline":"Mercedes-Benz rappelle plus de 320 000 ML et GLE pour un probl\u00e8me de calage","datePublished":"2023-01-06T16:25:12+00:00","dateModified":"2023-01-09T18:12:06+00:00","mainEntityOfPage":{"@id":"https:\/\/news.canadamotorjobs.com\/fr\/mercedes-benz-rappelle-plus-de-320-000-ml-et-gle-pour-un-probleme-de-calage\/"},"wordCount":295,"publisher":{"@id":"https:\/\/news.canadamotorjobs.com\/#organization"},"image":{"@id":"https:\/\/news.canadamotorjobs.com\/fr\/mercedes-benz-rappelle-plus-de-320-000-ml-et-gle-pour-un-probleme-de-calage\/#primaryimage"},"thumbnailUrl":"https:\/\/news.canadamotorjobs.com\/wp-content\/uploads\/2023\/01\/mer-gle-01-1.jpg","articleSection":["Annuel automobile"],"inLanguage":"fr-CA"},{"@type":"WebPage","@id":"https:\/\/news.canadamotorjobs.com\/fr\/mercedes-benz-rappelle-plus-de-320-000-ml-et-gle-pour-un-probleme-de-calage\/","url":"https:\/\/news.canadamotorjobs.com\/fr\/mercedes-benz-rappelle-plus-de-320-000-ml-et-gle-pour-un-probleme-de-calage\/","name":"Mercedes-Benz rappelle plus de 320 000 ML et GLE pour un probl\u00e8me de calage - CanadaMotorJobs.com","isPartOf":{"@id":"https:\/\/news.canadamotorjobs.com\/#website"},"primaryImageOfPage":{"@id":"https:\/\/news.canadamotorjobs.com\/fr\/mercedes-benz-rappelle-plus-de-320-000-ml-et-gle-pour-un-probleme-de-calage\/#primaryimage"},"image":{"@id":"https:\/\/news.canadamotorjobs.com\/fr\/mercedes-benz-rappelle-plus-de-320-000-ml-et-gle-pour-un-probleme-de-calage\/#primaryimage"},"thumbnailUrl":"https:\/\/news.canadamotorjobs.com\/wp-content\/uploads\/2023\/01\/mer-gle-01-1.jpg","datePublished":"2023-01-06T16:25:12+00:00","dateModified":"2023-01-09T18:12:06+00:00","description":"Mercedes-Benz rappelle plus de 320 000 ML et GLE pour un probl\u00e8me de calage - Benoit Charette - Annuel automobile - CanadaMotorJobs.com.","breadcrumb":{"@id":"https:\/\/news.canadamotorjobs.com\/fr\/mercedes-benz-rappelle-plus-de-320-000-ml-et-gle-pour-un-probleme-de-calage\/#breadcrumb"},"inLanguage":"fr-CA","potentialAction":[{"@type":"ReadAction","target":["https:\/\/news.canadamotorjobs.com\/fr\/mercedes-benz-rappelle-plus-de-320-000-ml-et-gle-pour-un-probleme-de-calage\/"]}]},{"@type":"ImageObject","inLanguage":"fr-CA","@id":"https:\/\/news.canadamotorjobs.com\/fr\/mercedes-benz-rappelle-plus-de-320-000-ml-et-gle-pour-un-probleme-de-calage\/#primaryimage","url":"https:\/\/news.canadamotorjobs.com\/wp-content\/uploads\/2023\/01\/mer-gle-01-1.jpg","contentUrl":"https:\/\/news.canadamotorjobs.com\/wp-content\/uploads\/2023\/01\/mer-gle-01-1.jpg","width":1024,"height":683},{"@type":"BreadcrumbList","@id":"https:\/\/news.canadamotorjobs.com\/fr\/mercedes-benz-rappelle-plus-de-320-000-ml-et-gle-pour-un-probleme-de-calage\/#breadcrumb","itemListElement":[{"@type":"ListItem","position":1,"name":"Home","item":"https:\/\/news.canadamotorjobs.com\/fr\/blog\/"},{"@type":"ListItem","position":2,"name":"Mercedes-Benz rappelle plus de 320 000 ML et GLE pour un probl\u00e8me de calage"}]},{"@type":"WebSite","@id":"https:\/\/news.canadamotorjobs.com\/#website","url":"https:\/\/news.canadamotorjobs.com\/","name":"CanadaMotorJobs.com","description":"Automotive Jobs","publisher":{"@id":"https:\/\/news.canadamotorjobs.com\/#organization"},"potentialAction":[{"@type":"SearchAction","target":{"@type":"EntryPoint","urlTemplate":"https:\/\/news.canadamotorjobs.com\/?s={search_term_string}"},"query-input":"required name=search_term_string"}],"inLanguage":"fr-CA"},{"@type":"Organization","@id":"https:\/\/news.canadamotorjobs.com\/#organization","name":"Canada Motor Jobs","url":"https:\/\/news.canadamotorjobs.com\/","logo":{"@type":"ImageObject","inLanguage":"fr-CA","@id":"https:\/\/news.canadamotorjobs.com\/#\/schema\/logo\/image\/","url":"https:\/\/news.canadamotorjobs.com\/wp-content\/uploads\/2022\/10\/logo-canada-motor-jobs-1.png","contentUrl":"https:\/\/news.canadamotorjobs.com\/wp-content\/uploads\/2022\/10\/logo-canada-motor-jobs-1.png","width":800,"height":400,"caption":"Canada Motor Jobs"},"image":{"@id":"https:\/\/news.canadamotorjobs.com\/#\/schema\/logo\/image\/"},"sameAs":["https:\/\/www.facebook.com\/canadamotorjobs\/","https:\/\/x.com\/canadamotorjobs","https:\/\/www.instagram.com\/canadamotorjobs\/","https:\/\/www.linkedin.com\/company\/canadamotorjobs"]},{"@type":"Person","@id":"https:\/\/news.canadamotorjobs.com\/#\/schema\/person\/51793d1f87d44011d7bcc2ed99269a90","name":"Benoit Charette","image":{"@type":"ImageObject","inLanguage":"fr-CA","@id":"https:\/\/news.canadamotorjobs.com\/#\/schema\/person\/image\/","url":"https:\/\/secure.gravatar.com\/avatar\/45f3d2eebcccd909668d7ce7ea7267b6?s=96&d=mm&r=g","contentUrl":"https:\/\/secure.gravatar.com\/avatar\/45f3d2eebcccd909668d7ce7ea7267b6?s=96&d=mm&r=g","caption":"Benoit Charette"},"description":"Benoit Charette \/ Propri\u00e9taire et r\u00e9dacteur en chef Benoit Charette pratique le journalisme automobile depuis bient\u00f4t 30 ans. Il a fait ses classes au c\u00f4t\u00e9 de Daniel H\u00e9raud et au Carnet de route de 1992 \u00e0 2001. Il est fondateur, copropri\u00e9taire et r\u00e9dacteur en chef de L\u2019Annuel de l\u2019automobile, qu\u2019il publie depuis 2001. Il a anim\u00e9 les \u00e9missions RPM et RPM+ sur V et les L\u00e9gendes de la route sur Historia. \u00c0 la radio depuis 1986, il reprend l\u2019antenne cette ann\u00e9e sur les ondes de Cogeco et participe pour la deuxi\u00e8me ann\u00e9e \u00e0 l\u2019\u00e9mission Passion Auto sur RDS en plus de mettre en ligne le site Web officiel de L\u2019Annuel de l\u2019automobile sur annuelauto.ca.","sameAs":["https:\/\/annuelauto.ca\/"],"url":"https:\/\/news.canadamotorjobs.com\/fr\/author\/benoit-charette\/"}]}},"_links":{"self":[{"href":"https:\/\/news.canadamotorjobs.com\/fr\/wp-json\/wp\/v2\/posts\/137624"}],"collection":[{"href":"https:\/\/news.canadamotorjobs.com\/fr\/wp-json\/wp\/v2\/posts"}],"about":[{"href":"https:\/\/news.canadamotorjobs.com\/fr\/wp-json\/wp\/v2\/types\/post"}],"author":[{"embeddable":true,"href":"https:\/\/news.canadamotorjobs.com\/fr\/wp-json\/wp\/v2\/users\/8"}],"replies":[{"embeddable":true,"href":"https:\/\/news.canadamotorjobs.com\/fr\/wp-json\/wp\/v2\/comments?post=137624"}],"version-history":[{"count":0,"href":"https:\/\/news.canadamotorjobs.com\/fr\/wp-json\/wp\/v2\/posts\/137624\/revisions"}],"wp:featuredmedia":[{"embeddable":true,"href":"https:\/\/news.canadamotorjobs.com\/fr\/wp-json\/wp\/v2\/media\/137628"}],"wp:attachment":[{"href":"https:\/\/news.canadamotorjobs.com\/fr\/wp-json\/wp\/v2\/media?parent=137624"}],"wp:term":[{"taxonomy":"category","embeddable":true,"href":"https:\/\/news.canadamotorjobs.com\/fr\/wp-json\/wp\/v2\/categories?post=137624"},{"taxonomy":"post_tag","embeddable":true,"href":"https:\/\/news.canadamotorjobs.com\/fr\/wp-json\/wp\/v2\/tags?post=137624"}],"curies":[{"name":"wp","href":"https:\/\/api.w.org\/{rel}","templated":true}]}}