{"id":137616,"date":"2023-01-06T10:45:47","date_gmt":"2023-01-06T15:45:47","guid":{"rendered":"https:\/\/news.canadamotorjobs.com\/vinfast-livre-les-details-sur-les-modeles-vf6-et-vf7\/"},"modified":"2023-01-09T12:40:04","modified_gmt":"2023-01-09T17:40:04","slug":"vinfast-livre-les-details-sur-les-modeles-vf6-et-vf7","status":"publish","type":"post","link":"https:\/\/news.canadamotorjobs.com\/fr\/vinfast-livre-les-details-sur-les-modeles-vf6-et-vf7\/","title":{"rendered":"Vinfast livre les d\u00e9tails sur les mod\u00e8les VF6 et VF7"},"content":{"rendered":"<p>Alors que les livraisons des mod\u00e8les VF8 commencent au Canada, Vinfast a donn\u00e9 plus de d\u00e9tails sur les prochains mod\u00e8les \u00e0 venir, les VF6 et VF7.<\/p>\n<h3>Compacts et \u00e9lectriques<\/h3>\n<p>Dans les deux cas, il s\u2019agit de VUS \u00e9lectriques propos\u00e9s dans les niveaux de finition Eco et Plus. Le VF6 aura une autonomie maximale de 399 kilom\u00e8tres (WLTP) et le VF7 aura une autonomie maximale de 450 kilom\u00e8tres (WLTP).<\/p>\n<h3>Un plus petit VF6<\/h3>\n<p>Le VF6 est l\u00e9g\u00e8rement plus court et un peu plus large que la Chevrolet Bolt EUV. Ce mod\u00e8le sera \u00e9quip\u00e9 d&#8217;une batterie de 59,6\u00a0kWh qui lui donnera une autonomie allant jusqu&#8217;\u00e0 399 kilom\u00e8tres en version Eco et 381 kilom\u00e8tres en version Plus. Cette diff\u00e9rence est due \u00e0 la taille des roues et aux niveaux de puissance puisque l&#8217;Eco a des roues de 17 pouces et 174 chevaux tandis que le Plus a des jantes de 19 pouces et 201 chevaux. Le mod\u00e8le sera \u00e0 roues motrices avant seulement.<\/p>\n<h3>Le VF7<\/h3>\n<p>De plus grande taille, ce mod\u00e8le se situe entre le Volvo XC40 Recharge et le Toyota bZ4X en termes de longueur tout en \u00e9tant plus large que les deux. Le VF7 Eco offrira le m\u00eame moteur que le VF6 Plus avec 201 chevaux. En passant \u00e0 la version Plus, on ajoutera un second moteur qui apportera une transmission int\u00e9grale et 348 chevaux. Malgr\u00e9 son poids et sa puissance suppl\u00e9mentaires, le VF7 offrira une plus grande autonomie que le VF6 gr\u00e2ce \u00e0 sa plus grande batterie de 75,6 kWh<\/p>\n","protected":false},"excerpt":{"rendered":"<p>Alors que les livraisons des mod\u00e8les VF8 commencent au Canada, Vinfast a donn\u00e9 plus de d\u00e9tails sur les prochains mod\u00e8les \u00e0 venir, les VF6 et VF7. Compacts et \u00e9lectriques Dans les deux cas, il s\u2019agit de VUS \u00e9lectriques propos\u00e9s dans les niveaux de finition Eco et Plus. Le VF6 aura une autonomie maximale de 399 [&hellip;]<\/p>\n","protected":false},"author":8,"featured_media":137620,"comment_status":"close","ping_status":"closed","sticky":false,"template":"","format":"standard","meta":{"_monsterinsights_skip_tracking":false,"_monsterinsights_sitenote_active":false,"_monsterinsights_sitenote_note":"","_monsterinsights_sitenote_category":0,"footnotes":""},"categories":[101],"tags":[131],"yoast_head":"<!-- This site is optimized with the Yoast SEO plugin v23.2 - https:\/\/yoast.com\/wordpress\/plugins\/seo\/ -->\n<title>Vinfast livre les d\u00e9tails sur les mod\u00e8les VF6 et VF7 - CanadaMotorJobs.com<\/title>\n<meta name=\"description\" content=\"Vinfast livre les d\u00e9tails sur les mod\u00e8les VF6 et VF7 - Benoit Charette - Annuel automobile - CanadaMotorJobs.com.\" \/>\n<meta name=\"robots\" content=\"index, follow, max-snippet:-1, max-image-preview:large, max-video-preview:-1\" \/>\n<meta property=\"og:locale\" content=\"fr_CA\" \/>\n<meta property=\"og:type\" content=\"article\" \/>\n<meta property=\"og:title\" content=\"Vinfast livre les d\u00e9tails sur les mod\u00e8les VF6 et VF7 - CanadaMotorJobs.com\" \/>\n<meta property=\"og:description\" content=\"Vinfast livre les d\u00e9tails sur les mod\u00e8les VF6 et VF7 - Benoit Charette - Annuel automobile - CanadaMotorJobs.com.\" \/>\n<meta property=\"og:url\" content=\"https:\/\/news.canadamotorjobs.com\/fr\/vinfast-livre-les-details-sur-les-modeles-vf6-et-vf7\/\" \/>\n<meta property=\"og:site_name\" content=\"CanadaMotorJobs.com\" \/>\n<meta property=\"article:publisher\" content=\"https:\/\/www.facebook.com\/canadamotorjobs\/\" \/>\n<meta property=\"article:published_time\" content=\"2023-01-06T15:45:47+00:00\" \/>\n<meta property=\"article:modified_time\" content=\"2023-01-09T17:40:04+00:00\" \/>\n<meta property=\"og:image\" content=\"https:\/\/news.canadamotorjobs.com\/wp-content\/uploads\/2023\/01\/2024-VinFast-VF-7-1-1024x683-1-1.jpg\" \/>\n\t<meta property=\"og:image:width\" content=\"1024\" \/>\n\t<meta property=\"og:image:height\" content=\"683\" \/>\n\t<meta property=\"og:image:type\" content=\"image\/jpeg\" \/>\n<meta name=\"author\" content=\"Benoit Charette\" \/>\n<meta name=\"twitter:card\" content=\"summary_large_image\" \/>\n<meta name=\"twitter:creator\" content=\"@canadamotorjobs\" \/>\n<meta name=\"twitter:site\" content=\"@canadamotorjobs\" \/>\n<meta name=\"twitter:label1\" content=\"\u00c9crit par\" \/>\n\t<meta name=\"twitter:data1\" content=\"Benoit Charette\" \/>\n\t<meta name=\"twitter:label2\" content=\"Estimation du temps de lecture\" \/>\n\t<meta name=\"twitter:data2\" content=\"2 minutes\" \/>\n<!-- \/ Yoast SEO plugin. -->","yoast_head_json":{"title":"Vinfast livre les d\u00e9tails sur les mod\u00e8les VF6 et VF7 - CanadaMotorJobs.com","description":"Vinfast livre les d\u00e9tails sur les mod\u00e8les VF6 et VF7 - Benoit Charette - Annuel automobile - CanadaMotorJobs.com.","robots":{"index":"index","follow":"follow","max-snippet":"max-snippet:-1","max-image-preview":"max-image-preview:large","max-video-preview":"max-video-preview:-1"},"og_locale":"fr_CA","og_type":"article","og_title":"Vinfast livre les d\u00e9tails sur les mod\u00e8les VF6 et VF7 - CanadaMotorJobs.com","og_description":"Vinfast livre les d\u00e9tails sur les mod\u00e8les VF6 et VF7 - Benoit Charette - Annuel automobile - CanadaMotorJobs.com.","og_url":"https:\/\/news.canadamotorjobs.com\/fr\/vinfast-livre-les-details-sur-les-modeles-vf6-et-vf7\/","og_site_name":"CanadaMotorJobs.com","article_publisher":"https:\/\/www.facebook.com\/canadamotorjobs\/","article_published_time":"2023-01-06T15:45:47+00:00","article_modified_time":"2023-01-09T17:40:04+00:00","og_image":[{"width":1024,"height":683,"url":"https:\/\/news.canadamotorjobs.com\/wp-content\/uploads\/2023\/01\/2024-VinFast-VF-7-1-1024x683-1-1.jpg","type":"image\/jpeg"}],"author":"Benoit Charette","twitter_card":"summary_large_image","twitter_creator":"@canadamotorjobs","twitter_site":"@canadamotorjobs","twitter_misc":{"\u00c9crit par":"Benoit Charette","Estimation du temps de lecture":"2 minutes"},"schema":{"@context":"https:\/\/schema.org","@graph":[{"@type":"Article","@id":"https:\/\/news.canadamotorjobs.com\/fr\/vinfast-livre-les-details-sur-les-modeles-vf6-et-vf7\/#article","isPartOf":{"@id":"https:\/\/news.canadamotorjobs.com\/fr\/vinfast-livre-les-details-sur-les-modeles-vf6-et-vf7\/"},"author":{"name":"Benoit Charette","@id":"https:\/\/news.canadamotorjobs.com\/#\/schema\/person\/51793d1f87d44011d7bcc2ed99269a90"},"headline":"Vinfast livre les d\u00e9tails sur les mod\u00e8les VF6 et VF7","datePublished":"2023-01-06T15:45:47+00:00","dateModified":"2023-01-09T17:40:04+00:00","mainEntityOfPage":{"@id":"https:\/\/news.canadamotorjobs.com\/fr\/vinfast-livre-les-details-sur-les-modeles-vf6-et-vf7\/"},"wordCount":268,"publisher":{"@id":"https:\/\/news.canadamotorjobs.com\/#organization"},"image":{"@id":"https:\/\/news.canadamotorjobs.com\/fr\/vinfast-livre-les-details-sur-les-modeles-vf6-et-vf7\/#primaryimage"},"thumbnailUrl":"https:\/\/news.canadamotorjobs.com\/wp-content\/uploads\/2023\/01\/2024-VinFast-VF-7-1-1024x683-1-1.jpg","keywords":["Newsletter"],"articleSection":["Annuel automobile"],"inLanguage":"fr-CA"},{"@type":"WebPage","@id":"https:\/\/news.canadamotorjobs.com\/fr\/vinfast-livre-les-details-sur-les-modeles-vf6-et-vf7\/","url":"https:\/\/news.canadamotorjobs.com\/fr\/vinfast-livre-les-details-sur-les-modeles-vf6-et-vf7\/","name":"Vinfast livre les d\u00e9tails sur les mod\u00e8les VF6 et VF7 - CanadaMotorJobs.com","isPartOf":{"@id":"https:\/\/news.canadamotorjobs.com\/#website"},"primaryImageOfPage":{"@id":"https:\/\/news.canadamotorjobs.com\/fr\/vinfast-livre-les-details-sur-les-modeles-vf6-et-vf7\/#primaryimage"},"image":{"@id":"https:\/\/news.canadamotorjobs.com\/fr\/vinfast-livre-les-details-sur-les-modeles-vf6-et-vf7\/#primaryimage"},"thumbnailUrl":"https:\/\/news.canadamotorjobs.com\/wp-content\/uploads\/2023\/01\/2024-VinFast-VF-7-1-1024x683-1-1.jpg","datePublished":"2023-01-06T15:45:47+00:00","dateModified":"2023-01-09T17:40:04+00:00","description":"Vinfast livre les d\u00e9tails sur les mod\u00e8les VF6 et VF7 - Benoit Charette - Annuel automobile - CanadaMotorJobs.com.","breadcrumb":{"@id":"https:\/\/news.canadamotorjobs.com\/fr\/vinfast-livre-les-details-sur-les-modeles-vf6-et-vf7\/#breadcrumb"},"inLanguage":"fr-CA","potentialAction":[{"@type":"ReadAction","target":["https:\/\/news.canadamotorjobs.com\/fr\/vinfast-livre-les-details-sur-les-modeles-vf6-et-vf7\/"]}]},{"@type":"ImageObject","inLanguage":"fr-CA","@id":"https:\/\/news.canadamotorjobs.com\/fr\/vinfast-livre-les-details-sur-les-modeles-vf6-et-vf7\/#primaryimage","url":"https:\/\/news.canadamotorjobs.com\/wp-content\/uploads\/2023\/01\/2024-VinFast-VF-7-1-1024x683-1-1.jpg","contentUrl":"https:\/\/news.canadamotorjobs.com\/wp-content\/uploads\/2023\/01\/2024-VinFast-VF-7-1-1024x683-1-1.jpg","width":1024,"height":683},{"@type":"BreadcrumbList","@id":"https:\/\/news.canadamotorjobs.com\/fr\/vinfast-livre-les-details-sur-les-modeles-vf6-et-vf7\/#breadcrumb","itemListElement":[{"@type":"ListItem","position":1,"name":"Home","item":"https:\/\/news.canadamotorjobs.com\/fr\/blog\/"},{"@type":"ListItem","position":2,"name":"Vinfast livre les d\u00e9tails sur les mod\u00e8les VF6 et VF7"}]},{"@type":"WebSite","@id":"https:\/\/news.canadamotorjobs.com\/#website","url":"https:\/\/news.canadamotorjobs.com\/","name":"CanadaMotorJobs.com","description":"Automotive Jobs","publisher":{"@id":"https:\/\/news.canadamotorjobs.com\/#organization"},"potentialAction":[{"@type":"SearchAction","target":{"@type":"EntryPoint","urlTemplate":"https:\/\/news.canadamotorjobs.com\/?s={search_term_string}"},"query-input":"required name=search_term_string"}],"inLanguage":"fr-CA"},{"@type":"Organization","@id":"https:\/\/news.canadamotorjobs.com\/#organization","name":"Canada Motor Jobs","url":"https:\/\/news.canadamotorjobs.com\/","logo":{"@type":"ImageObject","inLanguage":"fr-CA","@id":"https:\/\/news.canadamotorjobs.com\/#\/schema\/logo\/image\/","url":"https:\/\/news.canadamotorjobs.com\/wp-content\/uploads\/2022\/10\/logo-canada-motor-jobs-1.png","contentUrl":"https:\/\/news.canadamotorjobs.com\/wp-content\/uploads\/2022\/10\/logo-canada-motor-jobs-1.png","width":800,"height":400,"caption":"Canada Motor Jobs"},"image":{"@id":"https:\/\/news.canadamotorjobs.com\/#\/schema\/logo\/image\/"},"sameAs":["https:\/\/www.facebook.com\/canadamotorjobs\/","https:\/\/x.com\/canadamotorjobs","https:\/\/www.instagram.com\/canadamotorjobs\/","https:\/\/www.linkedin.com\/company\/canadamotorjobs"]},{"@type":"Person","@id":"https:\/\/news.canadamotorjobs.com\/#\/schema\/person\/51793d1f87d44011d7bcc2ed99269a90","name":"Benoit Charette","image":{"@type":"ImageObject","inLanguage":"fr-CA","@id":"https:\/\/news.canadamotorjobs.com\/#\/schema\/person\/image\/","url":"https:\/\/secure.gravatar.com\/avatar\/45f3d2eebcccd909668d7ce7ea7267b6?s=96&d=mm&r=g","contentUrl":"https:\/\/secure.gravatar.com\/avatar\/45f3d2eebcccd909668d7ce7ea7267b6?s=96&d=mm&r=g","caption":"Benoit Charette"},"description":"Benoit Charette \/ Propri\u00e9taire et r\u00e9dacteur en chef Benoit Charette pratique le journalisme automobile depuis bient\u00f4t 30 ans. Il a fait ses classes au c\u00f4t\u00e9 de Daniel H\u00e9raud et au Carnet de route de 1992 \u00e0 2001. Il est fondateur, copropri\u00e9taire et r\u00e9dacteur en chef de L\u2019Annuel de l\u2019automobile, qu\u2019il publie depuis 2001. Il a anim\u00e9 les \u00e9missions RPM et RPM+ sur V et les L\u00e9gendes de la route sur Historia. \u00c0 la radio depuis 1986, il reprend l\u2019antenne cette ann\u00e9e sur les ondes de Cogeco et participe pour la deuxi\u00e8me ann\u00e9e \u00e0 l\u2019\u00e9mission Passion Auto sur RDS en plus de mettre en ligne le site Web officiel de L\u2019Annuel de l\u2019automobile sur annuelauto.ca.","sameAs":["https:\/\/annuelauto.ca\/"],"url":"https:\/\/news.canadamotorjobs.com\/fr\/author\/benoit-charette\/"}]}},"_links":{"self":[{"href":"https:\/\/news.canadamotorjobs.com\/fr\/wp-json\/wp\/v2\/posts\/137616"}],"collection":[{"href":"https:\/\/news.canadamotorjobs.com\/fr\/wp-json\/wp\/v2\/posts"}],"about":[{"href":"https:\/\/news.canadamotorjobs.com\/fr\/wp-json\/wp\/v2\/types\/post"}],"author":[{"embeddable":true,"href":"https:\/\/news.canadamotorjobs.com\/fr\/wp-json\/wp\/v2\/users\/8"}],"replies":[{"embeddable":true,"href":"https:\/\/news.canadamotorjobs.com\/fr\/wp-json\/wp\/v2\/comments?post=137616"}],"version-history":[{"count":0,"href":"https:\/\/news.canadamotorjobs.com\/fr\/wp-json\/wp\/v2\/posts\/137616\/revisions"}],"wp:featuredmedia":[{"embeddable":true,"href":"https:\/\/news.canadamotorjobs.com\/fr\/wp-json\/wp\/v2\/media\/137620"}],"wp:attachment":[{"href":"https:\/\/news.canadamotorjobs.com\/fr\/wp-json\/wp\/v2\/media?parent=137616"}],"wp:term":[{"taxonomy":"category","embeddable":true,"href":"https:\/\/news.canadamotorjobs.com\/fr\/wp-json\/wp\/v2\/categories?post=137616"},{"taxonomy":"post_tag","embeddable":true,"href":"https:\/\/news.canadamotorjobs.com\/fr\/wp-json\/wp\/v2\/tags?post=137616"}],"curies":[{"name":"wp","href":"https:\/\/api.w.org\/{rel}","templated":true}]}}