{"id":137608,"date":"2023-01-06T09:50:29","date_gmt":"2023-01-06T14:50:29","guid":{"rendered":"https:\/\/news.canadamotorjobs.com\/une-voiture-canadienne-100-electrique-devoilee-a-las-vegas\/"},"modified":"2023-01-09T13:12:53","modified_gmt":"2023-01-09T18:12:53","slug":"une-voiture-canadienne-100-electrique-devoilee-a-las-vegas","status":"publish","type":"post","link":"https:\/\/news.canadamotorjobs.com\/fr\/une-voiture-canadienne-100-electrique-devoilee-a-las-vegas\/","title":{"rendered":"Une voiture Canadienne 100\u00a0% \u00e9lectrique d\u00e9voil\u00e9e \u00e0 Las Vegas"},"content":{"rendered":"<p>C\u2019est hier au CES de Las Vegas que L\u2019APMA (Automotive Parts Manufacturers\u2019 Association) a tenu une conf\u00e9rence de presse pour le d\u00e9voilement du Projet Arrow. Il s\u2019agit d\u2019un v\u00e9hicule \u00e9lectrique 100 % canadien. Lanc\u00e9 au CES 2020, le programme visait \u00e0 pr\u00e9senter au monde entier les capacit\u00e9s canadiennes en mati\u00e8re de conception, d&#8217;ing\u00e9nierie et de fabrication dans le cadre du plus grand projet de collaboration industrielle de l&#8217;histoire automobile canadienne.<\/p>\n<h3>Plus de 50 entreprises dans ce projet<\/h3>\n<p>Au CES, plus de 50 entreprises, toutes canadiennes, pr\u00e9sentent les derni\u00e8res technologies en mati\u00e8re de mobilit\u00e9 sur ce tout nouveau v\u00e9hicule construit selon les sp\u00e9cifications de s\u00e9curit\u00e9 des v\u00e9hicules automobiles de l&#8217;ann\u00e9e mod\u00e8le 2025. Point culminant d&#8217;un d\u00e9ploiement de trois ans en plusieurs phases, la conception du projet Arrow a \u00e9t\u00e9 choisie lors d&#8217;un concours national remport\u00e9 par des \u00e9tudiants de l&#8217;Universit\u00e9 Carleton \u00e0 Ottawa.<\/p>\n<h3>Du projet \u00e0 la r\u00e9alit\u00e9<\/h3>\n<p>L&#8217;\u00e9quipe de l&#8217;Invest Windsor Essex&#8217;s VR Cave a donn\u00e9 vie \u00e0 la conception dans le monde virtuel et l&#8217;\u00e9quipe ACE de l&#8217;Ontario Tech University \u00e0 Oshawa s&#8217;est associ\u00e9e \u00e0 l&#8217;APMA pour construire le prototype dans le premier centre commercial de recherche, de d\u00e9veloppement et d&#8217;innovation automobile de ce type au monde. Alors que le Canada n&#8217;a pas lanc\u00e9 de constructeur automobile mondial depuis 100 ans, le projet Arrow montrera que les secteurs des fournisseurs, des technologies de l&#8217;information et des min\u00e9raux essentiels de ce pays, qui sont des leaders mondiaux, peuvent offrir au monde une solution de mobilit\u00e9 compl\u00e8te et pertinente \u00e0 l&#8217;\u00e9chelle<\/p>\n","protected":false},"excerpt":{"rendered":"<p>C\u2019est hier au CES de Las Vegas que L\u2019APMA (Automotive Parts Manufacturers\u2019 Association) a tenu une conf\u00e9rence de presse pour le d\u00e9voilement du Projet Arrow. Il s\u2019agit d\u2019un v\u00e9hicule \u00e9lectrique 100 % canadien. Lanc\u00e9 au CES 2020, le programme visait \u00e0 pr\u00e9senter au monde entier les capacit\u00e9s canadiennes en mati\u00e8re de conception, d&#8217;ing\u00e9nierie et de [&hellip;]<\/p>\n","protected":false},"author":8,"featured_media":137612,"comment_status":"close","ping_status":"closed","sticky":false,"template":"","format":"standard","meta":{"_monsterinsights_skip_tracking":false,"_monsterinsights_sitenote_active":false,"_monsterinsights_sitenote_note":"","_monsterinsights_sitenote_category":0,"footnotes":""},"categories":[101],"tags":[131],"yoast_head":"<!-- This site is optimized with the Yoast SEO plugin v23.2 - https:\/\/yoast.com\/wordpress\/plugins\/seo\/ -->\n<title>Une voiture Canadienne 100\u00a0% \u00e9lectrique d\u00e9voil\u00e9e \u00e0 Las Vegas - CanadaMotorJobs.com<\/title>\n<meta name=\"description\" content=\"Une voiture Canadienne 100\u00a0% \u00e9lectrique d\u00e9voil\u00e9e \u00e0 Las Vegas - Benoit Charette - Annuel automobile - CanadaMotorJobs.com.\" \/>\n<meta name=\"robots\" content=\"index, follow, max-snippet:-1, max-image-preview:large, max-video-preview:-1\" \/>\n<meta property=\"og:locale\" content=\"fr_CA\" \/>\n<meta property=\"og:type\" content=\"article\" \/>\n<meta property=\"og:title\" content=\"Une voiture Canadienne 100\u00a0% \u00e9lectrique d\u00e9voil\u00e9e \u00e0 Las Vegas - CanadaMotorJobs.com\" \/>\n<meta property=\"og:description\" content=\"Une voiture Canadienne 100\u00a0% \u00e9lectrique d\u00e9voil\u00e9e \u00e0 Las Vegas - Benoit Charette - Annuel automobile - CanadaMotorJobs.com.\" \/>\n<meta property=\"og:url\" content=\"https:\/\/news.canadamotorjobs.com\/fr\/une-voiture-canadienne-100-electrique-devoilee-a-las-vegas\/\" \/>\n<meta property=\"og:site_name\" content=\"CanadaMotorJobs.com\" \/>\n<meta property=\"article:publisher\" content=\"https:\/\/www.facebook.com\/canadamotorjobs\/\" \/>\n<meta property=\"article:published_time\" content=\"2023-01-06T14:50:29+00:00\" \/>\n<meta property=\"article:modified_time\" content=\"2023-01-09T18:12:53+00:00\" \/>\n<meta property=\"og:image\" content=\"https:\/\/news.canadamotorjobs.com\/wp-content\/uploads\/2023\/01\/Arrow1-scaled-1-1.jpg\" \/>\n\t<meta property=\"og:image:width\" content=\"2560\" \/>\n\t<meta property=\"og:image:height\" content=\"1660\" \/>\n\t<meta property=\"og:image:type\" content=\"image\/jpeg\" \/>\n<meta name=\"author\" content=\"Benoit Charette\" \/>\n<meta name=\"twitter:card\" content=\"summary_large_image\" \/>\n<meta name=\"twitter:creator\" content=\"@canadamotorjobs\" \/>\n<meta name=\"twitter:site\" content=\"@canadamotorjobs\" \/>\n<meta name=\"twitter:label1\" content=\"\u00c9crit par\" \/>\n\t<meta name=\"twitter:data1\" content=\"Benoit Charette\" \/>\n\t<meta name=\"twitter:label2\" content=\"Estimation du temps de lecture\" \/>\n\t<meta name=\"twitter:data2\" content=\"2 minutes\" \/>\n<!-- \/ Yoast SEO plugin. -->","yoast_head_json":{"title":"Une voiture Canadienne 100\u00a0% \u00e9lectrique d\u00e9voil\u00e9e \u00e0 Las Vegas - CanadaMotorJobs.com","description":"Une voiture Canadienne 100\u00a0% \u00e9lectrique d\u00e9voil\u00e9e \u00e0 Las Vegas - Benoit Charette - Annuel automobile - CanadaMotorJobs.com.","robots":{"index":"index","follow":"follow","max-snippet":"max-snippet:-1","max-image-preview":"max-image-preview:large","max-video-preview":"max-video-preview:-1"},"og_locale":"fr_CA","og_type":"article","og_title":"Une voiture Canadienne 100\u00a0% \u00e9lectrique d\u00e9voil\u00e9e \u00e0 Las Vegas - CanadaMotorJobs.com","og_description":"Une voiture Canadienne 100\u00a0% \u00e9lectrique d\u00e9voil\u00e9e \u00e0 Las Vegas - Benoit Charette - Annuel automobile - CanadaMotorJobs.com.","og_url":"https:\/\/news.canadamotorjobs.com\/fr\/une-voiture-canadienne-100-electrique-devoilee-a-las-vegas\/","og_site_name":"CanadaMotorJobs.com","article_publisher":"https:\/\/www.facebook.com\/canadamotorjobs\/","article_published_time":"2023-01-06T14:50:29+00:00","article_modified_time":"2023-01-09T18:12:53+00:00","og_image":[{"width":2560,"height":1660,"url":"https:\/\/news.canadamotorjobs.com\/wp-content\/uploads\/2023\/01\/Arrow1-scaled-1-1.jpg","type":"image\/jpeg"}],"author":"Benoit Charette","twitter_card":"summary_large_image","twitter_creator":"@canadamotorjobs","twitter_site":"@canadamotorjobs","twitter_misc":{"\u00c9crit par":"Benoit Charette","Estimation du temps de lecture":"2 minutes"},"schema":{"@context":"https:\/\/schema.org","@graph":[{"@type":"Article","@id":"https:\/\/news.canadamotorjobs.com\/fr\/une-voiture-canadienne-100-electrique-devoilee-a-las-vegas\/#article","isPartOf":{"@id":"https:\/\/news.canadamotorjobs.com\/fr\/une-voiture-canadienne-100-electrique-devoilee-a-las-vegas\/"},"author":{"name":"Benoit Charette","@id":"https:\/\/news.canadamotorjobs.com\/#\/schema\/person\/51793d1f87d44011d7bcc2ed99269a90"},"headline":"Une voiture Canadienne 100\u00a0% \u00e9lectrique d\u00e9voil\u00e9e \u00e0 Las Vegas","datePublished":"2023-01-06T14:50:29+00:00","dateModified":"2023-01-09T18:12:53+00:00","mainEntityOfPage":{"@id":"https:\/\/news.canadamotorjobs.com\/fr\/une-voiture-canadienne-100-electrique-devoilee-a-las-vegas\/"},"wordCount":288,"publisher":{"@id":"https:\/\/news.canadamotorjobs.com\/#organization"},"image":{"@id":"https:\/\/news.canadamotorjobs.com\/fr\/une-voiture-canadienne-100-electrique-devoilee-a-las-vegas\/#primaryimage"},"thumbnailUrl":"https:\/\/news.canadamotorjobs.com\/wp-content\/uploads\/2023\/01\/Arrow1-scaled-1-1.jpg","keywords":["Newsletter"],"articleSection":["Annuel automobile"],"inLanguage":"fr-CA"},{"@type":"WebPage","@id":"https:\/\/news.canadamotorjobs.com\/fr\/une-voiture-canadienne-100-electrique-devoilee-a-las-vegas\/","url":"https:\/\/news.canadamotorjobs.com\/fr\/une-voiture-canadienne-100-electrique-devoilee-a-las-vegas\/","name":"Une voiture Canadienne 100\u00a0% \u00e9lectrique d\u00e9voil\u00e9e \u00e0 Las Vegas - CanadaMotorJobs.com","isPartOf":{"@id":"https:\/\/news.canadamotorjobs.com\/#website"},"primaryImageOfPage":{"@id":"https:\/\/news.canadamotorjobs.com\/fr\/une-voiture-canadienne-100-electrique-devoilee-a-las-vegas\/#primaryimage"},"image":{"@id":"https:\/\/news.canadamotorjobs.com\/fr\/une-voiture-canadienne-100-electrique-devoilee-a-las-vegas\/#primaryimage"},"thumbnailUrl":"https:\/\/news.canadamotorjobs.com\/wp-content\/uploads\/2023\/01\/Arrow1-scaled-1-1.jpg","datePublished":"2023-01-06T14:50:29+00:00","dateModified":"2023-01-09T18:12:53+00:00","description":"Une voiture Canadienne 100\u00a0% \u00e9lectrique d\u00e9voil\u00e9e \u00e0 Las Vegas - Benoit Charette - Annuel automobile - CanadaMotorJobs.com.","breadcrumb":{"@id":"https:\/\/news.canadamotorjobs.com\/fr\/une-voiture-canadienne-100-electrique-devoilee-a-las-vegas\/#breadcrumb"},"inLanguage":"fr-CA","potentialAction":[{"@type":"ReadAction","target":["https:\/\/news.canadamotorjobs.com\/fr\/une-voiture-canadienne-100-electrique-devoilee-a-las-vegas\/"]}]},{"@type":"ImageObject","inLanguage":"fr-CA","@id":"https:\/\/news.canadamotorjobs.com\/fr\/une-voiture-canadienne-100-electrique-devoilee-a-las-vegas\/#primaryimage","url":"https:\/\/news.canadamotorjobs.com\/wp-content\/uploads\/2023\/01\/Arrow1-scaled-1-1.jpg","contentUrl":"https:\/\/news.canadamotorjobs.com\/wp-content\/uploads\/2023\/01\/Arrow1-scaled-1-1.jpg","width":2560,"height":1660},{"@type":"BreadcrumbList","@id":"https:\/\/news.canadamotorjobs.com\/fr\/une-voiture-canadienne-100-electrique-devoilee-a-las-vegas\/#breadcrumb","itemListElement":[{"@type":"ListItem","position":1,"name":"Home","item":"https:\/\/news.canadamotorjobs.com\/fr\/blog\/"},{"@type":"ListItem","position":2,"name":"Une voiture Canadienne 100\u00a0% \u00e9lectrique d\u00e9voil\u00e9e \u00e0 Las Vegas"}]},{"@type":"WebSite","@id":"https:\/\/news.canadamotorjobs.com\/#website","url":"https:\/\/news.canadamotorjobs.com\/","name":"CanadaMotorJobs.com","description":"Automotive Jobs","publisher":{"@id":"https:\/\/news.canadamotorjobs.com\/#organization"},"potentialAction":[{"@type":"SearchAction","target":{"@type":"EntryPoint","urlTemplate":"https:\/\/news.canadamotorjobs.com\/?s={search_term_string}"},"query-input":"required name=search_term_string"}],"inLanguage":"fr-CA"},{"@type":"Organization","@id":"https:\/\/news.canadamotorjobs.com\/#organization","name":"Canada Motor Jobs","url":"https:\/\/news.canadamotorjobs.com\/","logo":{"@type":"ImageObject","inLanguage":"fr-CA","@id":"https:\/\/news.canadamotorjobs.com\/#\/schema\/logo\/image\/","url":"https:\/\/news.canadamotorjobs.com\/wp-content\/uploads\/2022\/10\/logo-canada-motor-jobs-1.png","contentUrl":"https:\/\/news.canadamotorjobs.com\/wp-content\/uploads\/2022\/10\/logo-canada-motor-jobs-1.png","width":800,"height":400,"caption":"Canada Motor Jobs"},"image":{"@id":"https:\/\/news.canadamotorjobs.com\/#\/schema\/logo\/image\/"},"sameAs":["https:\/\/www.facebook.com\/canadamotorjobs\/","https:\/\/x.com\/canadamotorjobs","https:\/\/www.instagram.com\/canadamotorjobs\/","https:\/\/www.linkedin.com\/company\/canadamotorjobs"]},{"@type":"Person","@id":"https:\/\/news.canadamotorjobs.com\/#\/schema\/person\/51793d1f87d44011d7bcc2ed99269a90","name":"Benoit Charette","image":{"@type":"ImageObject","inLanguage":"fr-CA","@id":"https:\/\/news.canadamotorjobs.com\/#\/schema\/person\/image\/","url":"https:\/\/secure.gravatar.com\/avatar\/45f3d2eebcccd909668d7ce7ea7267b6?s=96&d=mm&r=g","contentUrl":"https:\/\/secure.gravatar.com\/avatar\/45f3d2eebcccd909668d7ce7ea7267b6?s=96&d=mm&r=g","caption":"Benoit Charette"},"description":"Benoit Charette \/ Propri\u00e9taire et r\u00e9dacteur en chef Benoit Charette pratique le journalisme automobile depuis bient\u00f4t 30 ans. Il a fait ses classes au c\u00f4t\u00e9 de Daniel H\u00e9raud et au Carnet de route de 1992 \u00e0 2001. Il est fondateur, copropri\u00e9taire et r\u00e9dacteur en chef de L\u2019Annuel de l\u2019automobile, qu\u2019il publie depuis 2001. Il a anim\u00e9 les \u00e9missions RPM et RPM+ sur V et les L\u00e9gendes de la route sur Historia. \u00c0 la radio depuis 1986, il reprend l\u2019antenne cette ann\u00e9e sur les ondes de Cogeco et participe pour la deuxi\u00e8me ann\u00e9e \u00e0 l\u2019\u00e9mission Passion Auto sur RDS en plus de mettre en ligne le site Web officiel de L\u2019Annuel de l\u2019automobile sur annuelauto.ca.","sameAs":["https:\/\/annuelauto.ca\/"],"url":"https:\/\/news.canadamotorjobs.com\/fr\/author\/benoit-charette\/"}]}},"_links":{"self":[{"href":"https:\/\/news.canadamotorjobs.com\/fr\/wp-json\/wp\/v2\/posts\/137608"}],"collection":[{"href":"https:\/\/news.canadamotorjobs.com\/fr\/wp-json\/wp\/v2\/posts"}],"about":[{"href":"https:\/\/news.canadamotorjobs.com\/fr\/wp-json\/wp\/v2\/types\/post"}],"author":[{"embeddable":true,"href":"https:\/\/news.canadamotorjobs.com\/fr\/wp-json\/wp\/v2\/users\/8"}],"replies":[{"embeddable":true,"href":"https:\/\/news.canadamotorjobs.com\/fr\/wp-json\/wp\/v2\/comments?post=137608"}],"version-history":[{"count":0,"href":"https:\/\/news.canadamotorjobs.com\/fr\/wp-json\/wp\/v2\/posts\/137608\/revisions"}],"wp:featuredmedia":[{"embeddable":true,"href":"https:\/\/news.canadamotorjobs.com\/fr\/wp-json\/wp\/v2\/media\/137612"}],"wp:attachment":[{"href":"https:\/\/news.canadamotorjobs.com\/fr\/wp-json\/wp\/v2\/media?parent=137608"}],"wp:term":[{"taxonomy":"category","embeddable":true,"href":"https:\/\/news.canadamotorjobs.com\/fr\/wp-json\/wp\/v2\/categories?post=137608"},{"taxonomy":"post_tag","embeddable":true,"href":"https:\/\/news.canadamotorjobs.com\/fr\/wp-json\/wp\/v2\/tags?post=137608"}],"curies":[{"name":"wp","href":"https:\/\/api.w.org\/{rel}","templated":true}]}}