{"id":137600,"date":"2023-01-05T17:24:21","date_gmt":"2023-01-05T22:24:21","guid":{"rendered":"https:\/\/news.canadamotorjobs.com\/stellantis-devoile-le-concept-ram-rev-a-las-vegas\/"},"modified":"2023-01-05T17:30:00","modified_gmt":"2023-01-05T22:30:00","slug":"stellantis-devoile-le-concept-ram-rev-a-las-vegas","status":"publish","type":"post","link":"https:\/\/news.canadamotorjobs.com\/fr\/stellantis-devoile-le-concept-ram-rev-a-las-vegas\/","title":{"rendered":"Stellantis d\u00e9voile le concept RAM REV \u00e0 Las Vegas"},"content":{"rendered":"<\/p>\n<p>\u00c0 d\u00e9faut d\u2019avoir des Salons de l\u2019auto pour pr\u00e9senter de nouveaux v\u00e9hicules, il faut maintenant se rabattre sur les Salons de l\u2019\u00e9lectronique. C\u2019est au CES de\u00a0 Las Vegas, c\u2019est apr\u00e8s-midi que RAM a d\u00e9voil\u00e9 le concept de son pick-up \u00e9lectrique qui prendre la route en 2024.<br \/> Un style futuriste<br \/> On trouve des porti\u00e8res sans pilier B qui met en valeur un espace spacieux pour les occupants. Construit sur la nouvelle architecture de carrosserie sur cadre STLA, con\u00e7ue sp\u00e9cialement pour les v\u00e9hicules \u00e9lectriques de grande taille. Il int\u00e8gre le bloc-batterie avec des panneaux a\u00e9rodynamiques complets sous la carrosserie et des diffuseurs actifs. La porte m\u00e9diane motoris\u00e9e comprend des strapontins mont\u00e9s avec une section inf\u00e9rieure amovible permettant de multiples configurations de si\u00e8ges flexibles et un passage (et dans le coffre) pouvant accueillir des objets d&#8217;une longueur maximale de 18 pieds. Ce concept est dot\u00e9 de quatre roues directrices avec jusqu&#8217;\u00e0 15 degr\u00e9s d&#8217;articulation pour une plus grande maniabilit\u00e9 du v\u00e9hicule.<br \/> Un am\u00e9nagement int\u00e9rieur in\u00e9dit<br \/> L\u2019habitacle utilise un espace continu de l&#8217;avant \u00e0 l&#8217;arri\u00e8re qui permet plusieurs configurations int\u00e9rieures diff\u00e9rentes. Si vous le souhaitez, l&#8217;accoudoir de la console centrale peut \u00eatre transform\u00e9 en surface de travail. Combin\u00e9 aux options de si\u00e8ges interm\u00e9diaires et de strapontins. Un \u00e9cran tactile complet compos\u00e9 de deux \u00e9crans offre jusqu&#8217;\u00e0 28 pouces d&#8217;espace d&#8217;\u00e9cran comme la pi\u00e8ce centrale d&#8217;un int\u00e9rieur charg\u00e9 de technologie. L&#8217;\u00e9cran inf\u00e9rieur offre trois positions diff\u00e9rentes en fonction de la t\u00e2che \u00e0 accomplir &#8211; vue minimale, vue \u00e9tendue et vue plein \u00e9cran &#8211; et peut<\/p>\n","protected":false},"excerpt":{"rendered":"<p>\u00c0 d\u00e9faut d\u2019avoir des Salons de l\u2019auto pour pr\u00e9senter de nouveaux v\u00e9hicules, il faut maintenant se rabattre sur les Salons de l\u2019\u00e9lectronique. C\u2019est au CES de\u00a0 Las Vegas, c\u2019est apr\u00e8s-midi que RAM a d\u00e9voil\u00e9 le concept de son pick-up \u00e9lectrique qui prendre la route en 2024. Un style futuriste On trouve des porti\u00e8res sans pilier [&hellip;]<\/p>\n","protected":false},"author":8,"featured_media":137604,"comment_status":"close","ping_status":"closed","sticky":false,"template":"","format":"standard","meta":{"_monsterinsights_skip_tracking":false,"_monsterinsights_sitenote_active":false,"_monsterinsights_sitenote_note":"","_monsterinsights_sitenote_category":0,"footnotes":""},"categories":[101],"tags":[],"yoast_head":"<!-- This site is optimized with the Yoast SEO plugin v23.2 - https:\/\/yoast.com\/wordpress\/plugins\/seo\/ -->\n<title>Stellantis d\u00e9voile le concept RAM REV \u00e0 Las Vegas - CanadaMotorJobs.com<\/title>\n<meta name=\"description\" content=\"Stellantis d\u00e9voile le concept RAM REV \u00e0 Las Vegas - Benoit Charette - Annuel automobile - CanadaMotorJobs.com.\" \/>\n<meta name=\"robots\" content=\"index, follow, max-snippet:-1, max-image-preview:large, max-video-preview:-1\" \/>\n<meta property=\"og:locale\" content=\"fr_CA\" \/>\n<meta property=\"og:type\" content=\"article\" \/>\n<meta property=\"og:title\" content=\"Stellantis d\u00e9voile le concept RAM REV \u00e0 Las Vegas - CanadaMotorJobs.com\" \/>\n<meta property=\"og:description\" content=\"Stellantis d\u00e9voile le concept RAM REV \u00e0 Las Vegas - Benoit Charette - Annuel automobile - CanadaMotorJobs.com.\" \/>\n<meta property=\"og:url\" content=\"https:\/\/news.canadamotorjobs.com\/fr\/stellantis-devoile-le-concept-ram-rev-a-las-vegas\/\" \/>\n<meta property=\"og:site_name\" content=\"CanadaMotorJobs.com\" \/>\n<meta property=\"article:publisher\" content=\"https:\/\/www.facebook.com\/canadamotorjobs\/\" \/>\n<meta property=\"article:published_time\" content=\"2023-01-05T22:24:21+00:00\" \/>\n<meta property=\"article:modified_time\" content=\"2023-01-05T22:30:00+00:00\" \/>\n<meta property=\"og:image\" content=\"https:\/\/news.canadamotorjobs.com\/wp-content\/uploads\/2023\/01\/CN023_001RM-scaled-1-1.jpg\" \/>\n\t<meta property=\"og:image:width\" content=\"2560\" \/>\n\t<meta property=\"og:image:height\" content=\"1655\" \/>\n\t<meta property=\"og:image:type\" content=\"image\/jpeg\" \/>\n<meta name=\"author\" content=\"Benoit Charette\" \/>\n<meta name=\"twitter:card\" content=\"summary_large_image\" \/>\n<meta name=\"twitter:creator\" content=\"@canadamotorjobs\" \/>\n<meta name=\"twitter:site\" content=\"@canadamotorjobs\" \/>\n<meta name=\"twitter:label1\" content=\"\u00c9crit par\" \/>\n\t<meta name=\"twitter:data1\" content=\"Benoit Charette\" \/>\n\t<meta name=\"twitter:label2\" content=\"Estimation du temps de lecture\" \/>\n\t<meta name=\"twitter:data2\" content=\"1 minute\" \/>\n<!-- \/ Yoast SEO plugin. -->","yoast_head_json":{"title":"Stellantis d\u00e9voile le concept RAM REV \u00e0 Las Vegas - CanadaMotorJobs.com","description":"Stellantis d\u00e9voile le concept RAM REV \u00e0 Las Vegas - Benoit Charette - Annuel automobile - CanadaMotorJobs.com.","robots":{"index":"index","follow":"follow","max-snippet":"max-snippet:-1","max-image-preview":"max-image-preview:large","max-video-preview":"max-video-preview:-1"},"og_locale":"fr_CA","og_type":"article","og_title":"Stellantis d\u00e9voile le concept RAM REV \u00e0 Las Vegas - CanadaMotorJobs.com","og_description":"Stellantis d\u00e9voile le concept RAM REV \u00e0 Las Vegas - Benoit Charette - Annuel automobile - CanadaMotorJobs.com.","og_url":"https:\/\/news.canadamotorjobs.com\/fr\/stellantis-devoile-le-concept-ram-rev-a-las-vegas\/","og_site_name":"CanadaMotorJobs.com","article_publisher":"https:\/\/www.facebook.com\/canadamotorjobs\/","article_published_time":"2023-01-05T22:24:21+00:00","article_modified_time":"2023-01-05T22:30:00+00:00","og_image":[{"width":2560,"height":1655,"url":"https:\/\/news.canadamotorjobs.com\/wp-content\/uploads\/2023\/01\/CN023_001RM-scaled-1-1.jpg","type":"image\/jpeg"}],"author":"Benoit Charette","twitter_card":"summary_large_image","twitter_creator":"@canadamotorjobs","twitter_site":"@canadamotorjobs","twitter_misc":{"\u00c9crit par":"Benoit Charette","Estimation du temps de lecture":"1 minute"},"schema":{"@context":"https:\/\/schema.org","@graph":[{"@type":"Article","@id":"https:\/\/news.canadamotorjobs.com\/fr\/stellantis-devoile-le-concept-ram-rev-a-las-vegas\/#article","isPartOf":{"@id":"https:\/\/news.canadamotorjobs.com\/fr\/stellantis-devoile-le-concept-ram-rev-a-las-vegas\/"},"author":{"name":"Benoit Charette","@id":"https:\/\/news.canadamotorjobs.com\/#\/schema\/person\/51793d1f87d44011d7bcc2ed99269a90"},"headline":"Stellantis d\u00e9voile le concept RAM REV \u00e0 Las Vegas","datePublished":"2023-01-05T22:24:21+00:00","dateModified":"2023-01-05T22:30:00+00:00","mainEntityOfPage":{"@id":"https:\/\/news.canadamotorjobs.com\/fr\/stellantis-devoile-le-concept-ram-rev-a-las-vegas\/"},"wordCount":298,"publisher":{"@id":"https:\/\/news.canadamotorjobs.com\/#organization"},"image":{"@id":"https:\/\/news.canadamotorjobs.com\/fr\/stellantis-devoile-le-concept-ram-rev-a-las-vegas\/#primaryimage"},"thumbnailUrl":"https:\/\/news.canadamotorjobs.com\/wp-content\/uploads\/2023\/01\/CN023_001RM-scaled-1-1.jpg","articleSection":["Annuel automobile"],"inLanguage":"fr-CA"},{"@type":"WebPage","@id":"https:\/\/news.canadamotorjobs.com\/fr\/stellantis-devoile-le-concept-ram-rev-a-las-vegas\/","url":"https:\/\/news.canadamotorjobs.com\/fr\/stellantis-devoile-le-concept-ram-rev-a-las-vegas\/","name":"Stellantis d\u00e9voile le concept RAM REV \u00e0 Las Vegas - CanadaMotorJobs.com","isPartOf":{"@id":"https:\/\/news.canadamotorjobs.com\/#website"},"primaryImageOfPage":{"@id":"https:\/\/news.canadamotorjobs.com\/fr\/stellantis-devoile-le-concept-ram-rev-a-las-vegas\/#primaryimage"},"image":{"@id":"https:\/\/news.canadamotorjobs.com\/fr\/stellantis-devoile-le-concept-ram-rev-a-las-vegas\/#primaryimage"},"thumbnailUrl":"https:\/\/news.canadamotorjobs.com\/wp-content\/uploads\/2023\/01\/CN023_001RM-scaled-1-1.jpg","datePublished":"2023-01-05T22:24:21+00:00","dateModified":"2023-01-05T22:30:00+00:00","description":"Stellantis d\u00e9voile le concept RAM REV \u00e0 Las Vegas - Benoit Charette - Annuel automobile - CanadaMotorJobs.com.","breadcrumb":{"@id":"https:\/\/news.canadamotorjobs.com\/fr\/stellantis-devoile-le-concept-ram-rev-a-las-vegas\/#breadcrumb"},"inLanguage":"fr-CA","potentialAction":[{"@type":"ReadAction","target":["https:\/\/news.canadamotorjobs.com\/fr\/stellantis-devoile-le-concept-ram-rev-a-las-vegas\/"]}]},{"@type":"ImageObject","inLanguage":"fr-CA","@id":"https:\/\/news.canadamotorjobs.com\/fr\/stellantis-devoile-le-concept-ram-rev-a-las-vegas\/#primaryimage","url":"https:\/\/news.canadamotorjobs.com\/wp-content\/uploads\/2023\/01\/CN023_001RM-scaled-1-1.jpg","contentUrl":"https:\/\/news.canadamotorjobs.com\/wp-content\/uploads\/2023\/01\/CN023_001RM-scaled-1-1.jpg","width":2560,"height":1655},{"@type":"BreadcrumbList","@id":"https:\/\/news.canadamotorjobs.com\/fr\/stellantis-devoile-le-concept-ram-rev-a-las-vegas\/#breadcrumb","itemListElement":[{"@type":"ListItem","position":1,"name":"Home","item":"https:\/\/news.canadamotorjobs.com\/fr\/blog\/"},{"@type":"ListItem","position":2,"name":"Stellantis d\u00e9voile le concept RAM REV \u00e0 Las Vegas"}]},{"@type":"WebSite","@id":"https:\/\/news.canadamotorjobs.com\/#website","url":"https:\/\/news.canadamotorjobs.com\/","name":"CanadaMotorJobs.com","description":"Automotive Jobs","publisher":{"@id":"https:\/\/news.canadamotorjobs.com\/#organization"},"potentialAction":[{"@type":"SearchAction","target":{"@type":"EntryPoint","urlTemplate":"https:\/\/news.canadamotorjobs.com\/?s={search_term_string}"},"query-input":"required name=search_term_string"}],"inLanguage":"fr-CA"},{"@type":"Organization","@id":"https:\/\/news.canadamotorjobs.com\/#organization","name":"Canada Motor Jobs","url":"https:\/\/news.canadamotorjobs.com\/","logo":{"@type":"ImageObject","inLanguage":"fr-CA","@id":"https:\/\/news.canadamotorjobs.com\/#\/schema\/logo\/image\/","url":"https:\/\/news.canadamotorjobs.com\/wp-content\/uploads\/2022\/10\/logo-canada-motor-jobs-1.png","contentUrl":"https:\/\/news.canadamotorjobs.com\/wp-content\/uploads\/2022\/10\/logo-canada-motor-jobs-1.png","width":800,"height":400,"caption":"Canada Motor Jobs"},"image":{"@id":"https:\/\/news.canadamotorjobs.com\/#\/schema\/logo\/image\/"},"sameAs":["https:\/\/www.facebook.com\/canadamotorjobs\/","https:\/\/x.com\/canadamotorjobs","https:\/\/www.instagram.com\/canadamotorjobs\/","https:\/\/www.linkedin.com\/company\/canadamotorjobs"]},{"@type":"Person","@id":"https:\/\/news.canadamotorjobs.com\/#\/schema\/person\/51793d1f87d44011d7bcc2ed99269a90","name":"Benoit Charette","image":{"@type":"ImageObject","inLanguage":"fr-CA","@id":"https:\/\/news.canadamotorjobs.com\/#\/schema\/person\/image\/","url":"https:\/\/secure.gravatar.com\/avatar\/45f3d2eebcccd909668d7ce7ea7267b6?s=96&d=mm&r=g","contentUrl":"https:\/\/secure.gravatar.com\/avatar\/45f3d2eebcccd909668d7ce7ea7267b6?s=96&d=mm&r=g","caption":"Benoit Charette"},"description":"Benoit Charette \/ Propri\u00e9taire et r\u00e9dacteur en chef Benoit Charette pratique le journalisme automobile depuis bient\u00f4t 30 ans. Il a fait ses classes au c\u00f4t\u00e9 de Daniel H\u00e9raud et au Carnet de route de 1992 \u00e0 2001. Il est fondateur, copropri\u00e9taire et r\u00e9dacteur en chef de L\u2019Annuel de l\u2019automobile, qu\u2019il publie depuis 2001. Il a anim\u00e9 les \u00e9missions RPM et RPM+ sur V et les L\u00e9gendes de la route sur Historia. \u00c0 la radio depuis 1986, il reprend l\u2019antenne cette ann\u00e9e sur les ondes de Cogeco et participe pour la deuxi\u00e8me ann\u00e9e \u00e0 l\u2019\u00e9mission Passion Auto sur RDS en plus de mettre en ligne le site Web officiel de L\u2019Annuel de l\u2019automobile sur annuelauto.ca.","sameAs":["https:\/\/annuelauto.ca\/"],"url":"https:\/\/news.canadamotorjobs.com\/fr\/author\/benoit-charette\/"}]}},"_links":{"self":[{"href":"https:\/\/news.canadamotorjobs.com\/fr\/wp-json\/wp\/v2\/posts\/137600"}],"collection":[{"href":"https:\/\/news.canadamotorjobs.com\/fr\/wp-json\/wp\/v2\/posts"}],"about":[{"href":"https:\/\/news.canadamotorjobs.com\/fr\/wp-json\/wp\/v2\/types\/post"}],"author":[{"embeddable":true,"href":"https:\/\/news.canadamotorjobs.com\/fr\/wp-json\/wp\/v2\/users\/8"}],"replies":[{"embeddable":true,"href":"https:\/\/news.canadamotorjobs.com\/fr\/wp-json\/wp\/v2\/comments?post=137600"}],"version-history":[{"count":0,"href":"https:\/\/news.canadamotorjobs.com\/fr\/wp-json\/wp\/v2\/posts\/137600\/revisions"}],"wp:featuredmedia":[{"embeddable":true,"href":"https:\/\/news.canadamotorjobs.com\/fr\/wp-json\/wp\/v2\/media\/137604"}],"wp:attachment":[{"href":"https:\/\/news.canadamotorjobs.com\/fr\/wp-json\/wp\/v2\/media?parent=137600"}],"wp:term":[{"taxonomy":"category","embeddable":true,"href":"https:\/\/news.canadamotorjobs.com\/fr\/wp-json\/wp\/v2\/categories?post=137600"},{"taxonomy":"post_tag","embeddable":true,"href":"https:\/\/news.canadamotorjobs.com\/fr\/wp-json\/wp\/v2\/tags?post=137600"}],"curies":[{"name":"wp","href":"https:\/\/api.w.org\/{rel}","templated":true}]}}