{"id":137592,"date":"2023-01-05T15:21:58","date_gmt":"2023-01-05T20:21:58","guid":{"rendered":"https:\/\/news.canadamotorjobs.com\/mercedes-benz-annonce-limplantation-dun-reseau-mondial-de-10-000-bornes-de-recharges-rapides\/"},"modified":"2023-01-05T15:31:53","modified_gmt":"2023-01-05T20:31:53","slug":"mercedes-benz-annonce-limplantation-dun-reseau-mondial-de-10-000-bornes-de-recharges-rapides","status":"publish","type":"post","link":"https:\/\/news.canadamotorjobs.com\/fr\/mercedes-benz-annonce-limplantation-dun-reseau-mondial-de-10-000-bornes-de-recharges-rapides\/","title":{"rendered":"Mercedes Benz annonce l\u2019implantation d\u2019un r\u00e9seau mondial de 10\u00a0000 bornes de recharges rapides"},"content":{"rendered":"<\/p>\n<p>Ce r\u00e9seau commencera \u00e0 \u00eatre construit cette ann\u00e9e aux \u00c9tats-Unis et au Canada, puis dans d&#8217;autres r\u00e9gions du monde comme l\u2019Europe et la Chine. L&#8217;objectif est de mettre en place le r\u00e9seau complet avant la fin de la d\u00e9cennie, lorsque Mercedes-Benz aura l&#8217;intention de passer au tout \u00e9lectrique partout o\u00f9 les conditions du march\u00e9 le permettront. Les centres de recharge Mercedes-Benz seront situ\u00e9s dans des villes cl\u00e9s et des centres urbains, \u00e0 proximit\u00e9 des principales art\u00e8res et de lieux de vente et de service pratiques, y compris les sites des concessionnaires Mercedes-Benz participants.<br \/> On vise d\u2019abord la client\u00e8le de Mercedes Benz<br \/> Le r\u00e9seau de recharge s&#8217;adressera en premier lieu aux clients Mercedes-Benz, qui b\u00e9n\u00e9ficieront d&#8217;un acc\u00e8s pr\u00e9f\u00e9rentiel gr\u00e2ce \u00e0 une fonction de r\u00e9servation des bornes et \u00e0 d&#8217;autres avantages. Toutefois, il sera \u00e9galement ouvert aux conducteurs de toutes les autres marques disposant d&#8217;une technologie compatible. Le co\u00fbt d&#8217;investissement total pour le r\u00e9seau nord-am\u00e9ricain s&#8217;\u00e9l\u00e8vera \u00e0 un peu plus d&#8217;un milliard d&#8217;euros, d\u00e9ploy\u00e9 sur les 6 \u00e0 7 prochaines ann\u00e9es. Le capital sera fourni par Mercedes et MN8.<br \/> MN8 et Charge point<br \/> MN8 Energy est l\u2019un des plus grands propri\u00e9taires et exploitants d\u2019\u00e9nergie solaire et d\u2019entreposage de batteries aux \u00c9tats-Unis. MN8 sera responsable du d\u00e9veloppement du r\u00e9seau, la gestion de l\u2019\u00e9nergie, ainsi que l\u2019entretien et des op\u00e9rations exceptionnelles pour le r\u00e9seau de recharge haute puissance \u00e0 l\u2019effigie de Mercedes-Benz aux \u00c9tats-Unis. En Am\u00e9rique du Nord, Mercedes-Benz s&#8217;associe aussi \u00e0 ChargePoint, un grand sp\u00e9cialiste de la conception et de la fourniture de<\/p>\n","protected":false},"excerpt":{"rendered":"<p>Ce r\u00e9seau commencera \u00e0 \u00eatre construit cette ann\u00e9e aux \u00c9tats-Unis et au Canada, puis dans d&#8217;autres r\u00e9gions du monde comme l\u2019Europe et la Chine. L&#8217;objectif est de mettre en place le r\u00e9seau complet avant la fin de la d\u00e9cennie, lorsque Mercedes-Benz aura l&#8217;intention de passer au tout \u00e9lectrique partout o\u00f9 les conditions du march\u00e9 le [&hellip;]<\/p>\n","protected":false},"author":8,"featured_media":137596,"comment_status":"close","ping_status":"closed","sticky":false,"template":"","format":"standard","meta":{"_monsterinsights_skip_tracking":false,"_monsterinsights_sitenote_active":false,"_monsterinsights_sitenote_note":"","_monsterinsights_sitenote_category":0,"footnotes":""},"categories":[101],"tags":[],"yoast_head":"<!-- This site is optimized with the Yoast SEO plugin v23.2 - https:\/\/yoast.com\/wordpress\/plugins\/seo\/ -->\n<title>Mercedes Benz annonce l\u2019implantation d\u2019un r\u00e9seau mondial de 10\u00a0000 bornes de recharges rapides - CanadaMotorJobs.com<\/title>\n<meta name=\"description\" content=\"Mercedes Benz annonce l\u2019implantation d\u2019un r\u00e9seau mondial de 10\u00a0000 bornes de recharges rapides - Benoit Charette - Annuel automobile - CanadaMotorJobs.com.\" \/>\n<meta name=\"robots\" content=\"index, follow, max-snippet:-1, max-image-preview:large, max-video-preview:-1\" \/>\n<meta property=\"og:locale\" content=\"fr_CA\" \/>\n<meta property=\"og:type\" content=\"article\" \/>\n<meta property=\"og:title\" content=\"Mercedes Benz annonce l\u2019implantation d\u2019un r\u00e9seau mondial de 10\u00a0000 bornes de recharges rapides - CanadaMotorJobs.com\" \/>\n<meta property=\"og:description\" content=\"Mercedes Benz annonce l\u2019implantation d\u2019un r\u00e9seau mondial de 10\u00a0000 bornes de recharges rapides - Benoit Charette - Annuel automobile - CanadaMotorJobs.com.\" \/>\n<meta property=\"og:url\" content=\"https:\/\/news.canadamotorjobs.com\/fr\/mercedes-benz-annonce-limplantation-dun-reseau-mondial-de-10-000-bornes-de-recharges-rapides\/\" \/>\n<meta property=\"og:site_name\" content=\"CanadaMotorJobs.com\" \/>\n<meta property=\"article:publisher\" content=\"https:\/\/www.facebook.com\/canadamotorjobs\/\" \/>\n<meta property=\"article:published_time\" content=\"2023-01-05T20:21:58+00:00\" \/>\n<meta property=\"article:modified_time\" content=\"2023-01-05T20:31:53+00:00\" \/>\n<meta property=\"og:image\" content=\"https:\/\/news.canadamotorjobs.com\/wp-content\/uploads\/2023\/01\/23C0009_001-1.jpg\" \/>\n\t<meta property=\"og:image:width\" content=\"1500\" \/>\n\t<meta property=\"og:image:height\" content=\"844\" \/>\n\t<meta property=\"og:image:type\" content=\"image\/jpeg\" \/>\n<meta name=\"author\" content=\"Benoit Charette\" \/>\n<meta name=\"twitter:card\" content=\"summary_large_image\" \/>\n<meta name=\"twitter:creator\" content=\"@canadamotorjobs\" \/>\n<meta name=\"twitter:site\" content=\"@canadamotorjobs\" \/>\n<meta name=\"twitter:label1\" content=\"\u00c9crit par\" \/>\n\t<meta name=\"twitter:data1\" content=\"Benoit Charette\" \/>\n\t<meta name=\"twitter:label2\" content=\"Estimation du temps de lecture\" \/>\n\t<meta name=\"twitter:data2\" content=\"1 minute\" \/>\n<!-- \/ Yoast SEO plugin. -->","yoast_head_json":{"title":"Mercedes Benz annonce l\u2019implantation d\u2019un r\u00e9seau mondial de 10\u00a0000 bornes de recharges rapides - CanadaMotorJobs.com","description":"Mercedes Benz annonce l\u2019implantation d\u2019un r\u00e9seau mondial de 10\u00a0000 bornes de recharges rapides - Benoit Charette - Annuel automobile - CanadaMotorJobs.com.","robots":{"index":"index","follow":"follow","max-snippet":"max-snippet:-1","max-image-preview":"max-image-preview:large","max-video-preview":"max-video-preview:-1"},"og_locale":"fr_CA","og_type":"article","og_title":"Mercedes Benz annonce l\u2019implantation d\u2019un r\u00e9seau mondial de 10\u00a0000 bornes de recharges rapides - CanadaMotorJobs.com","og_description":"Mercedes Benz annonce l\u2019implantation d\u2019un r\u00e9seau mondial de 10\u00a0000 bornes de recharges rapides - Benoit Charette - Annuel automobile - CanadaMotorJobs.com.","og_url":"https:\/\/news.canadamotorjobs.com\/fr\/mercedes-benz-annonce-limplantation-dun-reseau-mondial-de-10-000-bornes-de-recharges-rapides\/","og_site_name":"CanadaMotorJobs.com","article_publisher":"https:\/\/www.facebook.com\/canadamotorjobs\/","article_published_time":"2023-01-05T20:21:58+00:00","article_modified_time":"2023-01-05T20:31:53+00:00","og_image":[{"width":1500,"height":844,"url":"https:\/\/news.canadamotorjobs.com\/wp-content\/uploads\/2023\/01\/23C0009_001-1.jpg","type":"image\/jpeg"}],"author":"Benoit Charette","twitter_card":"summary_large_image","twitter_creator":"@canadamotorjobs","twitter_site":"@canadamotorjobs","twitter_misc":{"\u00c9crit par":"Benoit Charette","Estimation du temps de lecture":"1 minute"},"schema":{"@context":"https:\/\/schema.org","@graph":[{"@type":"Article","@id":"https:\/\/news.canadamotorjobs.com\/fr\/mercedes-benz-annonce-limplantation-dun-reseau-mondial-de-10-000-bornes-de-recharges-rapides\/#article","isPartOf":{"@id":"https:\/\/news.canadamotorjobs.com\/fr\/mercedes-benz-annonce-limplantation-dun-reseau-mondial-de-10-000-bornes-de-recharges-rapides\/"},"author":{"name":"Benoit Charette","@id":"https:\/\/news.canadamotorjobs.com\/#\/schema\/person\/51793d1f87d44011d7bcc2ed99269a90"},"headline":"Mercedes Benz annonce l\u2019implantation d\u2019un r\u00e9seau mondial de 10\u00a0000 bornes de recharges rapides","datePublished":"2023-01-05T20:21:58+00:00","dateModified":"2023-01-05T20:31:53+00:00","mainEntityOfPage":{"@id":"https:\/\/news.canadamotorjobs.com\/fr\/mercedes-benz-annonce-limplantation-dun-reseau-mondial-de-10-000-bornes-de-recharges-rapides\/"},"wordCount":305,"publisher":{"@id":"https:\/\/news.canadamotorjobs.com\/#organization"},"image":{"@id":"https:\/\/news.canadamotorjobs.com\/fr\/mercedes-benz-annonce-limplantation-dun-reseau-mondial-de-10-000-bornes-de-recharges-rapides\/#primaryimage"},"thumbnailUrl":"https:\/\/news.canadamotorjobs.com\/wp-content\/uploads\/2023\/01\/23C0009_001-1.jpg","articleSection":["Annuel automobile"],"inLanguage":"fr-CA"},{"@type":"WebPage","@id":"https:\/\/news.canadamotorjobs.com\/fr\/mercedes-benz-annonce-limplantation-dun-reseau-mondial-de-10-000-bornes-de-recharges-rapides\/","url":"https:\/\/news.canadamotorjobs.com\/fr\/mercedes-benz-annonce-limplantation-dun-reseau-mondial-de-10-000-bornes-de-recharges-rapides\/","name":"Mercedes Benz annonce l\u2019implantation d\u2019un r\u00e9seau mondial de 10\u00a0000 bornes de recharges rapides - CanadaMotorJobs.com","isPartOf":{"@id":"https:\/\/news.canadamotorjobs.com\/#website"},"primaryImageOfPage":{"@id":"https:\/\/news.canadamotorjobs.com\/fr\/mercedes-benz-annonce-limplantation-dun-reseau-mondial-de-10-000-bornes-de-recharges-rapides\/#primaryimage"},"image":{"@id":"https:\/\/news.canadamotorjobs.com\/fr\/mercedes-benz-annonce-limplantation-dun-reseau-mondial-de-10-000-bornes-de-recharges-rapides\/#primaryimage"},"thumbnailUrl":"https:\/\/news.canadamotorjobs.com\/wp-content\/uploads\/2023\/01\/23C0009_001-1.jpg","datePublished":"2023-01-05T20:21:58+00:00","dateModified":"2023-01-05T20:31:53+00:00","description":"Mercedes Benz annonce l\u2019implantation d\u2019un r\u00e9seau mondial de 10\u00a0000 bornes de recharges rapides - Benoit Charette - Annuel automobile - CanadaMotorJobs.com.","breadcrumb":{"@id":"https:\/\/news.canadamotorjobs.com\/fr\/mercedes-benz-annonce-limplantation-dun-reseau-mondial-de-10-000-bornes-de-recharges-rapides\/#breadcrumb"},"inLanguage":"fr-CA","potentialAction":[{"@type":"ReadAction","target":["https:\/\/news.canadamotorjobs.com\/fr\/mercedes-benz-annonce-limplantation-dun-reseau-mondial-de-10-000-bornes-de-recharges-rapides\/"]}]},{"@type":"ImageObject","inLanguage":"fr-CA","@id":"https:\/\/news.canadamotorjobs.com\/fr\/mercedes-benz-annonce-limplantation-dun-reseau-mondial-de-10-000-bornes-de-recharges-rapides\/#primaryimage","url":"https:\/\/news.canadamotorjobs.com\/wp-content\/uploads\/2023\/01\/23C0009_001-1.jpg","contentUrl":"https:\/\/news.canadamotorjobs.com\/wp-content\/uploads\/2023\/01\/23C0009_001-1.jpg","width":1500,"height":844},{"@type":"BreadcrumbList","@id":"https:\/\/news.canadamotorjobs.com\/fr\/mercedes-benz-annonce-limplantation-dun-reseau-mondial-de-10-000-bornes-de-recharges-rapides\/#breadcrumb","itemListElement":[{"@type":"ListItem","position":1,"name":"Home","item":"https:\/\/news.canadamotorjobs.com\/fr\/blog\/"},{"@type":"ListItem","position":2,"name":"Mercedes Benz annonce l\u2019implantation d\u2019un r\u00e9seau mondial de 10\u00a0000 bornes de recharges rapides"}]},{"@type":"WebSite","@id":"https:\/\/news.canadamotorjobs.com\/#website","url":"https:\/\/news.canadamotorjobs.com\/","name":"CanadaMotorJobs.com","description":"Automotive Jobs","publisher":{"@id":"https:\/\/news.canadamotorjobs.com\/#organization"},"potentialAction":[{"@type":"SearchAction","target":{"@type":"EntryPoint","urlTemplate":"https:\/\/news.canadamotorjobs.com\/?s={search_term_string}"},"query-input":"required name=search_term_string"}],"inLanguage":"fr-CA"},{"@type":"Organization","@id":"https:\/\/news.canadamotorjobs.com\/#organization","name":"Canada Motor Jobs","url":"https:\/\/news.canadamotorjobs.com\/","logo":{"@type":"ImageObject","inLanguage":"fr-CA","@id":"https:\/\/news.canadamotorjobs.com\/#\/schema\/logo\/image\/","url":"https:\/\/news.canadamotorjobs.com\/wp-content\/uploads\/2022\/10\/logo-canada-motor-jobs-1.png","contentUrl":"https:\/\/news.canadamotorjobs.com\/wp-content\/uploads\/2022\/10\/logo-canada-motor-jobs-1.png","width":800,"height":400,"caption":"Canada Motor Jobs"},"image":{"@id":"https:\/\/news.canadamotorjobs.com\/#\/schema\/logo\/image\/"},"sameAs":["https:\/\/www.facebook.com\/canadamotorjobs\/","https:\/\/x.com\/canadamotorjobs","https:\/\/www.instagram.com\/canadamotorjobs\/","https:\/\/www.linkedin.com\/company\/canadamotorjobs"]},{"@type":"Person","@id":"https:\/\/news.canadamotorjobs.com\/#\/schema\/person\/51793d1f87d44011d7bcc2ed99269a90","name":"Benoit Charette","image":{"@type":"ImageObject","inLanguage":"fr-CA","@id":"https:\/\/news.canadamotorjobs.com\/#\/schema\/person\/image\/","url":"https:\/\/secure.gravatar.com\/avatar\/45f3d2eebcccd909668d7ce7ea7267b6?s=96&d=mm&r=g","contentUrl":"https:\/\/secure.gravatar.com\/avatar\/45f3d2eebcccd909668d7ce7ea7267b6?s=96&d=mm&r=g","caption":"Benoit Charette"},"description":"Benoit Charette \/ Propri\u00e9taire et r\u00e9dacteur en chef Benoit Charette pratique le journalisme automobile depuis bient\u00f4t 30 ans. Il a fait ses classes au c\u00f4t\u00e9 de Daniel H\u00e9raud et au Carnet de route de 1992 \u00e0 2001. Il est fondateur, copropri\u00e9taire et r\u00e9dacteur en chef de L\u2019Annuel de l\u2019automobile, qu\u2019il publie depuis 2001. Il a anim\u00e9 les \u00e9missions RPM et RPM+ sur V et les L\u00e9gendes de la route sur Historia. \u00c0 la radio depuis 1986, il reprend l\u2019antenne cette ann\u00e9e sur les ondes de Cogeco et participe pour la deuxi\u00e8me ann\u00e9e \u00e0 l\u2019\u00e9mission Passion Auto sur RDS en plus de mettre en ligne le site Web officiel de L\u2019Annuel de l\u2019automobile sur annuelauto.ca.","sameAs":["https:\/\/annuelauto.ca\/"],"url":"https:\/\/news.canadamotorjobs.com\/fr\/author\/benoit-charette\/"}]}},"_links":{"self":[{"href":"https:\/\/news.canadamotorjobs.com\/fr\/wp-json\/wp\/v2\/posts\/137592"}],"collection":[{"href":"https:\/\/news.canadamotorjobs.com\/fr\/wp-json\/wp\/v2\/posts"}],"about":[{"href":"https:\/\/news.canadamotorjobs.com\/fr\/wp-json\/wp\/v2\/types\/post"}],"author":[{"embeddable":true,"href":"https:\/\/news.canadamotorjobs.com\/fr\/wp-json\/wp\/v2\/users\/8"}],"replies":[{"embeddable":true,"href":"https:\/\/news.canadamotorjobs.com\/fr\/wp-json\/wp\/v2\/comments?post=137592"}],"version-history":[{"count":0,"href":"https:\/\/news.canadamotorjobs.com\/fr\/wp-json\/wp\/v2\/posts\/137592\/revisions"}],"wp:featuredmedia":[{"embeddable":true,"href":"https:\/\/news.canadamotorjobs.com\/fr\/wp-json\/wp\/v2\/media\/137596"}],"wp:attachment":[{"href":"https:\/\/news.canadamotorjobs.com\/fr\/wp-json\/wp\/v2\/media?parent=137592"}],"wp:term":[{"taxonomy":"category","embeddable":true,"href":"https:\/\/news.canadamotorjobs.com\/fr\/wp-json\/wp\/v2\/categories?post=137592"},{"taxonomy":"post_tag","embeddable":true,"href":"https:\/\/news.canadamotorjobs.com\/fr\/wp-json\/wp\/v2\/tags?post=137592"}],"curies":[{"name":"wp","href":"https:\/\/api.w.org\/{rel}","templated":true}]}}