{"id":137584,"date":"2023-01-05T09:23:30","date_gmt":"2023-01-05T14:23:30","guid":{"rendered":"https:\/\/news.canadamotorjobs.com\/la-pire-annee-de-vente-automobile-au-canada-depuis-2009\/"},"modified":"2023-01-05T09:29:56","modified_gmt":"2023-01-05T14:29:56","slug":"la-pire-annee-de-vente-automobile-au-canada-depuis-2009","status":"publish","type":"post","link":"https:\/\/news.canadamotorjobs.com\/fr\/la-pire-annee-de-vente-automobile-au-canada-depuis-2009\/","title":{"rendered":"La pire ann\u00e9e de vente automobile au Canada depuis 2009"},"content":{"rendered":"<\/p>\n<p>2009 n\u2019est pas un bon souvenir pour bien des gens. La crise des subprimes aux \u00c9tats-Unis suivi d\u2019une forte r\u00e9cession qui avait plong\u00e9 l\u2019\u00e9conomie en plein marasme et des ventes automobiles en chute. Le Canada a connu en 2022 le m\u00eame genre d\u2019ann\u00e9e qu\u2019en 2009.<br \/> Une forte demande, mais pas beaucoup d\u2019offres<br \/> Selon DesRosiers Automotive Consultants Inc., le Canada a vendu 1,49 million de v\u00e9hicules cette ann\u00e9e, soit une baisse de 9,1 % par rapport \u00e0 2021, et le plus faible total annuel de ventes depuis la Grande R\u00e9cession de 2009. Seule nouvelle positive, les ventes ont augment\u00e9 de 5,5 % en d\u00e9cembre pour finir l\u2019ann\u00e9e sur une bonne note.<br \/> Ford en t\u00eate des ventes<br \/> Avec 240\u00a0325 v\u00e9hicules vendus, Ford a \u00e9t\u00e9 la marque automobile la plus vendue au Canada pour la 14e ann\u00e9e et la camionnette de la s\u00e9rie F a \u00e9t\u00e9 la plus vendue au pays pour la 57e ann\u00e9e cons\u00e9cutive. Malgr\u00e9 ce total, les ventes de Ford ont diminu\u00e9 de 1,3 pour cent pour l&#8217;ann\u00e9e par rapport \u00e0 2021. General Motors a vendu 228\u00a0003 v\u00e9hicules neufs, soit une hausse de 4,8 % et termine au 2e rang suivi de Toyota et des ventes qui ont diminu\u00e9 de 11 % pour atteindre 200\u00a0205 v\u00e9hicules.<\/p>\n<p> Avec des renseignements d&#8217;Automotive News Canada<\/p>\n<p>Le texte <a rel=\"nofollow\" href=\"https:\/\/annuelauto.ca\/la-pire-annee-de-vente-automobile-au-canada-depuis-2009\/\">La pire ann\u00e9e de vente automobile au Canada depuis 2009<\/a> provient de <a rel=\"nofollow\" href=\"https:\/\/annuelauto.ca\">L&#039;annuel de l&#039;automobile &#8211; Actualit\u00e9 automobile<\/a><\/p>\n<p> <\/p>\n","protected":false},"excerpt":{"rendered":"<p>2009 n\u2019est pas un bon souvenir pour bien des gens. La crise des subprimes aux \u00c9tats-Unis suivi d\u2019une forte r\u00e9cession qui avait plong\u00e9 l\u2019\u00e9conomie en plein marasme et des ventes automobiles en chute. Le Canada a connu en 2022 le m\u00eame genre d\u2019ann\u00e9e qu\u2019en 2009. Une forte demande, mais pas beaucoup d\u2019offres Selon DesRosiers Automotive [&hellip;]<\/p>\n","protected":false},"author":8,"featured_media":137588,"comment_status":"close","ping_status":"closed","sticky":false,"template":"","format":"standard","meta":{"_monsterinsights_skip_tracking":false,"_monsterinsights_sitenote_active":false,"_monsterinsights_sitenote_note":"","_monsterinsights_sitenote_category":0,"footnotes":""},"categories":[101],"tags":[],"yoast_head":"<!-- This site is optimized with the Yoast SEO plugin v23.2 - https:\/\/yoast.com\/wordpress\/plugins\/seo\/ -->\n<title>La pire ann\u00e9e de vente automobile au Canada depuis 2009 - CanadaMotorJobs.com<\/title>\n<meta name=\"description\" content=\"La pire ann\u00e9e de vente automobile au Canada depuis 2009 - Benoit Charette - Annuel automobile - CanadaMotorJobs.com.\" \/>\n<meta name=\"robots\" content=\"index, follow, max-snippet:-1, max-image-preview:large, max-video-preview:-1\" \/>\n<meta property=\"og:locale\" content=\"fr_CA\" \/>\n<meta property=\"og:type\" content=\"article\" \/>\n<meta property=\"og:title\" content=\"La pire ann\u00e9e de vente automobile au Canada depuis 2009 - CanadaMotorJobs.com\" \/>\n<meta property=\"og:description\" content=\"La pire ann\u00e9e de vente automobile au Canada depuis 2009 - Benoit Charette - Annuel automobile - CanadaMotorJobs.com.\" \/>\n<meta property=\"og:url\" content=\"https:\/\/news.canadamotorjobs.com\/fr\/la-pire-annee-de-vente-automobile-au-canada-depuis-2009\/\" \/>\n<meta property=\"og:site_name\" content=\"CanadaMotorJobs.com\" \/>\n<meta property=\"article:publisher\" content=\"https:\/\/www.facebook.com\/canadamotorjobs\/\" \/>\n<meta property=\"article:published_time\" content=\"2023-01-05T14:23:30+00:00\" \/>\n<meta property=\"article:modified_time\" content=\"2023-01-05T14:29:56+00:00\" \/>\n<meta property=\"og:image\" content=\"https:\/\/news.canadamotorjobs.com\/wp-content\/uploads\/2023\/01\/2021_ford_f-150_crew-cab-pickup_lariat_fq_oem_3_1280-1.jpg\" \/>\n\t<meta property=\"og:image:width\" content=\"1280\" \/>\n\t<meta property=\"og:image:height\" content=\"855\" \/>\n\t<meta property=\"og:image:type\" content=\"image\/jpeg\" \/>\n<meta name=\"author\" content=\"Benoit Charette\" \/>\n<meta name=\"twitter:card\" content=\"summary_large_image\" \/>\n<meta name=\"twitter:creator\" content=\"@canadamotorjobs\" \/>\n<meta name=\"twitter:site\" content=\"@canadamotorjobs\" \/>\n<meta name=\"twitter:label1\" content=\"\u00c9crit par\" \/>\n\t<meta name=\"twitter:data1\" content=\"Benoit Charette\" \/>\n\t<meta name=\"twitter:label2\" content=\"Estimation du temps de lecture\" \/>\n\t<meta name=\"twitter:data2\" content=\"1 minute\" \/>\n<!-- \/ Yoast SEO plugin. -->","yoast_head_json":{"title":"La pire ann\u00e9e de vente automobile au Canada depuis 2009 - CanadaMotorJobs.com","description":"La pire ann\u00e9e de vente automobile au Canada depuis 2009 - Benoit Charette - Annuel automobile - CanadaMotorJobs.com.","robots":{"index":"index","follow":"follow","max-snippet":"max-snippet:-1","max-image-preview":"max-image-preview:large","max-video-preview":"max-video-preview:-1"},"og_locale":"fr_CA","og_type":"article","og_title":"La pire ann\u00e9e de vente automobile au Canada depuis 2009 - CanadaMotorJobs.com","og_description":"La pire ann\u00e9e de vente automobile au Canada depuis 2009 - Benoit Charette - Annuel automobile - CanadaMotorJobs.com.","og_url":"https:\/\/news.canadamotorjobs.com\/fr\/la-pire-annee-de-vente-automobile-au-canada-depuis-2009\/","og_site_name":"CanadaMotorJobs.com","article_publisher":"https:\/\/www.facebook.com\/canadamotorjobs\/","article_published_time":"2023-01-05T14:23:30+00:00","article_modified_time":"2023-01-05T14:29:56+00:00","og_image":[{"width":1280,"height":855,"url":"https:\/\/news.canadamotorjobs.com\/wp-content\/uploads\/2023\/01\/2021_ford_f-150_crew-cab-pickup_lariat_fq_oem_3_1280-1.jpg","type":"image\/jpeg"}],"author":"Benoit Charette","twitter_card":"summary_large_image","twitter_creator":"@canadamotorjobs","twitter_site":"@canadamotorjobs","twitter_misc":{"\u00c9crit par":"Benoit Charette","Estimation du temps de lecture":"1 minute"},"schema":{"@context":"https:\/\/schema.org","@graph":[{"@type":"Article","@id":"https:\/\/news.canadamotorjobs.com\/fr\/la-pire-annee-de-vente-automobile-au-canada-depuis-2009\/#article","isPartOf":{"@id":"https:\/\/news.canadamotorjobs.com\/fr\/la-pire-annee-de-vente-automobile-au-canada-depuis-2009\/"},"author":{"name":"Benoit Charette","@id":"https:\/\/news.canadamotorjobs.com\/#\/schema\/person\/51793d1f87d44011d7bcc2ed99269a90"},"headline":"La pire ann\u00e9e de vente automobile au Canada depuis 2009","datePublished":"2023-01-05T14:23:30+00:00","dateModified":"2023-01-05T14:29:56+00:00","mainEntityOfPage":{"@id":"https:\/\/news.canadamotorjobs.com\/fr\/la-pire-annee-de-vente-automobile-au-canada-depuis-2009\/"},"wordCount":248,"publisher":{"@id":"https:\/\/news.canadamotorjobs.com\/#organization"},"image":{"@id":"https:\/\/news.canadamotorjobs.com\/fr\/la-pire-annee-de-vente-automobile-au-canada-depuis-2009\/#primaryimage"},"thumbnailUrl":"https:\/\/news.canadamotorjobs.com\/wp-content\/uploads\/2023\/01\/2021_ford_f-150_crew-cab-pickup_lariat_fq_oem_3_1280-1.jpg","articleSection":["Annuel automobile"],"inLanguage":"fr-CA"},{"@type":"WebPage","@id":"https:\/\/news.canadamotorjobs.com\/fr\/la-pire-annee-de-vente-automobile-au-canada-depuis-2009\/","url":"https:\/\/news.canadamotorjobs.com\/fr\/la-pire-annee-de-vente-automobile-au-canada-depuis-2009\/","name":"La pire ann\u00e9e de vente automobile au Canada depuis 2009 - CanadaMotorJobs.com","isPartOf":{"@id":"https:\/\/news.canadamotorjobs.com\/#website"},"primaryImageOfPage":{"@id":"https:\/\/news.canadamotorjobs.com\/fr\/la-pire-annee-de-vente-automobile-au-canada-depuis-2009\/#primaryimage"},"image":{"@id":"https:\/\/news.canadamotorjobs.com\/fr\/la-pire-annee-de-vente-automobile-au-canada-depuis-2009\/#primaryimage"},"thumbnailUrl":"https:\/\/news.canadamotorjobs.com\/wp-content\/uploads\/2023\/01\/2021_ford_f-150_crew-cab-pickup_lariat_fq_oem_3_1280-1.jpg","datePublished":"2023-01-05T14:23:30+00:00","dateModified":"2023-01-05T14:29:56+00:00","description":"La pire ann\u00e9e de vente automobile au Canada depuis 2009 - Benoit Charette - Annuel automobile - CanadaMotorJobs.com.","breadcrumb":{"@id":"https:\/\/news.canadamotorjobs.com\/fr\/la-pire-annee-de-vente-automobile-au-canada-depuis-2009\/#breadcrumb"},"inLanguage":"fr-CA","potentialAction":[{"@type":"ReadAction","target":["https:\/\/news.canadamotorjobs.com\/fr\/la-pire-annee-de-vente-automobile-au-canada-depuis-2009\/"]}]},{"@type":"ImageObject","inLanguage":"fr-CA","@id":"https:\/\/news.canadamotorjobs.com\/fr\/la-pire-annee-de-vente-automobile-au-canada-depuis-2009\/#primaryimage","url":"https:\/\/news.canadamotorjobs.com\/wp-content\/uploads\/2023\/01\/2021_ford_f-150_crew-cab-pickup_lariat_fq_oem_3_1280-1.jpg","contentUrl":"https:\/\/news.canadamotorjobs.com\/wp-content\/uploads\/2023\/01\/2021_ford_f-150_crew-cab-pickup_lariat_fq_oem_3_1280-1.jpg","width":1280,"height":855},{"@type":"BreadcrumbList","@id":"https:\/\/news.canadamotorjobs.com\/fr\/la-pire-annee-de-vente-automobile-au-canada-depuis-2009\/#breadcrumb","itemListElement":[{"@type":"ListItem","position":1,"name":"Home","item":"https:\/\/news.canadamotorjobs.com\/fr\/blog\/"},{"@type":"ListItem","position":2,"name":"La pire ann\u00e9e de vente automobile au Canada depuis 2009"}]},{"@type":"WebSite","@id":"https:\/\/news.canadamotorjobs.com\/#website","url":"https:\/\/news.canadamotorjobs.com\/","name":"CanadaMotorJobs.com","description":"Automotive Jobs","publisher":{"@id":"https:\/\/news.canadamotorjobs.com\/#organization"},"potentialAction":[{"@type":"SearchAction","target":{"@type":"EntryPoint","urlTemplate":"https:\/\/news.canadamotorjobs.com\/?s={search_term_string}"},"query-input":"required name=search_term_string"}],"inLanguage":"fr-CA"},{"@type":"Organization","@id":"https:\/\/news.canadamotorjobs.com\/#organization","name":"Canada Motor Jobs","url":"https:\/\/news.canadamotorjobs.com\/","logo":{"@type":"ImageObject","inLanguage":"fr-CA","@id":"https:\/\/news.canadamotorjobs.com\/#\/schema\/logo\/image\/","url":"https:\/\/news.canadamotorjobs.com\/wp-content\/uploads\/2022\/10\/logo-canada-motor-jobs-1.png","contentUrl":"https:\/\/news.canadamotorjobs.com\/wp-content\/uploads\/2022\/10\/logo-canada-motor-jobs-1.png","width":800,"height":400,"caption":"Canada Motor Jobs"},"image":{"@id":"https:\/\/news.canadamotorjobs.com\/#\/schema\/logo\/image\/"},"sameAs":["https:\/\/www.facebook.com\/canadamotorjobs\/","https:\/\/x.com\/canadamotorjobs","https:\/\/www.instagram.com\/canadamotorjobs\/","https:\/\/www.linkedin.com\/company\/canadamotorjobs"]},{"@type":"Person","@id":"https:\/\/news.canadamotorjobs.com\/#\/schema\/person\/51793d1f87d44011d7bcc2ed99269a90","name":"Benoit Charette","image":{"@type":"ImageObject","inLanguage":"fr-CA","@id":"https:\/\/news.canadamotorjobs.com\/#\/schema\/person\/image\/","url":"https:\/\/secure.gravatar.com\/avatar\/45f3d2eebcccd909668d7ce7ea7267b6?s=96&d=mm&r=g","contentUrl":"https:\/\/secure.gravatar.com\/avatar\/45f3d2eebcccd909668d7ce7ea7267b6?s=96&d=mm&r=g","caption":"Benoit Charette"},"description":"Benoit Charette \/ Propri\u00e9taire et r\u00e9dacteur en chef Benoit Charette pratique le journalisme automobile depuis bient\u00f4t 30 ans. Il a fait ses classes au c\u00f4t\u00e9 de Daniel H\u00e9raud et au Carnet de route de 1992 \u00e0 2001. Il est fondateur, copropri\u00e9taire et r\u00e9dacteur en chef de L\u2019Annuel de l\u2019automobile, qu\u2019il publie depuis 2001. Il a anim\u00e9 les \u00e9missions RPM et RPM+ sur V et les L\u00e9gendes de la route sur Historia. \u00c0 la radio depuis 1986, il reprend l\u2019antenne cette ann\u00e9e sur les ondes de Cogeco et participe pour la deuxi\u00e8me ann\u00e9e \u00e0 l\u2019\u00e9mission Passion Auto sur RDS en plus de mettre en ligne le site Web officiel de L\u2019Annuel de l\u2019automobile sur annuelauto.ca.","sameAs":["https:\/\/annuelauto.ca\/"],"url":"https:\/\/news.canadamotorjobs.com\/fr\/author\/benoit-charette\/"}]}},"_links":{"self":[{"href":"https:\/\/news.canadamotorjobs.com\/fr\/wp-json\/wp\/v2\/posts\/137584"}],"collection":[{"href":"https:\/\/news.canadamotorjobs.com\/fr\/wp-json\/wp\/v2\/posts"}],"about":[{"href":"https:\/\/news.canadamotorjobs.com\/fr\/wp-json\/wp\/v2\/types\/post"}],"author":[{"embeddable":true,"href":"https:\/\/news.canadamotorjobs.com\/fr\/wp-json\/wp\/v2\/users\/8"}],"replies":[{"embeddable":true,"href":"https:\/\/news.canadamotorjobs.com\/fr\/wp-json\/wp\/v2\/comments?post=137584"}],"version-history":[{"count":0,"href":"https:\/\/news.canadamotorjobs.com\/fr\/wp-json\/wp\/v2\/posts\/137584\/revisions"}],"wp:featuredmedia":[{"embeddable":true,"href":"https:\/\/news.canadamotorjobs.com\/fr\/wp-json\/wp\/v2\/media\/137588"}],"wp:attachment":[{"href":"https:\/\/news.canadamotorjobs.com\/fr\/wp-json\/wp\/v2\/media?parent=137584"}],"wp:term":[{"taxonomy":"category","embeddable":true,"href":"https:\/\/news.canadamotorjobs.com\/fr\/wp-json\/wp\/v2\/categories?post=137584"},{"taxonomy":"post_tag","embeddable":true,"href":"https:\/\/news.canadamotorjobs.com\/fr\/wp-json\/wp\/v2\/tags?post=137584"}],"curies":[{"name":"wp","href":"https:\/\/api.w.org\/{rel}","templated":true}]}}