{"id":137576,"date":"2023-01-05T08:45:33","date_gmt":"2023-01-05T13:45:33","guid":{"rendered":"https:\/\/news.canadamotorjobs.com\/du-lithium-quebecois-chez-tesla-en-2023\/"},"modified":"2023-01-05T08:59:59","modified_gmt":"2023-01-05T13:59:59","slug":"du-lithium-quebecois-chez-tesla-en-2023","status":"publish","type":"post","link":"https:\/\/news.canadamotorjobs.com\/fr\/du-lithium-quebecois-chez-tesla-en-2023\/","title":{"rendered":"Du Lithium qu\u00e9b\u00e9cois chez Tesla en 2023"},"content":{"rendered":"<\/p>\n<p>Tesla commencera \u00e0 utiliser du lithium provenant d\u2019une mine pr\u00e8s de Val-d\u2019Or dans ses batteries de v\u00e9hicules \u00e9lectriques d\u00e8s la mi-2023. Piedmont Lithium Inc, qui cod\u00e9veloppe la mine North American Lithium pr\u00e8s de Val-d&#8217;Or a d\u00e9clar\u00e9 le 3 janvier qu&#8217;elle avait sign\u00e9 un accord modifi\u00e9 pour fournir \u00e0 Tesla 125 000 tonnes de concentr\u00e9 de spodum\u00e8ne riche en lithium provenant de la mine entre la seconde moiti\u00e9 de 2023 et la fin de 2025.<br \/> Bas\u00e9 en Caroline du Nord<br \/> Piedmont a son si\u00e8ge social aux \u00c9tats-Unis, en Caroline du Nord. La compagnie d\u00e9tient une participation minoritaire dans la mine de lithium du nord-ouest du Qu\u00e9bec et travaille au d\u00e9marrage du projet avec son partenaire australien Sayona Mining Ltd. depuis que les deux entreprises ont acquis le projet \u00e0 l&#8217;arr\u00eat en 2021. Les soci\u00e9t\u00e9s ont re\u00e7u le feu vert r\u00e9glementaire final pour commencer les op\u00e9rations sur le site. La construction est d\u00e9j\u00e0 en cours et les partenaires pr\u00e9voient de produire du concentr\u00e9 de spodum\u00e8ne d&#8217;ici le second semestre de 2023.<br \/> Premier d\u2019une s\u00e9rie de projets<br \/> La mine est en passe de devenir le premier d&#8217;une s\u00e9rie de projets canadiens de production de lithium qui commenceront \u00e0 alimenter la demande mondiale vorace de ce m\u00e9tal essentiel pour les batteries. L&#8217;accord renforce \u00e9galement les liens de Tesla avec les ressources canadiennes. En mai 2022, le fabricant de v\u00e9hicules \u00e9lectriques a d\u00e9clar\u00e9 qu&#8217;il avait conclu un accord d&#8217;approvisionnement \u00e0 long terme avec le mineur Vale \u00e0 Sudbury pour le nickel de classe 1, un<\/p>\n","protected":false},"excerpt":{"rendered":"<p>Tesla commencera \u00e0 utiliser du lithium provenant d\u2019une mine pr\u00e8s de Val-d\u2019Or dans ses batteries de v\u00e9hicules \u00e9lectriques d\u00e8s la mi-2023. Piedmont Lithium Inc, qui cod\u00e9veloppe la mine North American Lithium pr\u00e8s de Val-d&#8217;Or a d\u00e9clar\u00e9 le 3 janvier qu&#8217;elle avait sign\u00e9 un accord modifi\u00e9 pour fournir \u00e0 Tesla 125 000 tonnes de concentr\u00e9 de [&hellip;]<\/p>\n","protected":false},"author":8,"featured_media":137580,"comment_status":"close","ping_status":"closed","sticky":false,"template":"","format":"standard","meta":{"_monsterinsights_skip_tracking":false,"_monsterinsights_sitenote_active":false,"_monsterinsights_sitenote_note":"","_monsterinsights_sitenote_category":0,"footnotes":""},"categories":[101],"tags":[],"yoast_head":"<!-- This site is optimized with the Yoast SEO plugin v23.2 - https:\/\/yoast.com\/wordpress\/plugins\/seo\/ -->\n<title>Du Lithium qu\u00e9b\u00e9cois chez Tesla en 2023 - CanadaMotorJobs.com<\/title>\n<meta name=\"description\" content=\"Du Lithium qu\u00e9b\u00e9cois chez Tesla en 2023 - Benoit Charette - Annuel automobile - CanadaMotorJobs.com.\" \/>\n<meta name=\"robots\" content=\"index, follow, max-snippet:-1, max-image-preview:large, max-video-preview:-1\" \/>\n<meta property=\"og:locale\" content=\"fr_CA\" \/>\n<meta property=\"og:type\" content=\"article\" \/>\n<meta property=\"og:title\" content=\"Du Lithium qu\u00e9b\u00e9cois chez Tesla en 2023 - CanadaMotorJobs.com\" \/>\n<meta property=\"og:description\" content=\"Du Lithium qu\u00e9b\u00e9cois chez Tesla en 2023 - Benoit Charette - Annuel automobile - CanadaMotorJobs.com.\" \/>\n<meta property=\"og:url\" content=\"https:\/\/news.canadamotorjobs.com\/fr\/du-lithium-quebecois-chez-tesla-en-2023\/\" \/>\n<meta property=\"og:site_name\" content=\"CanadaMotorJobs.com\" \/>\n<meta property=\"article:publisher\" content=\"https:\/\/www.facebook.com\/canadamotorjobs\/\" \/>\n<meta property=\"article:published_time\" content=\"2023-01-05T13:45:33+00:00\" \/>\n<meta property=\"article:modified_time\" content=\"2023-01-05T13:59:59+00:00\" \/>\n<meta property=\"og:image\" content=\"https:\/\/news.canadamotorjobs.com\/wp-content\/uploads\/2023\/01\/teslap1200-sixteen_nine_1-sixteen_nine-1.jpg\" \/>\n\t<meta property=\"og:image:width\" content=\"1200\" \/>\n\t<meta property=\"og:image:height\" content=\"675\" \/>\n\t<meta property=\"og:image:type\" content=\"image\/jpeg\" \/>\n<meta name=\"author\" content=\"Benoit Charette\" \/>\n<meta name=\"twitter:card\" content=\"summary_large_image\" \/>\n<meta name=\"twitter:creator\" content=\"@canadamotorjobs\" \/>\n<meta name=\"twitter:site\" content=\"@canadamotorjobs\" \/>\n<meta name=\"twitter:label1\" content=\"\u00c9crit par\" \/>\n\t<meta name=\"twitter:data1\" content=\"Benoit Charette\" \/>\n\t<meta name=\"twitter:label2\" content=\"Estimation du temps de lecture\" \/>\n\t<meta name=\"twitter:data2\" content=\"1 minute\" \/>\n<!-- \/ Yoast SEO plugin. -->","yoast_head_json":{"title":"Du Lithium qu\u00e9b\u00e9cois chez Tesla en 2023 - CanadaMotorJobs.com","description":"Du Lithium qu\u00e9b\u00e9cois chez Tesla en 2023 - Benoit Charette - Annuel automobile - CanadaMotorJobs.com.","robots":{"index":"index","follow":"follow","max-snippet":"max-snippet:-1","max-image-preview":"max-image-preview:large","max-video-preview":"max-video-preview:-1"},"og_locale":"fr_CA","og_type":"article","og_title":"Du Lithium qu\u00e9b\u00e9cois chez Tesla en 2023 - CanadaMotorJobs.com","og_description":"Du Lithium qu\u00e9b\u00e9cois chez Tesla en 2023 - Benoit Charette - Annuel automobile - CanadaMotorJobs.com.","og_url":"https:\/\/news.canadamotorjobs.com\/fr\/du-lithium-quebecois-chez-tesla-en-2023\/","og_site_name":"CanadaMotorJobs.com","article_publisher":"https:\/\/www.facebook.com\/canadamotorjobs\/","article_published_time":"2023-01-05T13:45:33+00:00","article_modified_time":"2023-01-05T13:59:59+00:00","og_image":[{"width":1200,"height":675,"url":"https:\/\/news.canadamotorjobs.com\/wp-content\/uploads\/2023\/01\/teslap1200-sixteen_nine_1-sixteen_nine-1.jpg","type":"image\/jpeg"}],"author":"Benoit Charette","twitter_card":"summary_large_image","twitter_creator":"@canadamotorjobs","twitter_site":"@canadamotorjobs","twitter_misc":{"\u00c9crit par":"Benoit Charette","Estimation du temps de lecture":"1 minute"},"schema":{"@context":"https:\/\/schema.org","@graph":[{"@type":"Article","@id":"https:\/\/news.canadamotorjobs.com\/fr\/du-lithium-quebecois-chez-tesla-en-2023\/#article","isPartOf":{"@id":"https:\/\/news.canadamotorjobs.com\/fr\/du-lithium-quebecois-chez-tesla-en-2023\/"},"author":{"name":"Benoit Charette","@id":"https:\/\/news.canadamotorjobs.com\/#\/schema\/person\/51793d1f87d44011d7bcc2ed99269a90"},"headline":"Du Lithium qu\u00e9b\u00e9cois chez Tesla en 2023","datePublished":"2023-01-05T13:45:33+00:00","dateModified":"2023-01-05T13:59:59+00:00","mainEntityOfPage":{"@id":"https:\/\/news.canadamotorjobs.com\/fr\/du-lithium-quebecois-chez-tesla-en-2023\/"},"wordCount":279,"publisher":{"@id":"https:\/\/news.canadamotorjobs.com\/#organization"},"image":{"@id":"https:\/\/news.canadamotorjobs.com\/fr\/du-lithium-quebecois-chez-tesla-en-2023\/#primaryimage"},"thumbnailUrl":"https:\/\/news.canadamotorjobs.com\/wp-content\/uploads\/2023\/01\/teslap1200-sixteen_nine_1-sixteen_nine-1.jpg","articleSection":["Annuel automobile"],"inLanguage":"fr-CA"},{"@type":"WebPage","@id":"https:\/\/news.canadamotorjobs.com\/fr\/du-lithium-quebecois-chez-tesla-en-2023\/","url":"https:\/\/news.canadamotorjobs.com\/fr\/du-lithium-quebecois-chez-tesla-en-2023\/","name":"Du Lithium qu\u00e9b\u00e9cois chez Tesla en 2023 - CanadaMotorJobs.com","isPartOf":{"@id":"https:\/\/news.canadamotorjobs.com\/#website"},"primaryImageOfPage":{"@id":"https:\/\/news.canadamotorjobs.com\/fr\/du-lithium-quebecois-chez-tesla-en-2023\/#primaryimage"},"image":{"@id":"https:\/\/news.canadamotorjobs.com\/fr\/du-lithium-quebecois-chez-tesla-en-2023\/#primaryimage"},"thumbnailUrl":"https:\/\/news.canadamotorjobs.com\/wp-content\/uploads\/2023\/01\/teslap1200-sixteen_nine_1-sixteen_nine-1.jpg","datePublished":"2023-01-05T13:45:33+00:00","dateModified":"2023-01-05T13:59:59+00:00","description":"Du Lithium qu\u00e9b\u00e9cois chez Tesla en 2023 - Benoit Charette - Annuel automobile - CanadaMotorJobs.com.","breadcrumb":{"@id":"https:\/\/news.canadamotorjobs.com\/fr\/du-lithium-quebecois-chez-tesla-en-2023\/#breadcrumb"},"inLanguage":"fr-CA","potentialAction":[{"@type":"ReadAction","target":["https:\/\/news.canadamotorjobs.com\/fr\/du-lithium-quebecois-chez-tesla-en-2023\/"]}]},{"@type":"ImageObject","inLanguage":"fr-CA","@id":"https:\/\/news.canadamotorjobs.com\/fr\/du-lithium-quebecois-chez-tesla-en-2023\/#primaryimage","url":"https:\/\/news.canadamotorjobs.com\/wp-content\/uploads\/2023\/01\/teslap1200-sixteen_nine_1-sixteen_nine-1.jpg","contentUrl":"https:\/\/news.canadamotorjobs.com\/wp-content\/uploads\/2023\/01\/teslap1200-sixteen_nine_1-sixteen_nine-1.jpg","width":1200,"height":675},{"@type":"BreadcrumbList","@id":"https:\/\/news.canadamotorjobs.com\/fr\/du-lithium-quebecois-chez-tesla-en-2023\/#breadcrumb","itemListElement":[{"@type":"ListItem","position":1,"name":"Home","item":"https:\/\/news.canadamotorjobs.com\/fr\/blog\/"},{"@type":"ListItem","position":2,"name":"Du Lithium qu\u00e9b\u00e9cois chez Tesla en 2023"}]},{"@type":"WebSite","@id":"https:\/\/news.canadamotorjobs.com\/#website","url":"https:\/\/news.canadamotorjobs.com\/","name":"CanadaMotorJobs.com","description":"Automotive Jobs","publisher":{"@id":"https:\/\/news.canadamotorjobs.com\/#organization"},"potentialAction":[{"@type":"SearchAction","target":{"@type":"EntryPoint","urlTemplate":"https:\/\/news.canadamotorjobs.com\/?s={search_term_string}"},"query-input":"required name=search_term_string"}],"inLanguage":"fr-CA"},{"@type":"Organization","@id":"https:\/\/news.canadamotorjobs.com\/#organization","name":"Canada Motor Jobs","url":"https:\/\/news.canadamotorjobs.com\/","logo":{"@type":"ImageObject","inLanguage":"fr-CA","@id":"https:\/\/news.canadamotorjobs.com\/#\/schema\/logo\/image\/","url":"https:\/\/news.canadamotorjobs.com\/wp-content\/uploads\/2022\/10\/logo-canada-motor-jobs-1.png","contentUrl":"https:\/\/news.canadamotorjobs.com\/wp-content\/uploads\/2022\/10\/logo-canada-motor-jobs-1.png","width":800,"height":400,"caption":"Canada Motor Jobs"},"image":{"@id":"https:\/\/news.canadamotorjobs.com\/#\/schema\/logo\/image\/"},"sameAs":["https:\/\/www.facebook.com\/canadamotorjobs\/","https:\/\/x.com\/canadamotorjobs","https:\/\/www.instagram.com\/canadamotorjobs\/","https:\/\/www.linkedin.com\/company\/canadamotorjobs"]},{"@type":"Person","@id":"https:\/\/news.canadamotorjobs.com\/#\/schema\/person\/51793d1f87d44011d7bcc2ed99269a90","name":"Benoit Charette","image":{"@type":"ImageObject","inLanguage":"fr-CA","@id":"https:\/\/news.canadamotorjobs.com\/#\/schema\/person\/image\/","url":"https:\/\/secure.gravatar.com\/avatar\/45f3d2eebcccd909668d7ce7ea7267b6?s=96&d=mm&r=g","contentUrl":"https:\/\/secure.gravatar.com\/avatar\/45f3d2eebcccd909668d7ce7ea7267b6?s=96&d=mm&r=g","caption":"Benoit Charette"},"description":"Benoit Charette \/ Propri\u00e9taire et r\u00e9dacteur en chef Benoit Charette pratique le journalisme automobile depuis bient\u00f4t 30 ans. Il a fait ses classes au c\u00f4t\u00e9 de Daniel H\u00e9raud et au Carnet de route de 1992 \u00e0 2001. Il est fondateur, copropri\u00e9taire et r\u00e9dacteur en chef de L\u2019Annuel de l\u2019automobile, qu\u2019il publie depuis 2001. Il a anim\u00e9 les \u00e9missions RPM et RPM+ sur V et les L\u00e9gendes de la route sur Historia. \u00c0 la radio depuis 1986, il reprend l\u2019antenne cette ann\u00e9e sur les ondes de Cogeco et participe pour la deuxi\u00e8me ann\u00e9e \u00e0 l\u2019\u00e9mission Passion Auto sur RDS en plus de mettre en ligne le site Web officiel de L\u2019Annuel de l\u2019automobile sur annuelauto.ca.","sameAs":["https:\/\/annuelauto.ca\/"],"url":"https:\/\/news.canadamotorjobs.com\/fr\/author\/benoit-charette\/"}]}},"_links":{"self":[{"href":"https:\/\/news.canadamotorjobs.com\/fr\/wp-json\/wp\/v2\/posts\/137576"}],"collection":[{"href":"https:\/\/news.canadamotorjobs.com\/fr\/wp-json\/wp\/v2\/posts"}],"about":[{"href":"https:\/\/news.canadamotorjobs.com\/fr\/wp-json\/wp\/v2\/types\/post"}],"author":[{"embeddable":true,"href":"https:\/\/news.canadamotorjobs.com\/fr\/wp-json\/wp\/v2\/users\/8"}],"replies":[{"embeddable":true,"href":"https:\/\/news.canadamotorjobs.com\/fr\/wp-json\/wp\/v2\/comments?post=137576"}],"version-history":[{"count":0,"href":"https:\/\/news.canadamotorjobs.com\/fr\/wp-json\/wp\/v2\/posts\/137576\/revisions"}],"wp:featuredmedia":[{"embeddable":true,"href":"https:\/\/news.canadamotorjobs.com\/fr\/wp-json\/wp\/v2\/media\/137580"}],"wp:attachment":[{"href":"https:\/\/news.canadamotorjobs.com\/fr\/wp-json\/wp\/v2\/media?parent=137576"}],"wp:term":[{"taxonomy":"category","embeddable":true,"href":"https:\/\/news.canadamotorjobs.com\/fr\/wp-json\/wp\/v2\/categories?post=137576"},{"taxonomy":"post_tag","embeddable":true,"href":"https:\/\/news.canadamotorjobs.com\/fr\/wp-json\/wp\/v2\/tags?post=137576"}],"curies":[{"name":"wp","href":"https:\/\/api.w.org\/{rel}","templated":true}]}}