{"id":137566,"date":"2023-01-04T10:18:42","date_gmt":"2023-01-04T15:18:42","guid":{"rendered":"https:\/\/news.canadamotorjobs.com\/volvo-presente-le-nouveau-ex-90\/"},"modified":"2023-01-04T10:31:16","modified_gmt":"2023-01-04T15:31:16","slug":"volvo-presente-le-nouveau-ex-90","status":"publish","type":"post","link":"https:\/\/news.canadamotorjobs.com\/fr\/volvo-presente-le-nouveau-ex-90\/","title":{"rendered":"Volvo pr\u00e9sente le nouveau EX 90"},"content":{"rendered":"<\/p>\n<p>Volvo qui est absent de tous les Salons de l\u2019auto depuis trois ans a choisi le Consumer Electronic Show de Las Vegas pour pr\u00e9senter son plus r\u00e9cent v\u00e9hicule \u00e9lectrique, le EX90.<br \/> Un sept places pour la famille<br \/> Le EX90 est un VUS sept places enti\u00e8rement \u00e9lectrique qui, selon Volvo, repr\u00e9sente une nouvelle \u00e8re en mati\u00e8re de s\u00e9curit\u00e9 et un mode de vie plus durable. R\u00e9v\u00e9l\u00e9 pour la premi\u00e8re fois en novembre dernier \u00e0 Stockholm, en Su\u00e8de, il exploite des technologies d\u00e9velopp\u00e9es avec Google et Luminar, dont les trois soci\u00e9t\u00e9s feront la d\u00e9monstration plus tard dans la semaine. Au c\u0153ur de ces technologies se trouve un nouveau syst\u00e8me informatique central con\u00e7u pour comprendre le conducteur et son environnement, devenant plus intelligent et plus s\u00fbr au fil du temps, \u00e0 mesure qu&#8217;il apprend de nouvelles donn\u00e9es et re\u00e7oit des mises \u00e0 jour en direct.<br \/> Des yeux partout<br \/> Huit cam\u00e9ras coupl\u00e9es \u00e0 un m\u00e9lange de capteurs, dont un lidar \u00e0 longue port\u00e9e, cinq radars et 16 capteurs \u00e0 ultrasons, sont con\u00e7ues pour r\u00e9pondre et r\u00e9agir plus rapidement que l\u2019\u00eatre humain. Le lidar, d\u00e9velopp\u00e9 par Luminar, peut d\u00e9tecter la route et voir de petits objets \u00e0 plus de 600 pieds, de jour comme de nuit, m\u00eame \u00e0 grande vitesse. Il est combin\u00e9 au nouveau syst\u00e8me de compr\u00e9hension du conducteur de Volvo qui utilise un volant capacitif et deux capteurs de regard bas\u00e9s sur une cam\u00e9ra pour d\u00e9terminer si le conducteur est alerte, distrait ou endormi. \u00a0\u00c0 l&#8217;int\u00e9rieur, un \u00e9cran central de 14,5 pouces offre<\/p>\n","protected":false},"excerpt":{"rendered":"<p>Volvo qui est absent de tous les Salons de l\u2019auto depuis trois ans a choisi le Consumer Electronic Show de Las Vegas pour pr\u00e9senter son plus r\u00e9cent v\u00e9hicule \u00e9lectrique, le EX90. Un sept places pour la famille Le EX90 est un VUS sept places enti\u00e8rement \u00e9lectrique qui, selon Volvo, repr\u00e9sente une nouvelle \u00e8re en mati\u00e8re [&hellip;]<\/p>\n","protected":false},"author":8,"featured_media":137570,"comment_status":"close","ping_status":"closed","sticky":false,"template":"","format":"standard","meta":{"_monsterinsights_skip_tracking":false,"_monsterinsights_sitenote_active":false,"_monsterinsights_sitenote_note":"","_monsterinsights_sitenote_category":0,"footnotes":""},"categories":[101],"tags":[],"yoast_head":"<!-- This site is optimized with the Yoast SEO plugin v23.2 - https:\/\/yoast.com\/wordpress\/plugins\/seo\/ -->\n<title>Volvo pr\u00e9sente le nouveau EX 90 - CanadaMotorJobs.com<\/title>\n<meta name=\"description\" content=\"Volvo pr\u00e9sente le nouveau EX 90 - Benoit Charette - Annuel automobile - CanadaMotorJobs.com.\" \/>\n<meta name=\"robots\" content=\"index, follow, max-snippet:-1, max-image-preview:large, max-video-preview:-1\" \/>\n<meta property=\"og:locale\" content=\"fr_CA\" \/>\n<meta property=\"og:type\" content=\"article\" \/>\n<meta property=\"og:title\" content=\"Volvo pr\u00e9sente le nouveau EX 90 - CanadaMotorJobs.com\" \/>\n<meta property=\"og:description\" content=\"Volvo pr\u00e9sente le nouveau EX 90 - Benoit Charette - Annuel automobile - CanadaMotorJobs.com.\" \/>\n<meta property=\"og:url\" content=\"https:\/\/news.canadamotorjobs.com\/fr\/volvo-presente-le-nouveau-ex-90\/\" \/>\n<meta property=\"og:site_name\" content=\"CanadaMotorJobs.com\" \/>\n<meta property=\"article:publisher\" content=\"https:\/\/www.facebook.com\/canadamotorjobs\/\" \/>\n<meta property=\"article:published_time\" content=\"2023-01-04T15:18:42+00:00\" \/>\n<meta property=\"article:modified_time\" content=\"2023-01-04T15:31:16+00:00\" \/>\n<meta property=\"og:image\" content=\"https:\/\/news.canadamotorjobs.com\/wp-content\/uploads\/2023\/01\/305716_Volvo_EX90-1.jpg\" \/>\n\t<meta property=\"og:image:width\" content=\"1500\" \/>\n\t<meta property=\"og:image:height\" content=\"1125\" \/>\n\t<meta property=\"og:image:type\" content=\"image\/jpeg\" \/>\n<meta name=\"author\" content=\"Benoit Charette\" \/>\n<meta name=\"twitter:card\" content=\"summary_large_image\" \/>\n<meta name=\"twitter:creator\" content=\"@canadamotorjobs\" \/>\n<meta name=\"twitter:site\" content=\"@canadamotorjobs\" \/>\n<meta name=\"twitter:label1\" content=\"\u00c9crit par\" \/>\n\t<meta name=\"twitter:data1\" content=\"Benoit Charette\" \/>\n\t<meta name=\"twitter:label2\" content=\"Estimation du temps de lecture\" \/>\n\t<meta name=\"twitter:data2\" content=\"1 minute\" \/>\n<!-- \/ Yoast SEO plugin. -->","yoast_head_json":{"title":"Volvo pr\u00e9sente le nouveau EX 90 - CanadaMotorJobs.com","description":"Volvo pr\u00e9sente le nouveau EX 90 - Benoit Charette - Annuel automobile - CanadaMotorJobs.com.","robots":{"index":"index","follow":"follow","max-snippet":"max-snippet:-1","max-image-preview":"max-image-preview:large","max-video-preview":"max-video-preview:-1"},"og_locale":"fr_CA","og_type":"article","og_title":"Volvo pr\u00e9sente le nouveau EX 90 - CanadaMotorJobs.com","og_description":"Volvo pr\u00e9sente le nouveau EX 90 - Benoit Charette - Annuel automobile - CanadaMotorJobs.com.","og_url":"https:\/\/news.canadamotorjobs.com\/fr\/volvo-presente-le-nouveau-ex-90\/","og_site_name":"CanadaMotorJobs.com","article_publisher":"https:\/\/www.facebook.com\/canadamotorjobs\/","article_published_time":"2023-01-04T15:18:42+00:00","article_modified_time":"2023-01-04T15:31:16+00:00","og_image":[{"width":1500,"height":1125,"url":"https:\/\/news.canadamotorjobs.com\/wp-content\/uploads\/2023\/01\/305716_Volvo_EX90-1.jpg","type":"image\/jpeg"}],"author":"Benoit Charette","twitter_card":"summary_large_image","twitter_creator":"@canadamotorjobs","twitter_site":"@canadamotorjobs","twitter_misc":{"\u00c9crit par":"Benoit Charette","Estimation du temps de lecture":"1 minute"},"schema":{"@context":"https:\/\/schema.org","@graph":[{"@type":"Article","@id":"https:\/\/news.canadamotorjobs.com\/fr\/volvo-presente-le-nouveau-ex-90\/#article","isPartOf":{"@id":"https:\/\/news.canadamotorjobs.com\/fr\/volvo-presente-le-nouveau-ex-90\/"},"author":{"name":"Benoit Charette","@id":"https:\/\/news.canadamotorjobs.com\/#\/schema\/person\/51793d1f87d44011d7bcc2ed99269a90"},"headline":"Volvo pr\u00e9sente le nouveau EX 90","datePublished":"2023-01-04T15:18:42+00:00","dateModified":"2023-01-04T15:31:16+00:00","mainEntityOfPage":{"@id":"https:\/\/news.canadamotorjobs.com\/fr\/volvo-presente-le-nouveau-ex-90\/"},"wordCount":286,"publisher":{"@id":"https:\/\/news.canadamotorjobs.com\/#organization"},"image":{"@id":"https:\/\/news.canadamotorjobs.com\/fr\/volvo-presente-le-nouveau-ex-90\/#primaryimage"},"thumbnailUrl":"https:\/\/news.canadamotorjobs.com\/wp-content\/uploads\/2023\/01\/305716_Volvo_EX90-1.jpg","articleSection":["Annuel automobile"],"inLanguage":"fr-CA"},{"@type":"WebPage","@id":"https:\/\/news.canadamotorjobs.com\/fr\/volvo-presente-le-nouveau-ex-90\/","url":"https:\/\/news.canadamotorjobs.com\/fr\/volvo-presente-le-nouveau-ex-90\/","name":"Volvo pr\u00e9sente le nouveau EX 90 - CanadaMotorJobs.com","isPartOf":{"@id":"https:\/\/news.canadamotorjobs.com\/#website"},"primaryImageOfPage":{"@id":"https:\/\/news.canadamotorjobs.com\/fr\/volvo-presente-le-nouveau-ex-90\/#primaryimage"},"image":{"@id":"https:\/\/news.canadamotorjobs.com\/fr\/volvo-presente-le-nouveau-ex-90\/#primaryimage"},"thumbnailUrl":"https:\/\/news.canadamotorjobs.com\/wp-content\/uploads\/2023\/01\/305716_Volvo_EX90-1.jpg","datePublished":"2023-01-04T15:18:42+00:00","dateModified":"2023-01-04T15:31:16+00:00","description":"Volvo pr\u00e9sente le nouveau EX 90 - Benoit Charette - Annuel automobile - CanadaMotorJobs.com.","breadcrumb":{"@id":"https:\/\/news.canadamotorjobs.com\/fr\/volvo-presente-le-nouveau-ex-90\/#breadcrumb"},"inLanguage":"fr-CA","potentialAction":[{"@type":"ReadAction","target":["https:\/\/news.canadamotorjobs.com\/fr\/volvo-presente-le-nouveau-ex-90\/"]}]},{"@type":"ImageObject","inLanguage":"fr-CA","@id":"https:\/\/news.canadamotorjobs.com\/fr\/volvo-presente-le-nouveau-ex-90\/#primaryimage","url":"https:\/\/news.canadamotorjobs.com\/wp-content\/uploads\/2023\/01\/305716_Volvo_EX90-1.jpg","contentUrl":"https:\/\/news.canadamotorjobs.com\/wp-content\/uploads\/2023\/01\/305716_Volvo_EX90-1.jpg","width":1500,"height":1125},{"@type":"BreadcrumbList","@id":"https:\/\/news.canadamotorjobs.com\/fr\/volvo-presente-le-nouveau-ex-90\/#breadcrumb","itemListElement":[{"@type":"ListItem","position":1,"name":"Home","item":"https:\/\/news.canadamotorjobs.com\/fr\/blog\/"},{"@type":"ListItem","position":2,"name":"Volvo pr\u00e9sente le nouveau EX 90"}]},{"@type":"WebSite","@id":"https:\/\/news.canadamotorjobs.com\/#website","url":"https:\/\/news.canadamotorjobs.com\/","name":"CanadaMotorJobs.com","description":"Automotive Jobs","publisher":{"@id":"https:\/\/news.canadamotorjobs.com\/#organization"},"potentialAction":[{"@type":"SearchAction","target":{"@type":"EntryPoint","urlTemplate":"https:\/\/news.canadamotorjobs.com\/?s={search_term_string}"},"query-input":"required name=search_term_string"}],"inLanguage":"fr-CA"},{"@type":"Organization","@id":"https:\/\/news.canadamotorjobs.com\/#organization","name":"Canada Motor Jobs","url":"https:\/\/news.canadamotorjobs.com\/","logo":{"@type":"ImageObject","inLanguage":"fr-CA","@id":"https:\/\/news.canadamotorjobs.com\/#\/schema\/logo\/image\/","url":"https:\/\/news.canadamotorjobs.com\/wp-content\/uploads\/2022\/10\/logo-canada-motor-jobs-1.png","contentUrl":"https:\/\/news.canadamotorjobs.com\/wp-content\/uploads\/2022\/10\/logo-canada-motor-jobs-1.png","width":800,"height":400,"caption":"Canada Motor Jobs"},"image":{"@id":"https:\/\/news.canadamotorjobs.com\/#\/schema\/logo\/image\/"},"sameAs":["https:\/\/www.facebook.com\/canadamotorjobs\/","https:\/\/x.com\/canadamotorjobs","https:\/\/www.instagram.com\/canadamotorjobs\/","https:\/\/www.linkedin.com\/company\/canadamotorjobs"]},{"@type":"Person","@id":"https:\/\/news.canadamotorjobs.com\/#\/schema\/person\/51793d1f87d44011d7bcc2ed99269a90","name":"Benoit Charette","image":{"@type":"ImageObject","inLanguage":"fr-CA","@id":"https:\/\/news.canadamotorjobs.com\/#\/schema\/person\/image\/","url":"https:\/\/secure.gravatar.com\/avatar\/45f3d2eebcccd909668d7ce7ea7267b6?s=96&d=mm&r=g","contentUrl":"https:\/\/secure.gravatar.com\/avatar\/45f3d2eebcccd909668d7ce7ea7267b6?s=96&d=mm&r=g","caption":"Benoit Charette"},"description":"Benoit Charette \/ Propri\u00e9taire et r\u00e9dacteur en chef Benoit Charette pratique le journalisme automobile depuis bient\u00f4t 30 ans. Il a fait ses classes au c\u00f4t\u00e9 de Daniel H\u00e9raud et au Carnet de route de 1992 \u00e0 2001. Il est fondateur, copropri\u00e9taire et r\u00e9dacteur en chef de L\u2019Annuel de l\u2019automobile, qu\u2019il publie depuis 2001. Il a anim\u00e9 les \u00e9missions RPM et RPM+ sur V et les L\u00e9gendes de la route sur Historia. \u00c0 la radio depuis 1986, il reprend l\u2019antenne cette ann\u00e9e sur les ondes de Cogeco et participe pour la deuxi\u00e8me ann\u00e9e \u00e0 l\u2019\u00e9mission Passion Auto sur RDS en plus de mettre en ligne le site Web officiel de L\u2019Annuel de l\u2019automobile sur annuelauto.ca.","sameAs":["https:\/\/annuelauto.ca\/"],"url":"https:\/\/news.canadamotorjobs.com\/fr\/author\/benoit-charette\/"}]}},"_links":{"self":[{"href":"https:\/\/news.canadamotorjobs.com\/fr\/wp-json\/wp\/v2\/posts\/137566"}],"collection":[{"href":"https:\/\/news.canadamotorjobs.com\/fr\/wp-json\/wp\/v2\/posts"}],"about":[{"href":"https:\/\/news.canadamotorjobs.com\/fr\/wp-json\/wp\/v2\/types\/post"}],"author":[{"embeddable":true,"href":"https:\/\/news.canadamotorjobs.com\/fr\/wp-json\/wp\/v2\/users\/8"}],"replies":[{"embeddable":true,"href":"https:\/\/news.canadamotorjobs.com\/fr\/wp-json\/wp\/v2\/comments?post=137566"}],"version-history":[{"count":0,"href":"https:\/\/news.canadamotorjobs.com\/fr\/wp-json\/wp\/v2\/posts\/137566\/revisions"}],"wp:featuredmedia":[{"embeddable":true,"href":"https:\/\/news.canadamotorjobs.com\/fr\/wp-json\/wp\/v2\/media\/137570"}],"wp:attachment":[{"href":"https:\/\/news.canadamotorjobs.com\/fr\/wp-json\/wp\/v2\/media?parent=137566"}],"wp:term":[{"taxonomy":"category","embeddable":true,"href":"https:\/\/news.canadamotorjobs.com\/fr\/wp-json\/wp\/v2\/categories?post=137566"},{"taxonomy":"post_tag","embeddable":true,"href":"https:\/\/news.canadamotorjobs.com\/fr\/wp-json\/wp\/v2\/tags?post=137566"}],"curies":[{"name":"wp","href":"https:\/\/api.w.org\/{rel}","templated":true}]}}