{"id":137550,"date":"2023-01-04T08:26:46","date_gmt":"2023-01-04T13:26:46","guid":{"rendered":"https:\/\/news.canadamotorjobs.com\/la-passat-est-morte-vive-la-id-7\/"},"modified":"2023-01-04T14:29:26","modified_gmt":"2023-01-04T19:29:26","slug":"la-passat-est-morte-vive-la-id-7","status":"publish","type":"post","link":"https:\/\/news.canadamotorjobs.com\/fr\/la-passat-est-morte-vive-la-id-7\/","title":{"rendered":"La Passat est morte, vive la ID.7"},"content":{"rendered":"<p>Volkswagen a pr\u00e9sent\u00e9 hier en fin de journ\u00e9e la rempla\u00e7ante spirituelle de la Passat en habit de camouflage et elle se nomme ID.7. Ce mod\u00e8le qui arrive chez nous l\u2019an prochain a d\u2019abord \u00e9t\u00e9 un concept baptis\u00e9 ID Vizzion et ensuite ID aero pour finalement devenir la ID.7. La bonne nouvelle tient au fait que Volkswagen a d\u00e9cid\u00e9 de pr\u00e9senter une berline au lieu d\u2019un cent milli\u00e8me VUS avec assez d\u2019espace pour la famille.<\/p>\n<h3>Des dimensions g\u00e9n\u00e9reuses<\/h3>\n<p>Construit sur la grande plateforme MEB du groupe Volkswagen L&#8217;ID.7 a un empattement long de pr\u00e8s de trois m\u00e8tres et une longueur totale fr\u00f4lant les 5 m\u00e8tres. Elle repose sur la plateforme MEB du groupe VW et l&#8217;autonomie maximale mesur\u00e9e par l&#8217;EPA devrait se situer \u00e0 plus de 500 km. L\u2019ID.7 va devenir le vaisseau amiral de sa famille de VE ID.<\/p>\n<h3>\u00c9quipement technologique de pointe<\/h3>\n<p>Parmi les caract\u00e9ristiques confirm\u00e9es figurent un affichage t\u00eate haute \u00e0 r\u00e9alit\u00e9 augment\u00e9e, un \u00e9cran tactile de 15 pouces pour l&#8217;infodivertissement et un syst\u00e8me de climatisation qui peut diriger l&#8217;air vers un occupant ou le r\u00e9partir dans l&#8217;habitacle. VW a \u00e9galement inclus des pav\u00e9s tactiles pour de nombreuses commandes, ce qui peut \u00eatre p\u00e9nible \u00e0 utiliser en conduisant, bien que le constructeur automobile ait \u00e9galement inclus l&#8217;activation vocale qui peut servir d&#8217;alternative aux curseurs tactiles dans de nombreux cas.<\/p>\n<h3>D\u2019autres mod\u00e8les ID \u00e0 venir<\/h3>\n<p>VW pr\u00e9voit d&#8217;autres v\u00e9hicules \u00e9lectriques ID, puisque l&#8217;ID.7 est l&#8217;un des 10 v\u00e9hicules \u00e9lectriques que le constructeur lancera d&#8217;ici 2026. Les \u00c9tats-Unis recevront<\/p>\n","protected":false},"excerpt":{"rendered":"<p>Volkswagen a pr\u00e9sent\u00e9 hier en fin de journ\u00e9e la rempla\u00e7ante spirituelle de la Passat en habit de camouflage et elle se nomme ID.7. Ce mod\u00e8le qui arrive chez nous l\u2019an prochain a d\u2019abord \u00e9t\u00e9 un concept baptis\u00e9 ID Vizzion et ensuite ID aero pour finalement devenir la ID.7. La bonne nouvelle tient au fait que [&hellip;]<\/p>\n","protected":false},"author":8,"featured_media":137554,"comment_status":"close","ping_status":"closed","sticky":false,"template":"","format":"standard","meta":{"_monsterinsights_skip_tracking":false,"_monsterinsights_sitenote_active":false,"_monsterinsights_sitenote_note":"","_monsterinsights_sitenote_category":0,"footnotes":""},"categories":[101],"tags":[],"yoast_head":"<!-- This site is optimized with the Yoast SEO plugin v23.2 - https:\/\/yoast.com\/wordpress\/plugins\/seo\/ -->\n<title>La Passat est morte, vive la ID.7 - CanadaMotorJobs.com<\/title>\n<meta name=\"description\" content=\"La Passat est morte, vive la ID.7 - Benoit Charette - Annuel automobile - CanadaMotorJobs.com.\" \/>\n<meta name=\"robots\" content=\"index, follow, max-snippet:-1, max-image-preview:large, max-video-preview:-1\" \/>\n<meta property=\"og:locale\" content=\"fr_CA\" \/>\n<meta property=\"og:type\" content=\"article\" \/>\n<meta property=\"og:title\" content=\"La Passat est morte, vive la ID.7 - CanadaMotorJobs.com\" \/>\n<meta property=\"og:description\" content=\"La Passat est morte, vive la ID.7 - Benoit Charette - Annuel automobile - CanadaMotorJobs.com.\" \/>\n<meta property=\"og:url\" content=\"https:\/\/news.canadamotorjobs.com\/fr\/la-passat-est-morte-vive-la-id-7\/\" \/>\n<meta property=\"og:site_name\" content=\"CanadaMotorJobs.com\" \/>\n<meta property=\"article:publisher\" content=\"https:\/\/www.facebook.com\/canadamotorjobs\/\" \/>\n<meta property=\"article:published_time\" content=\"2023-01-04T13:26:46+00:00\" \/>\n<meta property=\"article:modified_time\" content=\"2023-01-04T19:29:26+00:00\" \/>\n<meta property=\"og:image\" content=\"https:\/\/news.canadamotorjobs.com\/wp-content\/uploads\/2023\/01\/Large-16214-VolkswagenID.7-1.jpg\" \/>\n\t<meta property=\"og:image:width\" content=\"1500\" \/>\n\t<meta property=\"og:image:height\" content=\"1000\" \/>\n\t<meta property=\"og:image:type\" content=\"image\/jpeg\" \/>\n<meta name=\"author\" content=\"Benoit Charette\" \/>\n<meta name=\"twitter:card\" content=\"summary_large_image\" \/>\n<meta name=\"twitter:creator\" content=\"@canadamotorjobs\" \/>\n<meta name=\"twitter:site\" content=\"@canadamotorjobs\" \/>\n<meta name=\"twitter:label1\" content=\"\u00c9crit par\" \/>\n\t<meta name=\"twitter:data1\" content=\"Benoit Charette\" \/>\n\t<meta name=\"twitter:label2\" content=\"Estimation du temps de lecture\" \/>\n\t<meta name=\"twitter:data2\" content=\"2 minutes\" \/>\n<!-- \/ Yoast SEO plugin. -->","yoast_head_json":{"title":"La Passat est morte, vive la ID.7 - CanadaMotorJobs.com","description":"La Passat est morte, vive la ID.7 - Benoit Charette - Annuel automobile - CanadaMotorJobs.com.","robots":{"index":"index","follow":"follow","max-snippet":"max-snippet:-1","max-image-preview":"max-image-preview:large","max-video-preview":"max-video-preview:-1"},"og_locale":"fr_CA","og_type":"article","og_title":"La Passat est morte, vive la ID.7 - CanadaMotorJobs.com","og_description":"La Passat est morte, vive la ID.7 - Benoit Charette - Annuel automobile - CanadaMotorJobs.com.","og_url":"https:\/\/news.canadamotorjobs.com\/fr\/la-passat-est-morte-vive-la-id-7\/","og_site_name":"CanadaMotorJobs.com","article_publisher":"https:\/\/www.facebook.com\/canadamotorjobs\/","article_published_time":"2023-01-04T13:26:46+00:00","article_modified_time":"2023-01-04T19:29:26+00:00","og_image":[{"width":1500,"height":1000,"url":"https:\/\/news.canadamotorjobs.com\/wp-content\/uploads\/2023\/01\/Large-16214-VolkswagenID.7-1.jpg","type":"image\/jpeg"}],"author":"Benoit Charette","twitter_card":"summary_large_image","twitter_creator":"@canadamotorjobs","twitter_site":"@canadamotorjobs","twitter_misc":{"\u00c9crit par":"Benoit Charette","Estimation du temps de lecture":"2 minutes"},"schema":{"@context":"https:\/\/schema.org","@graph":[{"@type":"Article","@id":"https:\/\/news.canadamotorjobs.com\/fr\/la-passat-est-morte-vive-la-id-7\/#article","isPartOf":{"@id":"https:\/\/news.canadamotorjobs.com\/fr\/la-passat-est-morte-vive-la-id-7\/"},"author":{"name":"Benoit Charette","@id":"https:\/\/news.canadamotorjobs.com\/#\/schema\/person\/51793d1f87d44011d7bcc2ed99269a90"},"headline":"La Passat est morte, vive la ID.7","datePublished":"2023-01-04T13:26:46+00:00","dateModified":"2023-01-04T19:29:26+00:00","mainEntityOfPage":{"@id":"https:\/\/news.canadamotorjobs.com\/fr\/la-passat-est-morte-vive-la-id-7\/"},"wordCount":292,"publisher":{"@id":"https:\/\/news.canadamotorjobs.com\/#organization"},"image":{"@id":"https:\/\/news.canadamotorjobs.com\/fr\/la-passat-est-morte-vive-la-id-7\/#primaryimage"},"thumbnailUrl":"https:\/\/news.canadamotorjobs.com\/wp-content\/uploads\/2023\/01\/Large-16214-VolkswagenID.7-1.jpg","articleSection":["Annuel automobile"],"inLanguage":"fr-CA"},{"@type":"WebPage","@id":"https:\/\/news.canadamotorjobs.com\/fr\/la-passat-est-morte-vive-la-id-7\/","url":"https:\/\/news.canadamotorjobs.com\/fr\/la-passat-est-morte-vive-la-id-7\/","name":"La Passat est morte, vive la ID.7 - CanadaMotorJobs.com","isPartOf":{"@id":"https:\/\/news.canadamotorjobs.com\/#website"},"primaryImageOfPage":{"@id":"https:\/\/news.canadamotorjobs.com\/fr\/la-passat-est-morte-vive-la-id-7\/#primaryimage"},"image":{"@id":"https:\/\/news.canadamotorjobs.com\/fr\/la-passat-est-morte-vive-la-id-7\/#primaryimage"},"thumbnailUrl":"https:\/\/news.canadamotorjobs.com\/wp-content\/uploads\/2023\/01\/Large-16214-VolkswagenID.7-1.jpg","datePublished":"2023-01-04T13:26:46+00:00","dateModified":"2023-01-04T19:29:26+00:00","description":"La Passat est morte, vive la ID.7 - Benoit Charette - Annuel automobile - CanadaMotorJobs.com.","breadcrumb":{"@id":"https:\/\/news.canadamotorjobs.com\/fr\/la-passat-est-morte-vive-la-id-7\/#breadcrumb"},"inLanguage":"fr-CA","potentialAction":[{"@type":"ReadAction","target":["https:\/\/news.canadamotorjobs.com\/fr\/la-passat-est-morte-vive-la-id-7\/"]}]},{"@type":"ImageObject","inLanguage":"fr-CA","@id":"https:\/\/news.canadamotorjobs.com\/fr\/la-passat-est-morte-vive-la-id-7\/#primaryimage","url":"https:\/\/news.canadamotorjobs.com\/wp-content\/uploads\/2023\/01\/Large-16214-VolkswagenID.7-1.jpg","contentUrl":"https:\/\/news.canadamotorjobs.com\/wp-content\/uploads\/2023\/01\/Large-16214-VolkswagenID.7-1.jpg","width":1500,"height":1000},{"@type":"BreadcrumbList","@id":"https:\/\/news.canadamotorjobs.com\/fr\/la-passat-est-morte-vive-la-id-7\/#breadcrumb","itemListElement":[{"@type":"ListItem","position":1,"name":"Home","item":"https:\/\/news.canadamotorjobs.com\/fr\/blog\/"},{"@type":"ListItem","position":2,"name":"La Passat est morte, vive la ID.7"}]},{"@type":"WebSite","@id":"https:\/\/news.canadamotorjobs.com\/#website","url":"https:\/\/news.canadamotorjobs.com\/","name":"CanadaMotorJobs.com","description":"Automotive Jobs","publisher":{"@id":"https:\/\/news.canadamotorjobs.com\/#organization"},"potentialAction":[{"@type":"SearchAction","target":{"@type":"EntryPoint","urlTemplate":"https:\/\/news.canadamotorjobs.com\/?s={search_term_string}"},"query-input":"required name=search_term_string"}],"inLanguage":"fr-CA"},{"@type":"Organization","@id":"https:\/\/news.canadamotorjobs.com\/#organization","name":"Canada Motor Jobs","url":"https:\/\/news.canadamotorjobs.com\/","logo":{"@type":"ImageObject","inLanguage":"fr-CA","@id":"https:\/\/news.canadamotorjobs.com\/#\/schema\/logo\/image\/","url":"https:\/\/news.canadamotorjobs.com\/wp-content\/uploads\/2022\/10\/logo-canada-motor-jobs-1.png","contentUrl":"https:\/\/news.canadamotorjobs.com\/wp-content\/uploads\/2022\/10\/logo-canada-motor-jobs-1.png","width":800,"height":400,"caption":"Canada Motor Jobs"},"image":{"@id":"https:\/\/news.canadamotorjobs.com\/#\/schema\/logo\/image\/"},"sameAs":["https:\/\/www.facebook.com\/canadamotorjobs\/","https:\/\/x.com\/canadamotorjobs","https:\/\/www.instagram.com\/canadamotorjobs\/","https:\/\/www.linkedin.com\/company\/canadamotorjobs"]},{"@type":"Person","@id":"https:\/\/news.canadamotorjobs.com\/#\/schema\/person\/51793d1f87d44011d7bcc2ed99269a90","name":"Benoit Charette","image":{"@type":"ImageObject","inLanguage":"fr-CA","@id":"https:\/\/news.canadamotorjobs.com\/#\/schema\/person\/image\/","url":"https:\/\/secure.gravatar.com\/avatar\/45f3d2eebcccd909668d7ce7ea7267b6?s=96&d=mm&r=g","contentUrl":"https:\/\/secure.gravatar.com\/avatar\/45f3d2eebcccd909668d7ce7ea7267b6?s=96&d=mm&r=g","caption":"Benoit Charette"},"description":"Benoit Charette \/ Propri\u00e9taire et r\u00e9dacteur en chef Benoit Charette pratique le journalisme automobile depuis bient\u00f4t 30 ans. Il a fait ses classes au c\u00f4t\u00e9 de Daniel H\u00e9raud et au Carnet de route de 1992 \u00e0 2001. Il est fondateur, copropri\u00e9taire et r\u00e9dacteur en chef de L\u2019Annuel de l\u2019automobile, qu\u2019il publie depuis 2001. Il a anim\u00e9 les \u00e9missions RPM et RPM+ sur V et les L\u00e9gendes de la route sur Historia. \u00c0 la radio depuis 1986, il reprend l\u2019antenne cette ann\u00e9e sur les ondes de Cogeco et participe pour la deuxi\u00e8me ann\u00e9e \u00e0 l\u2019\u00e9mission Passion Auto sur RDS en plus de mettre en ligne le site Web officiel de L\u2019Annuel de l\u2019automobile sur annuelauto.ca.","sameAs":["https:\/\/annuelauto.ca\/"],"url":"https:\/\/news.canadamotorjobs.com\/fr\/author\/benoit-charette\/"}]}},"_links":{"self":[{"href":"https:\/\/news.canadamotorjobs.com\/fr\/wp-json\/wp\/v2\/posts\/137550"}],"collection":[{"href":"https:\/\/news.canadamotorjobs.com\/fr\/wp-json\/wp\/v2\/posts"}],"about":[{"href":"https:\/\/news.canadamotorjobs.com\/fr\/wp-json\/wp\/v2\/types\/post"}],"author":[{"embeddable":true,"href":"https:\/\/news.canadamotorjobs.com\/fr\/wp-json\/wp\/v2\/users\/8"}],"replies":[{"embeddable":true,"href":"https:\/\/news.canadamotorjobs.com\/fr\/wp-json\/wp\/v2\/comments?post=137550"}],"version-history":[{"count":0,"href":"https:\/\/news.canadamotorjobs.com\/fr\/wp-json\/wp\/v2\/posts\/137550\/revisions"}],"wp:featuredmedia":[{"embeddable":true,"href":"https:\/\/news.canadamotorjobs.com\/fr\/wp-json\/wp\/v2\/media\/137554"}],"wp:attachment":[{"href":"https:\/\/news.canadamotorjobs.com\/fr\/wp-json\/wp\/v2\/media?parent=137550"}],"wp:term":[{"taxonomy":"category","embeddable":true,"href":"https:\/\/news.canadamotorjobs.com\/fr\/wp-json\/wp\/v2\/categories?post=137550"},{"taxonomy":"post_tag","embeddable":true,"href":"https:\/\/news.canadamotorjobs.com\/fr\/wp-json\/wp\/v2\/tags?post=137550"}],"curies":[{"name":"wp","href":"https:\/\/api.w.org\/{rel}","templated":true}]}}