{"id":137538,"date":"2023-01-03T08:08:19","date_gmt":"2023-01-03T13:08:19","guid":{"rendered":"https:\/\/news.canadamotorjobs.com\/ken-block-meurt-dans-un-accident-de-motoneige\/"},"modified":"2023-01-03T16:23:01","modified_gmt":"2023-01-03T21:23:01","slug":"ken-block-meurt-dans-un-accident-de-motoneige","status":"publish","type":"post","link":"https:\/\/news.canadamotorjobs.com\/fr\/ken-block-meurt-dans-un-accident-de-motoneige\/","title":{"rendered":"Ken Block meurt dans un accident de motoneige"},"content":{"rendered":"<p>Le pilote de rallye Ken Block est mort dans un accident de motoneige lundi. Il avait 55 ans.\u00a0Celui que l\u2019on conna\u00eet pour ses c\u00e9l\u00e8bres Gymkhana avait r\u00e9cemment chang\u00e9 de bienfaiteur et venait de faire un autre spectaculaire vid\u00e9o avec un mod\u00e8le Audi \u00e9lectrique. Hoonigan Industries, la soci\u00e9t\u00e9 fond\u00e9e par Block, a annonc\u00e9 son d\u00e9c\u00e8s sur Twitter.<\/p>\n<h3>Mort en faisant ce qu\u2019il aimait faire<\/h3>\n<p>Block avait publi\u00e9 des s\u00e9quences vid\u00e9o sur Instagram plus t\u00f4t dans la semaine, o\u00f9 il faisait de la motoneige \u00e0 Park City, dans l&#8217;Utah. Selon le bureau du sh\u00e9rif du comt\u00e9 de Wasatch (Utah), \u00ab\u00a0(Block) conduisait une motoneige sur une pente raide lorsque la motoneige s&#8217;est renvers\u00e9e, atterrissant sur lui. Il a \u00e9t\u00e9 d\u00e9clar\u00e9 d\u00e9c\u00e9d\u00e9 sur place des suites des blessures subies dans l&#8217;accident. M. Block roulait avec un groupe, mais \u00e9tait seul lorsque l&#8217;accident s&#8217;est produit.\u00a0\u00bb<\/p>\n<h3>Un bon palmar\u00e8s de courses<\/h3>\n<p>Block a remport\u00e9 16 des 60 courses de Rally America entre 2005 et 2014 et a remport\u00e9 cinq m\u00e9dailles aux X Games. En plus de la conduite de rallye, Block a \u00e9galement particip\u00e9 \u00e0 des comp\u00e9titions de skateboard et de motocross. Il est mont\u00e9 sur le podium trois ann\u00e9es cons\u00e9cutives aux X Games, de 2006 \u00e0 2008, en rallycross.\u00a0 C&#8217;est toutefois sa s\u00e9rie de vid\u00e9os Gymkhana et d&#8217;autres productions ult\u00e9rieures de Hoonigan qui ont fait de lui une ic\u00f4ne de la culture automobile, voire l&#8217;ont transcend\u00e9e. Le \u00ab\u00a0drift\u00a0\u00bb ne serait pas aussi connu du grand public sans lui. Sa derni\u00e8re vid\u00e9o Gymkhana, Gymkhana 2022, a<\/p>\n","protected":false},"excerpt":{"rendered":"<p>Le pilote de rallye Ken Block est mort dans un accident de motoneige lundi. Il avait 55 ans.\u00a0Celui que l\u2019on conna\u00eet pour ses c\u00e9l\u00e8bres Gymkhana avait r\u00e9cemment chang\u00e9 de bienfaiteur et venait de faire un autre spectaculaire vid\u00e9o avec un mod\u00e8le Audi \u00e9lectrique. Hoonigan Industries, la soci\u00e9t\u00e9 fond\u00e9e par Block, a annonc\u00e9 son d\u00e9c\u00e8s sur [&hellip;]<\/p>\n","protected":false},"author":8,"featured_media":137542,"comment_status":"close","ping_status":"closed","sticky":false,"template":"","format":"standard","meta":{"_monsterinsights_skip_tracking":false,"_monsterinsights_sitenote_active":false,"_monsterinsights_sitenote_note":"","_monsterinsights_sitenote_category":0,"footnotes":""},"categories":[101],"tags":[131],"yoast_head":"<!-- This site is optimized with the Yoast SEO plugin v23.2 - https:\/\/yoast.com\/wordpress\/plugins\/seo\/ -->\n<title>Ken Block meurt dans un accident de motoneige - CanadaMotorJobs.com<\/title>\n<meta name=\"description\" content=\"Ken Block meurt dans un accident de motoneige - Benoit Charette - Annuel automobile - CanadaMotorJobs.com.\" \/>\n<meta name=\"robots\" content=\"index, follow, max-snippet:-1, max-image-preview:large, max-video-preview:-1\" \/>\n<meta property=\"og:locale\" content=\"fr_CA\" \/>\n<meta property=\"og:type\" content=\"article\" \/>\n<meta property=\"og:title\" content=\"Ken Block meurt dans un accident de motoneige - CanadaMotorJobs.com\" \/>\n<meta property=\"og:description\" content=\"Ken Block meurt dans un accident de motoneige - Benoit Charette - Annuel automobile - CanadaMotorJobs.com.\" \/>\n<meta property=\"og:url\" content=\"https:\/\/news.canadamotorjobs.com\/fr\/ken-block-meurt-dans-un-accident-de-motoneige\/\" \/>\n<meta property=\"og:site_name\" content=\"CanadaMotorJobs.com\" \/>\n<meta property=\"article:publisher\" content=\"https:\/\/www.facebook.com\/canadamotorjobs\/\" \/>\n<meta property=\"article:published_time\" content=\"2023-01-03T13:08:19+00:00\" \/>\n<meta property=\"article:modified_time\" content=\"2023-01-03T21:23:01+00:00\" \/>\n<meta property=\"og:image\" content=\"https:\/\/news.canadamotorjobs.com\/wp-content\/uploads\/2023\/01\/A218840_blog-1.jpg\" \/>\n\t<meta property=\"og:image:width\" content=\"1280\" \/>\n\t<meta property=\"og:image:height\" content=\"853\" \/>\n\t<meta property=\"og:image:type\" content=\"image\/jpeg\" \/>\n<meta name=\"author\" content=\"Benoit Charette\" \/>\n<meta name=\"twitter:card\" content=\"summary_large_image\" \/>\n<meta name=\"twitter:creator\" content=\"@canadamotorjobs\" \/>\n<meta name=\"twitter:site\" content=\"@canadamotorjobs\" \/>\n<meta name=\"twitter:label1\" content=\"\u00c9crit par\" \/>\n\t<meta name=\"twitter:data1\" content=\"Benoit Charette\" \/>\n\t<meta name=\"twitter:label2\" content=\"Estimation du temps de lecture\" \/>\n\t<meta name=\"twitter:data2\" content=\"2 minutes\" \/>\n<!-- \/ Yoast SEO plugin. -->","yoast_head_json":{"title":"Ken Block meurt dans un accident de motoneige - CanadaMotorJobs.com","description":"Ken Block meurt dans un accident de motoneige - Benoit Charette - Annuel automobile - CanadaMotorJobs.com.","robots":{"index":"index","follow":"follow","max-snippet":"max-snippet:-1","max-image-preview":"max-image-preview:large","max-video-preview":"max-video-preview:-1"},"og_locale":"fr_CA","og_type":"article","og_title":"Ken Block meurt dans un accident de motoneige - CanadaMotorJobs.com","og_description":"Ken Block meurt dans un accident de motoneige - Benoit Charette - Annuel automobile - CanadaMotorJobs.com.","og_url":"https:\/\/news.canadamotorjobs.com\/fr\/ken-block-meurt-dans-un-accident-de-motoneige\/","og_site_name":"CanadaMotorJobs.com","article_publisher":"https:\/\/www.facebook.com\/canadamotorjobs\/","article_published_time":"2023-01-03T13:08:19+00:00","article_modified_time":"2023-01-03T21:23:01+00:00","og_image":[{"width":1280,"height":853,"url":"https:\/\/news.canadamotorjobs.com\/wp-content\/uploads\/2023\/01\/A218840_blog-1.jpg","type":"image\/jpeg"}],"author":"Benoit Charette","twitter_card":"summary_large_image","twitter_creator":"@canadamotorjobs","twitter_site":"@canadamotorjobs","twitter_misc":{"\u00c9crit par":"Benoit Charette","Estimation du temps de lecture":"2 minutes"},"schema":{"@context":"https:\/\/schema.org","@graph":[{"@type":"Article","@id":"https:\/\/news.canadamotorjobs.com\/fr\/ken-block-meurt-dans-un-accident-de-motoneige\/#article","isPartOf":{"@id":"https:\/\/news.canadamotorjobs.com\/fr\/ken-block-meurt-dans-un-accident-de-motoneige\/"},"author":{"name":"Benoit Charette","@id":"https:\/\/news.canadamotorjobs.com\/#\/schema\/person\/51793d1f87d44011d7bcc2ed99269a90"},"headline":"Ken Block meurt dans un accident de motoneige","datePublished":"2023-01-03T13:08:19+00:00","dateModified":"2023-01-03T21:23:01+00:00","mainEntityOfPage":{"@id":"https:\/\/news.canadamotorjobs.com\/fr\/ken-block-meurt-dans-un-accident-de-motoneige\/"},"wordCount":288,"publisher":{"@id":"https:\/\/news.canadamotorjobs.com\/#organization"},"image":{"@id":"https:\/\/news.canadamotorjobs.com\/fr\/ken-block-meurt-dans-un-accident-de-motoneige\/#primaryimage"},"thumbnailUrl":"https:\/\/news.canadamotorjobs.com\/wp-content\/uploads\/2023\/01\/A218840_blog-1.jpg","keywords":["Newsletter"],"articleSection":["Annuel automobile"],"inLanguage":"fr-CA"},{"@type":"WebPage","@id":"https:\/\/news.canadamotorjobs.com\/fr\/ken-block-meurt-dans-un-accident-de-motoneige\/","url":"https:\/\/news.canadamotorjobs.com\/fr\/ken-block-meurt-dans-un-accident-de-motoneige\/","name":"Ken Block meurt dans un accident de motoneige - CanadaMotorJobs.com","isPartOf":{"@id":"https:\/\/news.canadamotorjobs.com\/#website"},"primaryImageOfPage":{"@id":"https:\/\/news.canadamotorjobs.com\/fr\/ken-block-meurt-dans-un-accident-de-motoneige\/#primaryimage"},"image":{"@id":"https:\/\/news.canadamotorjobs.com\/fr\/ken-block-meurt-dans-un-accident-de-motoneige\/#primaryimage"},"thumbnailUrl":"https:\/\/news.canadamotorjobs.com\/wp-content\/uploads\/2023\/01\/A218840_blog-1.jpg","datePublished":"2023-01-03T13:08:19+00:00","dateModified":"2023-01-03T21:23:01+00:00","description":"Ken Block meurt dans un accident de motoneige - Benoit Charette - Annuel automobile - CanadaMotorJobs.com.","breadcrumb":{"@id":"https:\/\/news.canadamotorjobs.com\/fr\/ken-block-meurt-dans-un-accident-de-motoneige\/#breadcrumb"},"inLanguage":"fr-CA","potentialAction":[{"@type":"ReadAction","target":["https:\/\/news.canadamotorjobs.com\/fr\/ken-block-meurt-dans-un-accident-de-motoneige\/"]}]},{"@type":"ImageObject","inLanguage":"fr-CA","@id":"https:\/\/news.canadamotorjobs.com\/fr\/ken-block-meurt-dans-un-accident-de-motoneige\/#primaryimage","url":"https:\/\/news.canadamotorjobs.com\/wp-content\/uploads\/2023\/01\/A218840_blog-1.jpg","contentUrl":"https:\/\/news.canadamotorjobs.com\/wp-content\/uploads\/2023\/01\/A218840_blog-1.jpg","width":1280,"height":853},{"@type":"BreadcrumbList","@id":"https:\/\/news.canadamotorjobs.com\/fr\/ken-block-meurt-dans-un-accident-de-motoneige\/#breadcrumb","itemListElement":[{"@type":"ListItem","position":1,"name":"Home","item":"https:\/\/news.canadamotorjobs.com\/fr\/blog\/"},{"@type":"ListItem","position":2,"name":"Ken Block meurt dans un accident de motoneige"}]},{"@type":"WebSite","@id":"https:\/\/news.canadamotorjobs.com\/#website","url":"https:\/\/news.canadamotorjobs.com\/","name":"CanadaMotorJobs.com","description":"Automotive Jobs","publisher":{"@id":"https:\/\/news.canadamotorjobs.com\/#organization"},"potentialAction":[{"@type":"SearchAction","target":{"@type":"EntryPoint","urlTemplate":"https:\/\/news.canadamotorjobs.com\/?s={search_term_string}"},"query-input":"required name=search_term_string"}],"inLanguage":"fr-CA"},{"@type":"Organization","@id":"https:\/\/news.canadamotorjobs.com\/#organization","name":"Canada Motor Jobs","url":"https:\/\/news.canadamotorjobs.com\/","logo":{"@type":"ImageObject","inLanguage":"fr-CA","@id":"https:\/\/news.canadamotorjobs.com\/#\/schema\/logo\/image\/","url":"https:\/\/news.canadamotorjobs.com\/wp-content\/uploads\/2022\/10\/logo-canada-motor-jobs-1.png","contentUrl":"https:\/\/news.canadamotorjobs.com\/wp-content\/uploads\/2022\/10\/logo-canada-motor-jobs-1.png","width":800,"height":400,"caption":"Canada Motor Jobs"},"image":{"@id":"https:\/\/news.canadamotorjobs.com\/#\/schema\/logo\/image\/"},"sameAs":["https:\/\/www.facebook.com\/canadamotorjobs\/","https:\/\/x.com\/canadamotorjobs","https:\/\/www.instagram.com\/canadamotorjobs\/","https:\/\/www.linkedin.com\/company\/canadamotorjobs"]},{"@type":"Person","@id":"https:\/\/news.canadamotorjobs.com\/#\/schema\/person\/51793d1f87d44011d7bcc2ed99269a90","name":"Benoit Charette","image":{"@type":"ImageObject","inLanguage":"fr-CA","@id":"https:\/\/news.canadamotorjobs.com\/#\/schema\/person\/image\/","url":"https:\/\/secure.gravatar.com\/avatar\/45f3d2eebcccd909668d7ce7ea7267b6?s=96&d=mm&r=g","contentUrl":"https:\/\/secure.gravatar.com\/avatar\/45f3d2eebcccd909668d7ce7ea7267b6?s=96&d=mm&r=g","caption":"Benoit Charette"},"description":"Benoit Charette \/ Propri\u00e9taire et r\u00e9dacteur en chef Benoit Charette pratique le journalisme automobile depuis bient\u00f4t 30 ans. Il a fait ses classes au c\u00f4t\u00e9 de Daniel H\u00e9raud et au Carnet de route de 1992 \u00e0 2001. Il est fondateur, copropri\u00e9taire et r\u00e9dacteur en chef de L\u2019Annuel de l\u2019automobile, qu\u2019il publie depuis 2001. Il a anim\u00e9 les \u00e9missions RPM et RPM+ sur V et les L\u00e9gendes de la route sur Historia. \u00c0 la radio depuis 1986, il reprend l\u2019antenne cette ann\u00e9e sur les ondes de Cogeco et participe pour la deuxi\u00e8me ann\u00e9e \u00e0 l\u2019\u00e9mission Passion Auto sur RDS en plus de mettre en ligne le site Web officiel de L\u2019Annuel de l\u2019automobile sur annuelauto.ca.","sameAs":["https:\/\/annuelauto.ca\/"],"url":"https:\/\/news.canadamotorjobs.com\/fr\/author\/benoit-charette\/"}]}},"_links":{"self":[{"href":"https:\/\/news.canadamotorjobs.com\/fr\/wp-json\/wp\/v2\/posts\/137538"}],"collection":[{"href":"https:\/\/news.canadamotorjobs.com\/fr\/wp-json\/wp\/v2\/posts"}],"about":[{"href":"https:\/\/news.canadamotorjobs.com\/fr\/wp-json\/wp\/v2\/types\/post"}],"author":[{"embeddable":true,"href":"https:\/\/news.canadamotorjobs.com\/fr\/wp-json\/wp\/v2\/users\/8"}],"replies":[{"embeddable":true,"href":"https:\/\/news.canadamotorjobs.com\/fr\/wp-json\/wp\/v2\/comments?post=137538"}],"version-history":[{"count":0,"href":"https:\/\/news.canadamotorjobs.com\/fr\/wp-json\/wp\/v2\/posts\/137538\/revisions"}],"wp:featuredmedia":[{"embeddable":true,"href":"https:\/\/news.canadamotorjobs.com\/fr\/wp-json\/wp\/v2\/media\/137542"}],"wp:attachment":[{"href":"https:\/\/news.canadamotorjobs.com\/fr\/wp-json\/wp\/v2\/media?parent=137538"}],"wp:term":[{"taxonomy":"category","embeddable":true,"href":"https:\/\/news.canadamotorjobs.com\/fr\/wp-json\/wp\/v2\/categories?post=137538"},{"taxonomy":"post_tag","embeddable":true,"href":"https:\/\/news.canadamotorjobs.com\/fr\/wp-json\/wp\/v2\/tags?post=137538"}],"curies":[{"name":"wp","href":"https:\/\/api.w.org\/{rel}","templated":true}]}}